{"id":32635,"date":"2025-07-17T23:46:07","date_gmt":"2025-07-17T21:46:07","guid":{"rendered":"https:\/\/www.ladiagonale.net\/?p=32635"},"modified":"2025-07-17T23:46:09","modified_gmt":"2025-07-17T21:46:09","slug":"ben-seghir-pas-favorable-a-une-prolongation","status":"publish","type":"post","link":"https:\/\/www.ladiagonale.net\/index.php\/2025\/07\/17\/ben-seghir-pas-favorable-a-une-prolongation\/","title":{"rendered":"Ben Seghir pas favorable \u00e0 une prolongation ?"},"content":{"rendered":"\n\n\n<p>Si Mika Biereth a rapidement <a href=\"https:\/\/www.ladiagonale.net\/index.php\/2025\/07\/17\/officiel-biereth-prolonge\/\" target=\"_blank\" rel=\"noreferrer noopener\">\u00e9tendu son contrat<\/a>, six mois apr\u00e8s son arriv\u00e9e, avec une revalorisation salariale \u00e0 la cl\u00e9, Eliesse Ben Seghir ne semble pas emprunter le m\u00eame chemin pour l\u2019instant. Selon des information parues dans <em>L\u2019\u00c9quipe<\/em>, l\u2019AS Monaco souhaiterait offrir une prolongation de contrat \u00e0 l\u2019international marocain, dont le bail arrivera \u00e0 son terme en 2027. Le quotidien rapporte une entrevue mercredi entre le joueur de 20 ans et son agent et il en ressortait que Ben Seghir ne serait pour l\u2019instant pas emball\u00e9 par cette perspective.<\/p>\n\n\n\n<p>Pour autant, l\u2019ASM n\u2019ouvrirait pas la porte \u00e0 un d\u00e9part, ce qu\u2019avait <a href=\"https:\/\/www.ladiagonale.net\/index.php\/2025\/07\/04\/scuro-fait-le-point-sur-les-cas-akliouche-et-ben-seghir\/\" target=\"_blank\" rel=\"noreferrer noopener\">r\u00e9p\u00e9t\u00e9 publiquement le directeur g\u00e9n\u00e9ral Thiago Scuro<\/a> \u00e0 plusieurs reprises, comptant sur le joueur form\u00e9 au club pour poursuivre sa progression en Principaut\u00e9. L\u2019an dernier, Ben Seghir est apparu \u00e0 46 reprises, m\u00eame s\u2019il a finit la saison comme rempla\u00e7ant. Des informations concernant des relations d\u00e9grad\u00e9es avec son entra\u00eeneur Adi H\u00fctter avaient notamment fuit\u00e9.<\/p>\n","protected":false},"excerpt":{"rendered":"<p>Si Mika Biereth a rapidement \u00e9tendu son contrat, six mois apr\u00e8s son arriv\u00e9e, avec une revalorisation salariale \u00e0 la cl\u00e9, Eliesse Ben Seghir ne semble pas emprunter le m\u00eame chemin pour l\u2019instant. Selon des information parues dans L\u2019\u00c9quipe, l\u2019AS Monaco souhaiterait offrir une prolongation de contrat \u00e0 l\u2019international marocain, dont le bail arrivera \u00e0 son [&#8230;]\n","protected":false},"author":2,"featured_media":0,"comment_status":"open","ping_status":"open","sticky":false,"template":"","format":"standard","meta":[],"categories":[6],"tags":[86,286,186],"yoast_head":"<!-- This site is optimized with the Yoast SEO plugin v19.8 - https:\/\/yoast.com\/wordpress\/plugins\/seo\/ -->\n<title>Ben Seghir pas favorable \u00e0 une prolongation ? - La Diagonale<\/title>\n<meta name=\"robots\" content=\"index, follow, max-snippet:-1, max-image-preview:large, max-video-preview:-1\" \/>\n<link rel=\"canonical\" href=\"https:\/\/www.ladiagonale.net\/index.php\/2025\/07\/17\/ben-seghir-pas-favorable-a-une-prolongation\/\" \/>\n<meta property=\"og:locale\" content=\"fr_FR\" \/>\n<meta property=\"og:type\" content=\"article\" \/>\n<meta property=\"og:title\" content=\"Ben Seghir pas favorable \u00e0 une prolongation ? - La Diagonale\" \/>\n<meta property=\"og:description\" content=\"Si Mika Biereth a rapidement \u00e9tendu son contrat, six mois apr\u00e8s son arriv\u00e9e, avec une revalorisation salariale \u00e0 la cl\u00e9, Eliesse Ben Seghir ne semble pas emprunter le m\u00eame chemin pour l\u2019instant. Selon des information parues dans L\u2019\u00c9quipe, l\u2019AS Monaco souhaiterait offrir une prolongation de contrat \u00e0 l\u2019international marocain, dont le bail arrivera \u00e0 son [...]\" \/>\n<meta property=\"og:url\" content=\"https:\/\/www.ladiagonale.net\/index.php\/2025\/07\/17\/ben-seghir-pas-favorable-a-une-prolongation\/\" \/>\n<meta property=\"og:site_name\" content=\"La Diagonale\" \/>\n<meta property=\"article:published_time\" content=\"2025-07-17T21:46:07+00:00\" \/>\n<meta property=\"article:modified_time\" content=\"2025-07-17T21:46:09+00:00\" \/>\n<meta property=\"og:image\" content=\"https:\/\/www.ladiagonale.net\/wp-content\/uploads\/2025\/07\/Ben-Seghir-cercle.png\" \/>\n\t<meta property=\"og:image:width\" content=\"1160\" \/>\n\t<meta property=\"og:image:height\" content=\"650\" \/>\n\t<meta property=\"og:image:type\" content=\"image\/png\" \/>\n<meta name=\"author\" content=\"Damien Dellerba\" \/>\n<meta name=\"twitter:card\" content=\"summary_large_image\" \/>\n<meta name=\"twitter:image\" content=\"https:\/\/www.ladiagonale.net\/wp-content\/uploads\/2025\/07\/Ben-Seghir-cercle.png\" \/>\n<meta name=\"twitter:label1\" content=\"\u00c9crit par\" \/>\n\t<meta name=\"twitter:data1\" content=\"Damien Dellerba\" \/>\n\t<meta name=\"twitter:label2\" content=\"Dur\u00e9e de lecture estim\u00e9e\" \/>\n\t<meta name=\"twitter:data2\" content=\"1 minute\" \/>\n<script type=\"application\/ld+json\" class=\"yoast-schema-graph\">{\"@context\":\"https:\/\/schema.org\",\"@graph\":[{\"@type\":\"WebPage\",\"@id\":\"https:\/\/www.ladiagonale.net\/index.php\/2025\/07\/17\/ben-seghir-pas-favorable-a-une-prolongation\/\",\"url\":\"https:\/\/www.ladiagonale.net\/index.php\/2025\/07\/17\/ben-seghir-pas-favorable-a-une-prolongation\/\",\"name\":\"Ben Seghir pas favorable \u00e0 une prolongation ? - La Diagonale\",\"isPartOf\":{\"@id\":\"https:\/\/www.ladiagonale.net\/#website\"},\"datePublished\":\"2025-07-17T21:46:07+00:00\",\"dateModified\":\"2025-07-17T21:46:09+00:00\",\"author\":{\"@id\":\"https:\/\/www.ladiagonale.net\/#\/schema\/person\/79ff1e7b0853ed01b2aa26e64ad300bf\"},\"breadcrumb\":{\"@id\":\"https:\/\/www.ladiagonale.net\/index.php\/2025\/07\/17\/ben-seghir-pas-favorable-a-une-prolongation\/#breadcrumb\"},\"inLanguage\":\"fr-FR\",\"potentialAction\":[{\"@type\":\"ReadAction\",\"target\":[\"https:\/\/www.ladiagonale.net\/index.php\/2025\/07\/17\/ben-seghir-pas-favorable-a-une-prolongation\/\"]}]},{\"@type\":\"BreadcrumbList\",\"@id\":\"https:\/\/www.ladiagonale.net\/index.php\/2025\/07\/17\/ben-seghir-pas-favorable-a-une-prolongation\/#breadcrumb\",\"itemListElement\":[{\"@type\":\"ListItem\",\"position\":1,\"name\":\"Accueil\",\"item\":\"https:\/\/www.ladiagonale.net\/\"},{\"@type\":\"ListItem\",\"position\":2,\"name\":\"Ben Seghir pas favorable \u00e0 une prolongation ?\"}]},{\"@type\":\"WebSite\",\"@id\":\"https:\/\/www.ladiagonale.net\/#website\",\"url\":\"https:\/\/www.ladiagonale.net\/\",\"name\":\"La Diagonale\",\"description\":\"Le site des supporters de l&#039;AS Monaco FC\",\"potentialAction\":[{\"@type\":\"SearchAction\",\"target\":{\"@type\":\"EntryPoint\",\"urlTemplate\":\"https:\/\/www.ladiagonale.net\/?s={search_term_string}\"},\"query-input\":\"required name=search_term_string\"}],\"inLanguage\":\"fr-FR\"},{\"@type\":\"Person\",\"@id\":\"https:\/\/www.ladiagonale.net\/#\/schema\/person\/79ff1e7b0853ed01b2aa26e64ad300bf\",\"name\":\"Damien Dellerba\",\"image\":{\"@type\":\"ImageObject\",\"inLanguage\":\"fr-FR\",\"@id\":\"https:\/\/www.ladiagonale.net\/#\/schema\/person\/image\/\",\"url\":\"https:\/\/secure.gravatar.com\/avatar\/c7850e06d3ff63cdbaee88b7fc16e2f0?s=96&d=mm&r=g\",\"contentUrl\":\"https:\/\/secure.gravatar.com\/avatar\/c7850e06d3ff63cdbaee88b7fc16e2f0?s=96&d=mm&r=g\",\"caption\":\"Damien Dellerba\"},\"url\":\"https:\/\/www.ladiagonale.net\/index.php\/author\/damien\/\"}]}<\/script>\n<!-- \/ Yoast SEO plugin. -->","yoast_head_json":{"title":"Ben Seghir pas favorable \u00e0 une prolongation ? - La Diagonale","robots":{"index":"index","follow":"follow","max-snippet":"max-snippet:-1","max-image-preview":"max-image-preview:large","max-video-preview":"max-video-preview:-1"},"canonical":"https:\/\/www.ladiagonale.net\/index.php\/2025\/07\/17\/ben-seghir-pas-favorable-a-une-prolongation\/","og_locale":"fr_FR","og_type":"article","og_title":"Ben Seghir pas favorable \u00e0 une prolongation ? - La Diagonale","og_description":"Si Mika Biereth a rapidement \u00e9tendu son contrat, six mois apr\u00e8s son arriv\u00e9e, avec une revalorisation salariale \u00e0 la cl\u00e9, Eliesse Ben Seghir ne semble pas emprunter le m\u00eame chemin pour l\u2019instant. Selon des information parues dans L\u2019\u00c9quipe, l\u2019AS Monaco souhaiterait offrir une prolongation de contrat \u00e0 l\u2019international marocain, dont le bail arrivera \u00e0 son [...]","og_url":"https:\/\/www.ladiagonale.net\/index.php\/2025\/07\/17\/ben-seghir-pas-favorable-a-une-prolongation\/","og_site_name":"La Diagonale","article_published_time":"2025-07-17T21:46:07+00:00","article_modified_time":"2025-07-17T21:46:09+00:00","og_image":[{"width":1160,"height":650,"url":"https:\/\/www.ladiagonale.net\/wp-content\/uploads\/2025\/07\/Ben-Seghir-cercle.png","type":"image\/png"}],"author":"Damien Dellerba","twitter_card":"summary_large_image","twitter_image":"https:\/\/www.ladiagonale.net\/wp-content\/uploads\/2025\/07\/Ben-Seghir-cercle.png","twitter_misc":{"\u00c9crit par":"Damien Dellerba","Dur\u00e9e de lecture estim\u00e9e":"1 minute"},"schema":{"@context":"https:\/\/schema.org","@graph":[{"@type":"WebPage","@id":"https:\/\/www.ladiagonale.net\/index.php\/2025\/07\/17\/ben-seghir-pas-favorable-a-une-prolongation\/","url":"https:\/\/www.ladiagonale.net\/index.php\/2025\/07\/17\/ben-seghir-pas-favorable-a-une-prolongation\/","name":"Ben Seghir pas favorable \u00e0 une prolongation ? - La Diagonale","isPartOf":{"@id":"https:\/\/www.ladiagonale.net\/#website"},"datePublished":"2025-07-17T21:46:07+00:00","dateModified":"2025-07-17T21:46:09+00:00","author":{"@id":"https:\/\/www.ladiagonale.net\/#\/schema\/person\/79ff1e7b0853ed01b2aa26e64ad300bf"},"breadcrumb":{"@id":"https:\/\/www.ladiagonale.net\/index.php\/2025\/07\/17\/ben-seghir-pas-favorable-a-une-prolongation\/#breadcrumb"},"inLanguage":"fr-FR","potentialAction":[{"@type":"ReadAction","target":["https:\/\/www.ladiagonale.net\/index.php\/2025\/07\/17\/ben-seghir-pas-favorable-a-une-prolongation\/"]}]},{"@type":"BreadcrumbList","@id":"https:\/\/www.ladiagonale.net\/index.php\/2025\/07\/17\/ben-seghir-pas-favorable-a-une-prolongation\/#breadcrumb","itemListElement":[{"@type":"ListItem","position":1,"name":"Accueil","item":"https:\/\/www.ladiagonale.net\/"},{"@type":"ListItem","position":2,"name":"Ben Seghir pas favorable \u00e0 une prolongation ?"}]},{"@type":"WebSite","@id":"https:\/\/www.ladiagonale.net\/#website","url":"https:\/\/www.ladiagonale.net\/","name":"La Diagonale","description":"Le site des supporters de l&#039;AS Monaco FC","potentialAction":[{"@type":"SearchAction","target":{"@type":"EntryPoint","urlTemplate":"https:\/\/www.ladiagonale.net\/?s={search_term_string}"},"query-input":"required name=search_term_string"}],"inLanguage":"fr-FR"},{"@type":"Person","@id":"https:\/\/www.ladiagonale.net\/#\/schema\/person\/79ff1e7b0853ed01b2aa26e64ad300bf","name":"Damien Dellerba","image":{"@type":"ImageObject","inLanguage":"fr-FR","@id":"https:\/\/www.ladiagonale.net\/#\/schema\/person\/image\/","url":"https:\/\/secure.gravatar.com\/avatar\/c7850e06d3ff63cdbaee88b7fc16e2f0?s=96&d=mm&r=g","contentUrl":"https:\/\/secure.gravatar.com\/avatar\/c7850e06d3ff63cdbaee88b7fc16e2f0?s=96&d=mm&r=g","caption":"Damien Dellerba"},"url":"https:\/\/www.ladiagonale.net\/index.php\/author\/damien\/"}]}},"_links":{"self":[{"href":"https:\/\/www.ladiagonale.net\/index.php\/wp-json\/wp\/v2\/posts\/32635"}],"collection":[{"href":"https:\/\/www.ladiagonale.net\/index.php\/wp-json\/wp\/v2\/posts"}],"about":[{"href":"https:\/\/www.ladiagonale.net\/index.php\/wp-json\/wp\/v2\/types\/post"}],"author":[{"embeddable":true,"href":"https:\/\/www.ladiagonale.net\/index.php\/wp-json\/wp\/v2\/users\/2"}],"replies":[{"embeddable":true,"href":"https:\/\/www.ladiagonale.net\/index.php\/wp-json\/wp\/v2\/comments?post=32635"}],"version-history":[{"count":1,"href":"https:\/\/www.ladiagonale.net\/index.php\/wp-json\/wp\/v2\/posts\/32635\/revisions"}],"predecessor-version":[{"id":32637,"href":"https:\/\/www.ladiagonale.net\/index.php\/wp-json\/wp\/v2\/posts\/32635\/revisions\/32637"}],"wp:attachment":[{"href":"https:\/\/www.ladiagonale.net\/index.php\/wp-json\/wp\/v2\/media?parent=32635"}],"wp:term":[{"taxonomy":"category","embeddable":true,"href":"https:\/\/www.ladiagonale.net\/index.php\/wp-json\/wp\/v2\/categories?post=32635"},{"taxonomy":"post_tag","embeddable":true,"href":"https:\/\/www.ladiagonale.net\/index.php\/wp-json\/wp\/v2\/tags?post=32635"}],"curies":[{"name":"wp","href":"https:\/\/api.w.org\/{rel}","templated":true}]}}