{"id":32638,"date":"2025-07-18T00:38:21","date_gmt":"2025-07-17T22:38:21","guid":{"rendered":"https:\/\/www.ladiagonale.net\/?p=32638"},"modified":"2025-07-18T00:39:55","modified_gmt":"2025-07-17T22:39:55","slug":"un-depart-dilenikhena-pourrait-etre-envisage","status":"publish","type":"post","link":"https:\/\/www.ladiagonale.net\/index.php\/2025\/07\/18\/un-depart-dilenikhena-pourrait-etre-envisage\/","title":{"rendered":"Un d\u00e9part d\u2019Ilenikhena pourrait \u00eatre envisag\u00e9"},"content":{"rendered":"\n<p>\u00c0 l\u2019instar de Vanderson, qui dispose d\u2019un bon de sortie, George Ilenikhena n\u2019est pas encore apparu lors des matches de pr\u00e9paration de l\u2019AS Monaco. L\u2019attaquant nig\u00e9rian de 18 ans est bien en Angleterre, mais selon les retours des m\u00e9dias pr\u00e9sents sur place, celui-ci s\u2019entra\u00eene individuellement, ce qui laisse supposer que l\u2019attaquant doit travailler physiquement avant de pouvoir retrouver les terrains. Pour autant, m\u00eame s\u2019il a \u00e9t\u00e9 recrut\u00e9 \u00e0 prix d\u2019or l\u2019\u00e9t\u00e9 dernier (20 millions d\u2019euros, bonus compris), son avenir en Principaut\u00e9 ne serait pas assur\u00e9.<\/p>\n\n\n\n<p>D\u2019apr\u00e8s <em>L\u2019\u00c9quipe<\/em>, l\u2019ancien du Royal Anwerp pourrait \u00eatre barr\u00e9 par la concurrence incarn\u00e9e par Mika Biereth, Folarin Balogun et Breel Embolo, tandis que Paris Brunner a l\u2019occasion de prouver sa valeur lors de cette pr\u00e9saison. Les cl\u00e9s de son avenir seraient toutefois d\u00e9tenues par Embolo, qui a \u00e9t\u00e9 propos\u00e9 \u00e0 plusieurs clubs par l\u2019ASM mais qui n\u2019est pas pr\u00eat \u00e0 quitter le Rocher \u00e0 n\u2019importe quel prix. Si le Suisse venait \u00e0 honorer sa derni\u00e8re ann\u00e9e de contrat en Principaut\u00e9, Ilenikhena pourrait \u00eatre amen\u00e9 \u00e0 s\u2019en aller. Il n\u2019a toutefois pas \u00e9t\u00e9 pr\u00e9cis\u00e9 s\u2019il s\u2019agirait d\u2019un pr\u00eat ou d\u2019un transfert.<\/p>\n\n\n\n<p>Malgr\u00e9 30 apparitions sous le maillot \u00e0 la diagonale, Ilenikhena n\u2019a cumul\u00e9 que 914 minutes, et inscrit six buts. En fin de saison, il avait r\u00e9guli\u00e8rement \u00e9t\u00e9 mis \u00e0 disposition du Groupe \u00c9lite, prenant une part importante dans le parcours des jeunes pousses as\u00e9mistes jusqu\u2019en finale du Challenge Espoirs (trois buts en deux matches, dont un doubl\u00e9 en demi-finale).<\/p>\n\n\n","protected":false},"excerpt":{"rendered":"<p>\u00c0 l\u2019instar de Vanderson, qui dispose d\u2019un bon de sortie, George Ilenikhena n\u2019est pas encore apparu lors des matches de pr\u00e9paration de l\u2019AS Monaco. L\u2019attaquant nig\u00e9rian de 18 ans est bien en Angleterre, mais selon les retours des m\u00e9dias pr\u00e9sents sur place, celui-ci s\u2019entra\u00eene individuellement, ce qui laisse supposer que l\u2019attaquant doit travailler physiquement avant [&#8230;]\n","protected":false},"author":2,"featured_media":0,"comment_status":"open","ping_status":"open","sticky":false,"template":"","format":"standard","meta":[],"categories":[6],"tags":[86,890,111,110],"yoast_head":"<!-- This site is optimized with the Yoast SEO plugin v19.8 - https:\/\/yoast.com\/wordpress\/plugins\/seo\/ -->\n<title>Un d\u00e9part d\u2019Ilenikhena pourrait \u00eatre envisag\u00e9 - La Diagonale<\/title>\n<meta name=\"robots\" content=\"index, follow, max-snippet:-1, max-image-preview:large, max-video-preview:-1\" \/>\n<link rel=\"canonical\" href=\"https:\/\/www.ladiagonale.net\/index.php\/2025\/07\/18\/un-depart-dilenikhena-pourrait-etre-envisage\/\" \/>\n<meta property=\"og:locale\" content=\"fr_FR\" \/>\n<meta property=\"og:type\" content=\"article\" \/>\n<meta property=\"og:title\" content=\"Un d\u00e9part d\u2019Ilenikhena pourrait \u00eatre envisag\u00e9 - La Diagonale\" \/>\n<meta property=\"og:description\" content=\"\u00c0 l\u2019instar de Vanderson, qui dispose d\u2019un bon de sortie, George Ilenikhena n\u2019est pas encore apparu lors des matches de pr\u00e9paration de l\u2019AS Monaco. L\u2019attaquant nig\u00e9rian de 18 ans est bien en Angleterre, mais selon les retours des m\u00e9dias pr\u00e9sents sur place, celui-ci s\u2019entra\u00eene individuellement, ce qui laisse supposer que l\u2019attaquant doit travailler physiquement avant [...]\" \/>\n<meta property=\"og:url\" content=\"https:\/\/www.ladiagonale.net\/index.php\/2025\/07\/18\/un-depart-dilenikhena-pourrait-etre-envisage\/\" \/>\n<meta property=\"og:site_name\" content=\"La Diagonale\" \/>\n<meta property=\"article:published_time\" content=\"2025-07-17T22:38:21+00:00\" \/>\n<meta property=\"article:modified_time\" content=\"2025-07-17T22:39:55+00:00\" \/>\n<meta property=\"og:image\" content=\"https:\/\/www.ladiagonale.net\/wp-content\/uploads\/2024\/09\/ilenikkhena2.png\" \/>\n\t<meta property=\"og:image:width\" content=\"1160\" \/>\n\t<meta property=\"og:image:height\" content=\"650\" \/>\n\t<meta property=\"og:image:type\" content=\"image\/png\" \/>\n<meta name=\"author\" content=\"Damien Dellerba\" \/>\n<meta name=\"twitter:card\" content=\"summary_large_image\" \/>\n<meta name=\"twitter:image\" content=\"https:\/\/www.ladiagonale.net\/wp-content\/uploads\/2024\/09\/ilenikkhena2.png\" \/>\n<meta name=\"twitter:label1\" content=\"\u00c9crit par\" \/>\n\t<meta name=\"twitter:data1\" content=\"Damien Dellerba\" \/>\n\t<meta name=\"twitter:label2\" content=\"Dur\u00e9e de lecture estim\u00e9e\" \/>\n\t<meta name=\"twitter:data2\" content=\"2 minutes\" \/>\n<script type=\"application\/ld+json\" class=\"yoast-schema-graph\">{\"@context\":\"https:\/\/schema.org\",\"@graph\":[{\"@type\":\"WebPage\",\"@id\":\"https:\/\/www.ladiagonale.net\/index.php\/2025\/07\/18\/un-depart-dilenikhena-pourrait-etre-envisage\/\",\"url\":\"https:\/\/www.ladiagonale.net\/index.php\/2025\/07\/18\/un-depart-dilenikhena-pourrait-etre-envisage\/\",\"name\":\"Un d\u00e9part d\u2019Ilenikhena pourrait \u00eatre envisag\u00e9 - La Diagonale\",\"isPartOf\":{\"@id\":\"https:\/\/www.ladiagonale.net\/#website\"},\"datePublished\":\"2025-07-17T22:38:21+00:00\",\"dateModified\":\"2025-07-17T22:39:55+00:00\",\"author\":{\"@id\":\"https:\/\/www.ladiagonale.net\/#\/schema\/person\/79ff1e7b0853ed01b2aa26e64ad300bf\"},\"breadcrumb\":{\"@id\":\"https:\/\/www.ladiagonale.net\/index.php\/2025\/07\/18\/un-depart-dilenikhena-pourrait-etre-envisage\/#breadcrumb\"},\"inLanguage\":\"fr-FR\",\"potentialAction\":[{\"@type\":\"ReadAction\",\"target\":[\"https:\/\/www.ladiagonale.net\/index.php\/2025\/07\/18\/un-depart-dilenikhena-pourrait-etre-envisage\/\"]}]},{\"@type\":\"BreadcrumbList\",\"@id\":\"https:\/\/www.ladiagonale.net\/index.php\/2025\/07\/18\/un-depart-dilenikhena-pourrait-etre-envisage\/#breadcrumb\",\"itemListElement\":[{\"@type\":\"ListItem\",\"position\":1,\"name\":\"Accueil\",\"item\":\"https:\/\/www.ladiagonale.net\/\"},{\"@type\":\"ListItem\",\"position\":2,\"name\":\"Un d\u00e9part d\u2019Ilenikhena pourrait \u00eatre envisag\u00e9\"}]},{\"@type\":\"WebSite\",\"@id\":\"https:\/\/www.ladiagonale.net\/#website\",\"url\":\"https:\/\/www.ladiagonale.net\/\",\"name\":\"La Diagonale\",\"description\":\"Le site des supporters de l&#039;AS Monaco FC\",\"potentialAction\":[{\"@type\":\"SearchAction\",\"target\":{\"@type\":\"EntryPoint\",\"urlTemplate\":\"https:\/\/www.ladiagonale.net\/?s={search_term_string}\"},\"query-input\":\"required name=search_term_string\"}],\"inLanguage\":\"fr-FR\"},{\"@type\":\"Person\",\"@id\":\"https:\/\/www.ladiagonale.net\/#\/schema\/person\/79ff1e7b0853ed01b2aa26e64ad300bf\",\"name\":\"Damien Dellerba\",\"image\":{\"@type\":\"ImageObject\",\"inLanguage\":\"fr-FR\",\"@id\":\"https:\/\/www.ladiagonale.net\/#\/schema\/person\/image\/\",\"url\":\"https:\/\/secure.gravatar.com\/avatar\/c7850e06d3ff63cdbaee88b7fc16e2f0?s=96&d=mm&r=g\",\"contentUrl\":\"https:\/\/secure.gravatar.com\/avatar\/c7850e06d3ff63cdbaee88b7fc16e2f0?s=96&d=mm&r=g\",\"caption\":\"Damien Dellerba\"},\"url\":\"https:\/\/www.ladiagonale.net\/index.php\/author\/damien\/\"}]}<\/script>\n<!-- \/ Yoast SEO plugin. -->","yoast_head_json":{"title":"Un d\u00e9part d\u2019Ilenikhena pourrait \u00eatre envisag\u00e9 - La Diagonale","robots":{"index":"index","follow":"follow","max-snippet":"max-snippet:-1","max-image-preview":"max-image-preview:large","max-video-preview":"max-video-preview:-1"},"canonical":"https:\/\/www.ladiagonale.net\/index.php\/2025\/07\/18\/un-depart-dilenikhena-pourrait-etre-envisage\/","og_locale":"fr_FR","og_type":"article","og_title":"Un d\u00e9part d\u2019Ilenikhena pourrait \u00eatre envisag\u00e9 - La Diagonale","og_description":"\u00c0 l\u2019instar de Vanderson, qui dispose d\u2019un bon de sortie, George Ilenikhena n\u2019est pas encore apparu lors des matches de pr\u00e9paration de l\u2019AS Monaco. L\u2019attaquant nig\u00e9rian de 18 ans est bien en Angleterre, mais selon les retours des m\u00e9dias pr\u00e9sents sur place, celui-ci s\u2019entra\u00eene individuellement, ce qui laisse supposer que l\u2019attaquant doit travailler physiquement avant [...]","og_url":"https:\/\/www.ladiagonale.net\/index.php\/2025\/07\/18\/un-depart-dilenikhena-pourrait-etre-envisage\/","og_site_name":"La Diagonale","article_published_time":"2025-07-17T22:38:21+00:00","article_modified_time":"2025-07-17T22:39:55+00:00","og_image":[{"width":1160,"height":650,"url":"https:\/\/www.ladiagonale.net\/wp-content\/uploads\/2024\/09\/ilenikkhena2.png","type":"image\/png"}],"author":"Damien Dellerba","twitter_card":"summary_large_image","twitter_image":"https:\/\/www.ladiagonale.net\/wp-content\/uploads\/2024\/09\/ilenikkhena2.png","twitter_misc":{"\u00c9crit par":"Damien Dellerba","Dur\u00e9e de lecture estim\u00e9e":"2 minutes"},"schema":{"@context":"https:\/\/schema.org","@graph":[{"@type":"WebPage","@id":"https:\/\/www.ladiagonale.net\/index.php\/2025\/07\/18\/un-depart-dilenikhena-pourrait-etre-envisage\/","url":"https:\/\/www.ladiagonale.net\/index.php\/2025\/07\/18\/un-depart-dilenikhena-pourrait-etre-envisage\/","name":"Un d\u00e9part d\u2019Ilenikhena pourrait \u00eatre envisag\u00e9 - La Diagonale","isPartOf":{"@id":"https:\/\/www.ladiagonale.net\/#website"},"datePublished":"2025-07-17T22:38:21+00:00","dateModified":"2025-07-17T22:39:55+00:00","author":{"@id":"https:\/\/www.ladiagonale.net\/#\/schema\/person\/79ff1e7b0853ed01b2aa26e64ad300bf"},"breadcrumb":{"@id":"https:\/\/www.ladiagonale.net\/index.php\/2025\/07\/18\/un-depart-dilenikhena-pourrait-etre-envisage\/#breadcrumb"},"inLanguage":"fr-FR","potentialAction":[{"@type":"ReadAction","target":["https:\/\/www.ladiagonale.net\/index.php\/2025\/07\/18\/un-depart-dilenikhena-pourrait-etre-envisage\/"]}]},{"@type":"BreadcrumbList","@id":"https:\/\/www.ladiagonale.net\/index.php\/2025\/07\/18\/un-depart-dilenikhena-pourrait-etre-envisage\/#breadcrumb","itemListElement":[{"@type":"ListItem","position":1,"name":"Accueil","item":"https:\/\/www.ladiagonale.net\/"},{"@type":"ListItem","position":2,"name":"Un d\u00e9part d\u2019Ilenikhena pourrait \u00eatre envisag\u00e9"}]},{"@type":"WebSite","@id":"https:\/\/www.ladiagonale.net\/#website","url":"https:\/\/www.ladiagonale.net\/","name":"La Diagonale","description":"Le site des supporters de l&#039;AS Monaco FC","potentialAction":[{"@type":"SearchAction","target":{"@type":"EntryPoint","urlTemplate":"https:\/\/www.ladiagonale.net\/?s={search_term_string}"},"query-input":"required name=search_term_string"}],"inLanguage":"fr-FR"},{"@type":"Person","@id":"https:\/\/www.ladiagonale.net\/#\/schema\/person\/79ff1e7b0853ed01b2aa26e64ad300bf","name":"Damien Dellerba","image":{"@type":"ImageObject","inLanguage":"fr-FR","@id":"https:\/\/www.ladiagonale.net\/#\/schema\/person\/image\/","url":"https:\/\/secure.gravatar.com\/avatar\/c7850e06d3ff63cdbaee88b7fc16e2f0?s=96&d=mm&r=g","contentUrl":"https:\/\/secure.gravatar.com\/avatar\/c7850e06d3ff63cdbaee88b7fc16e2f0?s=96&d=mm&r=g","caption":"Damien Dellerba"},"url":"https:\/\/www.ladiagonale.net\/index.php\/author\/damien\/"}]}},"_links":{"self":[{"href":"https:\/\/www.ladiagonale.net\/index.php\/wp-json\/wp\/v2\/posts\/32638"}],"collection":[{"href":"https:\/\/www.ladiagonale.net\/index.php\/wp-json\/wp\/v2\/posts"}],"about":[{"href":"https:\/\/www.ladiagonale.net\/index.php\/wp-json\/wp\/v2\/types\/post"}],"author":[{"embeddable":true,"href":"https:\/\/www.ladiagonale.net\/index.php\/wp-json\/wp\/v2\/users\/2"}],"replies":[{"embeddable":true,"href":"https:\/\/www.ladiagonale.net\/index.php\/wp-json\/wp\/v2\/comments?post=32638"}],"version-history":[{"count":5,"href":"https:\/\/www.ladiagonale.net\/index.php\/wp-json\/wp\/v2\/posts\/32638\/revisions"}],"predecessor-version":[{"id":32643,"href":"https:\/\/www.ladiagonale.net\/index.php\/wp-json\/wp\/v2\/posts\/32638\/revisions\/32643"}],"wp:attachment":[{"href":"https:\/\/www.ladiagonale.net\/index.php\/wp-json\/wp\/v2\/media?parent=32638"}],"wp:term":[{"taxonomy":"category","embeddable":true,"href":"https:\/\/www.ladiagonale.net\/index.php\/wp-json\/wp\/v2\/categories?post=32638"},{"taxonomy":"post_tag","embeddable":true,"href":"https:\/\/www.ladiagonale.net\/index.php\/wp-json\/wp\/v2\/tags?post=32638"}],"curies":[{"name":"wp","href":"https:\/\/api.w.org\/{rel}","templated":true}]}}