{"id":32685,"date":"2025-07-20T11:09:47","date_gmt":"2025-07-20T09:09:47","guid":{"rendered":"https:\/\/www.ladiagonale.net\/?p=32685"},"modified":"2025-07-20T11:13:09","modified_gmt":"2025-07-20T09:13:09","slug":"michal-souhaiterait-sen-aller","status":"publish","type":"post","link":"https:\/\/www.ladiagonale.net\/index.php\/2025\/07\/20\/michal-souhaiterait-sen-aller\/","title":{"rendered":"Michal souhaiterait s&rsquo;en aller"},"content":{"rendered":"\n\n\n<p>Lucas Michal pourrait ne pas faire de vieux os \u00e0 l&rsquo;AS Monaco. Le r\u00e9cent vainqueur du tournoi Maurice-Revello avec l&rsquo;\u00e9quipe de France U20 aurait en effet des vell\u00e9it\u00e9s de d\u00e9part, selon <em>Nice-Matin<\/em>. L&rsquo;attaquant de 20 ans susciterait l&rsquo;int\u00e9r\u00eat de plusieurs clubs de Ligue 1 et un pr\u00eat pourrait \u00eatre envisag\u00e9, tout comme une vente. <\/p>\n\n\n\n<p>L&rsquo;an dernier, Michal a disput\u00e9 13 rencontres avec l&rsquo;\u00e9quipe premi\u00e8re avant de dispara\u00eetre compl\u00e8tement du groupe, cr\u00e9ant ainsi le flou sur sa situation personnelle, malgr\u00e9 une prolongation jusqu&rsquo;en 2029 en f\u00e9vrier. Il n&rsquo;\u00e9tait plus apparu sur le terrain entre le 28 f\u00e9vrier et le 17 mai, \u00e0 l&rsquo;occasion de la derni\u00e8re journ\u00e9e et du large <em>turn-over<\/em> op\u00e9r\u00e9 par Adi H\u00fctter.<\/p>\n\n\n\n<p>Depuis le d\u00e9but de la pr\u00e9paration, le jeune ailier form\u00e9 au club a disput\u00e9 les trois premi\u00e8res rencontres amicales. Contre le Cercle Bruges, il avait notamment \u00e9t\u00e9 align\u00e9 \u00e0 un poste inhabituel de lat\u00e9ral droit, avant de retrouver une place plus conventionnelle sur l&rsquo;aile.<\/p>\n","protected":false},"excerpt":{"rendered":"<p>Lucas Michal pourrait ne pas faire de vieux os \u00e0 l&rsquo;AS Monaco. Le r\u00e9cent vainqueur du tournoi Maurice-Revello avec l&rsquo;\u00e9quipe de France U20 aurait en effet des vell\u00e9it\u00e9s de d\u00e9part, selon Nice-Matin. L&rsquo;attaquant de 20 ans susciterait l&rsquo;int\u00e9r\u00eat de plusieurs clubs de Ligue 1 et un pr\u00eat pourrait \u00eatre envisag\u00e9, tout comme une vente. L&rsquo;an [&#8230;]\n","protected":false},"author":2,"featured_media":0,"comment_status":"open","ping_status":"open","sticky":false,"template":"","format":"standard","meta":[],"categories":[6,1086],"tags":[86,543,111,110],"yoast_head":"<!-- This site is optimized with the Yoast SEO plugin v19.8 - https:\/\/yoast.com\/wordpress\/plugins\/seo\/ -->\n<title>Michal souhaiterait s&#039;en aller - La Diagonale<\/title>\n<meta name=\"robots\" content=\"index, follow, max-snippet:-1, max-image-preview:large, max-video-preview:-1\" \/>\n<link rel=\"canonical\" href=\"https:\/\/www.ladiagonale.net\/index.php\/2025\/07\/20\/michal-souhaiterait-sen-aller\/\" \/>\n<meta property=\"og:locale\" content=\"fr_FR\" \/>\n<meta property=\"og:type\" content=\"article\" \/>\n<meta property=\"og:title\" content=\"Michal souhaiterait s&#039;en aller - La Diagonale\" \/>\n<meta property=\"og:description\" content=\"Lucas Michal pourrait ne pas faire de vieux os \u00e0 l&rsquo;AS Monaco. Le r\u00e9cent vainqueur du tournoi Maurice-Revello avec l&rsquo;\u00e9quipe de France U20 aurait en effet des vell\u00e9it\u00e9s de d\u00e9part, selon Nice-Matin. L&rsquo;attaquant de 20 ans susciterait l&rsquo;int\u00e9r\u00eat de plusieurs clubs de Ligue 1 et un pr\u00eat pourrait \u00eatre envisag\u00e9, tout comme une vente. L&rsquo;an [...]\" \/>\n<meta property=\"og:url\" content=\"https:\/\/www.ladiagonale.net\/index.php\/2025\/07\/20\/michal-souhaiterait-sen-aller\/\" \/>\n<meta property=\"og:site_name\" content=\"La Diagonale\" \/>\n<meta property=\"article:published_time\" content=\"2025-07-20T09:09:47+00:00\" \/>\n<meta property=\"article:modified_time\" content=\"2025-07-20T09:13:09+00:00\" \/>\n<meta property=\"og:image\" content=\"https:\/\/www.ladiagonale.net\/wp-content\/uploads\/2024\/11\/Michal-YL.png\" \/>\n\t<meta property=\"og:image:width\" content=\"1160\" \/>\n\t<meta property=\"og:image:height\" content=\"650\" \/>\n\t<meta property=\"og:image:type\" content=\"image\/png\" \/>\n<meta name=\"author\" content=\"Damien Dellerba\" \/>\n<meta name=\"twitter:card\" content=\"summary_large_image\" \/>\n<meta name=\"twitter:image\" content=\"https:\/\/www.ladiagonale.net\/wp-content\/uploads\/2024\/11\/Michal-YL.png\" \/>\n<meta name=\"twitter:label1\" content=\"\u00c9crit par\" \/>\n\t<meta name=\"twitter:data1\" content=\"Damien Dellerba\" \/>\n\t<meta name=\"twitter:label2\" content=\"Dur\u00e9e de lecture estim\u00e9e\" \/>\n\t<meta name=\"twitter:data2\" content=\"1 minute\" \/>\n<script type=\"application\/ld+json\" class=\"yoast-schema-graph\">{\"@context\":\"https:\/\/schema.org\",\"@graph\":[{\"@type\":\"WebPage\",\"@id\":\"https:\/\/www.ladiagonale.net\/index.php\/2025\/07\/20\/michal-souhaiterait-sen-aller\/\",\"url\":\"https:\/\/www.ladiagonale.net\/index.php\/2025\/07\/20\/michal-souhaiterait-sen-aller\/\",\"name\":\"Michal souhaiterait s'en aller - La Diagonale\",\"isPartOf\":{\"@id\":\"https:\/\/www.ladiagonale.net\/#website\"},\"datePublished\":\"2025-07-20T09:09:47+00:00\",\"dateModified\":\"2025-07-20T09:13:09+00:00\",\"author\":{\"@id\":\"https:\/\/www.ladiagonale.net\/#\/schema\/person\/79ff1e7b0853ed01b2aa26e64ad300bf\"},\"breadcrumb\":{\"@id\":\"https:\/\/www.ladiagonale.net\/index.php\/2025\/07\/20\/michal-souhaiterait-sen-aller\/#breadcrumb\"},\"inLanguage\":\"fr-FR\",\"potentialAction\":[{\"@type\":\"ReadAction\",\"target\":[\"https:\/\/www.ladiagonale.net\/index.php\/2025\/07\/20\/michal-souhaiterait-sen-aller\/\"]}]},{\"@type\":\"BreadcrumbList\",\"@id\":\"https:\/\/www.ladiagonale.net\/index.php\/2025\/07\/20\/michal-souhaiterait-sen-aller\/#breadcrumb\",\"itemListElement\":[{\"@type\":\"ListItem\",\"position\":1,\"name\":\"Accueil\",\"item\":\"https:\/\/www.ladiagonale.net\/\"},{\"@type\":\"ListItem\",\"position\":2,\"name\":\"Michal souhaiterait s&rsquo;en aller\"}]},{\"@type\":\"WebSite\",\"@id\":\"https:\/\/www.ladiagonale.net\/#website\",\"url\":\"https:\/\/www.ladiagonale.net\/\",\"name\":\"La Diagonale\",\"description\":\"Le site des supporters de l&#039;AS Monaco FC\",\"potentialAction\":[{\"@type\":\"SearchAction\",\"target\":{\"@type\":\"EntryPoint\",\"urlTemplate\":\"https:\/\/www.ladiagonale.net\/?s={search_term_string}\"},\"query-input\":\"required name=search_term_string\"}],\"inLanguage\":\"fr-FR\"},{\"@type\":\"Person\",\"@id\":\"https:\/\/www.ladiagonale.net\/#\/schema\/person\/79ff1e7b0853ed01b2aa26e64ad300bf\",\"name\":\"Damien Dellerba\",\"image\":{\"@type\":\"ImageObject\",\"inLanguage\":\"fr-FR\",\"@id\":\"https:\/\/www.ladiagonale.net\/#\/schema\/person\/image\/\",\"url\":\"https:\/\/secure.gravatar.com\/avatar\/c7850e06d3ff63cdbaee88b7fc16e2f0?s=96&d=mm&r=g\",\"contentUrl\":\"https:\/\/secure.gravatar.com\/avatar\/c7850e06d3ff63cdbaee88b7fc16e2f0?s=96&d=mm&r=g\",\"caption\":\"Damien Dellerba\"},\"url\":\"https:\/\/www.ladiagonale.net\/index.php\/author\/damien\/\"}]}<\/script>\n<!-- \/ Yoast SEO plugin. -->","yoast_head_json":{"title":"Michal souhaiterait s'en aller - La Diagonale","robots":{"index":"index","follow":"follow","max-snippet":"max-snippet:-1","max-image-preview":"max-image-preview:large","max-video-preview":"max-video-preview:-1"},"canonical":"https:\/\/www.ladiagonale.net\/index.php\/2025\/07\/20\/michal-souhaiterait-sen-aller\/","og_locale":"fr_FR","og_type":"article","og_title":"Michal souhaiterait s'en aller - La Diagonale","og_description":"Lucas Michal pourrait ne pas faire de vieux os \u00e0 l&rsquo;AS Monaco. Le r\u00e9cent vainqueur du tournoi Maurice-Revello avec l&rsquo;\u00e9quipe de France U20 aurait en effet des vell\u00e9it\u00e9s de d\u00e9part, selon Nice-Matin. L&rsquo;attaquant de 20 ans susciterait l&rsquo;int\u00e9r\u00eat de plusieurs clubs de Ligue 1 et un pr\u00eat pourrait \u00eatre envisag\u00e9, tout comme une vente. L&rsquo;an [...]","og_url":"https:\/\/www.ladiagonale.net\/index.php\/2025\/07\/20\/michal-souhaiterait-sen-aller\/","og_site_name":"La Diagonale","article_published_time":"2025-07-20T09:09:47+00:00","article_modified_time":"2025-07-20T09:13:09+00:00","og_image":[{"width":1160,"height":650,"url":"https:\/\/www.ladiagonale.net\/wp-content\/uploads\/2024\/11\/Michal-YL.png","type":"image\/png"}],"author":"Damien Dellerba","twitter_card":"summary_large_image","twitter_image":"https:\/\/www.ladiagonale.net\/wp-content\/uploads\/2024\/11\/Michal-YL.png","twitter_misc":{"\u00c9crit par":"Damien Dellerba","Dur\u00e9e de lecture estim\u00e9e":"1 minute"},"schema":{"@context":"https:\/\/schema.org","@graph":[{"@type":"WebPage","@id":"https:\/\/www.ladiagonale.net\/index.php\/2025\/07\/20\/michal-souhaiterait-sen-aller\/","url":"https:\/\/www.ladiagonale.net\/index.php\/2025\/07\/20\/michal-souhaiterait-sen-aller\/","name":"Michal souhaiterait s'en aller - La Diagonale","isPartOf":{"@id":"https:\/\/www.ladiagonale.net\/#website"},"datePublished":"2025-07-20T09:09:47+00:00","dateModified":"2025-07-20T09:13:09+00:00","author":{"@id":"https:\/\/www.ladiagonale.net\/#\/schema\/person\/79ff1e7b0853ed01b2aa26e64ad300bf"},"breadcrumb":{"@id":"https:\/\/www.ladiagonale.net\/index.php\/2025\/07\/20\/michal-souhaiterait-sen-aller\/#breadcrumb"},"inLanguage":"fr-FR","potentialAction":[{"@type":"ReadAction","target":["https:\/\/www.ladiagonale.net\/index.php\/2025\/07\/20\/michal-souhaiterait-sen-aller\/"]}]},{"@type":"BreadcrumbList","@id":"https:\/\/www.ladiagonale.net\/index.php\/2025\/07\/20\/michal-souhaiterait-sen-aller\/#breadcrumb","itemListElement":[{"@type":"ListItem","position":1,"name":"Accueil","item":"https:\/\/www.ladiagonale.net\/"},{"@type":"ListItem","position":2,"name":"Michal souhaiterait s&rsquo;en aller"}]},{"@type":"WebSite","@id":"https:\/\/www.ladiagonale.net\/#website","url":"https:\/\/www.ladiagonale.net\/","name":"La Diagonale","description":"Le site des supporters de l&#039;AS Monaco FC","potentialAction":[{"@type":"SearchAction","target":{"@type":"EntryPoint","urlTemplate":"https:\/\/www.ladiagonale.net\/?s={search_term_string}"},"query-input":"required name=search_term_string"}],"inLanguage":"fr-FR"},{"@type":"Person","@id":"https:\/\/www.ladiagonale.net\/#\/schema\/person\/79ff1e7b0853ed01b2aa26e64ad300bf","name":"Damien Dellerba","image":{"@type":"ImageObject","inLanguage":"fr-FR","@id":"https:\/\/www.ladiagonale.net\/#\/schema\/person\/image\/","url":"https:\/\/secure.gravatar.com\/avatar\/c7850e06d3ff63cdbaee88b7fc16e2f0?s=96&d=mm&r=g","contentUrl":"https:\/\/secure.gravatar.com\/avatar\/c7850e06d3ff63cdbaee88b7fc16e2f0?s=96&d=mm&r=g","caption":"Damien Dellerba"},"url":"https:\/\/www.ladiagonale.net\/index.php\/author\/damien\/"}]}},"_links":{"self":[{"href":"https:\/\/www.ladiagonale.net\/index.php\/wp-json\/wp\/v2\/posts\/32685"}],"collection":[{"href":"https:\/\/www.ladiagonale.net\/index.php\/wp-json\/wp\/v2\/posts"}],"about":[{"href":"https:\/\/www.ladiagonale.net\/index.php\/wp-json\/wp\/v2\/types\/post"}],"author":[{"embeddable":true,"href":"https:\/\/www.ladiagonale.net\/index.php\/wp-json\/wp\/v2\/users\/2"}],"replies":[{"embeddable":true,"href":"https:\/\/www.ladiagonale.net\/index.php\/wp-json\/wp\/v2\/comments?post=32685"}],"version-history":[{"count":3,"href":"https:\/\/www.ladiagonale.net\/index.php\/wp-json\/wp\/v2\/posts\/32685\/revisions"}],"predecessor-version":[{"id":32688,"href":"https:\/\/www.ladiagonale.net\/index.php\/wp-json\/wp\/v2\/posts\/32685\/revisions\/32688"}],"wp:attachment":[{"href":"https:\/\/www.ladiagonale.net\/index.php\/wp-json\/wp\/v2\/media?parent=32685"}],"wp:term":[{"taxonomy":"category","embeddable":true,"href":"https:\/\/www.ladiagonale.net\/index.php\/wp-json\/wp\/v2\/categories?post=32685"},{"taxonomy":"post_tag","embeddable":true,"href":"https:\/\/www.ladiagonale.net\/index.php\/wp-json\/wp\/v2\/tags?post=32685"}],"curies":[{"name":"wp","href":"https:\/\/api.w.org\/{rel}","templated":true}]}}