{"id":32689,"date":"2025-07-21T11:28:09","date_gmt":"2025-07-21T09:28:09","guid":{"rendered":"https:\/\/www.ladiagonale.net\/?p=32689"},"modified":"2025-07-21T11:30:45","modified_gmt":"2025-07-21T09:30:45","slug":"deux-amicaux-sur-deux-jours-face-au-torino","status":"publish","type":"post","link":"https:\/\/www.ladiagonale.net\/index.php\/2025\/07\/21\/deux-amicaux-sur-deux-jours-face-au-torino\/","title":{"rendered":"Deux amicaux sur deux jours face au Torino"},"content":{"rendered":"\n\n\n<p>\u00c0 n\u2019en pas douter, les joueurs de l\u2019AS Monaco auront du rythme dans les jambes au moment o\u00f9 la reprise de la Ligue 1 s\u2019effectuera le samedi 16 ao\u00fbt, contre Le Havre (19h). Le club de la Principaut\u00e9 a ajout\u00e9 deux rencontres amicales \u00e0 son calendrier face au Torino les 30 et 31 juillet, plac\u00e9es entre celle face \u00e0 l\u2019Arminia Bielefled (26 juillet) et celle contre l\u2019Ajax Amsterdam (3 ao\u00fbt). Le deux matches se joueront au Centre de performance, \u00e0 18 heures et 10h30.<\/p>\n\n\n\n<p>Cela porte d\u00e9sormais \u00e0 sept le nombre de matches de pr\u00e9paration, alors qu\u2019une opposition face \u00e0 l\u2019Inter Milan au stade Louis-II le 8 ao\u00fbt doit encore \u00eatre confirm\u00e9e. Apr\u00e8s trois rencontres face au Cercles Bruges (1-0), Coventry City (5-0) et Nottingham Forest (0-0), les Rouge et Blanc sont toujours invaincus.<\/p>\n","protected":false},"excerpt":{"rendered":"<p>\u00c0 n\u2019en pas douter, les joueurs de l\u2019AS Monaco auront du rythme dans les jambes au moment o\u00f9 la reprise de la Ligue 1 s\u2019effectuera le samedi 16 ao\u00fbt, contre Le Havre (19h). Le club de la Principaut\u00e9 a ajout\u00e9 deux rencontres amicales \u00e0 son calendrier face au Torino les 30 et 31 juillet, plac\u00e9es [&#8230;]\n","protected":false},"author":2,"featured_media":0,"comment_status":"open","ping_status":"open","sticky":false,"template":"","format":"standard","meta":[],"categories":[6],"tags":[329,86,592],"yoast_head":"<!-- This site is optimized with the Yoast SEO plugin v19.8 - https:\/\/yoast.com\/wordpress\/plugins\/seo\/ -->\n<title>Deux amicaux sur deux jours face au Torino - La Diagonale<\/title>\n<meta name=\"robots\" content=\"index, follow, max-snippet:-1, max-image-preview:large, max-video-preview:-1\" \/>\n<link rel=\"canonical\" href=\"https:\/\/www.ladiagonale.net\/index.php\/2025\/07\/21\/deux-amicaux-sur-deux-jours-face-au-torino\/\" \/>\n<meta property=\"og:locale\" content=\"fr_FR\" \/>\n<meta property=\"og:type\" content=\"article\" \/>\n<meta property=\"og:title\" content=\"Deux amicaux sur deux jours face au Torino - La Diagonale\" \/>\n<meta property=\"og:description\" content=\"\u00c0 n\u2019en pas douter, les joueurs de l\u2019AS Monaco auront du rythme dans les jambes au moment o\u00f9 la reprise de la Ligue 1 s\u2019effectuera le samedi 16 ao\u00fbt, contre Le Havre (19h). Le club de la Principaut\u00e9 a ajout\u00e9 deux rencontres amicales \u00e0 son calendrier face au Torino les 30 et 31 juillet, plac\u00e9es [...]\" \/>\n<meta property=\"og:url\" content=\"https:\/\/www.ladiagonale.net\/index.php\/2025\/07\/21\/deux-amicaux-sur-deux-jours-face-au-torino\/\" \/>\n<meta property=\"og:site_name\" content=\"La Diagonale\" \/>\n<meta property=\"article:published_time\" content=\"2025-07-21T09:28:09+00:00\" \/>\n<meta property=\"article:modified_time\" content=\"2025-07-21T09:30:45+00:00\" \/>\n<meta property=\"og:image\" content=\"https:\/\/www.ladiagonale.net\/wp-content\/uploads\/2025\/07\/amical.png\" \/>\n\t<meta property=\"og:image:width\" content=\"1160\" \/>\n\t<meta property=\"og:image:height\" content=\"650\" \/>\n\t<meta property=\"og:image:type\" content=\"image\/png\" \/>\n<meta name=\"author\" content=\"Damien Dellerba\" \/>\n<meta name=\"twitter:card\" content=\"summary_large_image\" \/>\n<meta name=\"twitter:image\" content=\"https:\/\/www.ladiagonale.net\/wp-content\/uploads\/2025\/07\/amical.png\" \/>\n<meta name=\"twitter:label1\" content=\"\u00c9crit par\" \/>\n\t<meta name=\"twitter:data1\" content=\"Damien Dellerba\" \/>\n\t<meta name=\"twitter:label2\" content=\"Dur\u00e9e de lecture estim\u00e9e\" \/>\n\t<meta name=\"twitter:data2\" content=\"1 minute\" \/>\n<script type=\"application\/ld+json\" class=\"yoast-schema-graph\">{\"@context\":\"https:\/\/schema.org\",\"@graph\":[{\"@type\":\"WebPage\",\"@id\":\"https:\/\/www.ladiagonale.net\/index.php\/2025\/07\/21\/deux-amicaux-sur-deux-jours-face-au-torino\/\",\"url\":\"https:\/\/www.ladiagonale.net\/index.php\/2025\/07\/21\/deux-amicaux-sur-deux-jours-face-au-torino\/\",\"name\":\"Deux amicaux sur deux jours face au Torino - La Diagonale\",\"isPartOf\":{\"@id\":\"https:\/\/www.ladiagonale.net\/#website\"},\"datePublished\":\"2025-07-21T09:28:09+00:00\",\"dateModified\":\"2025-07-21T09:30:45+00:00\",\"author\":{\"@id\":\"https:\/\/www.ladiagonale.net\/#\/schema\/person\/79ff1e7b0853ed01b2aa26e64ad300bf\"},\"breadcrumb\":{\"@id\":\"https:\/\/www.ladiagonale.net\/index.php\/2025\/07\/21\/deux-amicaux-sur-deux-jours-face-au-torino\/#breadcrumb\"},\"inLanguage\":\"fr-FR\",\"potentialAction\":[{\"@type\":\"ReadAction\",\"target\":[\"https:\/\/www.ladiagonale.net\/index.php\/2025\/07\/21\/deux-amicaux-sur-deux-jours-face-au-torino\/\"]}]},{\"@type\":\"BreadcrumbList\",\"@id\":\"https:\/\/www.ladiagonale.net\/index.php\/2025\/07\/21\/deux-amicaux-sur-deux-jours-face-au-torino\/#breadcrumb\",\"itemListElement\":[{\"@type\":\"ListItem\",\"position\":1,\"name\":\"Accueil\",\"item\":\"https:\/\/www.ladiagonale.net\/\"},{\"@type\":\"ListItem\",\"position\":2,\"name\":\"Deux amicaux sur deux jours face au Torino\"}]},{\"@type\":\"WebSite\",\"@id\":\"https:\/\/www.ladiagonale.net\/#website\",\"url\":\"https:\/\/www.ladiagonale.net\/\",\"name\":\"La Diagonale\",\"description\":\"Le site des supporters de l&#039;AS Monaco FC\",\"potentialAction\":[{\"@type\":\"SearchAction\",\"target\":{\"@type\":\"EntryPoint\",\"urlTemplate\":\"https:\/\/www.ladiagonale.net\/?s={search_term_string}\"},\"query-input\":\"required name=search_term_string\"}],\"inLanguage\":\"fr-FR\"},{\"@type\":\"Person\",\"@id\":\"https:\/\/www.ladiagonale.net\/#\/schema\/person\/79ff1e7b0853ed01b2aa26e64ad300bf\",\"name\":\"Damien Dellerba\",\"image\":{\"@type\":\"ImageObject\",\"inLanguage\":\"fr-FR\",\"@id\":\"https:\/\/www.ladiagonale.net\/#\/schema\/person\/image\/\",\"url\":\"https:\/\/secure.gravatar.com\/avatar\/c7850e06d3ff63cdbaee88b7fc16e2f0?s=96&d=mm&r=g\",\"contentUrl\":\"https:\/\/secure.gravatar.com\/avatar\/c7850e06d3ff63cdbaee88b7fc16e2f0?s=96&d=mm&r=g\",\"caption\":\"Damien Dellerba\"},\"url\":\"https:\/\/www.ladiagonale.net\/index.php\/author\/damien\/\"}]}<\/script>\n<!-- \/ Yoast SEO plugin. -->","yoast_head_json":{"title":"Deux amicaux sur deux jours face au Torino - La Diagonale","robots":{"index":"index","follow":"follow","max-snippet":"max-snippet:-1","max-image-preview":"max-image-preview:large","max-video-preview":"max-video-preview:-1"},"canonical":"https:\/\/www.ladiagonale.net\/index.php\/2025\/07\/21\/deux-amicaux-sur-deux-jours-face-au-torino\/","og_locale":"fr_FR","og_type":"article","og_title":"Deux amicaux sur deux jours face au Torino - La Diagonale","og_description":"\u00c0 n\u2019en pas douter, les joueurs de l\u2019AS Monaco auront du rythme dans les jambes au moment o\u00f9 la reprise de la Ligue 1 s\u2019effectuera le samedi 16 ao\u00fbt, contre Le Havre (19h). Le club de la Principaut\u00e9 a ajout\u00e9 deux rencontres amicales \u00e0 son calendrier face au Torino les 30 et 31 juillet, plac\u00e9es [...]","og_url":"https:\/\/www.ladiagonale.net\/index.php\/2025\/07\/21\/deux-amicaux-sur-deux-jours-face-au-torino\/","og_site_name":"La Diagonale","article_published_time":"2025-07-21T09:28:09+00:00","article_modified_time":"2025-07-21T09:30:45+00:00","og_image":[{"width":1160,"height":650,"url":"https:\/\/www.ladiagonale.net\/wp-content\/uploads\/2025\/07\/amical.png","type":"image\/png"}],"author":"Damien Dellerba","twitter_card":"summary_large_image","twitter_image":"https:\/\/www.ladiagonale.net\/wp-content\/uploads\/2025\/07\/amical.png","twitter_misc":{"\u00c9crit par":"Damien Dellerba","Dur\u00e9e de lecture estim\u00e9e":"1 minute"},"schema":{"@context":"https:\/\/schema.org","@graph":[{"@type":"WebPage","@id":"https:\/\/www.ladiagonale.net\/index.php\/2025\/07\/21\/deux-amicaux-sur-deux-jours-face-au-torino\/","url":"https:\/\/www.ladiagonale.net\/index.php\/2025\/07\/21\/deux-amicaux-sur-deux-jours-face-au-torino\/","name":"Deux amicaux sur deux jours face au Torino - La Diagonale","isPartOf":{"@id":"https:\/\/www.ladiagonale.net\/#website"},"datePublished":"2025-07-21T09:28:09+00:00","dateModified":"2025-07-21T09:30:45+00:00","author":{"@id":"https:\/\/www.ladiagonale.net\/#\/schema\/person\/79ff1e7b0853ed01b2aa26e64ad300bf"},"breadcrumb":{"@id":"https:\/\/www.ladiagonale.net\/index.php\/2025\/07\/21\/deux-amicaux-sur-deux-jours-face-au-torino\/#breadcrumb"},"inLanguage":"fr-FR","potentialAction":[{"@type":"ReadAction","target":["https:\/\/www.ladiagonale.net\/index.php\/2025\/07\/21\/deux-amicaux-sur-deux-jours-face-au-torino\/"]}]},{"@type":"BreadcrumbList","@id":"https:\/\/www.ladiagonale.net\/index.php\/2025\/07\/21\/deux-amicaux-sur-deux-jours-face-au-torino\/#breadcrumb","itemListElement":[{"@type":"ListItem","position":1,"name":"Accueil","item":"https:\/\/www.ladiagonale.net\/"},{"@type":"ListItem","position":2,"name":"Deux amicaux sur deux jours face au Torino"}]},{"@type":"WebSite","@id":"https:\/\/www.ladiagonale.net\/#website","url":"https:\/\/www.ladiagonale.net\/","name":"La Diagonale","description":"Le site des supporters de l&#039;AS Monaco FC","potentialAction":[{"@type":"SearchAction","target":{"@type":"EntryPoint","urlTemplate":"https:\/\/www.ladiagonale.net\/?s={search_term_string}"},"query-input":"required name=search_term_string"}],"inLanguage":"fr-FR"},{"@type":"Person","@id":"https:\/\/www.ladiagonale.net\/#\/schema\/person\/79ff1e7b0853ed01b2aa26e64ad300bf","name":"Damien Dellerba","image":{"@type":"ImageObject","inLanguage":"fr-FR","@id":"https:\/\/www.ladiagonale.net\/#\/schema\/person\/image\/","url":"https:\/\/secure.gravatar.com\/avatar\/c7850e06d3ff63cdbaee88b7fc16e2f0?s=96&d=mm&r=g","contentUrl":"https:\/\/secure.gravatar.com\/avatar\/c7850e06d3ff63cdbaee88b7fc16e2f0?s=96&d=mm&r=g","caption":"Damien Dellerba"},"url":"https:\/\/www.ladiagonale.net\/index.php\/author\/damien\/"}]}},"_links":{"self":[{"href":"https:\/\/www.ladiagonale.net\/index.php\/wp-json\/wp\/v2\/posts\/32689"}],"collection":[{"href":"https:\/\/www.ladiagonale.net\/index.php\/wp-json\/wp\/v2\/posts"}],"about":[{"href":"https:\/\/www.ladiagonale.net\/index.php\/wp-json\/wp\/v2\/types\/post"}],"author":[{"embeddable":true,"href":"https:\/\/www.ladiagonale.net\/index.php\/wp-json\/wp\/v2\/users\/2"}],"replies":[{"embeddable":true,"href":"https:\/\/www.ladiagonale.net\/index.php\/wp-json\/wp\/v2\/comments?post=32689"}],"version-history":[{"count":2,"href":"https:\/\/www.ladiagonale.net\/index.php\/wp-json\/wp\/v2\/posts\/32689\/revisions"}],"predecessor-version":[{"id":32692,"href":"https:\/\/www.ladiagonale.net\/index.php\/wp-json\/wp\/v2\/posts\/32689\/revisions\/32692"}],"wp:attachment":[{"href":"https:\/\/www.ladiagonale.net\/index.php\/wp-json\/wp\/v2\/media?parent=32689"}],"wp:term":[{"taxonomy":"category","embeddable":true,"href":"https:\/\/www.ladiagonale.net\/index.php\/wp-json\/wp\/v2\/categories?post=32689"},{"taxonomy":"post_tag","embeddable":true,"href":"https:\/\/www.ladiagonale.net\/index.php\/wp-json\/wp\/v2\/tags?post=32689"}],"curies":[{"name":"wp","href":"https:\/\/api.w.org\/{rel}","templated":true}]}}