{"id":32715,"date":"2025-07-24T13:04:39","date_gmt":"2025-07-24T11:04:39","guid":{"rendered":"https:\/\/www.ladiagonale.net\/?p=32715"},"modified":"2025-07-28T13:36:45","modified_gmt":"2025-07-28T11:36:45","slug":"le-groupe-elite-mis-en-deroute-par-cannes","status":"publish","type":"post","link":"https:\/\/www.ladiagonale.net\/index.php\/2025\/07\/24\/le-groupe-elite-mis-en-deroute-par-cannes\/","title":{"rendered":"Le Groupe \u00c9lite mis en d\u00e9route par Cannes"},"content":{"rendered":"\n\n\n<p>Apr\u00e8s une premi\u00e8re r\u00e9ussie face au FC Rousset (3-2), pensionnaire de National 2, le 19 juillet, le Groupe \u00c9lite de l&rsquo;AS Monaco a subi un lourd revers face \u00e0 l&rsquo;AS Cannes (2-6), mercredi, club de N2 et demi-finaliste de la derni\u00e8re Coupe de France. Les deux buts mon\u00e9gasques ont \u00e9t\u00e9 inscrits par Joan Tincres, qui a reprise ses habitudes de la saison derni\u00e8re, o\u00f9 il avait inscrit de nombreux doubl\u00e9s avec le Groupe \u00c9lite. Deux r\u00e9alisations toutefois insuffisantes face \u00e0 une \u00e9quipe de Cannes trop fort, et qui avait d\u00e9j\u00e0 pris le large \u00e0 la fin du premier acte (2-5).<\/p>\n\n\n\n<p>Vendredi, les jeunes pousses as\u00e9mistes partiront en stage \u00e0 Tola Vologe, ancien centre d&rsquo;entra\u00eenement de l&rsquo;OL et disputeront deux rencontres amicales. Ils affronteront une nouvelle formation de N2, celle de leur nouveau partenaire l&rsquo;AS Saint-Priest, puis la r\u00e9serve de l&rsquo;Olympique de Marseille, qui \u00e9volue quant \u00e0 elle en N3.<\/p>\n\n\n\n<p><strong>Composition : <\/strong>Stawiecki \u2013 Baba\u00ef, Sitou, Kiwa (cap.) (Bein, 46<sup>e<\/sup>), Mokabakila (Sylla, 64<sup>e<\/sup>) \u2013 Cabral (Dembaga, 64<sup>e<\/sup>), Tour\u00e9 (Benama, 46<sup>e<\/sup>) \u2013 Konat\u00e9 (Dendani, 46<sup>e<\/sup>), Belmokhtar (Soubeir, 46<sup>e<\/sup>), Boura (Coudour, 50<sup>e<\/sup>) \u2013 Tincres (Etond\u00e9, 64<sup>e<\/sup>).<\/p>\n","protected":false},"excerpt":{"rendered":"<p>Apr\u00e8s une premi\u00e8re r\u00e9ussie face au FC Rousset (3-2), pensionnaire de National 2, le 19 juillet, le Groupe \u00c9lite de l&rsquo;AS Monaco a subi un lourd revers face \u00e0 l&rsquo;AS Cannes (2-6), mercredi, club de N2 et demi-finaliste de la derni\u00e8re Coupe de France. Les deux buts mon\u00e9gasques ont \u00e9t\u00e9 inscrits par Joan Tincres, qui [&#8230;]\n","protected":false},"author":2,"featured_media":0,"comment_status":"open","ping_status":"open","sticky":false,"template":"","format":"standard","meta":[],"categories":[6],"tags":[76,86],"yoast_head":"<!-- This site is optimized with the Yoast SEO plugin v19.8 - https:\/\/yoast.com\/wordpress\/plugins\/seo\/ -->\n<title>Le Groupe \u00c9lite mis en d\u00e9route par Cannes - La Diagonale<\/title>\n<meta name=\"robots\" content=\"index, follow, max-snippet:-1, max-image-preview:large, max-video-preview:-1\" \/>\n<link rel=\"canonical\" href=\"https:\/\/www.ladiagonale.net\/index.php\/2025\/07\/24\/le-groupe-elite-mis-en-deroute-par-cannes\/\" \/>\n<meta property=\"og:locale\" content=\"fr_FR\" \/>\n<meta property=\"og:type\" content=\"article\" \/>\n<meta property=\"og:title\" content=\"Le Groupe \u00c9lite mis en d\u00e9route par Cannes - La Diagonale\" \/>\n<meta property=\"og:description\" content=\"Apr\u00e8s une premi\u00e8re r\u00e9ussie face au FC Rousset (3-2), pensionnaire de National 2, le 19 juillet, le Groupe \u00c9lite de l&rsquo;AS Monaco a subi un lourd revers face \u00e0 l&rsquo;AS Cannes (2-6), mercredi, club de N2 et demi-finaliste de la derni\u00e8re Coupe de France. Les deux buts mon\u00e9gasques ont \u00e9t\u00e9 inscrits par Joan Tincres, qui [...]\" \/>\n<meta property=\"og:url\" content=\"https:\/\/www.ladiagonale.net\/index.php\/2025\/07\/24\/le-groupe-elite-mis-en-deroute-par-cannes\/\" \/>\n<meta property=\"og:site_name\" content=\"La Diagonale\" \/>\n<meta property=\"article:published_time\" content=\"2025-07-24T11:04:39+00:00\" \/>\n<meta property=\"article:modified_time\" content=\"2025-07-28T11:36:45+00:00\" \/>\n<meta property=\"og:image\" content=\"https:\/\/www.ladiagonale.net\/wp-content\/uploads\/2025\/07\/Tincres-Cannes.png\" \/>\n\t<meta property=\"og:image:width\" content=\"1160\" \/>\n\t<meta property=\"og:image:height\" content=\"650\" \/>\n\t<meta property=\"og:image:type\" content=\"image\/png\" \/>\n<meta name=\"author\" content=\"Damien Dellerba\" \/>\n<meta name=\"twitter:card\" content=\"summary_large_image\" \/>\n<meta name=\"twitter:image\" content=\"https:\/\/www.ladiagonale.net\/wp-content\/uploads\/2025\/07\/Tincres-Cannes.png\" \/>\n<meta name=\"twitter:label1\" content=\"\u00c9crit par\" \/>\n\t<meta name=\"twitter:data1\" content=\"Damien Dellerba\" \/>\n\t<meta name=\"twitter:label2\" content=\"Dur\u00e9e de lecture estim\u00e9e\" \/>\n\t<meta name=\"twitter:data2\" content=\"1 minute\" \/>\n<script type=\"application\/ld+json\" class=\"yoast-schema-graph\">{\"@context\":\"https:\/\/schema.org\",\"@graph\":[{\"@type\":\"WebPage\",\"@id\":\"https:\/\/www.ladiagonale.net\/index.php\/2025\/07\/24\/le-groupe-elite-mis-en-deroute-par-cannes\/\",\"url\":\"https:\/\/www.ladiagonale.net\/index.php\/2025\/07\/24\/le-groupe-elite-mis-en-deroute-par-cannes\/\",\"name\":\"Le Groupe \u00c9lite mis en d\u00e9route par Cannes - La Diagonale\",\"isPartOf\":{\"@id\":\"https:\/\/www.ladiagonale.net\/#website\"},\"datePublished\":\"2025-07-24T11:04:39+00:00\",\"dateModified\":\"2025-07-28T11:36:45+00:00\",\"author\":{\"@id\":\"https:\/\/www.ladiagonale.net\/#\/schema\/person\/79ff1e7b0853ed01b2aa26e64ad300bf\"},\"breadcrumb\":{\"@id\":\"https:\/\/www.ladiagonale.net\/index.php\/2025\/07\/24\/le-groupe-elite-mis-en-deroute-par-cannes\/#breadcrumb\"},\"inLanguage\":\"fr-FR\",\"potentialAction\":[{\"@type\":\"ReadAction\",\"target\":[\"https:\/\/www.ladiagonale.net\/index.php\/2025\/07\/24\/le-groupe-elite-mis-en-deroute-par-cannes\/\"]}]},{\"@type\":\"BreadcrumbList\",\"@id\":\"https:\/\/www.ladiagonale.net\/index.php\/2025\/07\/24\/le-groupe-elite-mis-en-deroute-par-cannes\/#breadcrumb\",\"itemListElement\":[{\"@type\":\"ListItem\",\"position\":1,\"name\":\"Accueil\",\"item\":\"https:\/\/www.ladiagonale.net\/\"},{\"@type\":\"ListItem\",\"position\":2,\"name\":\"Le Groupe \u00c9lite mis en d\u00e9route par Cannes\"}]},{\"@type\":\"WebSite\",\"@id\":\"https:\/\/www.ladiagonale.net\/#website\",\"url\":\"https:\/\/www.ladiagonale.net\/\",\"name\":\"La Diagonale\",\"description\":\"Le site des supporters de l&#039;AS Monaco FC\",\"potentialAction\":[{\"@type\":\"SearchAction\",\"target\":{\"@type\":\"EntryPoint\",\"urlTemplate\":\"https:\/\/www.ladiagonale.net\/?s={search_term_string}\"},\"query-input\":\"required name=search_term_string\"}],\"inLanguage\":\"fr-FR\"},{\"@type\":\"Person\",\"@id\":\"https:\/\/www.ladiagonale.net\/#\/schema\/person\/79ff1e7b0853ed01b2aa26e64ad300bf\",\"name\":\"Damien Dellerba\",\"image\":{\"@type\":\"ImageObject\",\"inLanguage\":\"fr-FR\",\"@id\":\"https:\/\/www.ladiagonale.net\/#\/schema\/person\/image\/\",\"url\":\"https:\/\/secure.gravatar.com\/avatar\/c7850e06d3ff63cdbaee88b7fc16e2f0?s=96&d=mm&r=g\",\"contentUrl\":\"https:\/\/secure.gravatar.com\/avatar\/c7850e06d3ff63cdbaee88b7fc16e2f0?s=96&d=mm&r=g\",\"caption\":\"Damien Dellerba\"},\"url\":\"https:\/\/www.ladiagonale.net\/index.php\/author\/damien\/\"}]}<\/script>\n<!-- \/ Yoast SEO plugin. -->","yoast_head_json":{"title":"Le Groupe \u00c9lite mis en d\u00e9route par Cannes - La Diagonale","robots":{"index":"index","follow":"follow","max-snippet":"max-snippet:-1","max-image-preview":"max-image-preview:large","max-video-preview":"max-video-preview:-1"},"canonical":"https:\/\/www.ladiagonale.net\/index.php\/2025\/07\/24\/le-groupe-elite-mis-en-deroute-par-cannes\/","og_locale":"fr_FR","og_type":"article","og_title":"Le Groupe \u00c9lite mis en d\u00e9route par Cannes - La Diagonale","og_description":"Apr\u00e8s une premi\u00e8re r\u00e9ussie face au FC Rousset (3-2), pensionnaire de National 2, le 19 juillet, le Groupe \u00c9lite de l&rsquo;AS Monaco a subi un lourd revers face \u00e0 l&rsquo;AS Cannes (2-6), mercredi, club de N2 et demi-finaliste de la derni\u00e8re Coupe de France. Les deux buts mon\u00e9gasques ont \u00e9t\u00e9 inscrits par Joan Tincres, qui [...]","og_url":"https:\/\/www.ladiagonale.net\/index.php\/2025\/07\/24\/le-groupe-elite-mis-en-deroute-par-cannes\/","og_site_name":"La Diagonale","article_published_time":"2025-07-24T11:04:39+00:00","article_modified_time":"2025-07-28T11:36:45+00:00","og_image":[{"width":1160,"height":650,"url":"https:\/\/www.ladiagonale.net\/wp-content\/uploads\/2025\/07\/Tincres-Cannes.png","type":"image\/png"}],"author":"Damien Dellerba","twitter_card":"summary_large_image","twitter_image":"https:\/\/www.ladiagonale.net\/wp-content\/uploads\/2025\/07\/Tincres-Cannes.png","twitter_misc":{"\u00c9crit par":"Damien Dellerba","Dur\u00e9e de lecture estim\u00e9e":"1 minute"},"schema":{"@context":"https:\/\/schema.org","@graph":[{"@type":"WebPage","@id":"https:\/\/www.ladiagonale.net\/index.php\/2025\/07\/24\/le-groupe-elite-mis-en-deroute-par-cannes\/","url":"https:\/\/www.ladiagonale.net\/index.php\/2025\/07\/24\/le-groupe-elite-mis-en-deroute-par-cannes\/","name":"Le Groupe \u00c9lite mis en d\u00e9route par Cannes - La Diagonale","isPartOf":{"@id":"https:\/\/www.ladiagonale.net\/#website"},"datePublished":"2025-07-24T11:04:39+00:00","dateModified":"2025-07-28T11:36:45+00:00","author":{"@id":"https:\/\/www.ladiagonale.net\/#\/schema\/person\/79ff1e7b0853ed01b2aa26e64ad300bf"},"breadcrumb":{"@id":"https:\/\/www.ladiagonale.net\/index.php\/2025\/07\/24\/le-groupe-elite-mis-en-deroute-par-cannes\/#breadcrumb"},"inLanguage":"fr-FR","potentialAction":[{"@type":"ReadAction","target":["https:\/\/www.ladiagonale.net\/index.php\/2025\/07\/24\/le-groupe-elite-mis-en-deroute-par-cannes\/"]}]},{"@type":"BreadcrumbList","@id":"https:\/\/www.ladiagonale.net\/index.php\/2025\/07\/24\/le-groupe-elite-mis-en-deroute-par-cannes\/#breadcrumb","itemListElement":[{"@type":"ListItem","position":1,"name":"Accueil","item":"https:\/\/www.ladiagonale.net\/"},{"@type":"ListItem","position":2,"name":"Le Groupe \u00c9lite mis en d\u00e9route par Cannes"}]},{"@type":"WebSite","@id":"https:\/\/www.ladiagonale.net\/#website","url":"https:\/\/www.ladiagonale.net\/","name":"La Diagonale","description":"Le site des supporters de l&#039;AS Monaco FC","potentialAction":[{"@type":"SearchAction","target":{"@type":"EntryPoint","urlTemplate":"https:\/\/www.ladiagonale.net\/?s={search_term_string}"},"query-input":"required name=search_term_string"}],"inLanguage":"fr-FR"},{"@type":"Person","@id":"https:\/\/www.ladiagonale.net\/#\/schema\/person\/79ff1e7b0853ed01b2aa26e64ad300bf","name":"Damien Dellerba","image":{"@type":"ImageObject","inLanguage":"fr-FR","@id":"https:\/\/www.ladiagonale.net\/#\/schema\/person\/image\/","url":"https:\/\/secure.gravatar.com\/avatar\/c7850e06d3ff63cdbaee88b7fc16e2f0?s=96&d=mm&r=g","contentUrl":"https:\/\/secure.gravatar.com\/avatar\/c7850e06d3ff63cdbaee88b7fc16e2f0?s=96&d=mm&r=g","caption":"Damien Dellerba"},"url":"https:\/\/www.ladiagonale.net\/index.php\/author\/damien\/"}]}},"_links":{"self":[{"href":"https:\/\/www.ladiagonale.net\/index.php\/wp-json\/wp\/v2\/posts\/32715"}],"collection":[{"href":"https:\/\/www.ladiagonale.net\/index.php\/wp-json\/wp\/v2\/posts"}],"about":[{"href":"https:\/\/www.ladiagonale.net\/index.php\/wp-json\/wp\/v2\/types\/post"}],"author":[{"embeddable":true,"href":"https:\/\/www.ladiagonale.net\/index.php\/wp-json\/wp\/v2\/users\/2"}],"replies":[{"embeddable":true,"href":"https:\/\/www.ladiagonale.net\/index.php\/wp-json\/wp\/v2\/comments?post=32715"}],"version-history":[{"count":2,"href":"https:\/\/www.ladiagonale.net\/index.php\/wp-json\/wp\/v2\/posts\/32715\/revisions"}],"predecessor-version":[{"id":32753,"href":"https:\/\/www.ladiagonale.net\/index.php\/wp-json\/wp\/v2\/posts\/32715\/revisions\/32753"}],"wp:attachment":[{"href":"https:\/\/www.ladiagonale.net\/index.php\/wp-json\/wp\/v2\/media?parent=32715"}],"wp:term":[{"taxonomy":"category","embeddable":true,"href":"https:\/\/www.ladiagonale.net\/index.php\/wp-json\/wp\/v2\/categories?post=32715"},{"taxonomy":"post_tag","embeddable":true,"href":"https:\/\/www.ladiagonale.net\/index.php\/wp-json\/wp\/v2\/tags?post=32715"}],"curies":[{"name":"wp","href":"https:\/\/api.w.org\/{rel}","templated":true}]}}