{"id":32726,"date":"2025-07-25T19:56:22","date_gmt":"2025-07-25T17:56:22","guid":{"rendered":"https:\/\/www.ladiagonale.net\/?p=32726"},"modified":"2025-07-25T19:56:23","modified_gmt":"2025-07-25T17:56:23","slug":"le-groupe-pour-bielefeld-sans-ben-seghir-ni-diatta-avec-mawissa-et-magassa","status":"publish","type":"post","link":"https:\/\/www.ladiagonale.net\/index.php\/2025\/07\/25\/le-groupe-pour-bielefeld-sans-ben-seghir-ni-diatta-avec-mawissa-et-magassa\/","title":{"rendered":"Le groupe pour Bielefeld : sans Ben Seghir ni Diatta, avec Mawissa et Magassa"},"content":{"rendered":"\n\n\n<p>L&rsquo;AS Monaco a annonc\u00e9 le groupe qui d\u00e9fiera l&rsquo;Arminia Bielefeld en match amical ce samedi. 25 joueurs ont \u00e9t\u00e9 convoqu\u00e9s par Adi H\u00fctter, parmi lesquels Christian Mawissa et Soungoutou Magassa, qui n&rsquo;ont fait leur reprise que la semaine derni\u00e8re apr\u00e8s des vacances d\u00e9cal\u00e9es en raison de leur participation \u00e0 l&rsquo;Euro Espoirs. <\/p>\n\n\n\n<p>En revanche, Eliesse Ben Seghir et Kr\u00e9pin Diatta sont absents. Le premier est touch\u00e9 \u00e0 un quadriceps, ce qui lui avait valu de manquer le dernier match amical contre Nottingham Forest, tandis que le second souffre du psoas. Des absences qui s&rsquo;ajoutent \u00e0 celles de George Ilenikhena et d&rsquo;Ansu Fati, qui viennent de reprendre avec le groupe, et celle de Paul Pogba, qui poursuit le travail individuel. <\/p>\n\n\n\n<h3>Le groupe mon\u00e9gasque<\/h3>\n\n\n\n<ul><li><strong>Gardiens :<\/strong> K\u00f6hn, Lienard, Majecki.<\/li><li><strong>D\u00e9fenseurs :<\/strong> C. Henrique, Dier, Kehrer, Mawissa, Ouattara, Salisu, Singo, Teze, Vanderson.<\/li><li><strong>Milieux :<\/strong> Akliouche, Bamba, Bouabr\u00e9, Camara, Golovin, Magassa, Minamino, Zakaria.<\/li><li><strong>Attaquants :<\/strong> Balogun, Biereth, Brunner, Embolo, Michal.<\/li><\/ul>\n\n\n\n<p class=\"has-text-align-right has-small-font-size\">Source : <em>AS Monaco<\/em> et <em>Nice-Matin<\/em><\/p>\n","protected":false},"excerpt":{"rendered":"<p>L&rsquo;AS Monaco a annonc\u00e9 le groupe qui d\u00e9fiera l&rsquo;Arminia Bielefeld en match amical ce samedi. 25 joueurs ont \u00e9t\u00e9 convoqu\u00e9s par Adi H\u00fctter, parmi lesquels Christian Mawissa et Soungoutou Magassa, qui n&rsquo;ont fait leur reprise que la semaine derni\u00e8re apr\u00e8s des vacances d\u00e9cal\u00e9es en raison de leur participation \u00e0 l&rsquo;Euro Espoirs. En revanche, Eliesse Ben [&#8230;]\n","protected":false},"author":2,"featured_media":0,"comment_status":"open","ping_status":"open","sticky":false,"template":"","format":"standard","meta":[],"categories":[6],"tags":[87,1095,86,225,592],"yoast_head":"<!-- This site is optimized with the Yoast SEO plugin v19.8 - https:\/\/yoast.com\/wordpress\/plugins\/seo\/ -->\n<title>Le groupe pour Bielefeld : sans Ben Seghir ni Diatta, avec Mawissa et Magassa - La Diagonale<\/title>\n<meta name=\"robots\" content=\"index, follow, max-snippet:-1, max-image-preview:large, max-video-preview:-1\" \/>\n<link rel=\"canonical\" href=\"https:\/\/www.ladiagonale.net\/index.php\/2025\/07\/25\/le-groupe-pour-bielefeld-sans-ben-seghir-ni-diatta-avec-mawissa-et-magassa\/\" \/>\n<meta property=\"og:locale\" content=\"fr_FR\" \/>\n<meta property=\"og:type\" content=\"article\" \/>\n<meta property=\"og:title\" content=\"Le groupe pour Bielefeld : sans Ben Seghir ni Diatta, avec Mawissa et Magassa - La Diagonale\" \/>\n<meta property=\"og:description\" content=\"L&rsquo;AS Monaco a annonc\u00e9 le groupe qui d\u00e9fiera l&rsquo;Arminia Bielefeld en match amical ce samedi. 25 joueurs ont \u00e9t\u00e9 convoqu\u00e9s par Adi H\u00fctter, parmi lesquels Christian Mawissa et Soungoutou Magassa, qui n&rsquo;ont fait leur reprise que la semaine derni\u00e8re apr\u00e8s des vacances d\u00e9cal\u00e9es en raison de leur participation \u00e0 l&rsquo;Euro Espoirs. En revanche, Eliesse Ben [...]\" \/>\n<meta property=\"og:url\" content=\"https:\/\/www.ladiagonale.net\/index.php\/2025\/07\/25\/le-groupe-pour-bielefeld-sans-ben-seghir-ni-diatta-avec-mawissa-et-magassa\/\" \/>\n<meta property=\"og:site_name\" content=\"La Diagonale\" \/>\n<meta property=\"article:published_time\" content=\"2025-07-25T17:56:22+00:00\" \/>\n<meta property=\"article:modified_time\" content=\"2025-07-25T17:56:23+00:00\" \/>\n<meta property=\"og:image\" content=\"https:\/\/www.ladiagonale.net\/wp-content\/uploads\/2025\/07\/Ben-Seghir-cercle.png\" \/>\n\t<meta property=\"og:image:width\" content=\"1160\" \/>\n\t<meta property=\"og:image:height\" content=\"650\" \/>\n\t<meta property=\"og:image:type\" content=\"image\/png\" \/>\n<meta name=\"author\" content=\"Damien Dellerba\" \/>\n<meta name=\"twitter:card\" content=\"summary_large_image\" \/>\n<meta name=\"twitter:image\" content=\"https:\/\/www.ladiagonale.net\/wp-content\/uploads\/2025\/07\/Ben-Seghir-cercle.png\" \/>\n<meta name=\"twitter:label1\" content=\"\u00c9crit par\" \/>\n\t<meta name=\"twitter:data1\" content=\"Damien Dellerba\" \/>\n\t<meta name=\"twitter:label2\" content=\"Dur\u00e9e de lecture estim\u00e9e\" \/>\n\t<meta name=\"twitter:data2\" content=\"1 minute\" \/>\n<script type=\"application\/ld+json\" class=\"yoast-schema-graph\">{\"@context\":\"https:\/\/schema.org\",\"@graph\":[{\"@type\":\"WebPage\",\"@id\":\"https:\/\/www.ladiagonale.net\/index.php\/2025\/07\/25\/le-groupe-pour-bielefeld-sans-ben-seghir-ni-diatta-avec-mawissa-et-magassa\/\",\"url\":\"https:\/\/www.ladiagonale.net\/index.php\/2025\/07\/25\/le-groupe-pour-bielefeld-sans-ben-seghir-ni-diatta-avec-mawissa-et-magassa\/\",\"name\":\"Le groupe pour Bielefeld : sans Ben Seghir ni Diatta, avec Mawissa et Magassa - La Diagonale\",\"isPartOf\":{\"@id\":\"https:\/\/www.ladiagonale.net\/#website\"},\"datePublished\":\"2025-07-25T17:56:22+00:00\",\"dateModified\":\"2025-07-25T17:56:23+00:00\",\"author\":{\"@id\":\"https:\/\/www.ladiagonale.net\/#\/schema\/person\/79ff1e7b0853ed01b2aa26e64ad300bf\"},\"breadcrumb\":{\"@id\":\"https:\/\/www.ladiagonale.net\/index.php\/2025\/07\/25\/le-groupe-pour-bielefeld-sans-ben-seghir-ni-diatta-avec-mawissa-et-magassa\/#breadcrumb\"},\"inLanguage\":\"fr-FR\",\"potentialAction\":[{\"@type\":\"ReadAction\",\"target\":[\"https:\/\/www.ladiagonale.net\/index.php\/2025\/07\/25\/le-groupe-pour-bielefeld-sans-ben-seghir-ni-diatta-avec-mawissa-et-magassa\/\"]}]},{\"@type\":\"BreadcrumbList\",\"@id\":\"https:\/\/www.ladiagonale.net\/index.php\/2025\/07\/25\/le-groupe-pour-bielefeld-sans-ben-seghir-ni-diatta-avec-mawissa-et-magassa\/#breadcrumb\",\"itemListElement\":[{\"@type\":\"ListItem\",\"position\":1,\"name\":\"Accueil\",\"item\":\"https:\/\/www.ladiagonale.net\/\"},{\"@type\":\"ListItem\",\"position\":2,\"name\":\"Le groupe pour Bielefeld : sans Ben Seghir ni Diatta, avec Mawissa et Magassa\"}]},{\"@type\":\"WebSite\",\"@id\":\"https:\/\/www.ladiagonale.net\/#website\",\"url\":\"https:\/\/www.ladiagonale.net\/\",\"name\":\"La Diagonale\",\"description\":\"Le site des supporters de l&#039;AS Monaco FC\",\"potentialAction\":[{\"@type\":\"SearchAction\",\"target\":{\"@type\":\"EntryPoint\",\"urlTemplate\":\"https:\/\/www.ladiagonale.net\/?s={search_term_string}\"},\"query-input\":\"required name=search_term_string\"}],\"inLanguage\":\"fr-FR\"},{\"@type\":\"Person\",\"@id\":\"https:\/\/www.ladiagonale.net\/#\/schema\/person\/79ff1e7b0853ed01b2aa26e64ad300bf\",\"name\":\"Damien Dellerba\",\"image\":{\"@type\":\"ImageObject\",\"inLanguage\":\"fr-FR\",\"@id\":\"https:\/\/www.ladiagonale.net\/#\/schema\/person\/image\/\",\"url\":\"https:\/\/secure.gravatar.com\/avatar\/c7850e06d3ff63cdbaee88b7fc16e2f0?s=96&d=mm&r=g\",\"contentUrl\":\"https:\/\/secure.gravatar.com\/avatar\/c7850e06d3ff63cdbaee88b7fc16e2f0?s=96&d=mm&r=g\",\"caption\":\"Damien Dellerba\"},\"url\":\"https:\/\/www.ladiagonale.net\/index.php\/author\/damien\/\"}]}<\/script>\n<!-- \/ Yoast SEO plugin. -->","yoast_head_json":{"title":"Le groupe pour Bielefeld : sans Ben Seghir ni Diatta, avec Mawissa et Magassa - La Diagonale","robots":{"index":"index","follow":"follow","max-snippet":"max-snippet:-1","max-image-preview":"max-image-preview:large","max-video-preview":"max-video-preview:-1"},"canonical":"https:\/\/www.ladiagonale.net\/index.php\/2025\/07\/25\/le-groupe-pour-bielefeld-sans-ben-seghir-ni-diatta-avec-mawissa-et-magassa\/","og_locale":"fr_FR","og_type":"article","og_title":"Le groupe pour Bielefeld : sans Ben Seghir ni Diatta, avec Mawissa et Magassa - La Diagonale","og_description":"L&rsquo;AS Monaco a annonc\u00e9 le groupe qui d\u00e9fiera l&rsquo;Arminia Bielefeld en match amical ce samedi. 25 joueurs ont \u00e9t\u00e9 convoqu\u00e9s par Adi H\u00fctter, parmi lesquels Christian Mawissa et Soungoutou Magassa, qui n&rsquo;ont fait leur reprise que la semaine derni\u00e8re apr\u00e8s des vacances d\u00e9cal\u00e9es en raison de leur participation \u00e0 l&rsquo;Euro Espoirs. En revanche, Eliesse Ben [...]","og_url":"https:\/\/www.ladiagonale.net\/index.php\/2025\/07\/25\/le-groupe-pour-bielefeld-sans-ben-seghir-ni-diatta-avec-mawissa-et-magassa\/","og_site_name":"La Diagonale","article_published_time":"2025-07-25T17:56:22+00:00","article_modified_time":"2025-07-25T17:56:23+00:00","og_image":[{"width":1160,"height":650,"url":"https:\/\/www.ladiagonale.net\/wp-content\/uploads\/2025\/07\/Ben-Seghir-cercle.png","type":"image\/png"}],"author":"Damien Dellerba","twitter_card":"summary_large_image","twitter_image":"https:\/\/www.ladiagonale.net\/wp-content\/uploads\/2025\/07\/Ben-Seghir-cercle.png","twitter_misc":{"\u00c9crit par":"Damien Dellerba","Dur\u00e9e de lecture estim\u00e9e":"1 minute"},"schema":{"@context":"https:\/\/schema.org","@graph":[{"@type":"WebPage","@id":"https:\/\/www.ladiagonale.net\/index.php\/2025\/07\/25\/le-groupe-pour-bielefeld-sans-ben-seghir-ni-diatta-avec-mawissa-et-magassa\/","url":"https:\/\/www.ladiagonale.net\/index.php\/2025\/07\/25\/le-groupe-pour-bielefeld-sans-ben-seghir-ni-diatta-avec-mawissa-et-magassa\/","name":"Le groupe pour Bielefeld : sans Ben Seghir ni Diatta, avec Mawissa et Magassa - La Diagonale","isPartOf":{"@id":"https:\/\/www.ladiagonale.net\/#website"},"datePublished":"2025-07-25T17:56:22+00:00","dateModified":"2025-07-25T17:56:23+00:00","author":{"@id":"https:\/\/www.ladiagonale.net\/#\/schema\/person\/79ff1e7b0853ed01b2aa26e64ad300bf"},"breadcrumb":{"@id":"https:\/\/www.ladiagonale.net\/index.php\/2025\/07\/25\/le-groupe-pour-bielefeld-sans-ben-seghir-ni-diatta-avec-mawissa-et-magassa\/#breadcrumb"},"inLanguage":"fr-FR","potentialAction":[{"@type":"ReadAction","target":["https:\/\/www.ladiagonale.net\/index.php\/2025\/07\/25\/le-groupe-pour-bielefeld-sans-ben-seghir-ni-diatta-avec-mawissa-et-magassa\/"]}]},{"@type":"BreadcrumbList","@id":"https:\/\/www.ladiagonale.net\/index.php\/2025\/07\/25\/le-groupe-pour-bielefeld-sans-ben-seghir-ni-diatta-avec-mawissa-et-magassa\/#breadcrumb","itemListElement":[{"@type":"ListItem","position":1,"name":"Accueil","item":"https:\/\/www.ladiagonale.net\/"},{"@type":"ListItem","position":2,"name":"Le groupe pour Bielefeld : sans Ben Seghir ni Diatta, avec Mawissa et Magassa"}]},{"@type":"WebSite","@id":"https:\/\/www.ladiagonale.net\/#website","url":"https:\/\/www.ladiagonale.net\/","name":"La Diagonale","description":"Le site des supporters de l&#039;AS Monaco FC","potentialAction":[{"@type":"SearchAction","target":{"@type":"EntryPoint","urlTemplate":"https:\/\/www.ladiagonale.net\/?s={search_term_string}"},"query-input":"required name=search_term_string"}],"inLanguage":"fr-FR"},{"@type":"Person","@id":"https:\/\/www.ladiagonale.net\/#\/schema\/person\/79ff1e7b0853ed01b2aa26e64ad300bf","name":"Damien Dellerba","image":{"@type":"ImageObject","inLanguage":"fr-FR","@id":"https:\/\/www.ladiagonale.net\/#\/schema\/person\/image\/","url":"https:\/\/secure.gravatar.com\/avatar\/c7850e06d3ff63cdbaee88b7fc16e2f0?s=96&d=mm&r=g","contentUrl":"https:\/\/secure.gravatar.com\/avatar\/c7850e06d3ff63cdbaee88b7fc16e2f0?s=96&d=mm&r=g","caption":"Damien Dellerba"},"url":"https:\/\/www.ladiagonale.net\/index.php\/author\/damien\/"}]}},"_links":{"self":[{"href":"https:\/\/www.ladiagonale.net\/index.php\/wp-json\/wp\/v2\/posts\/32726"}],"collection":[{"href":"https:\/\/www.ladiagonale.net\/index.php\/wp-json\/wp\/v2\/posts"}],"about":[{"href":"https:\/\/www.ladiagonale.net\/index.php\/wp-json\/wp\/v2\/types\/post"}],"author":[{"embeddable":true,"href":"https:\/\/www.ladiagonale.net\/index.php\/wp-json\/wp\/v2\/users\/2"}],"replies":[{"embeddable":true,"href":"https:\/\/www.ladiagonale.net\/index.php\/wp-json\/wp\/v2\/comments?post=32726"}],"version-history":[{"count":2,"href":"https:\/\/www.ladiagonale.net\/index.php\/wp-json\/wp\/v2\/posts\/32726\/revisions"}],"predecessor-version":[{"id":32728,"href":"https:\/\/www.ladiagonale.net\/index.php\/wp-json\/wp\/v2\/posts\/32726\/revisions\/32728"}],"wp:attachment":[{"href":"https:\/\/www.ladiagonale.net\/index.php\/wp-json\/wp\/v2\/media?parent=32726"}],"wp:term":[{"taxonomy":"category","embeddable":true,"href":"https:\/\/www.ladiagonale.net\/index.php\/wp-json\/wp\/v2\/categories?post=32726"},{"taxonomy":"post_tag","embeddable":true,"href":"https:\/\/www.ladiagonale.net\/index.php\/wp-json\/wp\/v2\/tags?post=32726"}],"curies":[{"name":"wp","href":"https:\/\/api.w.org\/{rel}","templated":true}]}}