{"id":32729,"date":"2025-07-25T21:12:58","date_gmt":"2025-07-25T19:12:58","guid":{"rendered":"https:\/\/www.ladiagonale.net\/?p=32729"},"modified":"2025-07-25T21:18:41","modified_gmt":"2025-07-25T19:18:41","slug":"monaco-pret-a-ouvrir-la-porte-pour-ben-seghir","status":"publish","type":"post","link":"https:\/\/www.ladiagonale.net\/index.php\/2025\/07\/25\/monaco-pret-a-ouvrir-la-porte-pour-ben-seghir\/","title":{"rendered":"Monaco pr\u00eat \u00e0 ouvrir la porte pour Ben Seghir"},"content":{"rendered":"\n\n\n<p>Eliesse Ben Seghir n&rsquo;a pas particip\u00e9 au dernier match de pr\u00e9paration contre Nottingham Forest et ne jouera pas davantage le suivant, pr\u00e9vu ce samedi contre l&rsquo;Arminia Bielefeld. Si cette absence s&rsquo;explique par un probl\u00e8me musculaire \u00e0 un quadriceps, le milieu offensif de 20 ans semble plus que jamais sur le d\u00e9part. Thiago Scuro <a href=\"https:\/\/www.ladiagonale.net\/index.php\/2025\/07\/04\/scuro-fait-le-point-sur-les-cas-akliouche-et-ben-seghir\/\" target=\"_blank\" rel=\"noreferrer noopener\">s&rsquo;\u00e9tait montr\u00e9 inflexible<\/a> concernant l&rsquo;avenir de l&rsquo;international marocain, mais il serait d\u00e9sormais pr\u00eat \u00e0 le laisser partir, d&rsquo;apr\u00e8s <em>Nice-Matin<\/em>, contre 50 millions d&rsquo;euros.<\/p>\n\n\n\n<p>Monaco pr\u00e9f\u00e9rerait le prolonger, alors qu&rsquo;il est sous contrat jusqu&rsquo;en 2027, mais Ben Seghir ne serait <a href=\"https:\/\/www.ladiagonale.net\/index.php\/2025\/07\/17\/ben-seghir-pas-favorable-a-une-prolongation\/\" target=\"_blank\" rel=\"noreferrer noopener\">pas enthousiaste \u00e0 cette id\u00e9e<\/a> et souhaiterait toujours quitter le Rocher, o\u00f9 il s&rsquo;\u00e9tait r\u00e9v\u00e9l\u00e9 en d\u00e9cembre 2022, apr\u00e8s avoir \u00e9t\u00e9 rel\u00e9gu\u00e9 sur le banc en deuxi\u00e8me partie de saison. Son entra\u00eeneur Adi H\u00fctter, avec qui les relations sont tendues, ne ferait pas non plus le forcing <a href=\"https:\/\/www.ladiagonale.net\/index.php\/2025\/07\/19\/hutter-pas-oppose-au-depart-de-trois-joueurs-dont-ben-seghir\/\" target=\"_blank\" rel=\"noreferrer noopener\">pour le retenir<\/a>. Reste que pour l&rsquo;instant, peu de clubs se sont pour l&rsquo;instant positionn\u00e9s, m\u00eame si cela pourrait changer.<\/p>\n","protected":false},"excerpt":{"rendered":"<p>Eliesse Ben Seghir n&rsquo;a pas particip\u00e9 au dernier match de pr\u00e9paration contre Nottingham Forest et ne jouera pas davantage le suivant, pr\u00e9vu ce samedi contre l&rsquo;Arminia Bielefeld. Si cette absence s&rsquo;explique par un probl\u00e8me musculaire \u00e0 un quadriceps, le milieu offensif de 20 ans semble plus que jamais sur le d\u00e9part. Thiago Scuro s&rsquo;\u00e9tait montr\u00e9 [&#8230;]\n","protected":false},"author":2,"featured_media":0,"comment_status":"open","ping_status":"open","sticky":false,"template":"","format":"standard","meta":[],"categories":[6,1086],"tags":[86,286,111,110],"yoast_head":"<!-- This site is optimized with the Yoast SEO plugin v19.8 - https:\/\/yoast.com\/wordpress\/plugins\/seo\/ -->\n<title>Monaco pr\u00eat \u00e0 ouvrir la porte pour Ben Seghir - La Diagonale<\/title>\n<meta name=\"robots\" content=\"index, follow, max-snippet:-1, max-image-preview:large, max-video-preview:-1\" \/>\n<link rel=\"canonical\" href=\"https:\/\/www.ladiagonale.net\/index.php\/2025\/07\/25\/monaco-pret-a-ouvrir-la-porte-pour-ben-seghir\/\" \/>\n<meta property=\"og:locale\" content=\"fr_FR\" \/>\n<meta property=\"og:type\" content=\"article\" \/>\n<meta property=\"og:title\" content=\"Monaco pr\u00eat \u00e0 ouvrir la porte pour Ben Seghir - La Diagonale\" \/>\n<meta property=\"og:description\" content=\"Eliesse Ben Seghir n&rsquo;a pas particip\u00e9 au dernier match de pr\u00e9paration contre Nottingham Forest et ne jouera pas davantage le suivant, pr\u00e9vu ce samedi contre l&rsquo;Arminia Bielefeld. Si cette absence s&rsquo;explique par un probl\u00e8me musculaire \u00e0 un quadriceps, le milieu offensif de 20 ans semble plus que jamais sur le d\u00e9part. Thiago Scuro s&rsquo;\u00e9tait montr\u00e9 [...]\" \/>\n<meta property=\"og:url\" content=\"https:\/\/www.ladiagonale.net\/index.php\/2025\/07\/25\/monaco-pret-a-ouvrir-la-porte-pour-ben-seghir\/\" \/>\n<meta property=\"og:site_name\" content=\"La Diagonale\" \/>\n<meta property=\"article:published_time\" content=\"2025-07-25T19:12:58+00:00\" \/>\n<meta property=\"article:modified_time\" content=\"2025-07-25T19:18:41+00:00\" \/>\n<meta property=\"og:image\" content=\"https:\/\/www.ladiagonale.net\/wp-content\/uploads\/2025\/07\/Ben-Segir-masque.png\" \/>\n\t<meta property=\"og:image:width\" content=\"1160\" \/>\n\t<meta property=\"og:image:height\" content=\"650\" \/>\n\t<meta property=\"og:image:type\" content=\"image\/png\" \/>\n<meta name=\"author\" content=\"Damien Dellerba\" \/>\n<meta name=\"twitter:card\" content=\"summary_large_image\" \/>\n<meta name=\"twitter:image\" content=\"https:\/\/www.ladiagonale.net\/wp-content\/uploads\/2025\/07\/Ben-Segir-masque.png\" \/>\n<meta name=\"twitter:label1\" content=\"\u00c9crit par\" \/>\n\t<meta name=\"twitter:data1\" content=\"Damien Dellerba\" \/>\n\t<meta name=\"twitter:label2\" content=\"Dur\u00e9e de lecture estim\u00e9e\" \/>\n\t<meta name=\"twitter:data2\" content=\"1 minute\" \/>\n<script type=\"application\/ld+json\" class=\"yoast-schema-graph\">{\"@context\":\"https:\/\/schema.org\",\"@graph\":[{\"@type\":\"WebPage\",\"@id\":\"https:\/\/www.ladiagonale.net\/index.php\/2025\/07\/25\/monaco-pret-a-ouvrir-la-porte-pour-ben-seghir\/\",\"url\":\"https:\/\/www.ladiagonale.net\/index.php\/2025\/07\/25\/monaco-pret-a-ouvrir-la-porte-pour-ben-seghir\/\",\"name\":\"Monaco pr\u00eat \u00e0 ouvrir la porte pour Ben Seghir - La Diagonale\",\"isPartOf\":{\"@id\":\"https:\/\/www.ladiagonale.net\/#website\"},\"datePublished\":\"2025-07-25T19:12:58+00:00\",\"dateModified\":\"2025-07-25T19:18:41+00:00\",\"author\":{\"@id\":\"https:\/\/www.ladiagonale.net\/#\/schema\/person\/79ff1e7b0853ed01b2aa26e64ad300bf\"},\"breadcrumb\":{\"@id\":\"https:\/\/www.ladiagonale.net\/index.php\/2025\/07\/25\/monaco-pret-a-ouvrir-la-porte-pour-ben-seghir\/#breadcrumb\"},\"inLanguage\":\"fr-FR\",\"potentialAction\":[{\"@type\":\"ReadAction\",\"target\":[\"https:\/\/www.ladiagonale.net\/index.php\/2025\/07\/25\/monaco-pret-a-ouvrir-la-porte-pour-ben-seghir\/\"]}]},{\"@type\":\"BreadcrumbList\",\"@id\":\"https:\/\/www.ladiagonale.net\/index.php\/2025\/07\/25\/monaco-pret-a-ouvrir-la-porte-pour-ben-seghir\/#breadcrumb\",\"itemListElement\":[{\"@type\":\"ListItem\",\"position\":1,\"name\":\"Accueil\",\"item\":\"https:\/\/www.ladiagonale.net\/\"},{\"@type\":\"ListItem\",\"position\":2,\"name\":\"Monaco pr\u00eat \u00e0 ouvrir la porte pour Ben Seghir\"}]},{\"@type\":\"WebSite\",\"@id\":\"https:\/\/www.ladiagonale.net\/#website\",\"url\":\"https:\/\/www.ladiagonale.net\/\",\"name\":\"La Diagonale\",\"description\":\"Le site des supporters de l&#039;AS Monaco FC\",\"potentialAction\":[{\"@type\":\"SearchAction\",\"target\":{\"@type\":\"EntryPoint\",\"urlTemplate\":\"https:\/\/www.ladiagonale.net\/?s={search_term_string}\"},\"query-input\":\"required name=search_term_string\"}],\"inLanguage\":\"fr-FR\"},{\"@type\":\"Person\",\"@id\":\"https:\/\/www.ladiagonale.net\/#\/schema\/person\/79ff1e7b0853ed01b2aa26e64ad300bf\",\"name\":\"Damien Dellerba\",\"image\":{\"@type\":\"ImageObject\",\"inLanguage\":\"fr-FR\",\"@id\":\"https:\/\/www.ladiagonale.net\/#\/schema\/person\/image\/\",\"url\":\"https:\/\/secure.gravatar.com\/avatar\/c7850e06d3ff63cdbaee88b7fc16e2f0?s=96&d=mm&r=g\",\"contentUrl\":\"https:\/\/secure.gravatar.com\/avatar\/c7850e06d3ff63cdbaee88b7fc16e2f0?s=96&d=mm&r=g\",\"caption\":\"Damien Dellerba\"},\"url\":\"https:\/\/www.ladiagonale.net\/index.php\/author\/damien\/\"}]}<\/script>\n<!-- \/ Yoast SEO plugin. -->","yoast_head_json":{"title":"Monaco pr\u00eat \u00e0 ouvrir la porte pour Ben Seghir - La Diagonale","robots":{"index":"index","follow":"follow","max-snippet":"max-snippet:-1","max-image-preview":"max-image-preview:large","max-video-preview":"max-video-preview:-1"},"canonical":"https:\/\/www.ladiagonale.net\/index.php\/2025\/07\/25\/monaco-pret-a-ouvrir-la-porte-pour-ben-seghir\/","og_locale":"fr_FR","og_type":"article","og_title":"Monaco pr\u00eat \u00e0 ouvrir la porte pour Ben Seghir - La Diagonale","og_description":"Eliesse Ben Seghir n&rsquo;a pas particip\u00e9 au dernier match de pr\u00e9paration contre Nottingham Forest et ne jouera pas davantage le suivant, pr\u00e9vu ce samedi contre l&rsquo;Arminia Bielefeld. Si cette absence s&rsquo;explique par un probl\u00e8me musculaire \u00e0 un quadriceps, le milieu offensif de 20 ans semble plus que jamais sur le d\u00e9part. Thiago Scuro s&rsquo;\u00e9tait montr\u00e9 [...]","og_url":"https:\/\/www.ladiagonale.net\/index.php\/2025\/07\/25\/monaco-pret-a-ouvrir-la-porte-pour-ben-seghir\/","og_site_name":"La Diagonale","article_published_time":"2025-07-25T19:12:58+00:00","article_modified_time":"2025-07-25T19:18:41+00:00","og_image":[{"width":1160,"height":650,"url":"https:\/\/www.ladiagonale.net\/wp-content\/uploads\/2025\/07\/Ben-Segir-masque.png","type":"image\/png"}],"author":"Damien Dellerba","twitter_card":"summary_large_image","twitter_image":"https:\/\/www.ladiagonale.net\/wp-content\/uploads\/2025\/07\/Ben-Segir-masque.png","twitter_misc":{"\u00c9crit par":"Damien Dellerba","Dur\u00e9e de lecture estim\u00e9e":"1 minute"},"schema":{"@context":"https:\/\/schema.org","@graph":[{"@type":"WebPage","@id":"https:\/\/www.ladiagonale.net\/index.php\/2025\/07\/25\/monaco-pret-a-ouvrir-la-porte-pour-ben-seghir\/","url":"https:\/\/www.ladiagonale.net\/index.php\/2025\/07\/25\/monaco-pret-a-ouvrir-la-porte-pour-ben-seghir\/","name":"Monaco pr\u00eat \u00e0 ouvrir la porte pour Ben Seghir - La Diagonale","isPartOf":{"@id":"https:\/\/www.ladiagonale.net\/#website"},"datePublished":"2025-07-25T19:12:58+00:00","dateModified":"2025-07-25T19:18:41+00:00","author":{"@id":"https:\/\/www.ladiagonale.net\/#\/schema\/person\/79ff1e7b0853ed01b2aa26e64ad300bf"},"breadcrumb":{"@id":"https:\/\/www.ladiagonale.net\/index.php\/2025\/07\/25\/monaco-pret-a-ouvrir-la-porte-pour-ben-seghir\/#breadcrumb"},"inLanguage":"fr-FR","potentialAction":[{"@type":"ReadAction","target":["https:\/\/www.ladiagonale.net\/index.php\/2025\/07\/25\/monaco-pret-a-ouvrir-la-porte-pour-ben-seghir\/"]}]},{"@type":"BreadcrumbList","@id":"https:\/\/www.ladiagonale.net\/index.php\/2025\/07\/25\/monaco-pret-a-ouvrir-la-porte-pour-ben-seghir\/#breadcrumb","itemListElement":[{"@type":"ListItem","position":1,"name":"Accueil","item":"https:\/\/www.ladiagonale.net\/"},{"@type":"ListItem","position":2,"name":"Monaco pr\u00eat \u00e0 ouvrir la porte pour Ben Seghir"}]},{"@type":"WebSite","@id":"https:\/\/www.ladiagonale.net\/#website","url":"https:\/\/www.ladiagonale.net\/","name":"La Diagonale","description":"Le site des supporters de l&#039;AS Monaco FC","potentialAction":[{"@type":"SearchAction","target":{"@type":"EntryPoint","urlTemplate":"https:\/\/www.ladiagonale.net\/?s={search_term_string}"},"query-input":"required name=search_term_string"}],"inLanguage":"fr-FR"},{"@type":"Person","@id":"https:\/\/www.ladiagonale.net\/#\/schema\/person\/79ff1e7b0853ed01b2aa26e64ad300bf","name":"Damien Dellerba","image":{"@type":"ImageObject","inLanguage":"fr-FR","@id":"https:\/\/www.ladiagonale.net\/#\/schema\/person\/image\/","url":"https:\/\/secure.gravatar.com\/avatar\/c7850e06d3ff63cdbaee88b7fc16e2f0?s=96&d=mm&r=g","contentUrl":"https:\/\/secure.gravatar.com\/avatar\/c7850e06d3ff63cdbaee88b7fc16e2f0?s=96&d=mm&r=g","caption":"Damien Dellerba"},"url":"https:\/\/www.ladiagonale.net\/index.php\/author\/damien\/"}]}},"_links":{"self":[{"href":"https:\/\/www.ladiagonale.net\/index.php\/wp-json\/wp\/v2\/posts\/32729"}],"collection":[{"href":"https:\/\/www.ladiagonale.net\/index.php\/wp-json\/wp\/v2\/posts"}],"about":[{"href":"https:\/\/www.ladiagonale.net\/index.php\/wp-json\/wp\/v2\/types\/post"}],"author":[{"embeddable":true,"href":"https:\/\/www.ladiagonale.net\/index.php\/wp-json\/wp\/v2\/users\/2"}],"replies":[{"embeddable":true,"href":"https:\/\/www.ladiagonale.net\/index.php\/wp-json\/wp\/v2\/comments?post=32729"}],"version-history":[{"count":2,"href":"https:\/\/www.ladiagonale.net\/index.php\/wp-json\/wp\/v2\/posts\/32729\/revisions"}],"predecessor-version":[{"id":32732,"href":"https:\/\/www.ladiagonale.net\/index.php\/wp-json\/wp\/v2\/posts\/32729\/revisions\/32732"}],"wp:attachment":[{"href":"https:\/\/www.ladiagonale.net\/index.php\/wp-json\/wp\/v2\/media?parent=32729"}],"wp:term":[{"taxonomy":"category","embeddable":true,"href":"https:\/\/www.ladiagonale.net\/index.php\/wp-json\/wp\/v2\/categories?post=32729"},{"taxonomy":"post_tag","embeddable":true,"href":"https:\/\/www.ladiagonale.net\/index.php\/wp-json\/wp\/v2\/tags?post=32729"}],"curies":[{"name":"wp","href":"https:\/\/api.w.org\/{rel}","templated":true}]}}