{"id":32734,"date":"2025-07-26T19:16:27","date_gmt":"2025-07-26T17:16:27","guid":{"rendered":"https:\/\/www.ladiagonale.net\/?p=32734"},"modified":"2025-07-27T01:20:11","modified_gmt":"2025-07-26T23:20:11","slug":"monaco-dispose-de-bielefeld","status":"publish","type":"post","link":"https:\/\/www.ladiagonale.net\/index.php\/2025\/07\/26\/monaco-dispose-de-bielefeld\/","title":{"rendered":"Monaco dispose de Bielefeld"},"content":{"rendered":"\n\n\n<p>Pour la quatri\u00e8me rencontre amicale de sa pr\u00e9paration, l&rsquo;AS Monaco a nettement battu l&rsquo;Arminia Bielefeld (3-0). Mika Biereth a ouvert le score en premi\u00e8re p\u00e9riode puis Paris Brunner, auteur de son premier but en rouge et blanc, et Maghnes Akliouche, ont consolid\u00e9 le succ\u00e8s mon\u00e9gasque lors du second acte. <\/p>\n\n\n\n<p>Face \u00e0 un club promu en deuxi\u00e8me division allemande, intensit\u00e9 et \u00e2pret\u00e9 \u00e9taient de mises et ont fourni un bon test aux joueurs d&rsquo;Adi H\u00fctter. Mais aussi donn\u00e9 quelques frayeurs, avec des contacts parfois trop rudes, qui ont notamment valu \u00e0 Lucas Michal et Aladji Bamba de sortir sur blessure. Christian Mawissa et Soungoutou Magassa ont jou\u00e9 pour la premi\u00e8re fois, tout comme Vanderson.<\/p>\n\n\n\n<p>Les Mon\u00e9gasques ont conquis leur troisi\u00e8me succ\u00e8s en quatre rencontres et n&rsquo;ont toujours pas encaiss\u00e9 le moindre but lors de cette pr\u00e9paration estivale. La semaine prochaine, leur programme sera tr\u00e8s charg\u00e9 avec une double confrontation face au Torino (30 et 31 juillet) puis une autre rencontre contre l&rsquo;Ajax (3 ao\u00fbt). <\/p>\n\n\n\n<p><strong>Composition (1<sup>re<\/sup> p\u00e9riode) <\/strong>: K\u00f6hn \u2013 Teze, Singo, Kehrer (cap.), Ouattara \u2013 Minamino, Magassa, Camara, Golovin \u2013 Embolo, Biereth.<\/p>\n\n\n\n<p><strong>Composition (2<sup>nde<\/sup> p\u00e9riode) :\u00a0<\/strong>K\u00f6hn \u2013 Vanderson, Dier, Mawissa, C. Henrique \u2013 Akliouche, Bamba (Bouabr\u00e9, 88<sup>e<\/sup>), Zakaria (cap.), Michal \u2013 Brunner, Balogun.<\/p>\n","protected":false},"excerpt":{"rendered":"<p>Pour la quatri\u00e8me rencontre amicale de sa pr\u00e9paration, l&rsquo;AS Monaco a nettement battu l&rsquo;Arminia Bielefeld (3-0). Mika Biereth a ouvert le score en premi\u00e8re p\u00e9riode puis Paris Brunner, auteur de son premier but en rouge et blanc, et Maghnes Akliouche, ont consolid\u00e9 le succ\u00e8s mon\u00e9gasque lors du second acte. Face \u00e0 un club promu en [&#8230;]\n","protected":false},"author":2,"featured_media":0,"comment_status":"open","ping_status":"open","sticky":false,"template":"","format":"standard","meta":[],"categories":[6],"tags":[87,1095,86,592],"yoast_head":"<!-- This site is optimized with the Yoast SEO plugin v19.8 - https:\/\/yoast.com\/wordpress\/plugins\/seo\/ -->\n<title>Monaco dispose de Bielefeld - La Diagonale<\/title>\n<meta name=\"robots\" content=\"index, follow, max-snippet:-1, max-image-preview:large, max-video-preview:-1\" \/>\n<link rel=\"canonical\" href=\"https:\/\/www.ladiagonale.net\/index.php\/2025\/07\/26\/monaco-dispose-de-bielefeld\/\" \/>\n<meta property=\"og:locale\" content=\"fr_FR\" \/>\n<meta property=\"og:type\" content=\"article\" \/>\n<meta property=\"og:title\" content=\"Monaco dispose de Bielefeld - La Diagonale\" \/>\n<meta property=\"og:description\" content=\"Pour la quatri\u00e8me rencontre amicale de sa pr\u00e9paration, l&rsquo;AS Monaco a nettement battu l&rsquo;Arminia Bielefeld (3-0). Mika Biereth a ouvert le score en premi\u00e8re p\u00e9riode puis Paris Brunner, auteur de son premier but en rouge et blanc, et Maghnes Akliouche, ont consolid\u00e9 le succ\u00e8s mon\u00e9gasque lors du second acte. Face \u00e0 un club promu en [...]\" \/>\n<meta property=\"og:url\" content=\"https:\/\/www.ladiagonale.net\/index.php\/2025\/07\/26\/monaco-dispose-de-bielefeld\/\" \/>\n<meta property=\"og:site_name\" content=\"La Diagonale\" \/>\n<meta property=\"article:published_time\" content=\"2025-07-26T17:16:27+00:00\" \/>\n<meta property=\"article:modified_time\" content=\"2025-07-26T23:20:11+00:00\" \/>\n<meta property=\"og:image\" content=\"https:\/\/www.ladiagonale.net\/wp-content\/uploads\/2025\/07\/Balogun-Bielefeld.png\" \/>\n\t<meta property=\"og:image:width\" content=\"1160\" \/>\n\t<meta property=\"og:image:height\" content=\"650\" \/>\n\t<meta property=\"og:image:type\" content=\"image\/png\" \/>\n<meta name=\"author\" content=\"Damien Dellerba\" \/>\n<meta name=\"twitter:card\" content=\"summary_large_image\" \/>\n<meta name=\"twitter:image\" content=\"https:\/\/www.ladiagonale.net\/wp-content\/uploads\/2025\/07\/Balogun-Bielefeld.png\" \/>\n<meta name=\"twitter:label1\" content=\"\u00c9crit par\" \/>\n\t<meta name=\"twitter:data1\" content=\"Damien Dellerba\" \/>\n\t<meta name=\"twitter:label2\" content=\"Dur\u00e9e de lecture estim\u00e9e\" \/>\n\t<meta name=\"twitter:data2\" content=\"2 minutes\" \/>\n<script type=\"application\/ld+json\" class=\"yoast-schema-graph\">{\"@context\":\"https:\/\/schema.org\",\"@graph\":[{\"@type\":\"WebPage\",\"@id\":\"https:\/\/www.ladiagonale.net\/index.php\/2025\/07\/26\/monaco-dispose-de-bielefeld\/\",\"url\":\"https:\/\/www.ladiagonale.net\/index.php\/2025\/07\/26\/monaco-dispose-de-bielefeld\/\",\"name\":\"Monaco dispose de Bielefeld - La Diagonale\",\"isPartOf\":{\"@id\":\"https:\/\/www.ladiagonale.net\/#website\"},\"datePublished\":\"2025-07-26T17:16:27+00:00\",\"dateModified\":\"2025-07-26T23:20:11+00:00\",\"author\":{\"@id\":\"https:\/\/www.ladiagonale.net\/#\/schema\/person\/79ff1e7b0853ed01b2aa26e64ad300bf\"},\"breadcrumb\":{\"@id\":\"https:\/\/www.ladiagonale.net\/index.php\/2025\/07\/26\/monaco-dispose-de-bielefeld\/#breadcrumb\"},\"inLanguage\":\"fr-FR\",\"potentialAction\":[{\"@type\":\"ReadAction\",\"target\":[\"https:\/\/www.ladiagonale.net\/index.php\/2025\/07\/26\/monaco-dispose-de-bielefeld\/\"]}]},{\"@type\":\"BreadcrumbList\",\"@id\":\"https:\/\/www.ladiagonale.net\/index.php\/2025\/07\/26\/monaco-dispose-de-bielefeld\/#breadcrumb\",\"itemListElement\":[{\"@type\":\"ListItem\",\"position\":1,\"name\":\"Accueil\",\"item\":\"https:\/\/www.ladiagonale.net\/\"},{\"@type\":\"ListItem\",\"position\":2,\"name\":\"Monaco dispose de Bielefeld\"}]},{\"@type\":\"WebSite\",\"@id\":\"https:\/\/www.ladiagonale.net\/#website\",\"url\":\"https:\/\/www.ladiagonale.net\/\",\"name\":\"La Diagonale\",\"description\":\"Le site des supporters de l&#039;AS Monaco FC\",\"potentialAction\":[{\"@type\":\"SearchAction\",\"target\":{\"@type\":\"EntryPoint\",\"urlTemplate\":\"https:\/\/www.ladiagonale.net\/?s={search_term_string}\"},\"query-input\":\"required name=search_term_string\"}],\"inLanguage\":\"fr-FR\"},{\"@type\":\"Person\",\"@id\":\"https:\/\/www.ladiagonale.net\/#\/schema\/person\/79ff1e7b0853ed01b2aa26e64ad300bf\",\"name\":\"Damien Dellerba\",\"image\":{\"@type\":\"ImageObject\",\"inLanguage\":\"fr-FR\",\"@id\":\"https:\/\/www.ladiagonale.net\/#\/schema\/person\/image\/\",\"url\":\"https:\/\/secure.gravatar.com\/avatar\/c7850e06d3ff63cdbaee88b7fc16e2f0?s=96&d=mm&r=g\",\"contentUrl\":\"https:\/\/secure.gravatar.com\/avatar\/c7850e06d3ff63cdbaee88b7fc16e2f0?s=96&d=mm&r=g\",\"caption\":\"Damien Dellerba\"},\"url\":\"https:\/\/www.ladiagonale.net\/index.php\/author\/damien\/\"}]}<\/script>\n<!-- \/ Yoast SEO plugin. -->","yoast_head_json":{"title":"Monaco dispose de Bielefeld - La Diagonale","robots":{"index":"index","follow":"follow","max-snippet":"max-snippet:-1","max-image-preview":"max-image-preview:large","max-video-preview":"max-video-preview:-1"},"canonical":"https:\/\/www.ladiagonale.net\/index.php\/2025\/07\/26\/monaco-dispose-de-bielefeld\/","og_locale":"fr_FR","og_type":"article","og_title":"Monaco dispose de Bielefeld - La Diagonale","og_description":"Pour la quatri\u00e8me rencontre amicale de sa pr\u00e9paration, l&rsquo;AS Monaco a nettement battu l&rsquo;Arminia Bielefeld (3-0). Mika Biereth a ouvert le score en premi\u00e8re p\u00e9riode puis Paris Brunner, auteur de son premier but en rouge et blanc, et Maghnes Akliouche, ont consolid\u00e9 le succ\u00e8s mon\u00e9gasque lors du second acte. Face \u00e0 un club promu en [...]","og_url":"https:\/\/www.ladiagonale.net\/index.php\/2025\/07\/26\/monaco-dispose-de-bielefeld\/","og_site_name":"La Diagonale","article_published_time":"2025-07-26T17:16:27+00:00","article_modified_time":"2025-07-26T23:20:11+00:00","og_image":[{"width":1160,"height":650,"url":"https:\/\/www.ladiagonale.net\/wp-content\/uploads\/2025\/07\/Balogun-Bielefeld.png","type":"image\/png"}],"author":"Damien Dellerba","twitter_card":"summary_large_image","twitter_image":"https:\/\/www.ladiagonale.net\/wp-content\/uploads\/2025\/07\/Balogun-Bielefeld.png","twitter_misc":{"\u00c9crit par":"Damien Dellerba","Dur\u00e9e de lecture estim\u00e9e":"2 minutes"},"schema":{"@context":"https:\/\/schema.org","@graph":[{"@type":"WebPage","@id":"https:\/\/www.ladiagonale.net\/index.php\/2025\/07\/26\/monaco-dispose-de-bielefeld\/","url":"https:\/\/www.ladiagonale.net\/index.php\/2025\/07\/26\/monaco-dispose-de-bielefeld\/","name":"Monaco dispose de Bielefeld - La Diagonale","isPartOf":{"@id":"https:\/\/www.ladiagonale.net\/#website"},"datePublished":"2025-07-26T17:16:27+00:00","dateModified":"2025-07-26T23:20:11+00:00","author":{"@id":"https:\/\/www.ladiagonale.net\/#\/schema\/person\/79ff1e7b0853ed01b2aa26e64ad300bf"},"breadcrumb":{"@id":"https:\/\/www.ladiagonale.net\/index.php\/2025\/07\/26\/monaco-dispose-de-bielefeld\/#breadcrumb"},"inLanguage":"fr-FR","potentialAction":[{"@type":"ReadAction","target":["https:\/\/www.ladiagonale.net\/index.php\/2025\/07\/26\/monaco-dispose-de-bielefeld\/"]}]},{"@type":"BreadcrumbList","@id":"https:\/\/www.ladiagonale.net\/index.php\/2025\/07\/26\/monaco-dispose-de-bielefeld\/#breadcrumb","itemListElement":[{"@type":"ListItem","position":1,"name":"Accueil","item":"https:\/\/www.ladiagonale.net\/"},{"@type":"ListItem","position":2,"name":"Monaco dispose de Bielefeld"}]},{"@type":"WebSite","@id":"https:\/\/www.ladiagonale.net\/#website","url":"https:\/\/www.ladiagonale.net\/","name":"La Diagonale","description":"Le site des supporters de l&#039;AS Monaco FC","potentialAction":[{"@type":"SearchAction","target":{"@type":"EntryPoint","urlTemplate":"https:\/\/www.ladiagonale.net\/?s={search_term_string}"},"query-input":"required name=search_term_string"}],"inLanguage":"fr-FR"},{"@type":"Person","@id":"https:\/\/www.ladiagonale.net\/#\/schema\/person\/79ff1e7b0853ed01b2aa26e64ad300bf","name":"Damien Dellerba","image":{"@type":"ImageObject","inLanguage":"fr-FR","@id":"https:\/\/www.ladiagonale.net\/#\/schema\/person\/image\/","url":"https:\/\/secure.gravatar.com\/avatar\/c7850e06d3ff63cdbaee88b7fc16e2f0?s=96&d=mm&r=g","contentUrl":"https:\/\/secure.gravatar.com\/avatar\/c7850e06d3ff63cdbaee88b7fc16e2f0?s=96&d=mm&r=g","caption":"Damien Dellerba"},"url":"https:\/\/www.ladiagonale.net\/index.php\/author\/damien\/"}]}},"_links":{"self":[{"href":"https:\/\/www.ladiagonale.net\/index.php\/wp-json\/wp\/v2\/posts\/32734"}],"collection":[{"href":"https:\/\/www.ladiagonale.net\/index.php\/wp-json\/wp\/v2\/posts"}],"about":[{"href":"https:\/\/www.ladiagonale.net\/index.php\/wp-json\/wp\/v2\/types\/post"}],"author":[{"embeddable":true,"href":"https:\/\/www.ladiagonale.net\/index.php\/wp-json\/wp\/v2\/users\/2"}],"replies":[{"embeddable":true,"href":"https:\/\/www.ladiagonale.net\/index.php\/wp-json\/wp\/v2\/comments?post=32734"}],"version-history":[{"count":2,"href":"https:\/\/www.ladiagonale.net\/index.php\/wp-json\/wp\/v2\/posts\/32734\/revisions"}],"predecessor-version":[{"id":32743,"href":"https:\/\/www.ladiagonale.net\/index.php\/wp-json\/wp\/v2\/posts\/32734\/revisions\/32743"}],"wp:attachment":[{"href":"https:\/\/www.ladiagonale.net\/index.php\/wp-json\/wp\/v2\/media?parent=32734"}],"wp:term":[{"taxonomy":"category","embeddable":true,"href":"https:\/\/www.ladiagonale.net\/index.php\/wp-json\/wp\/v2\/categories?post=32734"},{"taxonomy":"post_tag","embeddable":true,"href":"https:\/\/www.ladiagonale.net\/index.php\/wp-json\/wp\/v2\/tags?post=32734"}],"curies":[{"name":"wp","href":"https:\/\/api.w.org\/{rel}","templated":true}]}}