{"id":32737,"date":"2025-07-27T00:35:12","date_gmt":"2025-07-26T22:35:12","guid":{"rendered":"https:\/\/www.ladiagonale.net\/?p=32737"},"modified":"2025-07-27T00:35:13","modified_gmt":"2025-07-26T22:35:13","slug":"des-nouvelles-rassurantes-pour-bamba-et-michal","status":"publish","type":"post","link":"https:\/\/www.ladiagonale.net\/index.php\/2025\/07\/27\/des-nouvelles-rassurantes-pour-bamba-et-michal\/","title":{"rendered":"Des nouvelles rassurantes pour Bamba et Michal"},"content":{"rendered":"\n\n\n<p>La rencontre face \u00e0 l\u2019Arminia Bielefeld a \u00e9tonn\u00e9 par l\u2019agressivit\u00e9 et l\u2019engagement qui s\u2019en sont d\u00e9gag\u00e9s et a parfois pu ressembler \u00e0 une boucherie. Cela a fait quelques d\u00e9g\u00e2ts dans les rangs mon\u00e9gasques, qui ont d\u00e9plor\u00e9 trois joueurs touch\u00e9s lors de cette rencontre. Comme l\u2019a indiqu\u00e9 Adi H\u00fctter, Aladji Bamba a \u00e9t\u00e9 contraint de suivre le protocole commotion apr\u00e8s un duel a\u00e9rien et un choc t\u00eate contre t\u00eate intervenu en fin de match. Selon <em>Nice-Matin<\/em>, le milieu de terrain de 19 ans n\u2019aurait qu\u2019une contusion, mais il sera observ\u00e9 et soumis \u00e0 de nouveau examens.<\/p>\n\n\n\n<p>Lucas Michal est celui qui a le plus inqui\u00e9t\u00e9, touch\u00e9 \u00e0 un genou apr\u00e8s avoir \u00e9t\u00e9 happ\u00e9 par une jambe adverse. La r\u00e9action de certains de ses co\u00e9quipiers sur le moment \u00e0 pu laisser craindre le pire, une rupture d\u2019un ligament, mais H\u00fctter n\u2019a pas sembl\u00e9 trop inquiet, m\u00eame s\u2019il attendait encore le diagnostic final du staff m\u00e9dical. Lui aussi devrait passer d\u2019autre examens mais <em>Nice-Matin<\/em> a indiqu\u00e9 qu\u2019il n\u2019agirait pas de quelque chose de grave et \u00e9voque simplement un \u00ab\u00a0<em>choc<\/em>\u00a0\u00bb.<\/p>\n\n\n\n<p>Jordan Teze est lui aussi reparti d\u2019Allemagne avec quelques ennuis de sant\u00e9. Selon son entra\u00eeneur, il a ressenti une g\u00eane au niveau des adducteurs. Il a jou\u00e9 la premi\u00e8re p\u00e9riode et a \u00e9t\u00e9 remplac\u00e9 par Vanderson \u00e0 la pause.<\/p>\n","protected":false},"excerpt":{"rendered":"<p>La rencontre face \u00e0 l\u2019Arminia Bielefeld a \u00e9tonn\u00e9 par l\u2019agressivit\u00e9 et l\u2019engagement qui s\u2019en sont d\u00e9gag\u00e9s et a parfois pu ressembler \u00e0 une boucherie. Cela a fait quelques d\u00e9g\u00e2ts dans les rangs mon\u00e9gasques, qui ont d\u00e9plor\u00e9 trois joueurs touch\u00e9s lors de cette rencontre. Comme l\u2019a indiqu\u00e9 Adi H\u00fctter, Aladji Bamba a \u00e9t\u00e9 contraint de suivre [&#8230;]\n","protected":false},"author":2,"featured_media":0,"comment_status":"open","ping_status":"open","sticky":false,"template":"","format":"standard","meta":[],"categories":[6,1035],"tags":[688,87,1095,86,196,897,543,592],"yoast_head":"<!-- This site is optimized with the Yoast SEO plugin v19.8 - https:\/\/yoast.com\/wordpress\/plugins\/seo\/ -->\n<title>Des nouvelles rassurantes pour Bamba et Michal - La Diagonale<\/title>\n<meta name=\"robots\" content=\"index, follow, max-snippet:-1, max-image-preview:large, max-video-preview:-1\" \/>\n<link rel=\"canonical\" href=\"https:\/\/www.ladiagonale.net\/index.php\/2025\/07\/27\/des-nouvelles-rassurantes-pour-bamba-et-michal\/\" \/>\n<meta property=\"og:locale\" content=\"fr_FR\" \/>\n<meta property=\"og:type\" content=\"article\" \/>\n<meta property=\"og:title\" content=\"Des nouvelles rassurantes pour Bamba et Michal - La Diagonale\" \/>\n<meta property=\"og:description\" content=\"La rencontre face \u00e0 l\u2019Arminia Bielefeld a \u00e9tonn\u00e9 par l\u2019agressivit\u00e9 et l\u2019engagement qui s\u2019en sont d\u00e9gag\u00e9s et a parfois pu ressembler \u00e0 une boucherie. Cela a fait quelques d\u00e9g\u00e2ts dans les rangs mon\u00e9gasques, qui ont d\u00e9plor\u00e9 trois joueurs touch\u00e9s lors de cette rencontre. Comme l\u2019a indiqu\u00e9 Adi H\u00fctter, Aladji Bamba a \u00e9t\u00e9 contraint de suivre [...]\" \/>\n<meta property=\"og:url\" content=\"https:\/\/www.ladiagonale.net\/index.php\/2025\/07\/27\/des-nouvelles-rassurantes-pour-bamba-et-michal\/\" \/>\n<meta property=\"og:site_name\" content=\"La Diagonale\" \/>\n<meta property=\"article:published_time\" content=\"2025-07-26T22:35:12+00:00\" \/>\n<meta property=\"article:modified_time\" content=\"2025-07-26T22:35:13+00:00\" \/>\n<meta property=\"og:image\" content=\"https:\/\/www.ladiagonale.net\/wp-content\/uploads\/2025\/04\/abamba.png\" \/>\n\t<meta property=\"og:image:width\" content=\"1160\" \/>\n\t<meta property=\"og:image:height\" content=\"650\" \/>\n\t<meta property=\"og:image:type\" content=\"image\/png\" \/>\n<meta name=\"author\" content=\"Damien Dellerba\" \/>\n<meta name=\"twitter:card\" content=\"summary_large_image\" \/>\n<meta name=\"twitter:image\" content=\"https:\/\/www.ladiagonale.net\/wp-content\/uploads\/2025\/04\/abamba.png\" \/>\n<meta name=\"twitter:label1\" content=\"\u00c9crit par\" \/>\n\t<meta name=\"twitter:data1\" content=\"Damien Dellerba\" \/>\n\t<meta name=\"twitter:label2\" content=\"Dur\u00e9e de lecture estim\u00e9e\" \/>\n\t<meta name=\"twitter:data2\" content=\"2 minutes\" \/>\n<script type=\"application\/ld+json\" class=\"yoast-schema-graph\">{\"@context\":\"https:\/\/schema.org\",\"@graph\":[{\"@type\":\"WebPage\",\"@id\":\"https:\/\/www.ladiagonale.net\/index.php\/2025\/07\/27\/des-nouvelles-rassurantes-pour-bamba-et-michal\/\",\"url\":\"https:\/\/www.ladiagonale.net\/index.php\/2025\/07\/27\/des-nouvelles-rassurantes-pour-bamba-et-michal\/\",\"name\":\"Des nouvelles rassurantes pour Bamba et Michal - La Diagonale\",\"isPartOf\":{\"@id\":\"https:\/\/www.ladiagonale.net\/#website\"},\"datePublished\":\"2025-07-26T22:35:12+00:00\",\"dateModified\":\"2025-07-26T22:35:13+00:00\",\"author\":{\"@id\":\"https:\/\/www.ladiagonale.net\/#\/schema\/person\/79ff1e7b0853ed01b2aa26e64ad300bf\"},\"breadcrumb\":{\"@id\":\"https:\/\/www.ladiagonale.net\/index.php\/2025\/07\/27\/des-nouvelles-rassurantes-pour-bamba-et-michal\/#breadcrumb\"},\"inLanguage\":\"fr-FR\",\"potentialAction\":[{\"@type\":\"ReadAction\",\"target\":[\"https:\/\/www.ladiagonale.net\/index.php\/2025\/07\/27\/des-nouvelles-rassurantes-pour-bamba-et-michal\/\"]}]},{\"@type\":\"BreadcrumbList\",\"@id\":\"https:\/\/www.ladiagonale.net\/index.php\/2025\/07\/27\/des-nouvelles-rassurantes-pour-bamba-et-michal\/#breadcrumb\",\"itemListElement\":[{\"@type\":\"ListItem\",\"position\":1,\"name\":\"Accueil\",\"item\":\"https:\/\/www.ladiagonale.net\/\"},{\"@type\":\"ListItem\",\"position\":2,\"name\":\"Des nouvelles rassurantes pour Bamba et Michal\"}]},{\"@type\":\"WebSite\",\"@id\":\"https:\/\/www.ladiagonale.net\/#website\",\"url\":\"https:\/\/www.ladiagonale.net\/\",\"name\":\"La Diagonale\",\"description\":\"Le site des supporters de l&#039;AS Monaco FC\",\"potentialAction\":[{\"@type\":\"SearchAction\",\"target\":{\"@type\":\"EntryPoint\",\"urlTemplate\":\"https:\/\/www.ladiagonale.net\/?s={search_term_string}\"},\"query-input\":\"required name=search_term_string\"}],\"inLanguage\":\"fr-FR\"},{\"@type\":\"Person\",\"@id\":\"https:\/\/www.ladiagonale.net\/#\/schema\/person\/79ff1e7b0853ed01b2aa26e64ad300bf\",\"name\":\"Damien Dellerba\",\"image\":{\"@type\":\"ImageObject\",\"inLanguage\":\"fr-FR\",\"@id\":\"https:\/\/www.ladiagonale.net\/#\/schema\/person\/image\/\",\"url\":\"https:\/\/secure.gravatar.com\/avatar\/c7850e06d3ff63cdbaee88b7fc16e2f0?s=96&d=mm&r=g\",\"contentUrl\":\"https:\/\/secure.gravatar.com\/avatar\/c7850e06d3ff63cdbaee88b7fc16e2f0?s=96&d=mm&r=g\",\"caption\":\"Damien Dellerba\"},\"url\":\"https:\/\/www.ladiagonale.net\/index.php\/author\/damien\/\"}]}<\/script>\n<!-- \/ Yoast SEO plugin. -->","yoast_head_json":{"title":"Des nouvelles rassurantes pour Bamba et Michal - La Diagonale","robots":{"index":"index","follow":"follow","max-snippet":"max-snippet:-1","max-image-preview":"max-image-preview:large","max-video-preview":"max-video-preview:-1"},"canonical":"https:\/\/www.ladiagonale.net\/index.php\/2025\/07\/27\/des-nouvelles-rassurantes-pour-bamba-et-michal\/","og_locale":"fr_FR","og_type":"article","og_title":"Des nouvelles rassurantes pour Bamba et Michal - La Diagonale","og_description":"La rencontre face \u00e0 l\u2019Arminia Bielefeld a \u00e9tonn\u00e9 par l\u2019agressivit\u00e9 et l\u2019engagement qui s\u2019en sont d\u00e9gag\u00e9s et a parfois pu ressembler \u00e0 une boucherie. Cela a fait quelques d\u00e9g\u00e2ts dans les rangs mon\u00e9gasques, qui ont d\u00e9plor\u00e9 trois joueurs touch\u00e9s lors de cette rencontre. Comme l\u2019a indiqu\u00e9 Adi H\u00fctter, Aladji Bamba a \u00e9t\u00e9 contraint de suivre [...]","og_url":"https:\/\/www.ladiagonale.net\/index.php\/2025\/07\/27\/des-nouvelles-rassurantes-pour-bamba-et-michal\/","og_site_name":"La Diagonale","article_published_time":"2025-07-26T22:35:12+00:00","article_modified_time":"2025-07-26T22:35:13+00:00","og_image":[{"width":1160,"height":650,"url":"https:\/\/www.ladiagonale.net\/wp-content\/uploads\/2025\/04\/abamba.png","type":"image\/png"}],"author":"Damien Dellerba","twitter_card":"summary_large_image","twitter_image":"https:\/\/www.ladiagonale.net\/wp-content\/uploads\/2025\/04\/abamba.png","twitter_misc":{"\u00c9crit par":"Damien Dellerba","Dur\u00e9e de lecture estim\u00e9e":"2 minutes"},"schema":{"@context":"https:\/\/schema.org","@graph":[{"@type":"WebPage","@id":"https:\/\/www.ladiagonale.net\/index.php\/2025\/07\/27\/des-nouvelles-rassurantes-pour-bamba-et-michal\/","url":"https:\/\/www.ladiagonale.net\/index.php\/2025\/07\/27\/des-nouvelles-rassurantes-pour-bamba-et-michal\/","name":"Des nouvelles rassurantes pour Bamba et Michal - La Diagonale","isPartOf":{"@id":"https:\/\/www.ladiagonale.net\/#website"},"datePublished":"2025-07-26T22:35:12+00:00","dateModified":"2025-07-26T22:35:13+00:00","author":{"@id":"https:\/\/www.ladiagonale.net\/#\/schema\/person\/79ff1e7b0853ed01b2aa26e64ad300bf"},"breadcrumb":{"@id":"https:\/\/www.ladiagonale.net\/index.php\/2025\/07\/27\/des-nouvelles-rassurantes-pour-bamba-et-michal\/#breadcrumb"},"inLanguage":"fr-FR","potentialAction":[{"@type":"ReadAction","target":["https:\/\/www.ladiagonale.net\/index.php\/2025\/07\/27\/des-nouvelles-rassurantes-pour-bamba-et-michal\/"]}]},{"@type":"BreadcrumbList","@id":"https:\/\/www.ladiagonale.net\/index.php\/2025\/07\/27\/des-nouvelles-rassurantes-pour-bamba-et-michal\/#breadcrumb","itemListElement":[{"@type":"ListItem","position":1,"name":"Accueil","item":"https:\/\/www.ladiagonale.net\/"},{"@type":"ListItem","position":2,"name":"Des nouvelles rassurantes pour Bamba et Michal"}]},{"@type":"WebSite","@id":"https:\/\/www.ladiagonale.net\/#website","url":"https:\/\/www.ladiagonale.net\/","name":"La Diagonale","description":"Le site des supporters de l&#039;AS Monaco FC","potentialAction":[{"@type":"SearchAction","target":{"@type":"EntryPoint","urlTemplate":"https:\/\/www.ladiagonale.net\/?s={search_term_string}"},"query-input":"required name=search_term_string"}],"inLanguage":"fr-FR"},{"@type":"Person","@id":"https:\/\/www.ladiagonale.net\/#\/schema\/person\/79ff1e7b0853ed01b2aa26e64ad300bf","name":"Damien Dellerba","image":{"@type":"ImageObject","inLanguage":"fr-FR","@id":"https:\/\/www.ladiagonale.net\/#\/schema\/person\/image\/","url":"https:\/\/secure.gravatar.com\/avatar\/c7850e06d3ff63cdbaee88b7fc16e2f0?s=96&d=mm&r=g","contentUrl":"https:\/\/secure.gravatar.com\/avatar\/c7850e06d3ff63cdbaee88b7fc16e2f0?s=96&d=mm&r=g","caption":"Damien Dellerba"},"url":"https:\/\/www.ladiagonale.net\/index.php\/author\/damien\/"}]}},"_links":{"self":[{"href":"https:\/\/www.ladiagonale.net\/index.php\/wp-json\/wp\/v2\/posts\/32737"}],"collection":[{"href":"https:\/\/www.ladiagonale.net\/index.php\/wp-json\/wp\/v2\/posts"}],"about":[{"href":"https:\/\/www.ladiagonale.net\/index.php\/wp-json\/wp\/v2\/types\/post"}],"author":[{"embeddable":true,"href":"https:\/\/www.ladiagonale.net\/index.php\/wp-json\/wp\/v2\/users\/2"}],"replies":[{"embeddable":true,"href":"https:\/\/www.ladiagonale.net\/index.php\/wp-json\/wp\/v2\/comments?post=32737"}],"version-history":[{"count":1,"href":"https:\/\/www.ladiagonale.net\/index.php\/wp-json\/wp\/v2\/posts\/32737\/revisions"}],"predecessor-version":[{"id":32738,"href":"https:\/\/www.ladiagonale.net\/index.php\/wp-json\/wp\/v2\/posts\/32737\/revisions\/32738"}],"wp:attachment":[{"href":"https:\/\/www.ladiagonale.net\/index.php\/wp-json\/wp\/v2\/media?parent=32737"}],"wp:term":[{"taxonomy":"category","embeddable":true,"href":"https:\/\/www.ladiagonale.net\/index.php\/wp-json\/wp\/v2\/categories?post=32737"},{"taxonomy":"post_tag","embeddable":true,"href":"https:\/\/www.ladiagonale.net\/index.php\/wp-json\/wp\/v2\/tags?post=32737"}],"curies":[{"name":"wp","href":"https:\/\/api.w.org\/{rel}","templated":true}]}}