{"id":32739,"date":"2025-07-27T00:44:37","date_gmt":"2025-07-26T22:44:37","guid":{"rendered":"https:\/\/www.ladiagonale.net\/?p=32739"},"modified":"2025-07-27T00:44:38","modified_gmt":"2025-07-26T22:44:38","slug":"hutter-tres-critique-de-la-premiere-periode-contre-bielefeld","status":"publish","type":"post","link":"https:\/\/www.ladiagonale.net\/index.php\/2025\/07\/27\/hutter-tres-critique-de-la-premiere-periode-contre-bielefeld\/","title":{"rendered":"H\u00fctter tr\u00e8s critique de la premi\u00e8re p\u00e9riode contre Bielefeld"},"content":{"rendered":"\n\n\n<p>Samedi, l\u2019AS Monaco a battu l\u2019Arminia Bielefeld en match amical. La performance, en particulier celle de la premi\u00e8re p\u00e9riode, a fortement d\u00e9plu \u00e0 son entra\u00eeneur Adi H\u00fctter : \u00ab\u2005<em>Je ne peux pas accepter une telle performance en premi\u00e8re p\u00e9riode et je l\u2019ai dit aux joueurs. La seconde \u00e9tait beaucoup bien meilleure, m\u00eame si j\u2019en attends plus. On est au milieu de la pr\u00e9saison, cela peut arriver parfois. C\u2019est un nouveau clean sheet, f\u00e9licitations aux joueurs qui ont marqu\u00e9, mais on n\u2019en a pas fait assez en premi\u00e8re p\u00e9riode.\u00a0<\/em>\u00bb<\/p>\n\n\n\n<p>L&rsquo;Autrichien s&rsquo;est ensuite projet\u00e9 sur les prochaines semaines et les derni\u00e8res rencontre de la pr\u00e9paration, avant la reprise mi-ao\u00fbt : \u00ab\u00a0<em>C&rsquo;est une grosse semaine qui nous attend avec deux tr\u00e8s bons adversaires (le Torino et l&rsquo;Ajax). Tout le monde aura la possibilit\u00e9 de se montrer pendant 90 minutes mercredi et jeudi, contre le Torino. Nous aurons ensuite un beau d\u00e9fi \u00e0 la maison face \u00e0 l&rsquo;Inter Milan.<\/em>\u00a0\u00bb<\/p>\n","protected":false},"excerpt":{"rendered":"<p>Samedi, l\u2019AS Monaco a battu l\u2019Arminia Bielefeld en match amical. La performance, en particulier celle de la premi\u00e8re p\u00e9riode, a fortement d\u00e9plu \u00e0 son entra\u00eeneur Adi H\u00fctter : \u00ab\u2005Je ne peux pas accepter une telle performance en premi\u00e8re p\u00e9riode et je l\u2019ai dit aux joueurs. La seconde \u00e9tait beaucoup bien meilleure, m\u00eame si j\u2019en attends [&#8230;]\n","protected":false},"author":2,"featured_media":0,"comment_status":"open","ping_status":"open","sticky":false,"template":"","format":"standard","meta":[],"categories":[6],"tags":[576,87,1095,86,592],"yoast_head":"<!-- This site is optimized with the Yoast SEO plugin v19.8 - https:\/\/yoast.com\/wordpress\/plugins\/seo\/ -->\n<title>H\u00fctter tr\u00e8s critique de la premi\u00e8re p\u00e9riode contre Bielefeld - La Diagonale<\/title>\n<meta name=\"robots\" content=\"index, follow, max-snippet:-1, max-image-preview:large, max-video-preview:-1\" \/>\n<link rel=\"canonical\" href=\"https:\/\/www.ladiagonale.net\/index.php\/2025\/07\/27\/hutter-tres-critique-de-la-premiere-periode-contre-bielefeld\/\" \/>\n<meta property=\"og:locale\" content=\"fr_FR\" \/>\n<meta property=\"og:type\" content=\"article\" \/>\n<meta property=\"og:title\" content=\"H\u00fctter tr\u00e8s critique de la premi\u00e8re p\u00e9riode contre Bielefeld - La Diagonale\" \/>\n<meta property=\"og:description\" content=\"Samedi, l\u2019AS Monaco a battu l\u2019Arminia Bielefeld en match amical. La performance, en particulier celle de la premi\u00e8re p\u00e9riode, a fortement d\u00e9plu \u00e0 son entra\u00eeneur Adi H\u00fctter : \u00ab\u2005Je ne peux pas accepter une telle performance en premi\u00e8re p\u00e9riode et je l\u2019ai dit aux joueurs. La seconde \u00e9tait beaucoup bien meilleure, m\u00eame si j\u2019en attends [...]\" \/>\n<meta property=\"og:url\" content=\"https:\/\/www.ladiagonale.net\/index.php\/2025\/07\/27\/hutter-tres-critique-de-la-premiere-periode-contre-bielefeld\/\" \/>\n<meta property=\"og:site_name\" content=\"La Diagonale\" \/>\n<meta property=\"article:published_time\" content=\"2025-07-26T22:44:37+00:00\" \/>\n<meta property=\"article:modified_time\" content=\"2025-07-26T22:44:38+00:00\" \/>\n<meta property=\"og:image\" content=\"https:\/\/www.ladiagonale.net\/wp-content\/uploads\/2025\/07\/hutter25.png\" \/>\n\t<meta property=\"og:image:width\" content=\"1160\" \/>\n\t<meta property=\"og:image:height\" content=\"650\" \/>\n\t<meta property=\"og:image:type\" content=\"image\/png\" \/>\n<meta name=\"author\" content=\"Damien Dellerba\" \/>\n<meta name=\"twitter:card\" content=\"summary_large_image\" \/>\n<meta name=\"twitter:image\" content=\"https:\/\/www.ladiagonale.net\/wp-content\/uploads\/2025\/07\/hutter25.png\" \/>\n<meta name=\"twitter:label1\" content=\"\u00c9crit par\" \/>\n\t<meta name=\"twitter:data1\" content=\"Damien Dellerba\" \/>\n\t<meta name=\"twitter:label2\" content=\"Dur\u00e9e de lecture estim\u00e9e\" \/>\n\t<meta name=\"twitter:data2\" content=\"1 minute\" \/>\n<script type=\"application\/ld+json\" class=\"yoast-schema-graph\">{\"@context\":\"https:\/\/schema.org\",\"@graph\":[{\"@type\":\"WebPage\",\"@id\":\"https:\/\/www.ladiagonale.net\/index.php\/2025\/07\/27\/hutter-tres-critique-de-la-premiere-periode-contre-bielefeld\/\",\"url\":\"https:\/\/www.ladiagonale.net\/index.php\/2025\/07\/27\/hutter-tres-critique-de-la-premiere-periode-contre-bielefeld\/\",\"name\":\"H\u00fctter tr\u00e8s critique de la premi\u00e8re p\u00e9riode contre Bielefeld - La Diagonale\",\"isPartOf\":{\"@id\":\"https:\/\/www.ladiagonale.net\/#website\"},\"datePublished\":\"2025-07-26T22:44:37+00:00\",\"dateModified\":\"2025-07-26T22:44:38+00:00\",\"author\":{\"@id\":\"https:\/\/www.ladiagonale.net\/#\/schema\/person\/79ff1e7b0853ed01b2aa26e64ad300bf\"},\"breadcrumb\":{\"@id\":\"https:\/\/www.ladiagonale.net\/index.php\/2025\/07\/27\/hutter-tres-critique-de-la-premiere-periode-contre-bielefeld\/#breadcrumb\"},\"inLanguage\":\"fr-FR\",\"potentialAction\":[{\"@type\":\"ReadAction\",\"target\":[\"https:\/\/www.ladiagonale.net\/index.php\/2025\/07\/27\/hutter-tres-critique-de-la-premiere-periode-contre-bielefeld\/\"]}]},{\"@type\":\"BreadcrumbList\",\"@id\":\"https:\/\/www.ladiagonale.net\/index.php\/2025\/07\/27\/hutter-tres-critique-de-la-premiere-periode-contre-bielefeld\/#breadcrumb\",\"itemListElement\":[{\"@type\":\"ListItem\",\"position\":1,\"name\":\"Accueil\",\"item\":\"https:\/\/www.ladiagonale.net\/\"},{\"@type\":\"ListItem\",\"position\":2,\"name\":\"H\u00fctter tr\u00e8s critique de la premi\u00e8re p\u00e9riode contre Bielefeld\"}]},{\"@type\":\"WebSite\",\"@id\":\"https:\/\/www.ladiagonale.net\/#website\",\"url\":\"https:\/\/www.ladiagonale.net\/\",\"name\":\"La Diagonale\",\"description\":\"Le site des supporters de l&#039;AS Monaco FC\",\"potentialAction\":[{\"@type\":\"SearchAction\",\"target\":{\"@type\":\"EntryPoint\",\"urlTemplate\":\"https:\/\/www.ladiagonale.net\/?s={search_term_string}\"},\"query-input\":\"required name=search_term_string\"}],\"inLanguage\":\"fr-FR\"},{\"@type\":\"Person\",\"@id\":\"https:\/\/www.ladiagonale.net\/#\/schema\/person\/79ff1e7b0853ed01b2aa26e64ad300bf\",\"name\":\"Damien Dellerba\",\"image\":{\"@type\":\"ImageObject\",\"inLanguage\":\"fr-FR\",\"@id\":\"https:\/\/www.ladiagonale.net\/#\/schema\/person\/image\/\",\"url\":\"https:\/\/secure.gravatar.com\/avatar\/c7850e06d3ff63cdbaee88b7fc16e2f0?s=96&d=mm&r=g\",\"contentUrl\":\"https:\/\/secure.gravatar.com\/avatar\/c7850e06d3ff63cdbaee88b7fc16e2f0?s=96&d=mm&r=g\",\"caption\":\"Damien Dellerba\"},\"url\":\"https:\/\/www.ladiagonale.net\/index.php\/author\/damien\/\"}]}<\/script>\n<!-- \/ Yoast SEO plugin. -->","yoast_head_json":{"title":"H\u00fctter tr\u00e8s critique de la premi\u00e8re p\u00e9riode contre Bielefeld - La Diagonale","robots":{"index":"index","follow":"follow","max-snippet":"max-snippet:-1","max-image-preview":"max-image-preview:large","max-video-preview":"max-video-preview:-1"},"canonical":"https:\/\/www.ladiagonale.net\/index.php\/2025\/07\/27\/hutter-tres-critique-de-la-premiere-periode-contre-bielefeld\/","og_locale":"fr_FR","og_type":"article","og_title":"H\u00fctter tr\u00e8s critique de la premi\u00e8re p\u00e9riode contre Bielefeld - La Diagonale","og_description":"Samedi, l\u2019AS Monaco a battu l\u2019Arminia Bielefeld en match amical. La performance, en particulier celle de la premi\u00e8re p\u00e9riode, a fortement d\u00e9plu \u00e0 son entra\u00eeneur Adi H\u00fctter : \u00ab\u2005Je ne peux pas accepter une telle performance en premi\u00e8re p\u00e9riode et je l\u2019ai dit aux joueurs. La seconde \u00e9tait beaucoup bien meilleure, m\u00eame si j\u2019en attends [...]","og_url":"https:\/\/www.ladiagonale.net\/index.php\/2025\/07\/27\/hutter-tres-critique-de-la-premiere-periode-contre-bielefeld\/","og_site_name":"La Diagonale","article_published_time":"2025-07-26T22:44:37+00:00","article_modified_time":"2025-07-26T22:44:38+00:00","og_image":[{"width":1160,"height":650,"url":"https:\/\/www.ladiagonale.net\/wp-content\/uploads\/2025\/07\/hutter25.png","type":"image\/png"}],"author":"Damien Dellerba","twitter_card":"summary_large_image","twitter_image":"https:\/\/www.ladiagonale.net\/wp-content\/uploads\/2025\/07\/hutter25.png","twitter_misc":{"\u00c9crit par":"Damien Dellerba","Dur\u00e9e de lecture estim\u00e9e":"1 minute"},"schema":{"@context":"https:\/\/schema.org","@graph":[{"@type":"WebPage","@id":"https:\/\/www.ladiagonale.net\/index.php\/2025\/07\/27\/hutter-tres-critique-de-la-premiere-periode-contre-bielefeld\/","url":"https:\/\/www.ladiagonale.net\/index.php\/2025\/07\/27\/hutter-tres-critique-de-la-premiere-periode-contre-bielefeld\/","name":"H\u00fctter tr\u00e8s critique de la premi\u00e8re p\u00e9riode contre Bielefeld - La Diagonale","isPartOf":{"@id":"https:\/\/www.ladiagonale.net\/#website"},"datePublished":"2025-07-26T22:44:37+00:00","dateModified":"2025-07-26T22:44:38+00:00","author":{"@id":"https:\/\/www.ladiagonale.net\/#\/schema\/person\/79ff1e7b0853ed01b2aa26e64ad300bf"},"breadcrumb":{"@id":"https:\/\/www.ladiagonale.net\/index.php\/2025\/07\/27\/hutter-tres-critique-de-la-premiere-periode-contre-bielefeld\/#breadcrumb"},"inLanguage":"fr-FR","potentialAction":[{"@type":"ReadAction","target":["https:\/\/www.ladiagonale.net\/index.php\/2025\/07\/27\/hutter-tres-critique-de-la-premiere-periode-contre-bielefeld\/"]}]},{"@type":"BreadcrumbList","@id":"https:\/\/www.ladiagonale.net\/index.php\/2025\/07\/27\/hutter-tres-critique-de-la-premiere-periode-contre-bielefeld\/#breadcrumb","itemListElement":[{"@type":"ListItem","position":1,"name":"Accueil","item":"https:\/\/www.ladiagonale.net\/"},{"@type":"ListItem","position":2,"name":"H\u00fctter tr\u00e8s critique de la premi\u00e8re p\u00e9riode contre Bielefeld"}]},{"@type":"WebSite","@id":"https:\/\/www.ladiagonale.net\/#website","url":"https:\/\/www.ladiagonale.net\/","name":"La Diagonale","description":"Le site des supporters de l&#039;AS Monaco FC","potentialAction":[{"@type":"SearchAction","target":{"@type":"EntryPoint","urlTemplate":"https:\/\/www.ladiagonale.net\/?s={search_term_string}"},"query-input":"required name=search_term_string"}],"inLanguage":"fr-FR"},{"@type":"Person","@id":"https:\/\/www.ladiagonale.net\/#\/schema\/person\/79ff1e7b0853ed01b2aa26e64ad300bf","name":"Damien Dellerba","image":{"@type":"ImageObject","inLanguage":"fr-FR","@id":"https:\/\/www.ladiagonale.net\/#\/schema\/person\/image\/","url":"https:\/\/secure.gravatar.com\/avatar\/c7850e06d3ff63cdbaee88b7fc16e2f0?s=96&d=mm&r=g","contentUrl":"https:\/\/secure.gravatar.com\/avatar\/c7850e06d3ff63cdbaee88b7fc16e2f0?s=96&d=mm&r=g","caption":"Damien Dellerba"},"url":"https:\/\/www.ladiagonale.net\/index.php\/author\/damien\/"}]}},"_links":{"self":[{"href":"https:\/\/www.ladiagonale.net\/index.php\/wp-json\/wp\/v2\/posts\/32739"}],"collection":[{"href":"https:\/\/www.ladiagonale.net\/index.php\/wp-json\/wp\/v2\/posts"}],"about":[{"href":"https:\/\/www.ladiagonale.net\/index.php\/wp-json\/wp\/v2\/types\/post"}],"author":[{"embeddable":true,"href":"https:\/\/www.ladiagonale.net\/index.php\/wp-json\/wp\/v2\/users\/2"}],"replies":[{"embeddable":true,"href":"https:\/\/www.ladiagonale.net\/index.php\/wp-json\/wp\/v2\/comments?post=32739"}],"version-history":[{"count":1,"href":"https:\/\/www.ladiagonale.net\/index.php\/wp-json\/wp\/v2\/posts\/32739\/revisions"}],"predecessor-version":[{"id":32740,"href":"https:\/\/www.ladiagonale.net\/index.php\/wp-json\/wp\/v2\/posts\/32739\/revisions\/32740"}],"wp:attachment":[{"href":"https:\/\/www.ladiagonale.net\/index.php\/wp-json\/wp\/v2\/media?parent=32739"}],"wp:term":[{"taxonomy":"category","embeddable":true,"href":"https:\/\/www.ladiagonale.net\/index.php\/wp-json\/wp\/v2\/categories?post=32739"},{"taxonomy":"post_tag","embeddable":true,"href":"https:\/\/www.ladiagonale.net\/index.php\/wp-json\/wp\/v2\/tags?post=32739"}],"curies":[{"name":"wp","href":"https:\/\/api.w.org\/{rel}","templated":true}]}}