{"id":32746,"date":"2025-07-28T07:50:00","date_gmt":"2025-07-28T05:50:00","guid":{"rendered":"https:\/\/www.ladiagonale.net\/?p=32746"},"modified":"2025-07-28T10:17:53","modified_gmt":"2025-07-28T08:17:53","slug":"lienard-vers-un-pret-a-montpellier","status":"publish","type":"post","link":"https:\/\/www.ladiagonale.net\/index.php\/2025\/07\/28\/lienard-vers-un-pret-a-montpellier\/","title":{"rendered":"Lienard vers un pr\u00eat \u00e0 Montpellier"},"content":{"rendered":"\n<p>L\u2019AS Monaco veut recruter un num\u00e9ro 1 au poste de gardien mais elle va aussi devoir faire de la place. Si Radoslaw Majecki est davantage sur le d\u00e9part que Philipp K\u00f6hn, Yann Lienard devrait aussi \u00e9voluer loin de la Principaut\u00e9 cette saison. Enfin, pas si loin, puisque selon les derni\u00e8res rumeurs, r\u00e9v\u00e9l\u00e9es par Mohamed Toubache-Ter et confirm\u00e9es par L\u2019\u00c9quipe, la gardien num\u00e9ro 3 pourrait \u00eatre pr\u00eat\u00e9 \u00e0 Montpellier, rel\u00e9gu\u00e9 en Ligue 2 \u00e0 l\u2019issue de la derni\u00e8re saison. Une place de titulaire l\u2019y attendraaiit et les n\u00e9gociations entre les deux clubs sont en cours.<\/p>\n\n\n\n<p>\u00c2g\u00e9 de 22 ans, Lienard n\u2019a disput\u00e9 qu\u2019une seule rencontre avec les pros, c\u2019\u00e9tait lors du 32<sup>e<\/sup> de finale de Coupe de France contre l\u2019Union Saint-Jean <em>(4-1, le 22 d\u00e9cembre)<\/em> la saison derni\u00e8re. Depuis trois saisons, le gardien form\u00e9 au club doit se contenter d\u2019un poste de num\u00e9ro 3 et de matches avec le Groupe \u00c9lite. Il est sous contrat avec l\u2019ASM jusqu\u2019en juin 2027.<\/p>\n\n\n","protected":false},"excerpt":{"rendered":"<p>L\u2019AS Monaco veut recruter un num\u00e9ro 1 au poste de gardien mais elle va aussi devoir faire de la place. Si Radoslaw Majecki est davantage sur le d\u00e9part que Philipp K\u00f6hn, Yann Lienard devrait aussi \u00e9voluer loin de la Principaut\u00e9 cette saison. Enfin, pas si loin, puisque selon les derni\u00e8res rumeurs, r\u00e9v\u00e9l\u00e9es par Mohamed Toubache-Ter [&#8230;]\n","protected":false},"author":2,"featured_media":0,"comment_status":"open","ping_status":"open","sticky":false,"template":"","format":"standard","meta":[],"categories":[6,1086],"tags":[86,111,110,146],"yoast_head":"<!-- This site is optimized with the Yoast SEO plugin v19.8 - https:\/\/yoast.com\/wordpress\/plugins\/seo\/ -->\n<title>Lienard vers un pr\u00eat \u00e0 Montpellier - La Diagonale<\/title>\n<meta name=\"robots\" content=\"index, follow, max-snippet:-1, max-image-preview:large, max-video-preview:-1\" \/>\n<link rel=\"canonical\" href=\"https:\/\/www.ladiagonale.net\/index.php\/2025\/07\/28\/lienard-vers-un-pret-a-montpellier\/\" \/>\n<meta property=\"og:locale\" content=\"fr_FR\" \/>\n<meta property=\"og:type\" content=\"article\" \/>\n<meta property=\"og:title\" content=\"Lienard vers un pr\u00eat \u00e0 Montpellier - La Diagonale\" \/>\n<meta property=\"og:description\" content=\"L\u2019AS Monaco veut recruter un num\u00e9ro 1 au poste de gardien mais elle va aussi devoir faire de la place. Si Radoslaw Majecki est davantage sur le d\u00e9part que Philipp K\u00f6hn, Yann Lienard devrait aussi \u00e9voluer loin de la Principaut\u00e9 cette saison. Enfin, pas si loin, puisque selon les derni\u00e8res rumeurs, r\u00e9v\u00e9l\u00e9es par Mohamed Toubache-Ter [...]\" \/>\n<meta property=\"og:url\" content=\"https:\/\/www.ladiagonale.net\/index.php\/2025\/07\/28\/lienard-vers-un-pret-a-montpellier\/\" \/>\n<meta property=\"og:site_name\" content=\"La Diagonale\" \/>\n<meta property=\"article:published_time\" content=\"2025-07-28T05:50:00+00:00\" \/>\n<meta property=\"article:modified_time\" content=\"2025-07-28T08:17:53+00:00\" \/>\n<meta property=\"og:image\" content=\"https:\/\/www.ladiagonale.net\/wp-content\/uploads\/2025\/07\/Lienard.png\" \/>\n\t<meta property=\"og:image:width\" content=\"1160\" \/>\n\t<meta property=\"og:image:height\" content=\"650\" \/>\n\t<meta property=\"og:image:type\" content=\"image\/png\" \/>\n<meta name=\"author\" content=\"Damien Dellerba\" \/>\n<meta name=\"twitter:card\" content=\"summary_large_image\" \/>\n<meta name=\"twitter:image\" content=\"https:\/\/www.ladiagonale.net\/wp-content\/uploads\/2025\/07\/Lienard.png\" \/>\n<meta name=\"twitter:label1\" content=\"\u00c9crit par\" \/>\n\t<meta name=\"twitter:data1\" content=\"Damien Dellerba\" \/>\n\t<meta name=\"twitter:label2\" content=\"Dur\u00e9e de lecture estim\u00e9e\" \/>\n\t<meta name=\"twitter:data2\" content=\"1 minute\" \/>\n<script type=\"application\/ld+json\" class=\"yoast-schema-graph\">{\"@context\":\"https:\/\/schema.org\",\"@graph\":[{\"@type\":\"WebPage\",\"@id\":\"https:\/\/www.ladiagonale.net\/index.php\/2025\/07\/28\/lienard-vers-un-pret-a-montpellier\/\",\"url\":\"https:\/\/www.ladiagonale.net\/index.php\/2025\/07\/28\/lienard-vers-un-pret-a-montpellier\/\",\"name\":\"Lienard vers un pr\u00eat \u00e0 Montpellier - La Diagonale\",\"isPartOf\":{\"@id\":\"https:\/\/www.ladiagonale.net\/#website\"},\"datePublished\":\"2025-07-28T05:50:00+00:00\",\"dateModified\":\"2025-07-28T08:17:53+00:00\",\"author\":{\"@id\":\"https:\/\/www.ladiagonale.net\/#\/schema\/person\/79ff1e7b0853ed01b2aa26e64ad300bf\"},\"breadcrumb\":{\"@id\":\"https:\/\/www.ladiagonale.net\/index.php\/2025\/07\/28\/lienard-vers-un-pret-a-montpellier\/#breadcrumb\"},\"inLanguage\":\"fr-FR\",\"potentialAction\":[{\"@type\":\"ReadAction\",\"target\":[\"https:\/\/www.ladiagonale.net\/index.php\/2025\/07\/28\/lienard-vers-un-pret-a-montpellier\/\"]}]},{\"@type\":\"BreadcrumbList\",\"@id\":\"https:\/\/www.ladiagonale.net\/index.php\/2025\/07\/28\/lienard-vers-un-pret-a-montpellier\/#breadcrumb\",\"itemListElement\":[{\"@type\":\"ListItem\",\"position\":1,\"name\":\"Accueil\",\"item\":\"https:\/\/www.ladiagonale.net\/\"},{\"@type\":\"ListItem\",\"position\":2,\"name\":\"Lienard vers un pr\u00eat \u00e0 Montpellier\"}]},{\"@type\":\"WebSite\",\"@id\":\"https:\/\/www.ladiagonale.net\/#website\",\"url\":\"https:\/\/www.ladiagonale.net\/\",\"name\":\"La Diagonale\",\"description\":\"Le site des supporters de l&#039;AS Monaco FC\",\"potentialAction\":[{\"@type\":\"SearchAction\",\"target\":{\"@type\":\"EntryPoint\",\"urlTemplate\":\"https:\/\/www.ladiagonale.net\/?s={search_term_string}\"},\"query-input\":\"required name=search_term_string\"}],\"inLanguage\":\"fr-FR\"},{\"@type\":\"Person\",\"@id\":\"https:\/\/www.ladiagonale.net\/#\/schema\/person\/79ff1e7b0853ed01b2aa26e64ad300bf\",\"name\":\"Damien Dellerba\",\"image\":{\"@type\":\"ImageObject\",\"inLanguage\":\"fr-FR\",\"@id\":\"https:\/\/www.ladiagonale.net\/#\/schema\/person\/image\/\",\"url\":\"https:\/\/secure.gravatar.com\/avatar\/c7850e06d3ff63cdbaee88b7fc16e2f0?s=96&d=mm&r=g\",\"contentUrl\":\"https:\/\/secure.gravatar.com\/avatar\/c7850e06d3ff63cdbaee88b7fc16e2f0?s=96&d=mm&r=g\",\"caption\":\"Damien Dellerba\"},\"url\":\"https:\/\/www.ladiagonale.net\/index.php\/author\/damien\/\"}]}<\/script>\n<!-- \/ Yoast SEO plugin. -->","yoast_head_json":{"title":"Lienard vers un pr\u00eat \u00e0 Montpellier - La Diagonale","robots":{"index":"index","follow":"follow","max-snippet":"max-snippet:-1","max-image-preview":"max-image-preview:large","max-video-preview":"max-video-preview:-1"},"canonical":"https:\/\/www.ladiagonale.net\/index.php\/2025\/07\/28\/lienard-vers-un-pret-a-montpellier\/","og_locale":"fr_FR","og_type":"article","og_title":"Lienard vers un pr\u00eat \u00e0 Montpellier - La Diagonale","og_description":"L\u2019AS Monaco veut recruter un num\u00e9ro 1 au poste de gardien mais elle va aussi devoir faire de la place. Si Radoslaw Majecki est davantage sur le d\u00e9part que Philipp K\u00f6hn, Yann Lienard devrait aussi \u00e9voluer loin de la Principaut\u00e9 cette saison. Enfin, pas si loin, puisque selon les derni\u00e8res rumeurs, r\u00e9v\u00e9l\u00e9es par Mohamed Toubache-Ter [...]","og_url":"https:\/\/www.ladiagonale.net\/index.php\/2025\/07\/28\/lienard-vers-un-pret-a-montpellier\/","og_site_name":"La Diagonale","article_published_time":"2025-07-28T05:50:00+00:00","article_modified_time":"2025-07-28T08:17:53+00:00","og_image":[{"width":1160,"height":650,"url":"https:\/\/www.ladiagonale.net\/wp-content\/uploads\/2025\/07\/Lienard.png","type":"image\/png"}],"author":"Damien Dellerba","twitter_card":"summary_large_image","twitter_image":"https:\/\/www.ladiagonale.net\/wp-content\/uploads\/2025\/07\/Lienard.png","twitter_misc":{"\u00c9crit par":"Damien Dellerba","Dur\u00e9e de lecture estim\u00e9e":"1 minute"},"schema":{"@context":"https:\/\/schema.org","@graph":[{"@type":"WebPage","@id":"https:\/\/www.ladiagonale.net\/index.php\/2025\/07\/28\/lienard-vers-un-pret-a-montpellier\/","url":"https:\/\/www.ladiagonale.net\/index.php\/2025\/07\/28\/lienard-vers-un-pret-a-montpellier\/","name":"Lienard vers un pr\u00eat \u00e0 Montpellier - La Diagonale","isPartOf":{"@id":"https:\/\/www.ladiagonale.net\/#website"},"datePublished":"2025-07-28T05:50:00+00:00","dateModified":"2025-07-28T08:17:53+00:00","author":{"@id":"https:\/\/www.ladiagonale.net\/#\/schema\/person\/79ff1e7b0853ed01b2aa26e64ad300bf"},"breadcrumb":{"@id":"https:\/\/www.ladiagonale.net\/index.php\/2025\/07\/28\/lienard-vers-un-pret-a-montpellier\/#breadcrumb"},"inLanguage":"fr-FR","potentialAction":[{"@type":"ReadAction","target":["https:\/\/www.ladiagonale.net\/index.php\/2025\/07\/28\/lienard-vers-un-pret-a-montpellier\/"]}]},{"@type":"BreadcrumbList","@id":"https:\/\/www.ladiagonale.net\/index.php\/2025\/07\/28\/lienard-vers-un-pret-a-montpellier\/#breadcrumb","itemListElement":[{"@type":"ListItem","position":1,"name":"Accueil","item":"https:\/\/www.ladiagonale.net\/"},{"@type":"ListItem","position":2,"name":"Lienard vers un pr\u00eat \u00e0 Montpellier"}]},{"@type":"WebSite","@id":"https:\/\/www.ladiagonale.net\/#website","url":"https:\/\/www.ladiagonale.net\/","name":"La Diagonale","description":"Le site des supporters de l&#039;AS Monaco FC","potentialAction":[{"@type":"SearchAction","target":{"@type":"EntryPoint","urlTemplate":"https:\/\/www.ladiagonale.net\/?s={search_term_string}"},"query-input":"required name=search_term_string"}],"inLanguage":"fr-FR"},{"@type":"Person","@id":"https:\/\/www.ladiagonale.net\/#\/schema\/person\/79ff1e7b0853ed01b2aa26e64ad300bf","name":"Damien Dellerba","image":{"@type":"ImageObject","inLanguage":"fr-FR","@id":"https:\/\/www.ladiagonale.net\/#\/schema\/person\/image\/","url":"https:\/\/secure.gravatar.com\/avatar\/c7850e06d3ff63cdbaee88b7fc16e2f0?s=96&d=mm&r=g","contentUrl":"https:\/\/secure.gravatar.com\/avatar\/c7850e06d3ff63cdbaee88b7fc16e2f0?s=96&d=mm&r=g","caption":"Damien Dellerba"},"url":"https:\/\/www.ladiagonale.net\/index.php\/author\/damien\/"}]}},"_links":{"self":[{"href":"https:\/\/www.ladiagonale.net\/index.php\/wp-json\/wp\/v2\/posts\/32746"}],"collection":[{"href":"https:\/\/www.ladiagonale.net\/index.php\/wp-json\/wp\/v2\/posts"}],"about":[{"href":"https:\/\/www.ladiagonale.net\/index.php\/wp-json\/wp\/v2\/types\/post"}],"author":[{"embeddable":true,"href":"https:\/\/www.ladiagonale.net\/index.php\/wp-json\/wp\/v2\/users\/2"}],"replies":[{"embeddable":true,"href":"https:\/\/www.ladiagonale.net\/index.php\/wp-json\/wp\/v2\/comments?post=32746"}],"version-history":[{"count":3,"href":"https:\/\/www.ladiagonale.net\/index.php\/wp-json\/wp\/v2\/posts\/32746\/revisions"}],"predecessor-version":[{"id":32751,"href":"https:\/\/www.ladiagonale.net\/index.php\/wp-json\/wp\/v2\/posts\/32746\/revisions\/32751"}],"wp:attachment":[{"href":"https:\/\/www.ladiagonale.net\/index.php\/wp-json\/wp\/v2\/media?parent=32746"}],"wp:term":[{"taxonomy":"category","embeddable":true,"href":"https:\/\/www.ladiagonale.net\/index.php\/wp-json\/wp\/v2\/categories?post=32746"},{"taxonomy":"post_tag","embeddable":true,"href":"https:\/\/www.ladiagonale.net\/index.php\/wp-json\/wp\/v2\/tags?post=32746"}],"curies":[{"name":"wp","href":"https:\/\/api.w.org\/{rel}","templated":true}]}}