{"id":32750,"date":"2025-07-28T12:21:41","date_gmt":"2025-07-28T10:21:41","guid":{"rendered":"https:\/\/www.ladiagonale.net\/?p=32750"},"modified":"2025-07-29T11:14:54","modified_gmt":"2025-07-29T09:14:54","slug":"leverkusen-aurait-refuse-une-offre-de-lasm-pour-hradecky","status":"publish","type":"post","link":"https:\/\/www.ladiagonale.net\/index.php\/2025\/07\/28\/leverkusen-aurait-refuse-une-offre-de-lasm-pour-hradecky\/","title":{"rendered":"Leverkusen aurait refus\u00e9 une offre de l&rsquo;ASM pour Hradecky"},"content":{"rendered":"\n\n\n<p>Le dossier Lukas Hradecky semble un peu plus d\u00e9licat que pr\u00e9vu. Si l&rsquo;AS Monaco tiendrait un accord avec le gardien du Bayer Leverkusen, le club allemand ne serait pas tout \u00e0 fait dispos\u00e9 \u00e0 le laisser partir aussi facilement. Selon des informations venues d&rsquo;Allemagne, de <em>Bild<\/em> et <em>Sky Sport<\/em>, les dirigeants du Bayer auraient rejet\u00e9 la premi\u00e8re proposition de l&rsquo;ASM, estim\u00e9e autour de deux millions d&rsquo;euros. Ils en attendraient quatre pour lib\u00e9rer le gardien de 35 ans, \u00e0 qui il ne reste qu&rsquo;un an de contrat.<\/p>\n\n\n\n<p>Hradecky aurait d\u00e9j\u00e0 n\u00e9goci\u00e9 son contrat avec le club de la Principaut\u00e9 et selon <em>Bild<\/em>, il pourrait toucher trois millions d&rsquo;euros annuels. Si le Bayer valorise son leadership, lui qui est pr\u00e9sent au club depuis sept saisons, il a recrut\u00e9 un nouveau gardien cet \u00e9t\u00e9, Mark Flekken, qui devrait prendre la place de num\u00e9ro un et rel\u00e9guer Hradecky sur le banc. Une \u00e9ventualit\u00e9 qui ne convient pas \u00e0 l&rsquo;international finlandais, d\u00e9sireux de partir pour continuer \u00e0 jouer.<\/p>\n","protected":false},"excerpt":{"rendered":"<p>Le dossier Lukas Hradecky semble un peu plus d\u00e9licat que pr\u00e9vu. Si l&rsquo;AS Monaco tiendrait un accord avec le gardien du Bayer Leverkusen, le club allemand ne serait pas tout \u00e0 fait dispos\u00e9 \u00e0 le laisser partir aussi facilement. Selon des informations venues d&rsquo;Allemagne, de Bild et Sky Sport, les dirigeants du Bayer auraient rejet\u00e9 [&#8230;]\n","protected":false},"author":2,"featured_media":0,"comment_status":"open","ping_status":"open","sticky":false,"template":"","format":"standard","meta":[],"categories":[6,1086],"tags":[86,1094,111,110],"yoast_head":"<!-- This site is optimized with the Yoast SEO plugin v19.8 - https:\/\/yoast.com\/wordpress\/plugins\/seo\/ -->\n<title>Leverkusen aurait refus\u00e9 une offre de l&#039;ASM pour Hradecky - La Diagonale<\/title>\n<meta name=\"robots\" content=\"index, follow, max-snippet:-1, max-image-preview:large, max-video-preview:-1\" \/>\n<link rel=\"canonical\" href=\"https:\/\/www.ladiagonale.net\/index.php\/2025\/07\/28\/leverkusen-aurait-refuse-une-offre-de-lasm-pour-hradecky\/\" \/>\n<meta property=\"og:locale\" content=\"fr_FR\" \/>\n<meta property=\"og:type\" content=\"article\" \/>\n<meta property=\"og:title\" content=\"Leverkusen aurait refus\u00e9 une offre de l&#039;ASM pour Hradecky - La Diagonale\" \/>\n<meta property=\"og:description\" content=\"Le dossier Lukas Hradecky semble un peu plus d\u00e9licat que pr\u00e9vu. Si l&rsquo;AS Monaco tiendrait un accord avec le gardien du Bayer Leverkusen, le club allemand ne serait pas tout \u00e0 fait dispos\u00e9 \u00e0 le laisser partir aussi facilement. Selon des informations venues d&rsquo;Allemagne, de Bild et Sky Sport, les dirigeants du Bayer auraient rejet\u00e9 [...]\" \/>\n<meta property=\"og:url\" content=\"https:\/\/www.ladiagonale.net\/index.php\/2025\/07\/28\/leverkusen-aurait-refuse-une-offre-de-lasm-pour-hradecky\/\" \/>\n<meta property=\"og:site_name\" content=\"La Diagonale\" \/>\n<meta property=\"article:published_time\" content=\"2025-07-28T10:21:41+00:00\" \/>\n<meta property=\"article:modified_time\" content=\"2025-07-29T09:14:54+00:00\" \/>\n<meta property=\"og:image\" content=\"https:\/\/www.ladiagonale.net\/wp-content\/uploads\/2025\/07\/Hradecky.png\" \/>\n\t<meta property=\"og:image:width\" content=\"1160\" \/>\n\t<meta property=\"og:image:height\" content=\"650\" \/>\n\t<meta property=\"og:image:type\" content=\"image\/png\" \/>\n<meta name=\"author\" content=\"Damien Dellerba\" \/>\n<meta name=\"twitter:card\" content=\"summary_large_image\" \/>\n<meta name=\"twitter:image\" content=\"https:\/\/www.ladiagonale.net\/wp-content\/uploads\/2025\/07\/Hradecky.png\" \/>\n<meta name=\"twitter:label1\" content=\"\u00c9crit par\" \/>\n\t<meta name=\"twitter:data1\" content=\"Damien Dellerba\" \/>\n\t<meta name=\"twitter:label2\" content=\"Dur\u00e9e de lecture estim\u00e9e\" \/>\n\t<meta name=\"twitter:data2\" content=\"1 minute\" \/>\n<script type=\"application\/ld+json\" class=\"yoast-schema-graph\">{\"@context\":\"https:\/\/schema.org\",\"@graph\":[{\"@type\":\"WebPage\",\"@id\":\"https:\/\/www.ladiagonale.net\/index.php\/2025\/07\/28\/leverkusen-aurait-refuse-une-offre-de-lasm-pour-hradecky\/\",\"url\":\"https:\/\/www.ladiagonale.net\/index.php\/2025\/07\/28\/leverkusen-aurait-refuse-une-offre-de-lasm-pour-hradecky\/\",\"name\":\"Leverkusen aurait refus\u00e9 une offre de l'ASM pour Hradecky - La Diagonale\",\"isPartOf\":{\"@id\":\"https:\/\/www.ladiagonale.net\/#website\"},\"datePublished\":\"2025-07-28T10:21:41+00:00\",\"dateModified\":\"2025-07-29T09:14:54+00:00\",\"author\":{\"@id\":\"https:\/\/www.ladiagonale.net\/#\/schema\/person\/79ff1e7b0853ed01b2aa26e64ad300bf\"},\"breadcrumb\":{\"@id\":\"https:\/\/www.ladiagonale.net\/index.php\/2025\/07\/28\/leverkusen-aurait-refuse-une-offre-de-lasm-pour-hradecky\/#breadcrumb\"},\"inLanguage\":\"fr-FR\",\"potentialAction\":[{\"@type\":\"ReadAction\",\"target\":[\"https:\/\/www.ladiagonale.net\/index.php\/2025\/07\/28\/leverkusen-aurait-refuse-une-offre-de-lasm-pour-hradecky\/\"]}]},{\"@type\":\"BreadcrumbList\",\"@id\":\"https:\/\/www.ladiagonale.net\/index.php\/2025\/07\/28\/leverkusen-aurait-refuse-une-offre-de-lasm-pour-hradecky\/#breadcrumb\",\"itemListElement\":[{\"@type\":\"ListItem\",\"position\":1,\"name\":\"Accueil\",\"item\":\"https:\/\/www.ladiagonale.net\/\"},{\"@type\":\"ListItem\",\"position\":2,\"name\":\"Leverkusen aurait refus\u00e9 une offre de l&rsquo;ASM pour Hradecky\"}]},{\"@type\":\"WebSite\",\"@id\":\"https:\/\/www.ladiagonale.net\/#website\",\"url\":\"https:\/\/www.ladiagonale.net\/\",\"name\":\"La Diagonale\",\"description\":\"Le site des supporters de l&#039;AS Monaco FC\",\"potentialAction\":[{\"@type\":\"SearchAction\",\"target\":{\"@type\":\"EntryPoint\",\"urlTemplate\":\"https:\/\/www.ladiagonale.net\/?s={search_term_string}\"},\"query-input\":\"required name=search_term_string\"}],\"inLanguage\":\"fr-FR\"},{\"@type\":\"Person\",\"@id\":\"https:\/\/www.ladiagonale.net\/#\/schema\/person\/79ff1e7b0853ed01b2aa26e64ad300bf\",\"name\":\"Damien Dellerba\",\"image\":{\"@type\":\"ImageObject\",\"inLanguage\":\"fr-FR\",\"@id\":\"https:\/\/www.ladiagonale.net\/#\/schema\/person\/image\/\",\"url\":\"https:\/\/secure.gravatar.com\/avatar\/c7850e06d3ff63cdbaee88b7fc16e2f0?s=96&d=mm&r=g\",\"contentUrl\":\"https:\/\/secure.gravatar.com\/avatar\/c7850e06d3ff63cdbaee88b7fc16e2f0?s=96&d=mm&r=g\",\"caption\":\"Damien Dellerba\"},\"url\":\"https:\/\/www.ladiagonale.net\/index.php\/author\/damien\/\"}]}<\/script>\n<!-- \/ Yoast SEO plugin. -->","yoast_head_json":{"title":"Leverkusen aurait refus\u00e9 une offre de l'ASM pour Hradecky - La Diagonale","robots":{"index":"index","follow":"follow","max-snippet":"max-snippet:-1","max-image-preview":"max-image-preview:large","max-video-preview":"max-video-preview:-1"},"canonical":"https:\/\/www.ladiagonale.net\/index.php\/2025\/07\/28\/leverkusen-aurait-refuse-une-offre-de-lasm-pour-hradecky\/","og_locale":"fr_FR","og_type":"article","og_title":"Leverkusen aurait refus\u00e9 une offre de l'ASM pour Hradecky - La Diagonale","og_description":"Le dossier Lukas Hradecky semble un peu plus d\u00e9licat que pr\u00e9vu. Si l&rsquo;AS Monaco tiendrait un accord avec le gardien du Bayer Leverkusen, le club allemand ne serait pas tout \u00e0 fait dispos\u00e9 \u00e0 le laisser partir aussi facilement. Selon des informations venues d&rsquo;Allemagne, de Bild et Sky Sport, les dirigeants du Bayer auraient rejet\u00e9 [...]","og_url":"https:\/\/www.ladiagonale.net\/index.php\/2025\/07\/28\/leverkusen-aurait-refuse-une-offre-de-lasm-pour-hradecky\/","og_site_name":"La Diagonale","article_published_time":"2025-07-28T10:21:41+00:00","article_modified_time":"2025-07-29T09:14:54+00:00","og_image":[{"width":1160,"height":650,"url":"https:\/\/www.ladiagonale.net\/wp-content\/uploads\/2025\/07\/Hradecky.png","type":"image\/png"}],"author":"Damien Dellerba","twitter_card":"summary_large_image","twitter_image":"https:\/\/www.ladiagonale.net\/wp-content\/uploads\/2025\/07\/Hradecky.png","twitter_misc":{"\u00c9crit par":"Damien Dellerba","Dur\u00e9e de lecture estim\u00e9e":"1 minute"},"schema":{"@context":"https:\/\/schema.org","@graph":[{"@type":"WebPage","@id":"https:\/\/www.ladiagonale.net\/index.php\/2025\/07\/28\/leverkusen-aurait-refuse-une-offre-de-lasm-pour-hradecky\/","url":"https:\/\/www.ladiagonale.net\/index.php\/2025\/07\/28\/leverkusen-aurait-refuse-une-offre-de-lasm-pour-hradecky\/","name":"Leverkusen aurait refus\u00e9 une offre de l'ASM pour Hradecky - La Diagonale","isPartOf":{"@id":"https:\/\/www.ladiagonale.net\/#website"},"datePublished":"2025-07-28T10:21:41+00:00","dateModified":"2025-07-29T09:14:54+00:00","author":{"@id":"https:\/\/www.ladiagonale.net\/#\/schema\/person\/79ff1e7b0853ed01b2aa26e64ad300bf"},"breadcrumb":{"@id":"https:\/\/www.ladiagonale.net\/index.php\/2025\/07\/28\/leverkusen-aurait-refuse-une-offre-de-lasm-pour-hradecky\/#breadcrumb"},"inLanguage":"fr-FR","potentialAction":[{"@type":"ReadAction","target":["https:\/\/www.ladiagonale.net\/index.php\/2025\/07\/28\/leverkusen-aurait-refuse-une-offre-de-lasm-pour-hradecky\/"]}]},{"@type":"BreadcrumbList","@id":"https:\/\/www.ladiagonale.net\/index.php\/2025\/07\/28\/leverkusen-aurait-refuse-une-offre-de-lasm-pour-hradecky\/#breadcrumb","itemListElement":[{"@type":"ListItem","position":1,"name":"Accueil","item":"https:\/\/www.ladiagonale.net\/"},{"@type":"ListItem","position":2,"name":"Leverkusen aurait refus\u00e9 une offre de l&rsquo;ASM pour Hradecky"}]},{"@type":"WebSite","@id":"https:\/\/www.ladiagonale.net\/#website","url":"https:\/\/www.ladiagonale.net\/","name":"La Diagonale","description":"Le site des supporters de l&#039;AS Monaco FC","potentialAction":[{"@type":"SearchAction","target":{"@type":"EntryPoint","urlTemplate":"https:\/\/www.ladiagonale.net\/?s={search_term_string}"},"query-input":"required name=search_term_string"}],"inLanguage":"fr-FR"},{"@type":"Person","@id":"https:\/\/www.ladiagonale.net\/#\/schema\/person\/79ff1e7b0853ed01b2aa26e64ad300bf","name":"Damien Dellerba","image":{"@type":"ImageObject","inLanguage":"fr-FR","@id":"https:\/\/www.ladiagonale.net\/#\/schema\/person\/image\/","url":"https:\/\/secure.gravatar.com\/avatar\/c7850e06d3ff63cdbaee88b7fc16e2f0?s=96&d=mm&r=g","contentUrl":"https:\/\/secure.gravatar.com\/avatar\/c7850e06d3ff63cdbaee88b7fc16e2f0?s=96&d=mm&r=g","caption":"Damien Dellerba"},"url":"https:\/\/www.ladiagonale.net\/index.php\/author\/damien\/"}]}},"_links":{"self":[{"href":"https:\/\/www.ladiagonale.net\/index.php\/wp-json\/wp\/v2\/posts\/32750"}],"collection":[{"href":"https:\/\/www.ladiagonale.net\/index.php\/wp-json\/wp\/v2\/posts"}],"about":[{"href":"https:\/\/www.ladiagonale.net\/index.php\/wp-json\/wp\/v2\/types\/post"}],"author":[{"embeddable":true,"href":"https:\/\/www.ladiagonale.net\/index.php\/wp-json\/wp\/v2\/users\/2"}],"replies":[{"embeddable":true,"href":"https:\/\/www.ladiagonale.net\/index.php\/wp-json\/wp\/v2\/comments?post=32750"}],"version-history":[{"count":3,"href":"https:\/\/www.ladiagonale.net\/index.php\/wp-json\/wp\/v2\/posts\/32750\/revisions"}],"predecessor-version":[{"id":32757,"href":"https:\/\/www.ladiagonale.net\/index.php\/wp-json\/wp\/v2\/posts\/32750\/revisions\/32757"}],"wp:attachment":[{"href":"https:\/\/www.ladiagonale.net\/index.php\/wp-json\/wp\/v2\/media?parent=32750"}],"wp:term":[{"taxonomy":"category","embeddable":true,"href":"https:\/\/www.ladiagonale.net\/index.php\/wp-json\/wp\/v2\/categories?post=32750"},{"taxonomy":"post_tag","embeddable":true,"href":"https:\/\/www.ladiagonale.net\/index.php\/wp-json\/wp\/v2\/tags?post=32750"}],"curies":[{"name":"wp","href":"https:\/\/api.w.org\/{rel}","templated":true}]}}