{"id":32755,"date":"2025-07-28T22:20:32","date_gmt":"2025-07-28T20:20:32","guid":{"rendered":"https:\/\/www.ladiagonale.net\/?p=32755"},"modified":"2025-07-28T22:20:32","modified_gmt":"2025-07-28T20:20:32","slug":"marseille-aurait-contacte-monaco-pour-bouabre","status":"publish","type":"post","link":"https:\/\/www.ladiagonale.net\/index.php\/2025\/07\/28\/marseille-aurait-contacte-monaco-pour-bouabre\/","title":{"rendered":"Marseille aurait contact\u00e9 Monaco pour Bouabr\u00e9"},"content":{"rendered":"\n\n\n<p>Sa\u00efmon Bouabr\u00e9 pourrait finalement quitter le Rocher cet \u00e9t\u00e9. En fin de contrat dans un an, le milieu offensif de 19 ans ne semble pas d\u00e9cid\u00e9 \u00e0 faire un pas vers son club formateur de l&rsquo;AS Monaco, qui aimerait le voir prolonger. Selon <em>RMC Sport<\/em>, le club de la Principaut\u00e9 pourrait donc se r\u00e9soudre \u00e0 le vendre contre 10 millions d&rsquo;euros et l&rsquo;Olympique de Marseille serait int\u00e9ress\u00e9. Les dirigeants phoc\u00e9ens auraient pris contact avec leurs homologues mon\u00e9gasques en vue d&rsquo;un transfert du joueur, mais il y a de la concurrence.<\/p>\n\n\n\n<p>En effet, Bouabr\u00e9 disposerait d\u00e9j\u00e0 d&rsquo;une proposition salariale \u00e9lev\u00e9e de la part du club saoudien du Neom SC. L&rsquo;international U20 n&rsquo;aurait pas encore favorablement r\u00e9pondu \u00e0 cette offre. Frustr\u00e9 par son faible temps de jeu la saison derni\u00e8re (4 apparitions), le natif de Saint-\u00c9tienne aurait refus\u00e9 de prolonger avec l&rsquo;ASM et voudrait partir. Depuis le d\u00e9but de la pr\u00e9paration, il a jou\u00e9 les quatre rencontres amicales, dont deux comme titulaire.<\/p>\n","protected":false},"excerpt":{"rendered":"<p>Sa\u00efmon Bouabr\u00e9 pourrait finalement quitter le Rocher cet \u00e9t\u00e9. En fin de contrat dans un an, le milieu offensif de 19 ans ne semble pas d\u00e9cid\u00e9 \u00e0 faire un pas vers son club formateur de l&rsquo;AS Monaco, qui aimerait le voir prolonger. Selon RMC Sport, le club de la Principaut\u00e9 pourrait donc se r\u00e9soudre \u00e0 [&#8230;]\n","protected":false},"author":2,"featured_media":0,"comment_status":"open","ping_status":"open","sticky":false,"template":"","format":"standard","meta":[],"categories":[6,1086],"tags":[86,111,413,110],"yoast_head":"<!-- This site is optimized with the Yoast SEO plugin v19.8 - https:\/\/yoast.com\/wordpress\/plugins\/seo\/ -->\n<title>Marseille aurait contact\u00e9 Monaco pour Bouabr\u00e9 - La Diagonale<\/title>\n<meta name=\"robots\" content=\"index, follow, max-snippet:-1, max-image-preview:large, max-video-preview:-1\" \/>\n<link rel=\"canonical\" href=\"https:\/\/www.ladiagonale.net\/index.php\/2025\/07\/28\/marseille-aurait-contacte-monaco-pour-bouabre\/\" \/>\n<meta property=\"og:locale\" content=\"fr_FR\" \/>\n<meta property=\"og:type\" content=\"article\" \/>\n<meta property=\"og:title\" content=\"Marseille aurait contact\u00e9 Monaco pour Bouabr\u00e9 - La Diagonale\" \/>\n<meta property=\"og:description\" content=\"Sa\u00efmon Bouabr\u00e9 pourrait finalement quitter le Rocher cet \u00e9t\u00e9. En fin de contrat dans un an, le milieu offensif de 19 ans ne semble pas d\u00e9cid\u00e9 \u00e0 faire un pas vers son club formateur de l&rsquo;AS Monaco, qui aimerait le voir prolonger. Selon RMC Sport, le club de la Principaut\u00e9 pourrait donc se r\u00e9soudre \u00e0 [...]\" \/>\n<meta property=\"og:url\" content=\"https:\/\/www.ladiagonale.net\/index.php\/2025\/07\/28\/marseille-aurait-contacte-monaco-pour-bouabre\/\" \/>\n<meta property=\"og:site_name\" content=\"La Diagonale\" \/>\n<meta property=\"article:published_time\" content=\"2025-07-28T20:20:32+00:00\" \/>\n<meta property=\"og:image\" content=\"https:\/\/www.ladiagonale.net\/wp-content\/uploads\/2025\/07\/Bouabre\u0301-Cercle.png\" \/>\n\t<meta property=\"og:image:width\" content=\"1160\" \/>\n\t<meta property=\"og:image:height\" content=\"650\" \/>\n\t<meta property=\"og:image:type\" content=\"image\/png\" \/>\n<meta name=\"author\" content=\"Damien Dellerba\" \/>\n<meta name=\"twitter:card\" content=\"summary_large_image\" \/>\n<meta name=\"twitter:image\" content=\"https:\/\/www.ladiagonale.net\/wp-content\/uploads\/2025\/07\/Bouabre\u0301-Cercle.png\" \/>\n<meta name=\"twitter:label1\" content=\"\u00c9crit par\" \/>\n\t<meta name=\"twitter:data1\" content=\"Damien Dellerba\" \/>\n\t<meta name=\"twitter:label2\" content=\"Dur\u00e9e de lecture estim\u00e9e\" \/>\n\t<meta name=\"twitter:data2\" content=\"1 minute\" \/>\n<script type=\"application\/ld+json\" class=\"yoast-schema-graph\">{\"@context\":\"https:\/\/schema.org\",\"@graph\":[{\"@type\":\"WebPage\",\"@id\":\"https:\/\/www.ladiagonale.net\/index.php\/2025\/07\/28\/marseille-aurait-contacte-monaco-pour-bouabre\/\",\"url\":\"https:\/\/www.ladiagonale.net\/index.php\/2025\/07\/28\/marseille-aurait-contacte-monaco-pour-bouabre\/\",\"name\":\"Marseille aurait contact\u00e9 Monaco pour Bouabr\u00e9 - La Diagonale\",\"isPartOf\":{\"@id\":\"https:\/\/www.ladiagonale.net\/#website\"},\"datePublished\":\"2025-07-28T20:20:32+00:00\",\"dateModified\":\"2025-07-28T20:20:32+00:00\",\"author\":{\"@id\":\"https:\/\/www.ladiagonale.net\/#\/schema\/person\/79ff1e7b0853ed01b2aa26e64ad300bf\"},\"breadcrumb\":{\"@id\":\"https:\/\/www.ladiagonale.net\/index.php\/2025\/07\/28\/marseille-aurait-contacte-monaco-pour-bouabre\/#breadcrumb\"},\"inLanguage\":\"fr-FR\",\"potentialAction\":[{\"@type\":\"ReadAction\",\"target\":[\"https:\/\/www.ladiagonale.net\/index.php\/2025\/07\/28\/marseille-aurait-contacte-monaco-pour-bouabre\/\"]}]},{\"@type\":\"BreadcrumbList\",\"@id\":\"https:\/\/www.ladiagonale.net\/index.php\/2025\/07\/28\/marseille-aurait-contacte-monaco-pour-bouabre\/#breadcrumb\",\"itemListElement\":[{\"@type\":\"ListItem\",\"position\":1,\"name\":\"Accueil\",\"item\":\"https:\/\/www.ladiagonale.net\/\"},{\"@type\":\"ListItem\",\"position\":2,\"name\":\"Marseille aurait contact\u00e9 Monaco pour Bouabr\u00e9\"}]},{\"@type\":\"WebSite\",\"@id\":\"https:\/\/www.ladiagonale.net\/#website\",\"url\":\"https:\/\/www.ladiagonale.net\/\",\"name\":\"La Diagonale\",\"description\":\"Le site des supporters de l&#039;AS Monaco FC\",\"potentialAction\":[{\"@type\":\"SearchAction\",\"target\":{\"@type\":\"EntryPoint\",\"urlTemplate\":\"https:\/\/www.ladiagonale.net\/?s={search_term_string}\"},\"query-input\":\"required name=search_term_string\"}],\"inLanguage\":\"fr-FR\"},{\"@type\":\"Person\",\"@id\":\"https:\/\/www.ladiagonale.net\/#\/schema\/person\/79ff1e7b0853ed01b2aa26e64ad300bf\",\"name\":\"Damien Dellerba\",\"image\":{\"@type\":\"ImageObject\",\"inLanguage\":\"fr-FR\",\"@id\":\"https:\/\/www.ladiagonale.net\/#\/schema\/person\/image\/\",\"url\":\"https:\/\/secure.gravatar.com\/avatar\/c7850e06d3ff63cdbaee88b7fc16e2f0?s=96&d=mm&r=g\",\"contentUrl\":\"https:\/\/secure.gravatar.com\/avatar\/c7850e06d3ff63cdbaee88b7fc16e2f0?s=96&d=mm&r=g\",\"caption\":\"Damien Dellerba\"},\"url\":\"https:\/\/www.ladiagonale.net\/index.php\/author\/damien\/\"}]}<\/script>\n<!-- \/ Yoast SEO plugin. -->","yoast_head_json":{"title":"Marseille aurait contact\u00e9 Monaco pour Bouabr\u00e9 - La Diagonale","robots":{"index":"index","follow":"follow","max-snippet":"max-snippet:-1","max-image-preview":"max-image-preview:large","max-video-preview":"max-video-preview:-1"},"canonical":"https:\/\/www.ladiagonale.net\/index.php\/2025\/07\/28\/marseille-aurait-contacte-monaco-pour-bouabre\/","og_locale":"fr_FR","og_type":"article","og_title":"Marseille aurait contact\u00e9 Monaco pour Bouabr\u00e9 - La Diagonale","og_description":"Sa\u00efmon Bouabr\u00e9 pourrait finalement quitter le Rocher cet \u00e9t\u00e9. En fin de contrat dans un an, le milieu offensif de 19 ans ne semble pas d\u00e9cid\u00e9 \u00e0 faire un pas vers son club formateur de l&rsquo;AS Monaco, qui aimerait le voir prolonger. Selon RMC Sport, le club de la Principaut\u00e9 pourrait donc se r\u00e9soudre \u00e0 [...]","og_url":"https:\/\/www.ladiagonale.net\/index.php\/2025\/07\/28\/marseille-aurait-contacte-monaco-pour-bouabre\/","og_site_name":"La Diagonale","article_published_time":"2025-07-28T20:20:32+00:00","og_image":[{"width":1160,"height":650,"url":"https:\/\/www.ladiagonale.net\/wp-content\/uploads\/2025\/07\/Bouabre\u0301-Cercle.png","type":"image\/png"}],"author":"Damien Dellerba","twitter_card":"summary_large_image","twitter_image":"https:\/\/www.ladiagonale.net\/wp-content\/uploads\/2025\/07\/Bouabre\u0301-Cercle.png","twitter_misc":{"\u00c9crit par":"Damien Dellerba","Dur\u00e9e de lecture estim\u00e9e":"1 minute"},"schema":{"@context":"https:\/\/schema.org","@graph":[{"@type":"WebPage","@id":"https:\/\/www.ladiagonale.net\/index.php\/2025\/07\/28\/marseille-aurait-contacte-monaco-pour-bouabre\/","url":"https:\/\/www.ladiagonale.net\/index.php\/2025\/07\/28\/marseille-aurait-contacte-monaco-pour-bouabre\/","name":"Marseille aurait contact\u00e9 Monaco pour Bouabr\u00e9 - La Diagonale","isPartOf":{"@id":"https:\/\/www.ladiagonale.net\/#website"},"datePublished":"2025-07-28T20:20:32+00:00","dateModified":"2025-07-28T20:20:32+00:00","author":{"@id":"https:\/\/www.ladiagonale.net\/#\/schema\/person\/79ff1e7b0853ed01b2aa26e64ad300bf"},"breadcrumb":{"@id":"https:\/\/www.ladiagonale.net\/index.php\/2025\/07\/28\/marseille-aurait-contacte-monaco-pour-bouabre\/#breadcrumb"},"inLanguage":"fr-FR","potentialAction":[{"@type":"ReadAction","target":["https:\/\/www.ladiagonale.net\/index.php\/2025\/07\/28\/marseille-aurait-contacte-monaco-pour-bouabre\/"]}]},{"@type":"BreadcrumbList","@id":"https:\/\/www.ladiagonale.net\/index.php\/2025\/07\/28\/marseille-aurait-contacte-monaco-pour-bouabre\/#breadcrumb","itemListElement":[{"@type":"ListItem","position":1,"name":"Accueil","item":"https:\/\/www.ladiagonale.net\/"},{"@type":"ListItem","position":2,"name":"Marseille aurait contact\u00e9 Monaco pour Bouabr\u00e9"}]},{"@type":"WebSite","@id":"https:\/\/www.ladiagonale.net\/#website","url":"https:\/\/www.ladiagonale.net\/","name":"La Diagonale","description":"Le site des supporters de l&#039;AS Monaco FC","potentialAction":[{"@type":"SearchAction","target":{"@type":"EntryPoint","urlTemplate":"https:\/\/www.ladiagonale.net\/?s={search_term_string}"},"query-input":"required name=search_term_string"}],"inLanguage":"fr-FR"},{"@type":"Person","@id":"https:\/\/www.ladiagonale.net\/#\/schema\/person\/79ff1e7b0853ed01b2aa26e64ad300bf","name":"Damien Dellerba","image":{"@type":"ImageObject","inLanguage":"fr-FR","@id":"https:\/\/www.ladiagonale.net\/#\/schema\/person\/image\/","url":"https:\/\/secure.gravatar.com\/avatar\/c7850e06d3ff63cdbaee88b7fc16e2f0?s=96&d=mm&r=g","contentUrl":"https:\/\/secure.gravatar.com\/avatar\/c7850e06d3ff63cdbaee88b7fc16e2f0?s=96&d=mm&r=g","caption":"Damien Dellerba"},"url":"https:\/\/www.ladiagonale.net\/index.php\/author\/damien\/"}]}},"_links":{"self":[{"href":"https:\/\/www.ladiagonale.net\/index.php\/wp-json\/wp\/v2\/posts\/32755"}],"collection":[{"href":"https:\/\/www.ladiagonale.net\/index.php\/wp-json\/wp\/v2\/posts"}],"about":[{"href":"https:\/\/www.ladiagonale.net\/index.php\/wp-json\/wp\/v2\/types\/post"}],"author":[{"embeddable":true,"href":"https:\/\/www.ladiagonale.net\/index.php\/wp-json\/wp\/v2\/users\/2"}],"replies":[{"embeddable":true,"href":"https:\/\/www.ladiagonale.net\/index.php\/wp-json\/wp\/v2\/comments?post=32755"}],"version-history":[{"count":1,"href":"https:\/\/www.ladiagonale.net\/index.php\/wp-json\/wp\/v2\/posts\/32755\/revisions"}],"predecessor-version":[{"id":32756,"href":"https:\/\/www.ladiagonale.net\/index.php\/wp-json\/wp\/v2\/posts\/32755\/revisions\/32756"}],"wp:attachment":[{"href":"https:\/\/www.ladiagonale.net\/index.php\/wp-json\/wp\/v2\/media?parent=32755"}],"wp:term":[{"taxonomy":"category","embeddable":true,"href":"https:\/\/www.ladiagonale.net\/index.php\/wp-json\/wp\/v2\/categories?post=32755"},{"taxonomy":"post_tag","embeddable":true,"href":"https:\/\/www.ladiagonale.net\/index.php\/wp-json\/wp\/v2\/tags?post=32755"}],"curies":[{"name":"wp","href":"https:\/\/api.w.org\/{rel}","templated":true}]}}