{"id":32758,"date":"2025-07-29T13:14:54","date_gmt":"2025-07-29T11:14:54","guid":{"rendered":"https:\/\/www.ladiagonale.net\/?p=32758"},"modified":"2025-07-29T13:14:54","modified_gmt":"2025-07-29T11:14:54","slug":"monaco-viserait-un-attaquant-de-salzbourg","status":"publish","type":"post","link":"https:\/\/www.ladiagonale.net\/index.php\/2025\/07\/29\/monaco-viserait-un-attaquant-de-salzbourg\/","title":{"rendered":"Monaco viserait un attaquant de Salzbourg"},"content":{"rendered":"\n\n\n<p>Si le contingent offensif de l&rsquo;AS Monaco a pour l&rsquo;instant \u00e9t\u00e9 soumis \u00e0 peu de changements, avec l&rsquo;arriv\u00e9e d&rsquo;Ansu Fati et le retour de pr\u00eat de Paris Brunner pour seuls mouvements, les prochaines semaines pourraient bien \u00eatre diff\u00e9rentes, surtout si le club de la Principaut\u00e9 envisage de se s\u00e9parer de Sa\u00efmon Bouabr\u00e9 et Eliesse Ben Seghir, tous deux ayant exprim\u00e9 leur envie de s&rsquo;en aller. Les dirigeants mon\u00e9gasques ne pourraient s&rsquo;activer qu&rsquo;en cas de d\u00e9part et une nouvelle piste m\u00e8nerait vers Adam Daghim, un attaquant du RB Salzbourg.<\/p>\n\n\n\n<p>\u00c2g\u00e9 de 19 ans, le compatriote de Mika Biereth peut occuper plusieurs postes sur le front de l&rsquo;attaque et jouer aussi bien comme second attaquant que sur les c\u00f4t\u00e9s. Sous contrat en Autriche jusqu&rsquo;en 2028, il a disput\u00e9 47 rencontres et inscrit six buts la saison derni\u00e8re, et a notamment particip\u00e9 \u00e0 la Coupe du monde des clubs en juin. Mais l&rsquo;international Espoirs danois a d\u00e9j\u00e0 repris la comp\u00e9tition, avec deux rencontres disput\u00e9es en tour pr\u00e9liminaire de Ligue des champions et en Coupe.<\/p>\n","protected":false},"excerpt":{"rendered":"<p>Si le contingent offensif de l&rsquo;AS Monaco a pour l&rsquo;instant \u00e9t\u00e9 soumis \u00e0 peu de changements, avec l&rsquo;arriv\u00e9e d&rsquo;Ansu Fati et le retour de pr\u00eat de Paris Brunner pour seuls mouvements, les prochaines semaines pourraient bien \u00eatre diff\u00e9rentes, surtout si le club de la Principaut\u00e9 envisage de se s\u00e9parer de Sa\u00efmon Bouabr\u00e9 et Eliesse Ben [&#8230;]\n","protected":false},"author":2,"featured_media":0,"comment_status":"open","ping_status":"open","sticky":false,"template":"","format":"standard","meta":[],"categories":[6,1086],"tags":[1096,86,111,110],"yoast_head":"<!-- This site is optimized with the Yoast SEO plugin v19.8 - https:\/\/yoast.com\/wordpress\/plugins\/seo\/ -->\n<title>Monaco viserait un attaquant de Salzbourg - La Diagonale<\/title>\n<meta name=\"robots\" content=\"index, follow, max-snippet:-1, max-image-preview:large, max-video-preview:-1\" \/>\n<link rel=\"canonical\" href=\"https:\/\/www.ladiagonale.net\/index.php\/2025\/07\/29\/monaco-viserait-un-attaquant-de-salzbourg\/\" \/>\n<meta property=\"og:locale\" content=\"fr_FR\" \/>\n<meta property=\"og:type\" content=\"article\" \/>\n<meta property=\"og:title\" content=\"Monaco viserait un attaquant de Salzbourg - La Diagonale\" \/>\n<meta property=\"og:description\" content=\"Si le contingent offensif de l&rsquo;AS Monaco a pour l&rsquo;instant \u00e9t\u00e9 soumis \u00e0 peu de changements, avec l&rsquo;arriv\u00e9e d&rsquo;Ansu Fati et le retour de pr\u00eat de Paris Brunner pour seuls mouvements, les prochaines semaines pourraient bien \u00eatre diff\u00e9rentes, surtout si le club de la Principaut\u00e9 envisage de se s\u00e9parer de Sa\u00efmon Bouabr\u00e9 et Eliesse Ben [...]\" \/>\n<meta property=\"og:url\" content=\"https:\/\/www.ladiagonale.net\/index.php\/2025\/07\/29\/monaco-viserait-un-attaquant-de-salzbourg\/\" \/>\n<meta property=\"og:site_name\" content=\"La Diagonale\" \/>\n<meta property=\"article:published_time\" content=\"2025-07-29T11:14:54+00:00\" \/>\n<meta property=\"og:image\" content=\"https:\/\/www.ladiagonale.net\/wp-content\/uploads\/2025\/07\/Daghim.png\" \/>\n\t<meta property=\"og:image:width\" content=\"1160\" \/>\n\t<meta property=\"og:image:height\" content=\"650\" \/>\n\t<meta property=\"og:image:type\" content=\"image\/png\" \/>\n<meta name=\"author\" content=\"Damien Dellerba\" \/>\n<meta name=\"twitter:card\" content=\"summary_large_image\" \/>\n<meta name=\"twitter:image\" content=\"https:\/\/www.ladiagonale.net\/wp-content\/uploads\/2025\/07\/Daghim.png\" \/>\n<meta name=\"twitter:label1\" content=\"\u00c9crit par\" \/>\n\t<meta name=\"twitter:data1\" content=\"Damien Dellerba\" \/>\n\t<meta name=\"twitter:label2\" content=\"Dur\u00e9e de lecture estim\u00e9e\" \/>\n\t<meta name=\"twitter:data2\" content=\"1 minute\" \/>\n<script type=\"application\/ld+json\" class=\"yoast-schema-graph\">{\"@context\":\"https:\/\/schema.org\",\"@graph\":[{\"@type\":\"WebPage\",\"@id\":\"https:\/\/www.ladiagonale.net\/index.php\/2025\/07\/29\/monaco-viserait-un-attaquant-de-salzbourg\/\",\"url\":\"https:\/\/www.ladiagonale.net\/index.php\/2025\/07\/29\/monaco-viserait-un-attaquant-de-salzbourg\/\",\"name\":\"Monaco viserait un attaquant de Salzbourg - La Diagonale\",\"isPartOf\":{\"@id\":\"https:\/\/www.ladiagonale.net\/#website\"},\"datePublished\":\"2025-07-29T11:14:54+00:00\",\"dateModified\":\"2025-07-29T11:14:54+00:00\",\"author\":{\"@id\":\"https:\/\/www.ladiagonale.net\/#\/schema\/person\/79ff1e7b0853ed01b2aa26e64ad300bf\"},\"breadcrumb\":{\"@id\":\"https:\/\/www.ladiagonale.net\/index.php\/2025\/07\/29\/monaco-viserait-un-attaquant-de-salzbourg\/#breadcrumb\"},\"inLanguage\":\"fr-FR\",\"potentialAction\":[{\"@type\":\"ReadAction\",\"target\":[\"https:\/\/www.ladiagonale.net\/index.php\/2025\/07\/29\/monaco-viserait-un-attaquant-de-salzbourg\/\"]}]},{\"@type\":\"BreadcrumbList\",\"@id\":\"https:\/\/www.ladiagonale.net\/index.php\/2025\/07\/29\/monaco-viserait-un-attaquant-de-salzbourg\/#breadcrumb\",\"itemListElement\":[{\"@type\":\"ListItem\",\"position\":1,\"name\":\"Accueil\",\"item\":\"https:\/\/www.ladiagonale.net\/\"},{\"@type\":\"ListItem\",\"position\":2,\"name\":\"Monaco viserait un attaquant de Salzbourg\"}]},{\"@type\":\"WebSite\",\"@id\":\"https:\/\/www.ladiagonale.net\/#website\",\"url\":\"https:\/\/www.ladiagonale.net\/\",\"name\":\"La Diagonale\",\"description\":\"Le site des supporters de l&#039;AS Monaco FC\",\"potentialAction\":[{\"@type\":\"SearchAction\",\"target\":{\"@type\":\"EntryPoint\",\"urlTemplate\":\"https:\/\/www.ladiagonale.net\/?s={search_term_string}\"},\"query-input\":\"required name=search_term_string\"}],\"inLanguage\":\"fr-FR\"},{\"@type\":\"Person\",\"@id\":\"https:\/\/www.ladiagonale.net\/#\/schema\/person\/79ff1e7b0853ed01b2aa26e64ad300bf\",\"name\":\"Damien Dellerba\",\"image\":{\"@type\":\"ImageObject\",\"inLanguage\":\"fr-FR\",\"@id\":\"https:\/\/www.ladiagonale.net\/#\/schema\/person\/image\/\",\"url\":\"https:\/\/secure.gravatar.com\/avatar\/c7850e06d3ff63cdbaee88b7fc16e2f0?s=96&d=mm&r=g\",\"contentUrl\":\"https:\/\/secure.gravatar.com\/avatar\/c7850e06d3ff63cdbaee88b7fc16e2f0?s=96&d=mm&r=g\",\"caption\":\"Damien Dellerba\"},\"url\":\"https:\/\/www.ladiagonale.net\/index.php\/author\/damien\/\"}]}<\/script>\n<!-- \/ Yoast SEO plugin. -->","yoast_head_json":{"title":"Monaco viserait un attaquant de Salzbourg - La Diagonale","robots":{"index":"index","follow":"follow","max-snippet":"max-snippet:-1","max-image-preview":"max-image-preview:large","max-video-preview":"max-video-preview:-1"},"canonical":"https:\/\/www.ladiagonale.net\/index.php\/2025\/07\/29\/monaco-viserait-un-attaquant-de-salzbourg\/","og_locale":"fr_FR","og_type":"article","og_title":"Monaco viserait un attaquant de Salzbourg - La Diagonale","og_description":"Si le contingent offensif de l&rsquo;AS Monaco a pour l&rsquo;instant \u00e9t\u00e9 soumis \u00e0 peu de changements, avec l&rsquo;arriv\u00e9e d&rsquo;Ansu Fati et le retour de pr\u00eat de Paris Brunner pour seuls mouvements, les prochaines semaines pourraient bien \u00eatre diff\u00e9rentes, surtout si le club de la Principaut\u00e9 envisage de se s\u00e9parer de Sa\u00efmon Bouabr\u00e9 et Eliesse Ben [...]","og_url":"https:\/\/www.ladiagonale.net\/index.php\/2025\/07\/29\/monaco-viserait-un-attaquant-de-salzbourg\/","og_site_name":"La Diagonale","article_published_time":"2025-07-29T11:14:54+00:00","og_image":[{"width":1160,"height":650,"url":"https:\/\/www.ladiagonale.net\/wp-content\/uploads\/2025\/07\/Daghim.png","type":"image\/png"}],"author":"Damien Dellerba","twitter_card":"summary_large_image","twitter_image":"https:\/\/www.ladiagonale.net\/wp-content\/uploads\/2025\/07\/Daghim.png","twitter_misc":{"\u00c9crit par":"Damien Dellerba","Dur\u00e9e de lecture estim\u00e9e":"1 minute"},"schema":{"@context":"https:\/\/schema.org","@graph":[{"@type":"WebPage","@id":"https:\/\/www.ladiagonale.net\/index.php\/2025\/07\/29\/monaco-viserait-un-attaquant-de-salzbourg\/","url":"https:\/\/www.ladiagonale.net\/index.php\/2025\/07\/29\/monaco-viserait-un-attaquant-de-salzbourg\/","name":"Monaco viserait un attaquant de Salzbourg - La Diagonale","isPartOf":{"@id":"https:\/\/www.ladiagonale.net\/#website"},"datePublished":"2025-07-29T11:14:54+00:00","dateModified":"2025-07-29T11:14:54+00:00","author":{"@id":"https:\/\/www.ladiagonale.net\/#\/schema\/person\/79ff1e7b0853ed01b2aa26e64ad300bf"},"breadcrumb":{"@id":"https:\/\/www.ladiagonale.net\/index.php\/2025\/07\/29\/monaco-viserait-un-attaquant-de-salzbourg\/#breadcrumb"},"inLanguage":"fr-FR","potentialAction":[{"@type":"ReadAction","target":["https:\/\/www.ladiagonale.net\/index.php\/2025\/07\/29\/monaco-viserait-un-attaquant-de-salzbourg\/"]}]},{"@type":"BreadcrumbList","@id":"https:\/\/www.ladiagonale.net\/index.php\/2025\/07\/29\/monaco-viserait-un-attaquant-de-salzbourg\/#breadcrumb","itemListElement":[{"@type":"ListItem","position":1,"name":"Accueil","item":"https:\/\/www.ladiagonale.net\/"},{"@type":"ListItem","position":2,"name":"Monaco viserait un attaquant de Salzbourg"}]},{"@type":"WebSite","@id":"https:\/\/www.ladiagonale.net\/#website","url":"https:\/\/www.ladiagonale.net\/","name":"La Diagonale","description":"Le site des supporters de l&#039;AS Monaco FC","potentialAction":[{"@type":"SearchAction","target":{"@type":"EntryPoint","urlTemplate":"https:\/\/www.ladiagonale.net\/?s={search_term_string}"},"query-input":"required name=search_term_string"}],"inLanguage":"fr-FR"},{"@type":"Person","@id":"https:\/\/www.ladiagonale.net\/#\/schema\/person\/79ff1e7b0853ed01b2aa26e64ad300bf","name":"Damien Dellerba","image":{"@type":"ImageObject","inLanguage":"fr-FR","@id":"https:\/\/www.ladiagonale.net\/#\/schema\/person\/image\/","url":"https:\/\/secure.gravatar.com\/avatar\/c7850e06d3ff63cdbaee88b7fc16e2f0?s=96&d=mm&r=g","contentUrl":"https:\/\/secure.gravatar.com\/avatar\/c7850e06d3ff63cdbaee88b7fc16e2f0?s=96&d=mm&r=g","caption":"Damien Dellerba"},"url":"https:\/\/www.ladiagonale.net\/index.php\/author\/damien\/"}]}},"_links":{"self":[{"href":"https:\/\/www.ladiagonale.net\/index.php\/wp-json\/wp\/v2\/posts\/32758"}],"collection":[{"href":"https:\/\/www.ladiagonale.net\/index.php\/wp-json\/wp\/v2\/posts"}],"about":[{"href":"https:\/\/www.ladiagonale.net\/index.php\/wp-json\/wp\/v2\/types\/post"}],"author":[{"embeddable":true,"href":"https:\/\/www.ladiagonale.net\/index.php\/wp-json\/wp\/v2\/users\/2"}],"replies":[{"embeddable":true,"href":"https:\/\/www.ladiagonale.net\/index.php\/wp-json\/wp\/v2\/comments?post=32758"}],"version-history":[{"count":1,"href":"https:\/\/www.ladiagonale.net\/index.php\/wp-json\/wp\/v2\/posts\/32758\/revisions"}],"predecessor-version":[{"id":32787,"href":"https:\/\/www.ladiagonale.net\/index.php\/wp-json\/wp\/v2\/posts\/32758\/revisions\/32787"}],"wp:attachment":[{"href":"https:\/\/www.ladiagonale.net\/index.php\/wp-json\/wp\/v2\/media?parent=32758"}],"wp:term":[{"taxonomy":"category","embeddable":true,"href":"https:\/\/www.ladiagonale.net\/index.php\/wp-json\/wp\/v2\/categories?post=32758"},{"taxonomy":"post_tag","embeddable":true,"href":"https:\/\/www.ladiagonale.net\/index.php\/wp-json\/wp\/v2\/tags?post=32758"}],"curies":[{"name":"wp","href":"https:\/\/api.w.org\/{rel}","templated":true}]}}