{"id":32789,"date":"2025-07-29T14:52:02","date_gmt":"2025-07-29T12:52:02","guid":{"rendered":"https:\/\/www.ladiagonale.net\/?p=32789"},"modified":"2025-07-29T14:52:03","modified_gmt":"2025-07-29T12:52:03","slug":"monaco-et-leverkusen-se-rapprocheraient-pour-hradecky","status":"publish","type":"post","link":"https:\/\/www.ladiagonale.net\/index.php\/2025\/07\/29\/monaco-et-leverkusen-se-rapprocheraient-pour-hradecky\/","title":{"rendered":"Monaco et Leverkusen se rapprocheraient pour Hradecky"},"content":{"rendered":"\n\n\n<p>Apr\u00e8s avoir multipli\u00e9 les pistes pour trouver un gardien num\u00e9ro 1, l&rsquo;AS Monaco semble proche de mettre un terme \u00e0 sa qu\u00eate. Les dirigeants mon\u00e9gasques auraient d\u00e9j\u00e0 un accord avec Lukas Hradecky sur une base salariale de trois millions d&rsquo;euros annuels mais reste encore \u00e0 trouver un arrangement avec le Bayer Leverkusen. Si le club allemand a rejet\u00e9 une premi\u00e8re proposition de deux millions d&rsquo;euros, <em>L&rsquo;\u00c9quipe<\/em> indique que les n\u00e9gociations vont bon train et que les positions entre les deux parties se seraient fortement rapproch\u00e9es. <\/p>\n\n\n\n<p>Leverkusen exigerait quatre millions d&rsquo;euros pour l\u00e2cher son capitaine, m\u00eame si celui-ci \u00e9tait amen\u00e9 \u00e0 devenir la doublure de Mark Flekken, la nouvelle recrue. La saison derni\u00e8re, Hradecky a jou\u00e9 35 matches. Apr\u00e8s sept saisons \u00e0 garder la cage de Leverkusen, notamment lors de l&rsquo;exceptionnelle saison 2023-2024 qui a vu le Bayer r\u00e9aliser le doubl\u00e9 Coupe-Championnat et enregistrer sa seule d\u00e9faite lors de la finale de Ligue Europa (0-3 contre l&rsquo;Atalanta), l&rsquo;International finlandais n&rsquo;avait plus qu&rsquo;un an de contrat.<\/p>\n","protected":false},"excerpt":{"rendered":"<p>Apr\u00e8s avoir multipli\u00e9 les pistes pour trouver un gardien num\u00e9ro 1, l&rsquo;AS Monaco semble proche de mettre un terme \u00e0 sa qu\u00eate. Les dirigeants mon\u00e9gasques auraient d\u00e9j\u00e0 un accord avec Lukas Hradecky sur une base salariale de trois millions d&rsquo;euros annuels mais reste encore \u00e0 trouver un arrangement avec le Bayer Leverkusen. Si le club [&#8230;]\n","protected":false},"author":2,"featured_media":0,"comment_status":"open","ping_status":"open","sticky":false,"template":"","format":"standard","meta":[],"categories":[6,1086],"tags":[86,1094,111,110],"yoast_head":"<!-- This site is optimized with the Yoast SEO plugin v19.8 - https:\/\/yoast.com\/wordpress\/plugins\/seo\/ -->\n<title>Monaco et Leverkusen se rapprocheraient pour Hradecky - La Diagonale<\/title>\n<meta name=\"robots\" content=\"index, follow, max-snippet:-1, max-image-preview:large, max-video-preview:-1\" \/>\n<link rel=\"canonical\" href=\"https:\/\/www.ladiagonale.net\/index.php\/2025\/07\/29\/monaco-et-leverkusen-se-rapprocheraient-pour-hradecky\/\" \/>\n<meta property=\"og:locale\" content=\"fr_FR\" \/>\n<meta property=\"og:type\" content=\"article\" \/>\n<meta property=\"og:title\" content=\"Monaco et Leverkusen se rapprocheraient pour Hradecky - La Diagonale\" \/>\n<meta property=\"og:description\" content=\"Apr\u00e8s avoir multipli\u00e9 les pistes pour trouver un gardien num\u00e9ro 1, l&rsquo;AS Monaco semble proche de mettre un terme \u00e0 sa qu\u00eate. Les dirigeants mon\u00e9gasques auraient d\u00e9j\u00e0 un accord avec Lukas Hradecky sur une base salariale de trois millions d&rsquo;euros annuels mais reste encore \u00e0 trouver un arrangement avec le Bayer Leverkusen. Si le club [...]\" \/>\n<meta property=\"og:url\" content=\"https:\/\/www.ladiagonale.net\/index.php\/2025\/07\/29\/monaco-et-leverkusen-se-rapprocheraient-pour-hradecky\/\" \/>\n<meta property=\"og:site_name\" content=\"La Diagonale\" \/>\n<meta property=\"article:published_time\" content=\"2025-07-29T12:52:02+00:00\" \/>\n<meta property=\"article:modified_time\" content=\"2025-07-29T12:52:03+00:00\" \/>\n<meta property=\"og:image\" content=\"https:\/\/www.ladiagonale.net\/wp-content\/uploads\/2025\/07\/Hradecky.png\" \/>\n\t<meta property=\"og:image:width\" content=\"1160\" \/>\n\t<meta property=\"og:image:height\" content=\"650\" \/>\n\t<meta property=\"og:image:type\" content=\"image\/png\" \/>\n<meta name=\"author\" content=\"Damien Dellerba\" \/>\n<meta name=\"twitter:card\" content=\"summary_large_image\" \/>\n<meta name=\"twitter:image\" content=\"https:\/\/www.ladiagonale.net\/wp-content\/uploads\/2025\/07\/Hradecky.png\" \/>\n<meta name=\"twitter:label1\" content=\"\u00c9crit par\" \/>\n\t<meta name=\"twitter:data1\" content=\"Damien Dellerba\" \/>\n\t<meta name=\"twitter:label2\" content=\"Dur\u00e9e de lecture estim\u00e9e\" \/>\n\t<meta name=\"twitter:data2\" content=\"1 minute\" \/>\n<script type=\"application\/ld+json\" class=\"yoast-schema-graph\">{\"@context\":\"https:\/\/schema.org\",\"@graph\":[{\"@type\":\"WebPage\",\"@id\":\"https:\/\/www.ladiagonale.net\/index.php\/2025\/07\/29\/monaco-et-leverkusen-se-rapprocheraient-pour-hradecky\/\",\"url\":\"https:\/\/www.ladiagonale.net\/index.php\/2025\/07\/29\/monaco-et-leverkusen-se-rapprocheraient-pour-hradecky\/\",\"name\":\"Monaco et Leverkusen se rapprocheraient pour Hradecky - La Diagonale\",\"isPartOf\":{\"@id\":\"https:\/\/www.ladiagonale.net\/#website\"},\"datePublished\":\"2025-07-29T12:52:02+00:00\",\"dateModified\":\"2025-07-29T12:52:03+00:00\",\"author\":{\"@id\":\"https:\/\/www.ladiagonale.net\/#\/schema\/person\/79ff1e7b0853ed01b2aa26e64ad300bf\"},\"breadcrumb\":{\"@id\":\"https:\/\/www.ladiagonale.net\/index.php\/2025\/07\/29\/monaco-et-leverkusen-se-rapprocheraient-pour-hradecky\/#breadcrumb\"},\"inLanguage\":\"fr-FR\",\"potentialAction\":[{\"@type\":\"ReadAction\",\"target\":[\"https:\/\/www.ladiagonale.net\/index.php\/2025\/07\/29\/monaco-et-leverkusen-se-rapprocheraient-pour-hradecky\/\"]}]},{\"@type\":\"BreadcrumbList\",\"@id\":\"https:\/\/www.ladiagonale.net\/index.php\/2025\/07\/29\/monaco-et-leverkusen-se-rapprocheraient-pour-hradecky\/#breadcrumb\",\"itemListElement\":[{\"@type\":\"ListItem\",\"position\":1,\"name\":\"Accueil\",\"item\":\"https:\/\/www.ladiagonale.net\/\"},{\"@type\":\"ListItem\",\"position\":2,\"name\":\"Monaco et Leverkusen se rapprocheraient pour Hradecky\"}]},{\"@type\":\"WebSite\",\"@id\":\"https:\/\/www.ladiagonale.net\/#website\",\"url\":\"https:\/\/www.ladiagonale.net\/\",\"name\":\"La Diagonale\",\"description\":\"Le site des supporters de l&#039;AS Monaco FC\",\"potentialAction\":[{\"@type\":\"SearchAction\",\"target\":{\"@type\":\"EntryPoint\",\"urlTemplate\":\"https:\/\/www.ladiagonale.net\/?s={search_term_string}\"},\"query-input\":\"required name=search_term_string\"}],\"inLanguage\":\"fr-FR\"},{\"@type\":\"Person\",\"@id\":\"https:\/\/www.ladiagonale.net\/#\/schema\/person\/79ff1e7b0853ed01b2aa26e64ad300bf\",\"name\":\"Damien Dellerba\",\"image\":{\"@type\":\"ImageObject\",\"inLanguage\":\"fr-FR\",\"@id\":\"https:\/\/www.ladiagonale.net\/#\/schema\/person\/image\/\",\"url\":\"https:\/\/secure.gravatar.com\/avatar\/c7850e06d3ff63cdbaee88b7fc16e2f0?s=96&d=mm&r=g\",\"contentUrl\":\"https:\/\/secure.gravatar.com\/avatar\/c7850e06d3ff63cdbaee88b7fc16e2f0?s=96&d=mm&r=g\",\"caption\":\"Damien Dellerba\"},\"url\":\"https:\/\/www.ladiagonale.net\/index.php\/author\/damien\/\"}]}<\/script>\n<!-- \/ Yoast SEO plugin. -->","yoast_head_json":{"title":"Monaco et Leverkusen se rapprocheraient pour Hradecky - La Diagonale","robots":{"index":"index","follow":"follow","max-snippet":"max-snippet:-1","max-image-preview":"max-image-preview:large","max-video-preview":"max-video-preview:-1"},"canonical":"https:\/\/www.ladiagonale.net\/index.php\/2025\/07\/29\/monaco-et-leverkusen-se-rapprocheraient-pour-hradecky\/","og_locale":"fr_FR","og_type":"article","og_title":"Monaco et Leverkusen se rapprocheraient pour Hradecky - La Diagonale","og_description":"Apr\u00e8s avoir multipli\u00e9 les pistes pour trouver un gardien num\u00e9ro 1, l&rsquo;AS Monaco semble proche de mettre un terme \u00e0 sa qu\u00eate. Les dirigeants mon\u00e9gasques auraient d\u00e9j\u00e0 un accord avec Lukas Hradecky sur une base salariale de trois millions d&rsquo;euros annuels mais reste encore \u00e0 trouver un arrangement avec le Bayer Leverkusen. Si le club [...]","og_url":"https:\/\/www.ladiagonale.net\/index.php\/2025\/07\/29\/monaco-et-leverkusen-se-rapprocheraient-pour-hradecky\/","og_site_name":"La Diagonale","article_published_time":"2025-07-29T12:52:02+00:00","article_modified_time":"2025-07-29T12:52:03+00:00","og_image":[{"width":1160,"height":650,"url":"https:\/\/www.ladiagonale.net\/wp-content\/uploads\/2025\/07\/Hradecky.png","type":"image\/png"}],"author":"Damien Dellerba","twitter_card":"summary_large_image","twitter_image":"https:\/\/www.ladiagonale.net\/wp-content\/uploads\/2025\/07\/Hradecky.png","twitter_misc":{"\u00c9crit par":"Damien Dellerba","Dur\u00e9e de lecture estim\u00e9e":"1 minute"},"schema":{"@context":"https:\/\/schema.org","@graph":[{"@type":"WebPage","@id":"https:\/\/www.ladiagonale.net\/index.php\/2025\/07\/29\/monaco-et-leverkusen-se-rapprocheraient-pour-hradecky\/","url":"https:\/\/www.ladiagonale.net\/index.php\/2025\/07\/29\/monaco-et-leverkusen-se-rapprocheraient-pour-hradecky\/","name":"Monaco et Leverkusen se rapprocheraient pour Hradecky - La Diagonale","isPartOf":{"@id":"https:\/\/www.ladiagonale.net\/#website"},"datePublished":"2025-07-29T12:52:02+00:00","dateModified":"2025-07-29T12:52:03+00:00","author":{"@id":"https:\/\/www.ladiagonale.net\/#\/schema\/person\/79ff1e7b0853ed01b2aa26e64ad300bf"},"breadcrumb":{"@id":"https:\/\/www.ladiagonale.net\/index.php\/2025\/07\/29\/monaco-et-leverkusen-se-rapprocheraient-pour-hradecky\/#breadcrumb"},"inLanguage":"fr-FR","potentialAction":[{"@type":"ReadAction","target":["https:\/\/www.ladiagonale.net\/index.php\/2025\/07\/29\/monaco-et-leverkusen-se-rapprocheraient-pour-hradecky\/"]}]},{"@type":"BreadcrumbList","@id":"https:\/\/www.ladiagonale.net\/index.php\/2025\/07\/29\/monaco-et-leverkusen-se-rapprocheraient-pour-hradecky\/#breadcrumb","itemListElement":[{"@type":"ListItem","position":1,"name":"Accueil","item":"https:\/\/www.ladiagonale.net\/"},{"@type":"ListItem","position":2,"name":"Monaco et Leverkusen se rapprocheraient pour Hradecky"}]},{"@type":"WebSite","@id":"https:\/\/www.ladiagonale.net\/#website","url":"https:\/\/www.ladiagonale.net\/","name":"La Diagonale","description":"Le site des supporters de l&#039;AS Monaco FC","potentialAction":[{"@type":"SearchAction","target":{"@type":"EntryPoint","urlTemplate":"https:\/\/www.ladiagonale.net\/?s={search_term_string}"},"query-input":"required name=search_term_string"}],"inLanguage":"fr-FR"},{"@type":"Person","@id":"https:\/\/www.ladiagonale.net\/#\/schema\/person\/79ff1e7b0853ed01b2aa26e64ad300bf","name":"Damien Dellerba","image":{"@type":"ImageObject","inLanguage":"fr-FR","@id":"https:\/\/www.ladiagonale.net\/#\/schema\/person\/image\/","url":"https:\/\/secure.gravatar.com\/avatar\/c7850e06d3ff63cdbaee88b7fc16e2f0?s=96&d=mm&r=g","contentUrl":"https:\/\/secure.gravatar.com\/avatar\/c7850e06d3ff63cdbaee88b7fc16e2f0?s=96&d=mm&r=g","caption":"Damien Dellerba"},"url":"https:\/\/www.ladiagonale.net\/index.php\/author\/damien\/"}]}},"_links":{"self":[{"href":"https:\/\/www.ladiagonale.net\/index.php\/wp-json\/wp\/v2\/posts\/32789"}],"collection":[{"href":"https:\/\/www.ladiagonale.net\/index.php\/wp-json\/wp\/v2\/posts"}],"about":[{"href":"https:\/\/www.ladiagonale.net\/index.php\/wp-json\/wp\/v2\/types\/post"}],"author":[{"embeddable":true,"href":"https:\/\/www.ladiagonale.net\/index.php\/wp-json\/wp\/v2\/users\/2"}],"replies":[{"embeddable":true,"href":"https:\/\/www.ladiagonale.net\/index.php\/wp-json\/wp\/v2\/comments?post=32789"}],"version-history":[{"count":1,"href":"https:\/\/www.ladiagonale.net\/index.php\/wp-json\/wp\/v2\/posts\/32789\/revisions"}],"predecessor-version":[{"id":32790,"href":"https:\/\/www.ladiagonale.net\/index.php\/wp-json\/wp\/v2\/posts\/32789\/revisions\/32790"}],"wp:attachment":[{"href":"https:\/\/www.ladiagonale.net\/index.php\/wp-json\/wp\/v2\/media?parent=32789"}],"wp:term":[{"taxonomy":"category","embeddable":true,"href":"https:\/\/www.ladiagonale.net\/index.php\/wp-json\/wp\/v2\/categories?post=32789"},{"taxonomy":"post_tag","embeddable":true,"href":"https:\/\/www.ladiagonale.net\/index.php\/wp-json\/wp\/v2\/tags?post=32789"}],"curies":[{"name":"wp","href":"https:\/\/api.w.org\/{rel}","templated":true}]}}