{"id":32800,"date":"2025-07-30T15:35:52","date_gmt":"2025-07-30T13:35:52","guid":{"rendered":"https:\/\/www.ladiagonale.net\/?p=32800"},"modified":"2025-07-30T15:35:53","modified_gmt":"2025-07-30T13:35:53","slug":"monaco-voudrait-vendre-michal","status":"publish","type":"post","link":"https:\/\/www.ladiagonale.net\/index.php\/2025\/07\/30\/monaco-voudrait-vendre-michal\/","title":{"rendered":"Monaco voudrait vendre Michal"},"content":{"rendered":"\n\n\n<p>Il y a une dizaine de jours, <em>Nice-Matin<\/em> r\u00e9v\u00e9lait les envies de d\u00e9part de Lucas Michal. Le quotidien les a pr\u00e9cis\u00e9es, indiquant que l&rsquo;attaquant de 20 ans privil\u00e9gierait un pr\u00eat, lui qui est sous contrat avec l&rsquo;AS Monaco jusqu&rsquo;en 2029 apr\u00e8s avoir \u00e9t\u00e9 prolong\u00e9 en f\u00e9vrier. Mais le club de la Principaut\u00e9 pourrait envisager les choses diff\u00e9remment et voudrait vendre celui qui compte 14 apparitions en pros, alors que plusieurs clubs de Ligue 1 s&rsquo;int\u00e9resseraient \u00e0 lui.<\/p>\n\n\n\n<p>Durant l&rsquo;hiver, Dunkerque, 4<sup>e<\/sup> du dernier exercice de Ligue 2, avait tent\u00e9 de recruter Michal mais avait \u00e9t\u00e9 \u00e9conduit par l&rsquo;ASM, qui semble donc avoir chang\u00e9 d&rsquo;avis. Sur cette m\u00eame fen\u00eatre de transferts, Monaco pourrait donc perdre deux joueurs, avec Sa\u00efmon Bouabr\u00e9, qu&rsquo;il pensait voir s&rsquo;\u00e9panouir avec lui : \u00ab\u00a0<em>Michal et Bouabr\u00e9 sont pour moi les futurs talents. Ils peuvent suivre la m\u00eame voie qu&rsquo;Eliesse (Ben Seghir) et Maghnes (Akliouche)<\/em>\u00a0\u00bb, disait Adi H\u00fctter plus t\u00f4t dans l&rsquo;ann\u00e9e.<\/p>\n\n\n\n<p>Depuis la reprise, le vainqueur du Tournoi Maurice-Revello avec l&rsquo;\u00e9quipe de France U20 a disput\u00e9 les quatre rencontres de pr\u00e9paration.<\/p>\n","protected":false},"excerpt":{"rendered":"<p>Il y a une dizaine de jours, Nice-Matin r\u00e9v\u00e9lait les envies de d\u00e9part de Lucas Michal. Le quotidien les a pr\u00e9cis\u00e9es, indiquant que l&rsquo;attaquant de 20 ans privil\u00e9gierait un pr\u00eat, lui qui est sous contrat avec l&rsquo;AS Monaco jusqu&rsquo;en 2029 apr\u00e8s avoir \u00e9t\u00e9 prolong\u00e9 en f\u00e9vrier. Mais le club de la Principaut\u00e9 pourrait envisager les [&#8230;]\n","protected":false},"author":2,"featured_media":0,"comment_status":"open","ping_status":"open","sticky":false,"template":"","format":"standard","meta":[],"categories":[6,1086],"tags":[86,543,111,110],"yoast_head":"<!-- This site is optimized with the Yoast SEO plugin v19.8 - https:\/\/yoast.com\/wordpress\/plugins\/seo\/ -->\n<title>Monaco voudrait vendre Michal - La Diagonale<\/title>\n<meta name=\"robots\" content=\"index, follow, max-snippet:-1, max-image-preview:large, max-video-preview:-1\" \/>\n<link rel=\"canonical\" href=\"https:\/\/www.ladiagonale.net\/index.php\/2025\/07\/30\/monaco-voudrait-vendre-michal\/\" \/>\n<meta property=\"og:locale\" content=\"fr_FR\" \/>\n<meta property=\"og:type\" content=\"article\" \/>\n<meta property=\"og:title\" content=\"Monaco voudrait vendre Michal - La Diagonale\" \/>\n<meta property=\"og:description\" content=\"Il y a une dizaine de jours, Nice-Matin r\u00e9v\u00e9lait les envies de d\u00e9part de Lucas Michal. Le quotidien les a pr\u00e9cis\u00e9es, indiquant que l&rsquo;attaquant de 20 ans privil\u00e9gierait un pr\u00eat, lui qui est sous contrat avec l&rsquo;AS Monaco jusqu&rsquo;en 2029 apr\u00e8s avoir \u00e9t\u00e9 prolong\u00e9 en f\u00e9vrier. Mais le club de la Principaut\u00e9 pourrait envisager les [...]\" \/>\n<meta property=\"og:url\" content=\"https:\/\/www.ladiagonale.net\/index.php\/2025\/07\/30\/monaco-voudrait-vendre-michal\/\" \/>\n<meta property=\"og:site_name\" content=\"La Diagonale\" \/>\n<meta property=\"article:published_time\" content=\"2025-07-30T13:35:52+00:00\" \/>\n<meta property=\"article:modified_time\" content=\"2025-07-30T13:35:53+00:00\" \/>\n<meta property=\"og:image\" content=\"https:\/\/www.ladiagonale.net\/wp-content\/uploads\/2024\/11\/Michal-YL.png\" \/>\n\t<meta property=\"og:image:width\" content=\"1160\" \/>\n\t<meta property=\"og:image:height\" content=\"650\" \/>\n\t<meta property=\"og:image:type\" content=\"image\/png\" \/>\n<meta name=\"author\" content=\"Damien Dellerba\" \/>\n<meta name=\"twitter:card\" content=\"summary_large_image\" \/>\n<meta name=\"twitter:image\" content=\"https:\/\/www.ladiagonale.net\/wp-content\/uploads\/2024\/11\/Michal-YL.png\" \/>\n<meta name=\"twitter:label1\" content=\"\u00c9crit par\" \/>\n\t<meta name=\"twitter:data1\" content=\"Damien Dellerba\" \/>\n\t<meta name=\"twitter:label2\" content=\"Dur\u00e9e de lecture estim\u00e9e\" \/>\n\t<meta name=\"twitter:data2\" content=\"1 minute\" \/>\n<script type=\"application\/ld+json\" class=\"yoast-schema-graph\">{\"@context\":\"https:\/\/schema.org\",\"@graph\":[{\"@type\":\"WebPage\",\"@id\":\"https:\/\/www.ladiagonale.net\/index.php\/2025\/07\/30\/monaco-voudrait-vendre-michal\/\",\"url\":\"https:\/\/www.ladiagonale.net\/index.php\/2025\/07\/30\/monaco-voudrait-vendre-michal\/\",\"name\":\"Monaco voudrait vendre Michal - La Diagonale\",\"isPartOf\":{\"@id\":\"https:\/\/www.ladiagonale.net\/#website\"},\"datePublished\":\"2025-07-30T13:35:52+00:00\",\"dateModified\":\"2025-07-30T13:35:53+00:00\",\"author\":{\"@id\":\"https:\/\/www.ladiagonale.net\/#\/schema\/person\/79ff1e7b0853ed01b2aa26e64ad300bf\"},\"breadcrumb\":{\"@id\":\"https:\/\/www.ladiagonale.net\/index.php\/2025\/07\/30\/monaco-voudrait-vendre-michal\/#breadcrumb\"},\"inLanguage\":\"fr-FR\",\"potentialAction\":[{\"@type\":\"ReadAction\",\"target\":[\"https:\/\/www.ladiagonale.net\/index.php\/2025\/07\/30\/monaco-voudrait-vendre-michal\/\"]}]},{\"@type\":\"BreadcrumbList\",\"@id\":\"https:\/\/www.ladiagonale.net\/index.php\/2025\/07\/30\/monaco-voudrait-vendre-michal\/#breadcrumb\",\"itemListElement\":[{\"@type\":\"ListItem\",\"position\":1,\"name\":\"Accueil\",\"item\":\"https:\/\/www.ladiagonale.net\/\"},{\"@type\":\"ListItem\",\"position\":2,\"name\":\"Monaco voudrait vendre Michal\"}]},{\"@type\":\"WebSite\",\"@id\":\"https:\/\/www.ladiagonale.net\/#website\",\"url\":\"https:\/\/www.ladiagonale.net\/\",\"name\":\"La Diagonale\",\"description\":\"Le site des supporters de l&#039;AS Monaco FC\",\"potentialAction\":[{\"@type\":\"SearchAction\",\"target\":{\"@type\":\"EntryPoint\",\"urlTemplate\":\"https:\/\/www.ladiagonale.net\/?s={search_term_string}\"},\"query-input\":\"required name=search_term_string\"}],\"inLanguage\":\"fr-FR\"},{\"@type\":\"Person\",\"@id\":\"https:\/\/www.ladiagonale.net\/#\/schema\/person\/79ff1e7b0853ed01b2aa26e64ad300bf\",\"name\":\"Damien Dellerba\",\"image\":{\"@type\":\"ImageObject\",\"inLanguage\":\"fr-FR\",\"@id\":\"https:\/\/www.ladiagonale.net\/#\/schema\/person\/image\/\",\"url\":\"https:\/\/secure.gravatar.com\/avatar\/c7850e06d3ff63cdbaee88b7fc16e2f0?s=96&d=mm&r=g\",\"contentUrl\":\"https:\/\/secure.gravatar.com\/avatar\/c7850e06d3ff63cdbaee88b7fc16e2f0?s=96&d=mm&r=g\",\"caption\":\"Damien Dellerba\"},\"url\":\"https:\/\/www.ladiagonale.net\/index.php\/author\/damien\/\"}]}<\/script>\n<!-- \/ Yoast SEO plugin. -->","yoast_head_json":{"title":"Monaco voudrait vendre Michal - La Diagonale","robots":{"index":"index","follow":"follow","max-snippet":"max-snippet:-1","max-image-preview":"max-image-preview:large","max-video-preview":"max-video-preview:-1"},"canonical":"https:\/\/www.ladiagonale.net\/index.php\/2025\/07\/30\/monaco-voudrait-vendre-michal\/","og_locale":"fr_FR","og_type":"article","og_title":"Monaco voudrait vendre Michal - La Diagonale","og_description":"Il y a une dizaine de jours, Nice-Matin r\u00e9v\u00e9lait les envies de d\u00e9part de Lucas Michal. Le quotidien les a pr\u00e9cis\u00e9es, indiquant que l&rsquo;attaquant de 20 ans privil\u00e9gierait un pr\u00eat, lui qui est sous contrat avec l&rsquo;AS Monaco jusqu&rsquo;en 2029 apr\u00e8s avoir \u00e9t\u00e9 prolong\u00e9 en f\u00e9vrier. Mais le club de la Principaut\u00e9 pourrait envisager les [...]","og_url":"https:\/\/www.ladiagonale.net\/index.php\/2025\/07\/30\/monaco-voudrait-vendre-michal\/","og_site_name":"La Diagonale","article_published_time":"2025-07-30T13:35:52+00:00","article_modified_time":"2025-07-30T13:35:53+00:00","og_image":[{"width":1160,"height":650,"url":"https:\/\/www.ladiagonale.net\/wp-content\/uploads\/2024\/11\/Michal-YL.png","type":"image\/png"}],"author":"Damien Dellerba","twitter_card":"summary_large_image","twitter_image":"https:\/\/www.ladiagonale.net\/wp-content\/uploads\/2024\/11\/Michal-YL.png","twitter_misc":{"\u00c9crit par":"Damien Dellerba","Dur\u00e9e de lecture estim\u00e9e":"1 minute"},"schema":{"@context":"https:\/\/schema.org","@graph":[{"@type":"WebPage","@id":"https:\/\/www.ladiagonale.net\/index.php\/2025\/07\/30\/monaco-voudrait-vendre-michal\/","url":"https:\/\/www.ladiagonale.net\/index.php\/2025\/07\/30\/monaco-voudrait-vendre-michal\/","name":"Monaco voudrait vendre Michal - La Diagonale","isPartOf":{"@id":"https:\/\/www.ladiagonale.net\/#website"},"datePublished":"2025-07-30T13:35:52+00:00","dateModified":"2025-07-30T13:35:53+00:00","author":{"@id":"https:\/\/www.ladiagonale.net\/#\/schema\/person\/79ff1e7b0853ed01b2aa26e64ad300bf"},"breadcrumb":{"@id":"https:\/\/www.ladiagonale.net\/index.php\/2025\/07\/30\/monaco-voudrait-vendre-michal\/#breadcrumb"},"inLanguage":"fr-FR","potentialAction":[{"@type":"ReadAction","target":["https:\/\/www.ladiagonale.net\/index.php\/2025\/07\/30\/monaco-voudrait-vendre-michal\/"]}]},{"@type":"BreadcrumbList","@id":"https:\/\/www.ladiagonale.net\/index.php\/2025\/07\/30\/monaco-voudrait-vendre-michal\/#breadcrumb","itemListElement":[{"@type":"ListItem","position":1,"name":"Accueil","item":"https:\/\/www.ladiagonale.net\/"},{"@type":"ListItem","position":2,"name":"Monaco voudrait vendre Michal"}]},{"@type":"WebSite","@id":"https:\/\/www.ladiagonale.net\/#website","url":"https:\/\/www.ladiagonale.net\/","name":"La Diagonale","description":"Le site des supporters de l&#039;AS Monaco FC","potentialAction":[{"@type":"SearchAction","target":{"@type":"EntryPoint","urlTemplate":"https:\/\/www.ladiagonale.net\/?s={search_term_string}"},"query-input":"required name=search_term_string"}],"inLanguage":"fr-FR"},{"@type":"Person","@id":"https:\/\/www.ladiagonale.net\/#\/schema\/person\/79ff1e7b0853ed01b2aa26e64ad300bf","name":"Damien Dellerba","image":{"@type":"ImageObject","inLanguage":"fr-FR","@id":"https:\/\/www.ladiagonale.net\/#\/schema\/person\/image\/","url":"https:\/\/secure.gravatar.com\/avatar\/c7850e06d3ff63cdbaee88b7fc16e2f0?s=96&d=mm&r=g","contentUrl":"https:\/\/secure.gravatar.com\/avatar\/c7850e06d3ff63cdbaee88b7fc16e2f0?s=96&d=mm&r=g","caption":"Damien Dellerba"},"url":"https:\/\/www.ladiagonale.net\/index.php\/author\/damien\/"}]}},"_links":{"self":[{"href":"https:\/\/www.ladiagonale.net\/index.php\/wp-json\/wp\/v2\/posts\/32800"}],"collection":[{"href":"https:\/\/www.ladiagonale.net\/index.php\/wp-json\/wp\/v2\/posts"}],"about":[{"href":"https:\/\/www.ladiagonale.net\/index.php\/wp-json\/wp\/v2\/types\/post"}],"author":[{"embeddable":true,"href":"https:\/\/www.ladiagonale.net\/index.php\/wp-json\/wp\/v2\/users\/2"}],"replies":[{"embeddable":true,"href":"https:\/\/www.ladiagonale.net\/index.php\/wp-json\/wp\/v2\/comments?post=32800"}],"version-history":[{"count":1,"href":"https:\/\/www.ladiagonale.net\/index.php\/wp-json\/wp\/v2\/posts\/32800\/revisions"}],"predecessor-version":[{"id":32801,"href":"https:\/\/www.ladiagonale.net\/index.php\/wp-json\/wp\/v2\/posts\/32800\/revisions\/32801"}],"wp:attachment":[{"href":"https:\/\/www.ladiagonale.net\/index.php\/wp-json\/wp\/v2\/media?parent=32800"}],"wp:term":[{"taxonomy":"category","embeddable":true,"href":"https:\/\/www.ladiagonale.net\/index.php\/wp-json\/wp\/v2\/categories?post=32800"},{"taxonomy":"post_tag","embeddable":true,"href":"https:\/\/www.ladiagonale.net\/index.php\/wp-json\/wp\/v2\/tags?post=32800"}],"curies":[{"name":"wp","href":"https:\/\/api.w.org\/{rel}","templated":true}]}}