{"id":32808,"date":"2025-07-30T19:10:49","date_gmt":"2025-07-30T17:10:49","guid":{"rendered":"https:\/\/www.ladiagonale.net\/?p=32808"},"modified":"2025-07-30T23:18:58","modified_gmt":"2025-07-30T21:18:58","slug":"un-adjoint-dedie-aux-coups-de-pied-arretes-recrute","status":"publish","type":"post","link":"https:\/\/www.ladiagonale.net\/index.php\/2025\/07\/30\/un-adjoint-dedie-aux-coups-de-pied-arretes-recrute\/","title":{"rendered":"Un adjoint d\u00e9di\u00e9 aux coups de pied arr\u00eat\u00e9s recrut\u00e9"},"content":{"rendered":"\n<p>L\u2019AS Monaco renforce son staff technique. Le club de la Principaut\u00e9 a fait signer Abel Lorincz en provenance de Valenciennes, pensionnaire de National. Le Hongrois de 36 ans, pr\u00e9sent au sein du staff nordiste depuis l\u2019\u00e9t\u00e9 2024, a rejoint l\u2019ASM cette semaine pour prendre en charge le travail sp\u00e9cifique des coups de pied arr\u00eat\u00e9s. Il a lui-m\u00eame annonc\u00e9 son arriv\u00e9e au club dans un post sur son compte <em>Facebook<\/em>.<\/p>\n\n\n\n<p>La saison derni\u00e8re, l\u2019ASM s\u2019\u00e9tait montr\u00e9 particuli\u00e8rement performante dans ce domaine, d\u00e9bloquant de nombreuses situations gr\u00e2ce aux coups de pied arr\u00eat\u00e9s. En Ligue 1, elle avait inscrit 10 buts de cette fa\u00e7on, ce qui en faisait la 5<sup>e<\/sup> meilleure \u00e9quipe du championnat. Dans leur propre surface, les Rouge et Blanc n\u2019avaient encaiss\u00e9 que six buts (4<sup>e<\/sup> total le plus faible). \u00c0 plusieurs reprises, Adi H\u00fctter avait insist\u00e9 sur l&rsquo;importance de cet aspect du jeu pour faire des diff\u00e9rences<\/p>\n\n\n","protected":false},"excerpt":{"rendered":"<p>L\u2019AS Monaco renforce son staff technique. Le club de la Principaut\u00e9 a fait signer Abel Lorincz en provenance de Valenciennes, pensionnaire de National. Le Hongrois de 36 ans, pr\u00e9sent au sein du staff nordiste depuis l\u2019\u00e9t\u00e9 2024, a rejoint l\u2019ASM cette semaine pour prendre en charge le travail sp\u00e9cifique des coups de pied arr\u00eat\u00e9s. Il [&#8230;]\n","protected":false},"author":2,"featured_media":0,"comment_status":"open","ping_status":"open","sticky":false,"template":"","format":"standard","meta":[],"categories":[6,1004],"tags":[1097,86,187],"yoast_head":"<!-- This site is optimized with the Yoast SEO plugin v19.8 - https:\/\/yoast.com\/wordpress\/plugins\/seo\/ -->\n<title>Un adjoint d\u00e9di\u00e9 aux coups de pied arr\u00eat\u00e9s recrut\u00e9 - La Diagonale<\/title>\n<meta name=\"robots\" content=\"index, follow, max-snippet:-1, max-image-preview:large, max-video-preview:-1\" \/>\n<link rel=\"canonical\" href=\"https:\/\/www.ladiagonale.net\/index.php\/2025\/07\/30\/un-adjoint-dedie-aux-coups-de-pied-arretes-recrute\/\" \/>\n<meta property=\"og:locale\" content=\"fr_FR\" \/>\n<meta property=\"og:type\" content=\"article\" \/>\n<meta property=\"og:title\" content=\"Un adjoint d\u00e9di\u00e9 aux coups de pied arr\u00eat\u00e9s recrut\u00e9 - La Diagonale\" \/>\n<meta property=\"og:description\" content=\"L\u2019AS Monaco renforce son staff technique. Le club de la Principaut\u00e9 a fait signer Abel Lorincz en provenance de Valenciennes, pensionnaire de National. Le Hongrois de 36 ans, pr\u00e9sent au sein du staff nordiste depuis l\u2019\u00e9t\u00e9 2024, a rejoint l\u2019ASM cette semaine pour prendre en charge le travail sp\u00e9cifique des coups de pied arr\u00eat\u00e9s. Il [...]\" \/>\n<meta property=\"og:url\" content=\"https:\/\/www.ladiagonale.net\/index.php\/2025\/07\/30\/un-adjoint-dedie-aux-coups-de-pied-arretes-recrute\/\" \/>\n<meta property=\"og:site_name\" content=\"La Diagonale\" \/>\n<meta property=\"article:published_time\" content=\"2025-07-30T17:10:49+00:00\" \/>\n<meta property=\"article:modified_time\" content=\"2025-07-30T21:18:58+00:00\" \/>\n<meta property=\"og:image\" content=\"https:\/\/www.ladiagonale.net\/wp-content\/uploads\/2025\/07\/Lorincz.png\" \/>\n\t<meta property=\"og:image:width\" content=\"1160\" \/>\n\t<meta property=\"og:image:height\" content=\"650\" \/>\n\t<meta property=\"og:image:type\" content=\"image\/png\" \/>\n<meta name=\"author\" content=\"Damien Dellerba\" \/>\n<meta name=\"twitter:card\" content=\"summary_large_image\" \/>\n<meta name=\"twitter:image\" content=\"https:\/\/www.ladiagonale.net\/wp-content\/uploads\/2025\/07\/Lorincz.png\" \/>\n<meta name=\"twitter:label1\" content=\"\u00c9crit par\" \/>\n\t<meta name=\"twitter:data1\" content=\"Damien Dellerba\" \/>\n\t<meta name=\"twitter:label2\" content=\"Dur\u00e9e de lecture estim\u00e9e\" \/>\n\t<meta name=\"twitter:data2\" content=\"1 minute\" \/>\n<script type=\"application\/ld+json\" class=\"yoast-schema-graph\">{\"@context\":\"https:\/\/schema.org\",\"@graph\":[{\"@type\":\"WebPage\",\"@id\":\"https:\/\/www.ladiagonale.net\/index.php\/2025\/07\/30\/un-adjoint-dedie-aux-coups-de-pied-arretes-recrute\/\",\"url\":\"https:\/\/www.ladiagonale.net\/index.php\/2025\/07\/30\/un-adjoint-dedie-aux-coups-de-pied-arretes-recrute\/\",\"name\":\"Un adjoint d\u00e9di\u00e9 aux coups de pied arr\u00eat\u00e9s recrut\u00e9 - La Diagonale\",\"isPartOf\":{\"@id\":\"https:\/\/www.ladiagonale.net\/#website\"},\"datePublished\":\"2025-07-30T17:10:49+00:00\",\"dateModified\":\"2025-07-30T21:18:58+00:00\",\"author\":{\"@id\":\"https:\/\/www.ladiagonale.net\/#\/schema\/person\/79ff1e7b0853ed01b2aa26e64ad300bf\"},\"breadcrumb\":{\"@id\":\"https:\/\/www.ladiagonale.net\/index.php\/2025\/07\/30\/un-adjoint-dedie-aux-coups-de-pied-arretes-recrute\/#breadcrumb\"},\"inLanguage\":\"fr-FR\",\"potentialAction\":[{\"@type\":\"ReadAction\",\"target\":[\"https:\/\/www.ladiagonale.net\/index.php\/2025\/07\/30\/un-adjoint-dedie-aux-coups-de-pied-arretes-recrute\/\"]}]},{\"@type\":\"BreadcrumbList\",\"@id\":\"https:\/\/www.ladiagonale.net\/index.php\/2025\/07\/30\/un-adjoint-dedie-aux-coups-de-pied-arretes-recrute\/#breadcrumb\",\"itemListElement\":[{\"@type\":\"ListItem\",\"position\":1,\"name\":\"Accueil\",\"item\":\"https:\/\/www.ladiagonale.net\/\"},{\"@type\":\"ListItem\",\"position\":2,\"name\":\"Un adjoint d\u00e9di\u00e9 aux coups de pied arr\u00eat\u00e9s recrut\u00e9\"}]},{\"@type\":\"WebSite\",\"@id\":\"https:\/\/www.ladiagonale.net\/#website\",\"url\":\"https:\/\/www.ladiagonale.net\/\",\"name\":\"La Diagonale\",\"description\":\"Le site des supporters de l&#039;AS Monaco FC\",\"potentialAction\":[{\"@type\":\"SearchAction\",\"target\":{\"@type\":\"EntryPoint\",\"urlTemplate\":\"https:\/\/www.ladiagonale.net\/?s={search_term_string}\"},\"query-input\":\"required name=search_term_string\"}],\"inLanguage\":\"fr-FR\"},{\"@type\":\"Person\",\"@id\":\"https:\/\/www.ladiagonale.net\/#\/schema\/person\/79ff1e7b0853ed01b2aa26e64ad300bf\",\"name\":\"Damien Dellerba\",\"image\":{\"@type\":\"ImageObject\",\"inLanguage\":\"fr-FR\",\"@id\":\"https:\/\/www.ladiagonale.net\/#\/schema\/person\/image\/\",\"url\":\"https:\/\/secure.gravatar.com\/avatar\/c7850e06d3ff63cdbaee88b7fc16e2f0?s=96&d=mm&r=g\",\"contentUrl\":\"https:\/\/secure.gravatar.com\/avatar\/c7850e06d3ff63cdbaee88b7fc16e2f0?s=96&d=mm&r=g\",\"caption\":\"Damien Dellerba\"},\"url\":\"https:\/\/www.ladiagonale.net\/index.php\/author\/damien\/\"}]}<\/script>\n<!-- \/ Yoast SEO plugin. -->","yoast_head_json":{"title":"Un adjoint d\u00e9di\u00e9 aux coups de pied arr\u00eat\u00e9s recrut\u00e9 - La Diagonale","robots":{"index":"index","follow":"follow","max-snippet":"max-snippet:-1","max-image-preview":"max-image-preview:large","max-video-preview":"max-video-preview:-1"},"canonical":"https:\/\/www.ladiagonale.net\/index.php\/2025\/07\/30\/un-adjoint-dedie-aux-coups-de-pied-arretes-recrute\/","og_locale":"fr_FR","og_type":"article","og_title":"Un adjoint d\u00e9di\u00e9 aux coups de pied arr\u00eat\u00e9s recrut\u00e9 - La Diagonale","og_description":"L\u2019AS Monaco renforce son staff technique. Le club de la Principaut\u00e9 a fait signer Abel Lorincz en provenance de Valenciennes, pensionnaire de National. Le Hongrois de 36 ans, pr\u00e9sent au sein du staff nordiste depuis l\u2019\u00e9t\u00e9 2024, a rejoint l\u2019ASM cette semaine pour prendre en charge le travail sp\u00e9cifique des coups de pied arr\u00eat\u00e9s. Il [...]","og_url":"https:\/\/www.ladiagonale.net\/index.php\/2025\/07\/30\/un-adjoint-dedie-aux-coups-de-pied-arretes-recrute\/","og_site_name":"La Diagonale","article_published_time":"2025-07-30T17:10:49+00:00","article_modified_time":"2025-07-30T21:18:58+00:00","og_image":[{"width":1160,"height":650,"url":"https:\/\/www.ladiagonale.net\/wp-content\/uploads\/2025\/07\/Lorincz.png","type":"image\/png"}],"author":"Damien Dellerba","twitter_card":"summary_large_image","twitter_image":"https:\/\/www.ladiagonale.net\/wp-content\/uploads\/2025\/07\/Lorincz.png","twitter_misc":{"\u00c9crit par":"Damien Dellerba","Dur\u00e9e de lecture estim\u00e9e":"1 minute"},"schema":{"@context":"https:\/\/schema.org","@graph":[{"@type":"WebPage","@id":"https:\/\/www.ladiagonale.net\/index.php\/2025\/07\/30\/un-adjoint-dedie-aux-coups-de-pied-arretes-recrute\/","url":"https:\/\/www.ladiagonale.net\/index.php\/2025\/07\/30\/un-adjoint-dedie-aux-coups-de-pied-arretes-recrute\/","name":"Un adjoint d\u00e9di\u00e9 aux coups de pied arr\u00eat\u00e9s recrut\u00e9 - La Diagonale","isPartOf":{"@id":"https:\/\/www.ladiagonale.net\/#website"},"datePublished":"2025-07-30T17:10:49+00:00","dateModified":"2025-07-30T21:18:58+00:00","author":{"@id":"https:\/\/www.ladiagonale.net\/#\/schema\/person\/79ff1e7b0853ed01b2aa26e64ad300bf"},"breadcrumb":{"@id":"https:\/\/www.ladiagonale.net\/index.php\/2025\/07\/30\/un-adjoint-dedie-aux-coups-de-pied-arretes-recrute\/#breadcrumb"},"inLanguage":"fr-FR","potentialAction":[{"@type":"ReadAction","target":["https:\/\/www.ladiagonale.net\/index.php\/2025\/07\/30\/un-adjoint-dedie-aux-coups-de-pied-arretes-recrute\/"]}]},{"@type":"BreadcrumbList","@id":"https:\/\/www.ladiagonale.net\/index.php\/2025\/07\/30\/un-adjoint-dedie-aux-coups-de-pied-arretes-recrute\/#breadcrumb","itemListElement":[{"@type":"ListItem","position":1,"name":"Accueil","item":"https:\/\/www.ladiagonale.net\/"},{"@type":"ListItem","position":2,"name":"Un adjoint d\u00e9di\u00e9 aux coups de pied arr\u00eat\u00e9s recrut\u00e9"}]},{"@type":"WebSite","@id":"https:\/\/www.ladiagonale.net\/#website","url":"https:\/\/www.ladiagonale.net\/","name":"La Diagonale","description":"Le site des supporters de l&#039;AS Monaco FC","potentialAction":[{"@type":"SearchAction","target":{"@type":"EntryPoint","urlTemplate":"https:\/\/www.ladiagonale.net\/?s={search_term_string}"},"query-input":"required name=search_term_string"}],"inLanguage":"fr-FR"},{"@type":"Person","@id":"https:\/\/www.ladiagonale.net\/#\/schema\/person\/79ff1e7b0853ed01b2aa26e64ad300bf","name":"Damien Dellerba","image":{"@type":"ImageObject","inLanguage":"fr-FR","@id":"https:\/\/www.ladiagonale.net\/#\/schema\/person\/image\/","url":"https:\/\/secure.gravatar.com\/avatar\/c7850e06d3ff63cdbaee88b7fc16e2f0?s=96&d=mm&r=g","contentUrl":"https:\/\/secure.gravatar.com\/avatar\/c7850e06d3ff63cdbaee88b7fc16e2f0?s=96&d=mm&r=g","caption":"Damien Dellerba"},"url":"https:\/\/www.ladiagonale.net\/index.php\/author\/damien\/"}]}},"_links":{"self":[{"href":"https:\/\/www.ladiagonale.net\/index.php\/wp-json\/wp\/v2\/posts\/32808"}],"collection":[{"href":"https:\/\/www.ladiagonale.net\/index.php\/wp-json\/wp\/v2\/posts"}],"about":[{"href":"https:\/\/www.ladiagonale.net\/index.php\/wp-json\/wp\/v2\/types\/post"}],"author":[{"embeddable":true,"href":"https:\/\/www.ladiagonale.net\/index.php\/wp-json\/wp\/v2\/users\/2"}],"replies":[{"embeddable":true,"href":"https:\/\/www.ladiagonale.net\/index.php\/wp-json\/wp\/v2\/comments?post=32808"}],"version-history":[{"count":3,"href":"https:\/\/www.ladiagonale.net\/index.php\/wp-json\/wp\/v2\/posts\/32808\/revisions"}],"predecessor-version":[{"id":32819,"href":"https:\/\/www.ladiagonale.net\/index.php\/wp-json\/wp\/v2\/posts\/32808\/revisions\/32819"}],"wp:attachment":[{"href":"https:\/\/www.ladiagonale.net\/index.php\/wp-json\/wp\/v2\/media?parent=32808"}],"wp:term":[{"taxonomy":"category","embeddable":true,"href":"https:\/\/www.ladiagonale.net\/index.php\/wp-json\/wp\/v2\/categories?post=32808"},{"taxonomy":"post_tag","embeddable":true,"href":"https:\/\/www.ladiagonale.net\/index.php\/wp-json\/wp\/v2\/tags?post=32808"}],"curies":[{"name":"wp","href":"https:\/\/api.w.org\/{rel}","templated":true}]}}