{"id":32812,"date":"2025-07-30T21:47:51","date_gmt":"2025-07-30T19:47:51","guid":{"rendered":"https:\/\/www.ladiagonale.net\/?p=32812"},"modified":"2025-07-30T23:33:30","modified_gmt":"2025-07-30T21:33:30","slug":"monaco-bat-le-torino-et-monte-en-puissance","status":"publish","type":"post","link":"https:\/\/www.ladiagonale.net\/index.php\/2025\/07\/30\/monaco-bat-le-torino-et-monte-en-puissance\/","title":{"rendered":"Monaco bat le Torino et monte en puissance"},"content":{"rendered":"\n<p>C\u2019est avec une \u00e9quipe compos\u00e9e de nombreux potentiels titulaires que l\u2019AS Monaco a disput\u00e9 la premi\u00e8re de ses deux confrontations contre le Torino, mercredi soir. Les hommes d\u2019Adi H\u00fctter ont remport\u00e9 la premi\u00e8re manche (3-1) gr\u00e2ce \u00e0 des r\u00e9alisations de Mika Biereth, Lamine Camara et Aleksandr Golovin. C\u2019\u00e9tait pourtant la formation italienne qui avait ouvert le score tr\u00e8s t\u00f4t dans le match par Gineitis (6e), devenant ainsi la premi\u00e8re \u00e9quipe \u00e0 inscrire un but contre l\u2019ASM dans cette pr\u00e9paration estivale.<\/p>\n\n\n\n<p>Malgr\u00e9 ce but encaiss\u00e9, les Mon\u00e9gasques se sont rapidement remobilis\u00e9s et ont accul\u00e9 les Turinois, avec une nette possession et le contr\u00f4le du ballon. Le score aurait pu \u00eatre plus large avec des actions franches en fin de partie pour George Ilenikhena, qui a disput\u00e9 ses premi\u00e8res minutes en amical, et Maghnes Akliouche. <\/p>\n\n\n\n<p>Contrairement aux quatre premiers matches de la pr\u00e9paration, H\u00fctter a effectu\u00e9 une faible rotation, permettant \u00e0 la majorit\u00e9 du 11 d\u2019effectuer 90 minutes et de favoriser la mont\u00e9e en puissance de ses hommes sur le plan physique. La m\u00eame chose attendra l\u2019\u00e9quipe qui affrontera de nouveau le <em>Toro<\/em> jeudi matin (10h30).<\/p>\n\n\n\n<p><strong>Composition : <\/strong>Majecki &#8211; Vanderson (Diatta, 75e), Dier, Kehrer, C. Henrique &#8211; Akliouche, Zakaria (cap.) (Cabral, 86e), Camara, Golovin &#8211; Brunner (Ilenikhena, 75e), Biereth.<\/p>\n","protected":false},"excerpt":{"rendered":"<p>C\u2019est avec une \u00e9quipe compos\u00e9e de nombreux potentiels titulaires que l\u2019AS Monaco a disput\u00e9 la premi\u00e8re de ses deux confrontations contre le Torino, mercredi soir. Les hommes d\u2019Adi H\u00fctter ont remport\u00e9 la premi\u00e8re manche (3-1) gr\u00e2ce \u00e0 des r\u00e9alisations de Mika Biereth, Lamine Camara et Aleksandr Golovin. C\u2019\u00e9tait pourtant la formation italienne qui avait ouvert [&#8230;]\n","protected":false},"author":2,"featured_media":32821,"comment_status":"closed","ping_status":"open","sticky":false,"template":"","format":"standard","meta":[],"categories":[5,6],"tags":[87,86,592],"yoast_head":"<!-- This site is optimized with the Yoast SEO plugin v19.8 - https:\/\/yoast.com\/wordpress\/plugins\/seo\/ -->\n<title>Monaco bat le Torino et monte en puissance - La Diagonale<\/title>\n<meta name=\"robots\" content=\"index, follow, max-snippet:-1, max-image-preview:large, max-video-preview:-1\" \/>\n<link rel=\"canonical\" href=\"https:\/\/www.ladiagonale.net\/index.php\/2025\/07\/30\/monaco-bat-le-torino-et-monte-en-puissance\/\" \/>\n<meta property=\"og:locale\" content=\"fr_FR\" \/>\n<meta property=\"og:type\" content=\"article\" \/>\n<meta property=\"og:title\" content=\"Monaco bat le Torino et monte en puissance - La Diagonale\" \/>\n<meta property=\"og:description\" content=\"C\u2019est avec une \u00e9quipe compos\u00e9e de nombreux potentiels titulaires que l\u2019AS Monaco a disput\u00e9 la premi\u00e8re de ses deux confrontations contre le Torino, mercredi soir. Les hommes d\u2019Adi H\u00fctter ont remport\u00e9 la premi\u00e8re manche (3-1) gr\u00e2ce \u00e0 des r\u00e9alisations de Mika Biereth, Lamine Camara et Aleksandr Golovin. C\u2019\u00e9tait pourtant la formation italienne qui avait ouvert [...]\" \/>\n<meta property=\"og:url\" content=\"https:\/\/www.ladiagonale.net\/index.php\/2025\/07\/30\/monaco-bat-le-torino-et-monte-en-puissance\/\" \/>\n<meta property=\"og:site_name\" content=\"La Diagonale\" \/>\n<meta property=\"article:published_time\" content=\"2025-07-30T19:47:51+00:00\" \/>\n<meta property=\"article:modified_time\" content=\"2025-07-30T21:33:30+00:00\" \/>\n<meta property=\"og:image\" content=\"https:\/\/www.ladiagonale.net\/wp-content\/uploads\/2025\/07\/ce\u0301le\u0301bration-torino.png\" \/>\n\t<meta property=\"og:image:width\" content=\"1160\" \/>\n\t<meta property=\"og:image:height\" content=\"650\" \/>\n\t<meta property=\"og:image:type\" content=\"image\/png\" \/>\n<meta name=\"author\" content=\"Damien Dellerba\" \/>\n<meta name=\"twitter:card\" content=\"summary_large_image\" \/>\n<meta name=\"twitter:image\" content=\"https:\/\/www.ladiagonale.net\/wp-content\/uploads\/2025\/07\/ce\u0301le\u0301bration-torino.png\" \/>\n<meta name=\"twitter:label1\" content=\"\u00c9crit par\" \/>\n\t<meta name=\"twitter:data1\" content=\"Damien Dellerba\" \/>\n\t<meta name=\"twitter:label2\" content=\"Dur\u00e9e de lecture estim\u00e9e\" \/>\n\t<meta name=\"twitter:data2\" content=\"2 minutes\" \/>\n<script type=\"application\/ld+json\" class=\"yoast-schema-graph\">{\"@context\":\"https:\/\/schema.org\",\"@graph\":[{\"@type\":\"WebPage\",\"@id\":\"https:\/\/www.ladiagonale.net\/index.php\/2025\/07\/30\/monaco-bat-le-torino-et-monte-en-puissance\/\",\"url\":\"https:\/\/www.ladiagonale.net\/index.php\/2025\/07\/30\/monaco-bat-le-torino-et-monte-en-puissance\/\",\"name\":\"Monaco bat le Torino et monte en puissance - La Diagonale\",\"isPartOf\":{\"@id\":\"https:\/\/www.ladiagonale.net\/#website\"},\"datePublished\":\"2025-07-30T19:47:51+00:00\",\"dateModified\":\"2025-07-30T21:33:30+00:00\",\"author\":{\"@id\":\"https:\/\/www.ladiagonale.net\/#\/schema\/person\/79ff1e7b0853ed01b2aa26e64ad300bf\"},\"breadcrumb\":{\"@id\":\"https:\/\/www.ladiagonale.net\/index.php\/2025\/07\/30\/monaco-bat-le-torino-et-monte-en-puissance\/#breadcrumb\"},\"inLanguage\":\"fr-FR\",\"potentialAction\":[{\"@type\":\"ReadAction\",\"target\":[\"https:\/\/www.ladiagonale.net\/index.php\/2025\/07\/30\/monaco-bat-le-torino-et-monte-en-puissance\/\"]}]},{\"@type\":\"BreadcrumbList\",\"@id\":\"https:\/\/www.ladiagonale.net\/index.php\/2025\/07\/30\/monaco-bat-le-torino-et-monte-en-puissance\/#breadcrumb\",\"itemListElement\":[{\"@type\":\"ListItem\",\"position\":1,\"name\":\"Accueil\",\"item\":\"https:\/\/www.ladiagonale.net\/\"},{\"@type\":\"ListItem\",\"position\":2,\"name\":\"Monaco bat le Torino et monte en puissance\"}]},{\"@type\":\"WebSite\",\"@id\":\"https:\/\/www.ladiagonale.net\/#website\",\"url\":\"https:\/\/www.ladiagonale.net\/\",\"name\":\"La Diagonale\",\"description\":\"Le site des supporters de l&#039;AS Monaco FC\",\"potentialAction\":[{\"@type\":\"SearchAction\",\"target\":{\"@type\":\"EntryPoint\",\"urlTemplate\":\"https:\/\/www.ladiagonale.net\/?s={search_term_string}\"},\"query-input\":\"required name=search_term_string\"}],\"inLanguage\":\"fr-FR\"},{\"@type\":\"Person\",\"@id\":\"https:\/\/www.ladiagonale.net\/#\/schema\/person\/79ff1e7b0853ed01b2aa26e64ad300bf\",\"name\":\"Damien Dellerba\",\"image\":{\"@type\":\"ImageObject\",\"inLanguage\":\"fr-FR\",\"@id\":\"https:\/\/www.ladiagonale.net\/#\/schema\/person\/image\/\",\"url\":\"https:\/\/secure.gravatar.com\/avatar\/c7850e06d3ff63cdbaee88b7fc16e2f0?s=96&d=mm&r=g\",\"contentUrl\":\"https:\/\/secure.gravatar.com\/avatar\/c7850e06d3ff63cdbaee88b7fc16e2f0?s=96&d=mm&r=g\",\"caption\":\"Damien Dellerba\"},\"url\":\"https:\/\/www.ladiagonale.net\/index.php\/author\/damien\/\"}]}<\/script>\n<!-- \/ Yoast SEO plugin. -->","yoast_head_json":{"title":"Monaco bat le Torino et monte en puissance - La Diagonale","robots":{"index":"index","follow":"follow","max-snippet":"max-snippet:-1","max-image-preview":"max-image-preview:large","max-video-preview":"max-video-preview:-1"},"canonical":"https:\/\/www.ladiagonale.net\/index.php\/2025\/07\/30\/monaco-bat-le-torino-et-monte-en-puissance\/","og_locale":"fr_FR","og_type":"article","og_title":"Monaco bat le Torino et monte en puissance - La Diagonale","og_description":"C\u2019est avec une \u00e9quipe compos\u00e9e de nombreux potentiels titulaires que l\u2019AS Monaco a disput\u00e9 la premi\u00e8re de ses deux confrontations contre le Torino, mercredi soir. Les hommes d\u2019Adi H\u00fctter ont remport\u00e9 la premi\u00e8re manche (3-1) gr\u00e2ce \u00e0 des r\u00e9alisations de Mika Biereth, Lamine Camara et Aleksandr Golovin. C\u2019\u00e9tait pourtant la formation italienne qui avait ouvert [...]","og_url":"https:\/\/www.ladiagonale.net\/index.php\/2025\/07\/30\/monaco-bat-le-torino-et-monte-en-puissance\/","og_site_name":"La Diagonale","article_published_time":"2025-07-30T19:47:51+00:00","article_modified_time":"2025-07-30T21:33:30+00:00","og_image":[{"width":1160,"height":650,"url":"https:\/\/www.ladiagonale.net\/wp-content\/uploads\/2025\/07\/ce\u0301le\u0301bration-torino.png","type":"image\/png"}],"author":"Damien Dellerba","twitter_card":"summary_large_image","twitter_image":"https:\/\/www.ladiagonale.net\/wp-content\/uploads\/2025\/07\/ce\u0301le\u0301bration-torino.png","twitter_misc":{"\u00c9crit par":"Damien Dellerba","Dur\u00e9e de lecture estim\u00e9e":"2 minutes"},"schema":{"@context":"https:\/\/schema.org","@graph":[{"@type":"WebPage","@id":"https:\/\/www.ladiagonale.net\/index.php\/2025\/07\/30\/monaco-bat-le-torino-et-monte-en-puissance\/","url":"https:\/\/www.ladiagonale.net\/index.php\/2025\/07\/30\/monaco-bat-le-torino-et-monte-en-puissance\/","name":"Monaco bat le Torino et monte en puissance - La Diagonale","isPartOf":{"@id":"https:\/\/www.ladiagonale.net\/#website"},"datePublished":"2025-07-30T19:47:51+00:00","dateModified":"2025-07-30T21:33:30+00:00","author":{"@id":"https:\/\/www.ladiagonale.net\/#\/schema\/person\/79ff1e7b0853ed01b2aa26e64ad300bf"},"breadcrumb":{"@id":"https:\/\/www.ladiagonale.net\/index.php\/2025\/07\/30\/monaco-bat-le-torino-et-monte-en-puissance\/#breadcrumb"},"inLanguage":"fr-FR","potentialAction":[{"@type":"ReadAction","target":["https:\/\/www.ladiagonale.net\/index.php\/2025\/07\/30\/monaco-bat-le-torino-et-monte-en-puissance\/"]}]},{"@type":"BreadcrumbList","@id":"https:\/\/www.ladiagonale.net\/index.php\/2025\/07\/30\/monaco-bat-le-torino-et-monte-en-puissance\/#breadcrumb","itemListElement":[{"@type":"ListItem","position":1,"name":"Accueil","item":"https:\/\/www.ladiagonale.net\/"},{"@type":"ListItem","position":2,"name":"Monaco bat le Torino et monte en puissance"}]},{"@type":"WebSite","@id":"https:\/\/www.ladiagonale.net\/#website","url":"https:\/\/www.ladiagonale.net\/","name":"La Diagonale","description":"Le site des supporters de l&#039;AS Monaco FC","potentialAction":[{"@type":"SearchAction","target":{"@type":"EntryPoint","urlTemplate":"https:\/\/www.ladiagonale.net\/?s={search_term_string}"},"query-input":"required name=search_term_string"}],"inLanguage":"fr-FR"},{"@type":"Person","@id":"https:\/\/www.ladiagonale.net\/#\/schema\/person\/79ff1e7b0853ed01b2aa26e64ad300bf","name":"Damien Dellerba","image":{"@type":"ImageObject","inLanguage":"fr-FR","@id":"https:\/\/www.ladiagonale.net\/#\/schema\/person\/image\/","url":"https:\/\/secure.gravatar.com\/avatar\/c7850e06d3ff63cdbaee88b7fc16e2f0?s=96&d=mm&r=g","contentUrl":"https:\/\/secure.gravatar.com\/avatar\/c7850e06d3ff63cdbaee88b7fc16e2f0?s=96&d=mm&r=g","caption":"Damien Dellerba"},"url":"https:\/\/www.ladiagonale.net\/index.php\/author\/damien\/"}]}},"_links":{"self":[{"href":"https:\/\/www.ladiagonale.net\/index.php\/wp-json\/wp\/v2\/posts\/32812"}],"collection":[{"href":"https:\/\/www.ladiagonale.net\/index.php\/wp-json\/wp\/v2\/posts"}],"about":[{"href":"https:\/\/www.ladiagonale.net\/index.php\/wp-json\/wp\/v2\/types\/post"}],"author":[{"embeddable":true,"href":"https:\/\/www.ladiagonale.net\/index.php\/wp-json\/wp\/v2\/users\/2"}],"replies":[{"embeddable":true,"href":"https:\/\/www.ladiagonale.net\/index.php\/wp-json\/wp\/v2\/comments?post=32812"}],"version-history":[{"count":4,"href":"https:\/\/www.ladiagonale.net\/index.php\/wp-json\/wp\/v2\/posts\/32812\/revisions"}],"predecessor-version":[{"id":32820,"href":"https:\/\/www.ladiagonale.net\/index.php\/wp-json\/wp\/v2\/posts\/32812\/revisions\/32820"}],"wp:featuredmedia":[{"embeddable":true,"href":"https:\/\/www.ladiagonale.net\/index.php\/wp-json\/wp\/v2\/media\/32821"}],"wp:attachment":[{"href":"https:\/\/www.ladiagonale.net\/index.php\/wp-json\/wp\/v2\/media?parent=32812"}],"wp:term":[{"taxonomy":"category","embeddable":true,"href":"https:\/\/www.ladiagonale.net\/index.php\/wp-json\/wp\/v2\/categories?post=32812"},{"taxonomy":"post_tag","embeddable":true,"href":"https:\/\/www.ladiagonale.net\/index.php\/wp-json\/wp\/v2\/tags?post=32812"}],"curies":[{"name":"wp","href":"https:\/\/api.w.org\/{rel}","templated":true}]}}