{"id":32832,"date":"2025-07-31T12:32:18","date_gmt":"2025-07-31T10:32:18","guid":{"rendered":"https:\/\/www.ladiagonale.net\/?p=32832"},"modified":"2025-07-31T12:43:36","modified_gmt":"2025-07-31T10:43:36","slug":"monaco-confirme-contre-le-torino","status":"publish","type":"post","link":"https:\/\/www.ladiagonale.net\/index.php\/2025\/07\/31\/monaco-confirme-contre-le-torino\/","title":{"rendered":"Monaco confirme contre le Torino"},"content":{"rendered":"\n<p>Quelques heures \u00e0 peine apr\u00e8s avoir battu le Torino (3-1), l\u2019AS Monaco a remis le couvert jeudi matin avec un onze totalement diff\u00e9rent. Les Rouge et Blanc ont domin\u00e9 les Italiens sur le m\u00eame score (3-1), gr\u00e2ce \u00e0 des buts de Folarin Balogun, Kassoum Ouattara et Christian Mawissa. L\u2019ASM engrange son cinqui\u00e8me succ\u00e8s en amical et n\u2019a toujours pas go\u00fbt\u00e9 \u00e0 la d\u00e9faite dans cette pr\u00e9paration estivale.<\/p>\n\n\n\n<p>Contrairement \u00e0 la veille, les Mon\u00e9gasques ne se sont pas fait surprendre d\u2019entr\u00e9e de jeu. Ils ont ouvert le score \u00e0 la 22<sup>e<\/sup> minute, Balogun reprenant de la t\u00eate un centre de Soungoutou Magassa. Peu avant la mi-temps, Ouattara a fait le break en profitant d\u2019une m\u00e9sentente entre le gardien et un d\u00e9fenseur turinois (42<sup>e<\/sup>).<\/p>\n\n\n\n<p>Les visiteurs ont r\u00e9duit l\u2019\u00e9cart par Casadei, qui a profit\u00e9 d\u2019une grossi\u00e8re erreur de relance de Jordan Teze d\u00e8s l\u2019entame du second acte (47<sup>e<\/sup>). Mais Mawissa a redonn\u00e9 un avantage plus cons\u00e9quent \u00e0 son \u00e9quipe, ponctuant d\u2019un but un raid solitaire entam\u00e9 depuis le milieu de terrain avec un relais donn\u00e9 par Balogun \u00e0 l\u2019entr\u00e9e de la surface de r\u00e9paration (68<sup>e<\/sup>).<\/p>\n\n\n\n<p>Monaco disputera son septi\u00e8me et avant-dernier match amical contre l\u2019Ajax Amsterdam, dimanche (14h).<\/p>\n\n\n\n<p><strong>Composition :<\/strong> Lienard &#8211; Teze (Diatta, 70<sup>e<\/sup>), Singo, Mawissa (Salisu, 78<sup>e<\/sup>), Ouattara &#8211; Michal, Magassa, Coulibaly (Cabral, 86<sup>e<\/sup>), Minamino &#8211; Embolo (cap.) (Ilenikhena, 80<sup>e<\/sup>), Balogun.<\/p>\n\n\n","protected":false},"excerpt":{"rendered":"<p>Quelques heures \u00e0 peine apr\u00e8s avoir battu le Torino (3-1), l\u2019AS Monaco a remis le couvert jeudi matin avec un onze totalement diff\u00e9rent. Les Rouge et Blanc ont domin\u00e9 les Italiens sur le m\u00eame score (3-1), gr\u00e2ce \u00e0 des buts de Folarin Balogun, Kassoum Ouattara et Christian Mawissa. L\u2019ASM engrange son cinqui\u00e8me succ\u00e8s en amical [&#8230;]\n","protected":false},"author":2,"featured_media":32833,"comment_status":"open","ping_status":"open","sticky":false,"template":"","format":"standard","meta":[],"categories":[5,6],"tags":[87,86,592],"yoast_head":"<!-- This site is optimized with the Yoast SEO plugin v19.8 - https:\/\/yoast.com\/wordpress\/plugins\/seo\/ -->\n<title>Monaco confirme contre le Torino - La Diagonale<\/title>\n<meta name=\"robots\" content=\"index, follow, max-snippet:-1, max-image-preview:large, max-video-preview:-1\" \/>\n<link rel=\"canonical\" href=\"https:\/\/www.ladiagonale.net\/index.php\/2025\/07\/31\/monaco-confirme-contre-le-torino\/\" \/>\n<meta property=\"og:locale\" content=\"fr_FR\" \/>\n<meta property=\"og:type\" content=\"article\" \/>\n<meta property=\"og:title\" content=\"Monaco confirme contre le Torino - La Diagonale\" \/>\n<meta property=\"og:description\" content=\"Quelques heures \u00e0 peine apr\u00e8s avoir battu le Torino (3-1), l\u2019AS Monaco a remis le couvert jeudi matin avec un onze totalement diff\u00e9rent. Les Rouge et Blanc ont domin\u00e9 les Italiens sur le m\u00eame score (3-1), gr\u00e2ce \u00e0 des buts de Folarin Balogun, Kassoum Ouattara et Christian Mawissa. L\u2019ASM engrange son cinqui\u00e8me succ\u00e8s en amical [...]\" \/>\n<meta property=\"og:url\" content=\"https:\/\/www.ladiagonale.net\/index.php\/2025\/07\/31\/monaco-confirme-contre-le-torino\/\" \/>\n<meta property=\"og:site_name\" content=\"La Diagonale\" \/>\n<meta property=\"article:published_time\" content=\"2025-07-31T10:32:18+00:00\" \/>\n<meta property=\"article:modified_time\" content=\"2025-07-31T10:43:36+00:00\" \/>\n<meta property=\"og:image\" content=\"https:\/\/www.ladiagonale.net\/wp-content\/uploads\/2025\/07\/torino-2.png\" \/>\n\t<meta property=\"og:image:width\" content=\"1160\" \/>\n\t<meta property=\"og:image:height\" content=\"650\" \/>\n\t<meta property=\"og:image:type\" content=\"image\/png\" \/>\n<meta name=\"author\" content=\"Damien Dellerba\" \/>\n<meta name=\"twitter:card\" content=\"summary_large_image\" \/>\n<meta name=\"twitter:image\" content=\"https:\/\/www.ladiagonale.net\/wp-content\/uploads\/2025\/07\/torino-2.png\" \/>\n<meta name=\"twitter:label1\" content=\"\u00c9crit par\" \/>\n\t<meta name=\"twitter:data1\" content=\"Damien Dellerba\" \/>\n\t<meta name=\"twitter:label2\" content=\"Dur\u00e9e de lecture estim\u00e9e\" \/>\n\t<meta name=\"twitter:data2\" content=\"2 minutes\" \/>\n<script type=\"application\/ld+json\" class=\"yoast-schema-graph\">{\"@context\":\"https:\/\/schema.org\",\"@graph\":[{\"@type\":\"WebPage\",\"@id\":\"https:\/\/www.ladiagonale.net\/index.php\/2025\/07\/31\/monaco-confirme-contre-le-torino\/\",\"url\":\"https:\/\/www.ladiagonale.net\/index.php\/2025\/07\/31\/monaco-confirme-contre-le-torino\/\",\"name\":\"Monaco confirme contre le Torino - La Diagonale\",\"isPartOf\":{\"@id\":\"https:\/\/www.ladiagonale.net\/#website\"},\"datePublished\":\"2025-07-31T10:32:18+00:00\",\"dateModified\":\"2025-07-31T10:43:36+00:00\",\"author\":{\"@id\":\"https:\/\/www.ladiagonale.net\/#\/schema\/person\/79ff1e7b0853ed01b2aa26e64ad300bf\"},\"breadcrumb\":{\"@id\":\"https:\/\/www.ladiagonale.net\/index.php\/2025\/07\/31\/monaco-confirme-contre-le-torino\/#breadcrumb\"},\"inLanguage\":\"fr-FR\",\"potentialAction\":[{\"@type\":\"ReadAction\",\"target\":[\"https:\/\/www.ladiagonale.net\/index.php\/2025\/07\/31\/monaco-confirme-contre-le-torino\/\"]}]},{\"@type\":\"BreadcrumbList\",\"@id\":\"https:\/\/www.ladiagonale.net\/index.php\/2025\/07\/31\/monaco-confirme-contre-le-torino\/#breadcrumb\",\"itemListElement\":[{\"@type\":\"ListItem\",\"position\":1,\"name\":\"Accueil\",\"item\":\"https:\/\/www.ladiagonale.net\/\"},{\"@type\":\"ListItem\",\"position\":2,\"name\":\"Monaco confirme contre le Torino\"}]},{\"@type\":\"WebSite\",\"@id\":\"https:\/\/www.ladiagonale.net\/#website\",\"url\":\"https:\/\/www.ladiagonale.net\/\",\"name\":\"La Diagonale\",\"description\":\"Le site des supporters de l&#039;AS Monaco FC\",\"potentialAction\":[{\"@type\":\"SearchAction\",\"target\":{\"@type\":\"EntryPoint\",\"urlTemplate\":\"https:\/\/www.ladiagonale.net\/?s={search_term_string}\"},\"query-input\":\"required name=search_term_string\"}],\"inLanguage\":\"fr-FR\"},{\"@type\":\"Person\",\"@id\":\"https:\/\/www.ladiagonale.net\/#\/schema\/person\/79ff1e7b0853ed01b2aa26e64ad300bf\",\"name\":\"Damien Dellerba\",\"image\":{\"@type\":\"ImageObject\",\"inLanguage\":\"fr-FR\",\"@id\":\"https:\/\/www.ladiagonale.net\/#\/schema\/person\/image\/\",\"url\":\"https:\/\/secure.gravatar.com\/avatar\/c7850e06d3ff63cdbaee88b7fc16e2f0?s=96&d=mm&r=g\",\"contentUrl\":\"https:\/\/secure.gravatar.com\/avatar\/c7850e06d3ff63cdbaee88b7fc16e2f0?s=96&d=mm&r=g\",\"caption\":\"Damien Dellerba\"},\"url\":\"https:\/\/www.ladiagonale.net\/index.php\/author\/damien\/\"}]}<\/script>\n<!-- \/ Yoast SEO plugin. -->","yoast_head_json":{"title":"Monaco confirme contre le Torino - La Diagonale","robots":{"index":"index","follow":"follow","max-snippet":"max-snippet:-1","max-image-preview":"max-image-preview:large","max-video-preview":"max-video-preview:-1"},"canonical":"https:\/\/www.ladiagonale.net\/index.php\/2025\/07\/31\/monaco-confirme-contre-le-torino\/","og_locale":"fr_FR","og_type":"article","og_title":"Monaco confirme contre le Torino - La Diagonale","og_description":"Quelques heures \u00e0 peine apr\u00e8s avoir battu le Torino (3-1), l\u2019AS Monaco a remis le couvert jeudi matin avec un onze totalement diff\u00e9rent. Les Rouge et Blanc ont domin\u00e9 les Italiens sur le m\u00eame score (3-1), gr\u00e2ce \u00e0 des buts de Folarin Balogun, Kassoum Ouattara et Christian Mawissa. L\u2019ASM engrange son cinqui\u00e8me succ\u00e8s en amical [...]","og_url":"https:\/\/www.ladiagonale.net\/index.php\/2025\/07\/31\/monaco-confirme-contre-le-torino\/","og_site_name":"La Diagonale","article_published_time":"2025-07-31T10:32:18+00:00","article_modified_time":"2025-07-31T10:43:36+00:00","og_image":[{"width":1160,"height":650,"url":"https:\/\/www.ladiagonale.net\/wp-content\/uploads\/2025\/07\/torino-2.png","type":"image\/png"}],"author":"Damien Dellerba","twitter_card":"summary_large_image","twitter_image":"https:\/\/www.ladiagonale.net\/wp-content\/uploads\/2025\/07\/torino-2.png","twitter_misc":{"\u00c9crit par":"Damien Dellerba","Dur\u00e9e de lecture estim\u00e9e":"2 minutes"},"schema":{"@context":"https:\/\/schema.org","@graph":[{"@type":"WebPage","@id":"https:\/\/www.ladiagonale.net\/index.php\/2025\/07\/31\/monaco-confirme-contre-le-torino\/","url":"https:\/\/www.ladiagonale.net\/index.php\/2025\/07\/31\/monaco-confirme-contre-le-torino\/","name":"Monaco confirme contre le Torino - La Diagonale","isPartOf":{"@id":"https:\/\/www.ladiagonale.net\/#website"},"datePublished":"2025-07-31T10:32:18+00:00","dateModified":"2025-07-31T10:43:36+00:00","author":{"@id":"https:\/\/www.ladiagonale.net\/#\/schema\/person\/79ff1e7b0853ed01b2aa26e64ad300bf"},"breadcrumb":{"@id":"https:\/\/www.ladiagonale.net\/index.php\/2025\/07\/31\/monaco-confirme-contre-le-torino\/#breadcrumb"},"inLanguage":"fr-FR","potentialAction":[{"@type":"ReadAction","target":["https:\/\/www.ladiagonale.net\/index.php\/2025\/07\/31\/monaco-confirme-contre-le-torino\/"]}]},{"@type":"BreadcrumbList","@id":"https:\/\/www.ladiagonale.net\/index.php\/2025\/07\/31\/monaco-confirme-contre-le-torino\/#breadcrumb","itemListElement":[{"@type":"ListItem","position":1,"name":"Accueil","item":"https:\/\/www.ladiagonale.net\/"},{"@type":"ListItem","position":2,"name":"Monaco confirme contre le Torino"}]},{"@type":"WebSite","@id":"https:\/\/www.ladiagonale.net\/#website","url":"https:\/\/www.ladiagonale.net\/","name":"La Diagonale","description":"Le site des supporters de l&#039;AS Monaco FC","potentialAction":[{"@type":"SearchAction","target":{"@type":"EntryPoint","urlTemplate":"https:\/\/www.ladiagonale.net\/?s={search_term_string}"},"query-input":"required name=search_term_string"}],"inLanguage":"fr-FR"},{"@type":"Person","@id":"https:\/\/www.ladiagonale.net\/#\/schema\/person\/79ff1e7b0853ed01b2aa26e64ad300bf","name":"Damien Dellerba","image":{"@type":"ImageObject","inLanguage":"fr-FR","@id":"https:\/\/www.ladiagonale.net\/#\/schema\/person\/image\/","url":"https:\/\/secure.gravatar.com\/avatar\/c7850e06d3ff63cdbaee88b7fc16e2f0?s=96&d=mm&r=g","contentUrl":"https:\/\/secure.gravatar.com\/avatar\/c7850e06d3ff63cdbaee88b7fc16e2f0?s=96&d=mm&r=g","caption":"Damien Dellerba"},"url":"https:\/\/www.ladiagonale.net\/index.php\/author\/damien\/"}]}},"_links":{"self":[{"href":"https:\/\/www.ladiagonale.net\/index.php\/wp-json\/wp\/v2\/posts\/32832"}],"collection":[{"href":"https:\/\/www.ladiagonale.net\/index.php\/wp-json\/wp\/v2\/posts"}],"about":[{"href":"https:\/\/www.ladiagonale.net\/index.php\/wp-json\/wp\/v2\/types\/post"}],"author":[{"embeddable":true,"href":"https:\/\/www.ladiagonale.net\/index.php\/wp-json\/wp\/v2\/users\/2"}],"replies":[{"embeddable":true,"href":"https:\/\/www.ladiagonale.net\/index.php\/wp-json\/wp\/v2\/comments?post=32832"}],"version-history":[{"count":4,"href":"https:\/\/www.ladiagonale.net\/index.php\/wp-json\/wp\/v2\/posts\/32832\/revisions"}],"predecessor-version":[{"id":32837,"href":"https:\/\/www.ladiagonale.net\/index.php\/wp-json\/wp\/v2\/posts\/32832\/revisions\/32837"}],"wp:featuredmedia":[{"embeddable":true,"href":"https:\/\/www.ladiagonale.net\/index.php\/wp-json\/wp\/v2\/media\/32833"}],"wp:attachment":[{"href":"https:\/\/www.ladiagonale.net\/index.php\/wp-json\/wp\/v2\/media?parent=32832"}],"wp:term":[{"taxonomy":"category","embeddable":true,"href":"https:\/\/www.ladiagonale.net\/index.php\/wp-json\/wp\/v2\/categories?post=32832"},{"taxonomy":"post_tag","embeddable":true,"href":"https:\/\/www.ladiagonale.net\/index.php\/wp-json\/wp\/v2\/tags?post=32832"}],"curies":[{"name":"wp","href":"https:\/\/api.w.org\/{rel}","templated":true}]}}