{"id":32838,"date":"2025-07-31T15:31:40","date_gmt":"2025-07-31T13:31:40","guid":{"rendered":"https:\/\/www.ladiagonale.net\/?p=32838"},"modified":"2025-08-01T01:16:14","modified_gmt":"2025-07-31T23:16:14","slug":"ouattara-vise-par-le-torino","status":"publish","type":"post","link":"https:\/\/www.ladiagonale.net\/index.php\/2025\/07\/31\/ouattara-vise-par-le-torino\/","title":{"rendered":"Ouattara courtis\u00e9 par de nombreux clubs, dont le Torino (Actualis\u00e9)"},"content":{"rendered":"\n\n\n<p>Kassoum Ouattara s&rsquo;est mis en valeur face au Torino ce jeudi, en inscrivant le deuxi\u00e8me but mon\u00e9gasque de la partie (3-1). Mais le lat\u00e9ral gauche de 20 ans n&rsquo;avait sans doute pas besoin de ce but pour attirer l&rsquo;\u0153il des dirigeants du <em>Toro<\/em>. Selon une source italienne, confirm\u00e9e par <em>L&rsquo;\u00c9quipe<\/em>, le pensionnaire de <em>Serie A<\/em> avait d\u00e9j\u00e0 des vues sur l&rsquo;ancien joueur d&rsquo;Amiens. Pour l&rsquo;heure, Monaco n&rsquo;aurait pas pr\u00e9vu de s&rsquo;en s\u00e9parer et a fix\u00e9 son prix de vente \u00e0 15 millions d&rsquo;euros, alors qu&rsquo;il avait \u00e9t\u00e9 achet\u00e9 pour deux millions en novembre 2023. Reste que la pr\u00e9sence du club transalpin en Principaut\u00e9 depuis deux jours a sans doute permis des discussions sur ce dossier.<\/p>\n\n\n\n<p>La saison pass\u00e9e, Ouattara a \u00e9t\u00e9 peu utilis\u00e9 par Adi H\u00fctter, avec seulement 16 rencontres jou\u00e9es et 526 minutes disput\u00e9es. Son dernier match en comp\u00e9tition remonte au 18 f\u00e9vrier et \u00e0 la manche retour contre Benfica en barrage de Ligue des champions. Laiss\u00e9 \u00e0 disposition du Groupe \u00c9lite, il s&rsquo;\u00e9tait notamment bless\u00e9 contre la r\u00e9serve de Brentford d\u00e9but mars, mais n&rsquo;avait \u00e9t\u00e9 rappel\u00e9 au sein du groupe d&rsquo;H\u00fctter que deux mois plus tard. Il est sous contrat avec l&rsquo;ASM jusqu&rsquo;en 2028.<\/p>\n\n\n\n<p><strong>Actualisation : <\/strong><em>Foot Mercato<\/em> a r\u00e9v\u00e9l\u00e9 que de nombreux clubs se seraient positionn\u00e9s sur Ouattara. \u00c0 l&rsquo;\u00e9tranger, outre le Torino, on trouverait les deux clubs de Glasgow, les Rangers et le Celtic, le PSV Eindhoven et Augbsourg, le club actuel de Chrislain Matsima. En France, Toulouse et Metz auraient formul\u00e9 une offre de pr\u00eat avec option d&rsquo;achat. L&rsquo;ASM privil\u00e9gierait un transfert alors que le joueur souhaite surtout gagner du temps de jeu.<\/p>\n","protected":false},"excerpt":{"rendered":"<p>Kassoum Ouattara s&rsquo;est mis en valeur face au Torino ce jeudi, en inscrivant le deuxi\u00e8me but mon\u00e9gasque de la partie (3-1). Mais le lat\u00e9ral gauche de 20 ans n&rsquo;avait sans doute pas besoin de ce but pour attirer l&rsquo;\u0153il des dirigeants du Toro. Selon une source italienne, confirm\u00e9e par L&rsquo;\u00c9quipe, le pensionnaire de Serie A [&#8230;]\n","protected":false},"author":2,"featured_media":0,"comment_status":"open","ping_status":"open","sticky":false,"template":"","format":"standard","meta":[],"categories":[6,1086],"tags":[86,722,111,110],"yoast_head":"<!-- This site is optimized with the Yoast SEO plugin v19.8 - https:\/\/yoast.com\/wordpress\/plugins\/seo\/ -->\n<title>Ouattara courtis\u00e9 par de nombreux clubs, dont le Torino (Actualis\u00e9) - La Diagonale<\/title>\n<meta name=\"robots\" content=\"index, follow, max-snippet:-1, max-image-preview:large, max-video-preview:-1\" \/>\n<link rel=\"canonical\" href=\"https:\/\/www.ladiagonale.net\/index.php\/2025\/07\/31\/ouattara-vise-par-le-torino\/\" \/>\n<meta property=\"og:locale\" content=\"fr_FR\" \/>\n<meta property=\"og:type\" content=\"article\" \/>\n<meta property=\"og:title\" content=\"Ouattara courtis\u00e9 par de nombreux clubs, dont le Torino (Actualis\u00e9) - La Diagonale\" \/>\n<meta property=\"og:description\" content=\"Kassoum Ouattara s&rsquo;est mis en valeur face au Torino ce jeudi, en inscrivant le deuxi\u00e8me but mon\u00e9gasque de la partie (3-1). Mais le lat\u00e9ral gauche de 20 ans n&rsquo;avait sans doute pas besoin de ce but pour attirer l&rsquo;\u0153il des dirigeants du Toro. Selon une source italienne, confirm\u00e9e par L&rsquo;\u00c9quipe, le pensionnaire de Serie A [...]\" \/>\n<meta property=\"og:url\" content=\"https:\/\/www.ladiagonale.net\/index.php\/2025\/07\/31\/ouattara-vise-par-le-torino\/\" \/>\n<meta property=\"og:site_name\" content=\"La Diagonale\" \/>\n<meta property=\"article:published_time\" content=\"2025-07-31T13:31:40+00:00\" \/>\n<meta property=\"article:modified_time\" content=\"2025-07-31T23:16:14+00:00\" \/>\n<meta property=\"og:image\" content=\"https:\/\/www.ladiagonale.net\/wp-content\/uploads\/2025\/07\/ouattara-coventry.png\" \/>\n\t<meta property=\"og:image:width\" content=\"1160\" \/>\n\t<meta property=\"og:image:height\" content=\"650\" \/>\n\t<meta property=\"og:image:type\" content=\"image\/png\" \/>\n<meta name=\"author\" content=\"Damien Dellerba\" \/>\n<meta name=\"twitter:card\" content=\"summary_large_image\" \/>\n<meta name=\"twitter:image\" content=\"https:\/\/www.ladiagonale.net\/wp-content\/uploads\/2025\/07\/ouattara-coventry.png\" \/>\n<meta name=\"twitter:label1\" content=\"\u00c9crit par\" \/>\n\t<meta name=\"twitter:data1\" content=\"Damien Dellerba\" \/>\n\t<meta name=\"twitter:label2\" content=\"Dur\u00e9e de lecture estim\u00e9e\" \/>\n\t<meta name=\"twitter:data2\" content=\"2 minutes\" \/>\n<script type=\"application\/ld+json\" class=\"yoast-schema-graph\">{\"@context\":\"https:\/\/schema.org\",\"@graph\":[{\"@type\":\"WebPage\",\"@id\":\"https:\/\/www.ladiagonale.net\/index.php\/2025\/07\/31\/ouattara-vise-par-le-torino\/\",\"url\":\"https:\/\/www.ladiagonale.net\/index.php\/2025\/07\/31\/ouattara-vise-par-le-torino\/\",\"name\":\"Ouattara courtis\u00e9 par de nombreux clubs, dont le Torino (Actualis\u00e9) - La Diagonale\",\"isPartOf\":{\"@id\":\"https:\/\/www.ladiagonale.net\/#website\"},\"datePublished\":\"2025-07-31T13:31:40+00:00\",\"dateModified\":\"2025-07-31T23:16:14+00:00\",\"author\":{\"@id\":\"https:\/\/www.ladiagonale.net\/#\/schema\/person\/79ff1e7b0853ed01b2aa26e64ad300bf\"},\"breadcrumb\":{\"@id\":\"https:\/\/www.ladiagonale.net\/index.php\/2025\/07\/31\/ouattara-vise-par-le-torino\/#breadcrumb\"},\"inLanguage\":\"fr-FR\",\"potentialAction\":[{\"@type\":\"ReadAction\",\"target\":[\"https:\/\/www.ladiagonale.net\/index.php\/2025\/07\/31\/ouattara-vise-par-le-torino\/\"]}]},{\"@type\":\"BreadcrumbList\",\"@id\":\"https:\/\/www.ladiagonale.net\/index.php\/2025\/07\/31\/ouattara-vise-par-le-torino\/#breadcrumb\",\"itemListElement\":[{\"@type\":\"ListItem\",\"position\":1,\"name\":\"Accueil\",\"item\":\"https:\/\/www.ladiagonale.net\/\"},{\"@type\":\"ListItem\",\"position\":2,\"name\":\"Ouattara courtis\u00e9 par de nombreux clubs, dont le Torino (Actualis\u00e9)\"}]},{\"@type\":\"WebSite\",\"@id\":\"https:\/\/www.ladiagonale.net\/#website\",\"url\":\"https:\/\/www.ladiagonale.net\/\",\"name\":\"La Diagonale\",\"description\":\"Le site des supporters de l&#039;AS Monaco FC\",\"potentialAction\":[{\"@type\":\"SearchAction\",\"target\":{\"@type\":\"EntryPoint\",\"urlTemplate\":\"https:\/\/www.ladiagonale.net\/?s={search_term_string}\"},\"query-input\":\"required name=search_term_string\"}],\"inLanguage\":\"fr-FR\"},{\"@type\":\"Person\",\"@id\":\"https:\/\/www.ladiagonale.net\/#\/schema\/person\/79ff1e7b0853ed01b2aa26e64ad300bf\",\"name\":\"Damien Dellerba\",\"image\":{\"@type\":\"ImageObject\",\"inLanguage\":\"fr-FR\",\"@id\":\"https:\/\/www.ladiagonale.net\/#\/schema\/person\/image\/\",\"url\":\"https:\/\/secure.gravatar.com\/avatar\/c7850e06d3ff63cdbaee88b7fc16e2f0?s=96&d=mm&r=g\",\"contentUrl\":\"https:\/\/secure.gravatar.com\/avatar\/c7850e06d3ff63cdbaee88b7fc16e2f0?s=96&d=mm&r=g\",\"caption\":\"Damien Dellerba\"},\"url\":\"https:\/\/www.ladiagonale.net\/index.php\/author\/damien\/\"}]}<\/script>\n<!-- \/ Yoast SEO plugin. -->","yoast_head_json":{"title":"Ouattara courtis\u00e9 par de nombreux clubs, dont le Torino (Actualis\u00e9) - La Diagonale","robots":{"index":"index","follow":"follow","max-snippet":"max-snippet:-1","max-image-preview":"max-image-preview:large","max-video-preview":"max-video-preview:-1"},"canonical":"https:\/\/www.ladiagonale.net\/index.php\/2025\/07\/31\/ouattara-vise-par-le-torino\/","og_locale":"fr_FR","og_type":"article","og_title":"Ouattara courtis\u00e9 par de nombreux clubs, dont le Torino (Actualis\u00e9) - La Diagonale","og_description":"Kassoum Ouattara s&rsquo;est mis en valeur face au Torino ce jeudi, en inscrivant le deuxi\u00e8me but mon\u00e9gasque de la partie (3-1). Mais le lat\u00e9ral gauche de 20 ans n&rsquo;avait sans doute pas besoin de ce but pour attirer l&rsquo;\u0153il des dirigeants du Toro. Selon une source italienne, confirm\u00e9e par L&rsquo;\u00c9quipe, le pensionnaire de Serie A [...]","og_url":"https:\/\/www.ladiagonale.net\/index.php\/2025\/07\/31\/ouattara-vise-par-le-torino\/","og_site_name":"La Diagonale","article_published_time":"2025-07-31T13:31:40+00:00","article_modified_time":"2025-07-31T23:16:14+00:00","og_image":[{"width":1160,"height":650,"url":"https:\/\/www.ladiagonale.net\/wp-content\/uploads\/2025\/07\/ouattara-coventry.png","type":"image\/png"}],"author":"Damien Dellerba","twitter_card":"summary_large_image","twitter_image":"https:\/\/www.ladiagonale.net\/wp-content\/uploads\/2025\/07\/ouattara-coventry.png","twitter_misc":{"\u00c9crit par":"Damien Dellerba","Dur\u00e9e de lecture estim\u00e9e":"2 minutes"},"schema":{"@context":"https:\/\/schema.org","@graph":[{"@type":"WebPage","@id":"https:\/\/www.ladiagonale.net\/index.php\/2025\/07\/31\/ouattara-vise-par-le-torino\/","url":"https:\/\/www.ladiagonale.net\/index.php\/2025\/07\/31\/ouattara-vise-par-le-torino\/","name":"Ouattara courtis\u00e9 par de nombreux clubs, dont le Torino (Actualis\u00e9) - La Diagonale","isPartOf":{"@id":"https:\/\/www.ladiagonale.net\/#website"},"datePublished":"2025-07-31T13:31:40+00:00","dateModified":"2025-07-31T23:16:14+00:00","author":{"@id":"https:\/\/www.ladiagonale.net\/#\/schema\/person\/79ff1e7b0853ed01b2aa26e64ad300bf"},"breadcrumb":{"@id":"https:\/\/www.ladiagonale.net\/index.php\/2025\/07\/31\/ouattara-vise-par-le-torino\/#breadcrumb"},"inLanguage":"fr-FR","potentialAction":[{"@type":"ReadAction","target":["https:\/\/www.ladiagonale.net\/index.php\/2025\/07\/31\/ouattara-vise-par-le-torino\/"]}]},{"@type":"BreadcrumbList","@id":"https:\/\/www.ladiagonale.net\/index.php\/2025\/07\/31\/ouattara-vise-par-le-torino\/#breadcrumb","itemListElement":[{"@type":"ListItem","position":1,"name":"Accueil","item":"https:\/\/www.ladiagonale.net\/"},{"@type":"ListItem","position":2,"name":"Ouattara courtis\u00e9 par de nombreux clubs, dont le Torino (Actualis\u00e9)"}]},{"@type":"WebSite","@id":"https:\/\/www.ladiagonale.net\/#website","url":"https:\/\/www.ladiagonale.net\/","name":"La Diagonale","description":"Le site des supporters de l&#039;AS Monaco FC","potentialAction":[{"@type":"SearchAction","target":{"@type":"EntryPoint","urlTemplate":"https:\/\/www.ladiagonale.net\/?s={search_term_string}"},"query-input":"required name=search_term_string"}],"inLanguage":"fr-FR"},{"@type":"Person","@id":"https:\/\/www.ladiagonale.net\/#\/schema\/person\/79ff1e7b0853ed01b2aa26e64ad300bf","name":"Damien Dellerba","image":{"@type":"ImageObject","inLanguage":"fr-FR","@id":"https:\/\/www.ladiagonale.net\/#\/schema\/person\/image\/","url":"https:\/\/secure.gravatar.com\/avatar\/c7850e06d3ff63cdbaee88b7fc16e2f0?s=96&d=mm&r=g","contentUrl":"https:\/\/secure.gravatar.com\/avatar\/c7850e06d3ff63cdbaee88b7fc16e2f0?s=96&d=mm&r=g","caption":"Damien Dellerba"},"url":"https:\/\/www.ladiagonale.net\/index.php\/author\/damien\/"}]}},"_links":{"self":[{"href":"https:\/\/www.ladiagonale.net\/index.php\/wp-json\/wp\/v2\/posts\/32838"}],"collection":[{"href":"https:\/\/www.ladiagonale.net\/index.php\/wp-json\/wp\/v2\/posts"}],"about":[{"href":"https:\/\/www.ladiagonale.net\/index.php\/wp-json\/wp\/v2\/types\/post"}],"author":[{"embeddable":true,"href":"https:\/\/www.ladiagonale.net\/index.php\/wp-json\/wp\/v2\/users\/2"}],"replies":[{"embeddable":true,"href":"https:\/\/www.ladiagonale.net\/index.php\/wp-json\/wp\/v2\/comments?post=32838"}],"version-history":[{"count":7,"href":"https:\/\/www.ladiagonale.net\/index.php\/wp-json\/wp\/v2\/posts\/32838\/revisions"}],"predecessor-version":[{"id":32863,"href":"https:\/\/www.ladiagonale.net\/index.php\/wp-json\/wp\/v2\/posts\/32838\/revisions\/32863"}],"wp:attachment":[{"href":"https:\/\/www.ladiagonale.net\/index.php\/wp-json\/wp\/v2\/media?parent=32838"}],"wp:term":[{"taxonomy":"category","embeddable":true,"href":"https:\/\/www.ladiagonale.net\/index.php\/wp-json\/wp\/v2\/categories?post=32838"},{"taxonomy":"post_tag","embeddable":true,"href":"https:\/\/www.ladiagonale.net\/index.php\/wp-json\/wp\/v2\/tags?post=32838"}],"curies":[{"name":"wp","href":"https:\/\/api.w.org\/{rel}","templated":true}]}}