{"id":32845,"date":"2025-07-31T16:03:30","date_gmt":"2025-07-31T14:03:30","guid":{"rendered":"https:\/\/www.ladiagonale.net\/?p=32845"},"modified":"2025-07-31T16:18:04","modified_gmt":"2025-07-31T14:18:04","slug":"lienard-ne-devrait-pas-rejoindre-montpellier","status":"publish","type":"post","link":"https:\/\/www.ladiagonale.net\/index.php\/2025\/07\/31\/lienard-ne-devrait-pas-rejoindre-montpellier\/","title":{"rendered":"Lienard ne devrait pas rejoindre Montpellier"},"content":{"rendered":"\n\n\n<p>Alors que le pr\u00eat de Yann Lienard \u00e0 Montpellier semblait <a href=\"https:\/\/www.ladiagonale.net\/index.php\/2025\/07\/28\/lienard-vers-un-pret-a-montpellier\/\" target=\"_blank\" rel=\"noreferrer noopener\">\u00eatre en tr\u00e8s bonne voie<\/a>, il ne devrait finalement pas conna\u00eetre d&rsquo;\u00e9pilogue positif. D&rsquo;apr\u00e8s <em>L&rsquo;\u00c9quipe<\/em>, l&rsquo;AS Monaco et le club h\u00e9raultais n&rsquo;auraient pas r\u00e9ussi \u00e0 s&rsquo;entendre sur la prise en charge de son salaire. Les dirigeants as\u00e9mistes auraient demand\u00e9 \u00e0 leurs homologues de prendre en charge l&rsquo;int\u00e9gralit\u00e9 du salaire du gardien, ce qui aurait \u00e9t\u00e9 refus\u00e9 par le pensionnaire de Ligue 2.<\/p>\n\n\n\n<p>Apr\u00e8s trois ans dans un r\u00f4le de troisi\u00e8me gardien et une seule apparition chez les pros la saison pass\u00e9e, cela ressemble donc \u00e0 un retour \u00e0 la case d\u00e9part pour Lienard. Le joueur de 22 ans, sous contrat avec l&rsquo;ASM jusqu&rsquo;en 2027, pourrait \u00eatre amen\u00e9 \u00e0 partir pour laisser notamment sa place \u00e0 Jules Stawiecki. Mais contrairement \u00e0 l&rsquo;ancien Dijonnais, il a d\u00e9j\u00e0 disput\u00e9 deux rencontres dans cette pr\u00e9paration, face au Cercle Bruges (le 11 juillet) et au Torino, ce jeudi.<\/p>\n","protected":false},"excerpt":{"rendered":"<p>Alors que le pr\u00eat de Yann Lienard \u00e0 Montpellier semblait \u00eatre en tr\u00e8s bonne voie, il ne devrait finalement pas conna\u00eetre d&rsquo;\u00e9pilogue positif. D&rsquo;apr\u00e8s L&rsquo;\u00c9quipe, l&rsquo;AS Monaco et le club h\u00e9raultais n&rsquo;auraient pas r\u00e9ussi \u00e0 s&rsquo;entendre sur la prise en charge de son salaire. Les dirigeants as\u00e9mistes auraient demand\u00e9 \u00e0 leurs homologues de prendre en [&#8230;]\n","protected":false},"author":2,"featured_media":0,"comment_status":"open","ping_status":"open","sticky":false,"template":"","format":"standard","meta":[],"categories":[6,1086],"tags":[86,111,110,146],"yoast_head":"<!-- This site is optimized with the Yoast SEO plugin v19.8 - https:\/\/yoast.com\/wordpress\/plugins\/seo\/ -->\n<title>Lienard ne devrait pas rejoindre Montpellier - La Diagonale<\/title>\n<meta name=\"robots\" content=\"index, follow, max-snippet:-1, max-image-preview:large, max-video-preview:-1\" \/>\n<link rel=\"canonical\" href=\"https:\/\/www.ladiagonale.net\/index.php\/2025\/07\/31\/lienard-ne-devrait-pas-rejoindre-montpellier\/\" \/>\n<meta property=\"og:locale\" content=\"fr_FR\" \/>\n<meta property=\"og:type\" content=\"article\" \/>\n<meta property=\"og:title\" content=\"Lienard ne devrait pas rejoindre Montpellier - La Diagonale\" \/>\n<meta property=\"og:description\" content=\"Alors que le pr\u00eat de Yann Lienard \u00e0 Montpellier semblait \u00eatre en tr\u00e8s bonne voie, il ne devrait finalement pas conna\u00eetre d&rsquo;\u00e9pilogue positif. D&rsquo;apr\u00e8s L&rsquo;\u00c9quipe, l&rsquo;AS Monaco et le club h\u00e9raultais n&rsquo;auraient pas r\u00e9ussi \u00e0 s&rsquo;entendre sur la prise en charge de son salaire. Les dirigeants as\u00e9mistes auraient demand\u00e9 \u00e0 leurs homologues de prendre en [...]\" \/>\n<meta property=\"og:url\" content=\"https:\/\/www.ladiagonale.net\/index.php\/2025\/07\/31\/lienard-ne-devrait-pas-rejoindre-montpellier\/\" \/>\n<meta property=\"og:site_name\" content=\"La Diagonale\" \/>\n<meta property=\"article:published_time\" content=\"2025-07-31T14:03:30+00:00\" \/>\n<meta property=\"article:modified_time\" content=\"2025-07-31T14:18:04+00:00\" \/>\n<meta property=\"og:image\" content=\"https:\/\/www.ladiagonale.net\/wp-content\/uploads\/2025\/07\/Lienard.png\" \/>\n\t<meta property=\"og:image:width\" content=\"1160\" \/>\n\t<meta property=\"og:image:height\" content=\"650\" \/>\n\t<meta property=\"og:image:type\" content=\"image\/png\" \/>\n<meta name=\"author\" content=\"Damien Dellerba\" \/>\n<meta name=\"twitter:card\" content=\"summary_large_image\" \/>\n<meta name=\"twitter:image\" content=\"https:\/\/www.ladiagonale.net\/wp-content\/uploads\/2025\/07\/Lienard.png\" \/>\n<meta name=\"twitter:label1\" content=\"\u00c9crit par\" \/>\n\t<meta name=\"twitter:data1\" content=\"Damien Dellerba\" \/>\n\t<meta name=\"twitter:label2\" content=\"Dur\u00e9e de lecture estim\u00e9e\" \/>\n\t<meta name=\"twitter:data2\" content=\"1 minute\" \/>\n<script type=\"application\/ld+json\" class=\"yoast-schema-graph\">{\"@context\":\"https:\/\/schema.org\",\"@graph\":[{\"@type\":\"WebPage\",\"@id\":\"https:\/\/www.ladiagonale.net\/index.php\/2025\/07\/31\/lienard-ne-devrait-pas-rejoindre-montpellier\/\",\"url\":\"https:\/\/www.ladiagonale.net\/index.php\/2025\/07\/31\/lienard-ne-devrait-pas-rejoindre-montpellier\/\",\"name\":\"Lienard ne devrait pas rejoindre Montpellier - La Diagonale\",\"isPartOf\":{\"@id\":\"https:\/\/www.ladiagonale.net\/#website\"},\"datePublished\":\"2025-07-31T14:03:30+00:00\",\"dateModified\":\"2025-07-31T14:18:04+00:00\",\"author\":{\"@id\":\"https:\/\/www.ladiagonale.net\/#\/schema\/person\/79ff1e7b0853ed01b2aa26e64ad300bf\"},\"breadcrumb\":{\"@id\":\"https:\/\/www.ladiagonale.net\/index.php\/2025\/07\/31\/lienard-ne-devrait-pas-rejoindre-montpellier\/#breadcrumb\"},\"inLanguage\":\"fr-FR\",\"potentialAction\":[{\"@type\":\"ReadAction\",\"target\":[\"https:\/\/www.ladiagonale.net\/index.php\/2025\/07\/31\/lienard-ne-devrait-pas-rejoindre-montpellier\/\"]}]},{\"@type\":\"BreadcrumbList\",\"@id\":\"https:\/\/www.ladiagonale.net\/index.php\/2025\/07\/31\/lienard-ne-devrait-pas-rejoindre-montpellier\/#breadcrumb\",\"itemListElement\":[{\"@type\":\"ListItem\",\"position\":1,\"name\":\"Accueil\",\"item\":\"https:\/\/www.ladiagonale.net\/\"},{\"@type\":\"ListItem\",\"position\":2,\"name\":\"Lienard ne devrait pas rejoindre Montpellier\"}]},{\"@type\":\"WebSite\",\"@id\":\"https:\/\/www.ladiagonale.net\/#website\",\"url\":\"https:\/\/www.ladiagonale.net\/\",\"name\":\"La Diagonale\",\"description\":\"Le site des supporters de l&#039;AS Monaco FC\",\"potentialAction\":[{\"@type\":\"SearchAction\",\"target\":{\"@type\":\"EntryPoint\",\"urlTemplate\":\"https:\/\/www.ladiagonale.net\/?s={search_term_string}\"},\"query-input\":\"required name=search_term_string\"}],\"inLanguage\":\"fr-FR\"},{\"@type\":\"Person\",\"@id\":\"https:\/\/www.ladiagonale.net\/#\/schema\/person\/79ff1e7b0853ed01b2aa26e64ad300bf\",\"name\":\"Damien Dellerba\",\"image\":{\"@type\":\"ImageObject\",\"inLanguage\":\"fr-FR\",\"@id\":\"https:\/\/www.ladiagonale.net\/#\/schema\/person\/image\/\",\"url\":\"https:\/\/secure.gravatar.com\/avatar\/c7850e06d3ff63cdbaee88b7fc16e2f0?s=96&d=mm&r=g\",\"contentUrl\":\"https:\/\/secure.gravatar.com\/avatar\/c7850e06d3ff63cdbaee88b7fc16e2f0?s=96&d=mm&r=g\",\"caption\":\"Damien Dellerba\"},\"url\":\"https:\/\/www.ladiagonale.net\/index.php\/author\/damien\/\"}]}<\/script>\n<!-- \/ Yoast SEO plugin. -->","yoast_head_json":{"title":"Lienard ne devrait pas rejoindre Montpellier - La Diagonale","robots":{"index":"index","follow":"follow","max-snippet":"max-snippet:-1","max-image-preview":"max-image-preview:large","max-video-preview":"max-video-preview:-1"},"canonical":"https:\/\/www.ladiagonale.net\/index.php\/2025\/07\/31\/lienard-ne-devrait-pas-rejoindre-montpellier\/","og_locale":"fr_FR","og_type":"article","og_title":"Lienard ne devrait pas rejoindre Montpellier - La Diagonale","og_description":"Alors que le pr\u00eat de Yann Lienard \u00e0 Montpellier semblait \u00eatre en tr\u00e8s bonne voie, il ne devrait finalement pas conna\u00eetre d&rsquo;\u00e9pilogue positif. D&rsquo;apr\u00e8s L&rsquo;\u00c9quipe, l&rsquo;AS Monaco et le club h\u00e9raultais n&rsquo;auraient pas r\u00e9ussi \u00e0 s&rsquo;entendre sur la prise en charge de son salaire. Les dirigeants as\u00e9mistes auraient demand\u00e9 \u00e0 leurs homologues de prendre en [...]","og_url":"https:\/\/www.ladiagonale.net\/index.php\/2025\/07\/31\/lienard-ne-devrait-pas-rejoindre-montpellier\/","og_site_name":"La Diagonale","article_published_time":"2025-07-31T14:03:30+00:00","article_modified_time":"2025-07-31T14:18:04+00:00","og_image":[{"width":1160,"height":650,"url":"https:\/\/www.ladiagonale.net\/wp-content\/uploads\/2025\/07\/Lienard.png","type":"image\/png"}],"author":"Damien Dellerba","twitter_card":"summary_large_image","twitter_image":"https:\/\/www.ladiagonale.net\/wp-content\/uploads\/2025\/07\/Lienard.png","twitter_misc":{"\u00c9crit par":"Damien Dellerba","Dur\u00e9e de lecture estim\u00e9e":"1 minute"},"schema":{"@context":"https:\/\/schema.org","@graph":[{"@type":"WebPage","@id":"https:\/\/www.ladiagonale.net\/index.php\/2025\/07\/31\/lienard-ne-devrait-pas-rejoindre-montpellier\/","url":"https:\/\/www.ladiagonale.net\/index.php\/2025\/07\/31\/lienard-ne-devrait-pas-rejoindre-montpellier\/","name":"Lienard ne devrait pas rejoindre Montpellier - La Diagonale","isPartOf":{"@id":"https:\/\/www.ladiagonale.net\/#website"},"datePublished":"2025-07-31T14:03:30+00:00","dateModified":"2025-07-31T14:18:04+00:00","author":{"@id":"https:\/\/www.ladiagonale.net\/#\/schema\/person\/79ff1e7b0853ed01b2aa26e64ad300bf"},"breadcrumb":{"@id":"https:\/\/www.ladiagonale.net\/index.php\/2025\/07\/31\/lienard-ne-devrait-pas-rejoindre-montpellier\/#breadcrumb"},"inLanguage":"fr-FR","potentialAction":[{"@type":"ReadAction","target":["https:\/\/www.ladiagonale.net\/index.php\/2025\/07\/31\/lienard-ne-devrait-pas-rejoindre-montpellier\/"]}]},{"@type":"BreadcrumbList","@id":"https:\/\/www.ladiagonale.net\/index.php\/2025\/07\/31\/lienard-ne-devrait-pas-rejoindre-montpellier\/#breadcrumb","itemListElement":[{"@type":"ListItem","position":1,"name":"Accueil","item":"https:\/\/www.ladiagonale.net\/"},{"@type":"ListItem","position":2,"name":"Lienard ne devrait pas rejoindre Montpellier"}]},{"@type":"WebSite","@id":"https:\/\/www.ladiagonale.net\/#website","url":"https:\/\/www.ladiagonale.net\/","name":"La Diagonale","description":"Le site des supporters de l&#039;AS Monaco FC","potentialAction":[{"@type":"SearchAction","target":{"@type":"EntryPoint","urlTemplate":"https:\/\/www.ladiagonale.net\/?s={search_term_string}"},"query-input":"required name=search_term_string"}],"inLanguage":"fr-FR"},{"@type":"Person","@id":"https:\/\/www.ladiagonale.net\/#\/schema\/person\/79ff1e7b0853ed01b2aa26e64ad300bf","name":"Damien Dellerba","image":{"@type":"ImageObject","inLanguage":"fr-FR","@id":"https:\/\/www.ladiagonale.net\/#\/schema\/person\/image\/","url":"https:\/\/secure.gravatar.com\/avatar\/c7850e06d3ff63cdbaee88b7fc16e2f0?s=96&d=mm&r=g","contentUrl":"https:\/\/secure.gravatar.com\/avatar\/c7850e06d3ff63cdbaee88b7fc16e2f0?s=96&d=mm&r=g","caption":"Damien Dellerba"},"url":"https:\/\/www.ladiagonale.net\/index.php\/author\/damien\/"}]}},"_links":{"self":[{"href":"https:\/\/www.ladiagonale.net\/index.php\/wp-json\/wp\/v2\/posts\/32845"}],"collection":[{"href":"https:\/\/www.ladiagonale.net\/index.php\/wp-json\/wp\/v2\/posts"}],"about":[{"href":"https:\/\/www.ladiagonale.net\/index.php\/wp-json\/wp\/v2\/types\/post"}],"author":[{"embeddable":true,"href":"https:\/\/www.ladiagonale.net\/index.php\/wp-json\/wp\/v2\/users\/2"}],"replies":[{"embeddable":true,"href":"https:\/\/www.ladiagonale.net\/index.php\/wp-json\/wp\/v2\/comments?post=32845"}],"version-history":[{"count":4,"href":"https:\/\/www.ladiagonale.net\/index.php\/wp-json\/wp\/v2\/posts\/32845\/revisions"}],"predecessor-version":[{"id":32851,"href":"https:\/\/www.ladiagonale.net\/index.php\/wp-json\/wp\/v2\/posts\/32845\/revisions\/32851"}],"wp:attachment":[{"href":"https:\/\/www.ladiagonale.net\/index.php\/wp-json\/wp\/v2\/media?parent=32845"}],"wp:term":[{"taxonomy":"category","embeddable":true,"href":"https:\/\/www.ladiagonale.net\/index.php\/wp-json\/wp\/v2\/categories?post=32845"},{"taxonomy":"post_tag","embeddable":true,"href":"https:\/\/www.ladiagonale.net\/index.php\/wp-json\/wp\/v2\/tags?post=32845"}],"curies":[{"name":"wp","href":"https:\/\/api.w.org\/{rel}","templated":true}]}}