{"id":32857,"date":"2025-07-31T23:35:52","date_gmt":"2025-07-31T21:35:52","guid":{"rendered":"https:\/\/www.ladiagonale.net\/?p=32857"},"modified":"2025-07-31T23:35:53","modified_gmt":"2025-07-31T21:35:53","slug":"hutter-sceptique-sur-une-presence-de-fati-contre-le-havre","status":"publish","type":"post","link":"https:\/\/www.ladiagonale.net\/index.php\/2025\/07\/31\/hutter-sceptique-sur-une-presence-de-fati-contre-le-havre\/","title":{"rendered":"H\u00fctter sceptique sur une pr\u00e9sence de Fati contre Le Havre"},"content":{"rendered":"\n<p>L\u2019AS Monaco a enregistr\u00e9 trois recrues en ce mercato estival, mais il semblerait qu\u2019une seule, Eric Dier, puisse \u00eatre op\u00e9rationnelle pour d\u00e9buter la saison le 16 ao\u00fbt prochain, contre Le Havre. Si Thiago Scuro avait expliqu\u00e9 que Paul Pogba aura besoin d\u2019environ trois mois pour esp\u00e9rer retrouver le groupe, le retour d\u2019Ansu Fati prendra lui aussi du temps. Moins que pour le champion du monde 2018, mais sa pr\u00e9sence pour la premi\u00e8re lev\u00e9e du championnat est loin d\u2019\u00eatre acquise. C\u2019est en tout cas ce qu\u2019a confi\u00e9 Adi H\u00fctter aux m\u00e9dias pr\u00e9sents lors de la double confrontation face au Torino.<\/p>\n\n\n\n<p>\u00ab\u00a0<em>\u00c7a peut \u00eatre serr\u00e9. Je pense que d\u2019ici dix ou quinze jours, il sera peut-\u00eatre davantage pr\u00e9sent \u00e0 l\u2019entra\u00eenement<\/em>, a expliqu\u00e9 l\u2019entra\u00eeneur autrichien \u00e0 propos du joueur pr\u00eat\u00e9 par le FC Barcelone. <em>Pour le moment, il \u00e9value son traitement. Petit \u00e0 petit, nous esp\u00e9rons pouvoir le rapprocher de l\u2019\u00e9quipe. Il conna\u00eet le football et c\u2019est un joueur de haut niveau. Nous devons le remettre en forme pour qu\u2019il puisse jouer un bon football en respectant nos principes.<\/em>\u00a0\u00bb<\/p>\n\n\n\n<p>H\u00fctter a expliqu\u00e9 qu\u2019il avait \u00e9videmment h\u00e2te de pouvoir compter sur sa recrue espagnole : \u00ab\u00a0<em>Je veux le voir revenir le plus vite possible, mais comme on l\u2019a dit en d\u00e9but de saison, il faut faire attention \u00e0 Ansu. Comme pour Paul (Pogba), il faut les remettre en forme. \u00c7a n\u2019a aucun sens de les faire revenir le plus vite possible sur le terrain pour qu\u2019ils se blessent \u00e0 nouveau ou qu\u2019ils aient des probl\u00e8mes. On fait tout ce qu\u2019on peut pour ces deux joueurs. Je suis content de l\u2019\u00e9quipe actuelle et on verra bien quand Ansu et Paul reviendront.<\/em>\u00a0\u00bb<\/p>\n\n\n\n<p>Depuis la semaine derni\u00e8re, Fati a pu reprendre certains entra\u00eenements collectifs mais il n&rsquo;a particip\u00e9 \u00e0 aucune des six rencontres amicales jou\u00e9es depuis le d\u00e9but de la pr\u00e9paration.<\/p>\n\n\n\n<p class=\"has-text-align-right has-small-font-size\">Source : <em>Nice-Matin<\/em><\/p>\n\n\n","protected":false},"excerpt":{"rendered":"<p>L\u2019AS Monaco a enregistr\u00e9 trois recrues en ce mercato estival, mais il semblerait qu\u2019une seule, Eric Dier, puisse \u00eatre op\u00e9rationnelle pour d\u00e9buter la saison le 16 ao\u00fbt prochain, contre Le Havre. Si Thiago Scuro avait expliqu\u00e9 que Paul Pogba aura besoin d\u2019environ trois mois pour esp\u00e9rer retrouver le groupe, le retour d\u2019Ansu Fati prendra lui [&#8230;]\n","protected":false},"author":2,"featured_media":0,"comment_status":"open","ping_status":"open","sticky":false,"template":"","format":"standard","meta":[],"categories":[6,1035],"tags":[576,1048,86,196],"yoast_head":"<!-- This site is optimized with the Yoast SEO plugin v19.8 - https:\/\/yoast.com\/wordpress\/plugins\/seo\/ -->\n<title>H\u00fctter sceptique sur une pr\u00e9sence de Fati contre Le Havre - La Diagonale<\/title>\n<meta name=\"robots\" content=\"index, follow, max-snippet:-1, max-image-preview:large, max-video-preview:-1\" \/>\n<link rel=\"canonical\" href=\"https:\/\/www.ladiagonale.net\/index.php\/2025\/07\/31\/hutter-sceptique-sur-une-presence-de-fati-contre-le-havre\/\" \/>\n<meta property=\"og:locale\" content=\"fr_FR\" \/>\n<meta property=\"og:type\" content=\"article\" \/>\n<meta property=\"og:title\" content=\"H\u00fctter sceptique sur une pr\u00e9sence de Fati contre Le Havre - La Diagonale\" \/>\n<meta property=\"og:description\" content=\"L\u2019AS Monaco a enregistr\u00e9 trois recrues en ce mercato estival, mais il semblerait qu\u2019une seule, Eric Dier, puisse \u00eatre op\u00e9rationnelle pour d\u00e9buter la saison le 16 ao\u00fbt prochain, contre Le Havre. Si Thiago Scuro avait expliqu\u00e9 que Paul Pogba aura besoin d\u2019environ trois mois pour esp\u00e9rer retrouver le groupe, le retour d\u2019Ansu Fati prendra lui [...]\" \/>\n<meta property=\"og:url\" content=\"https:\/\/www.ladiagonale.net\/index.php\/2025\/07\/31\/hutter-sceptique-sur-une-presence-de-fati-contre-le-havre\/\" \/>\n<meta property=\"og:site_name\" content=\"La Diagonale\" \/>\n<meta property=\"article:published_time\" content=\"2025-07-31T21:35:52+00:00\" \/>\n<meta property=\"article:modified_time\" content=\"2025-07-31T21:35:53+00:00\" \/>\n<meta property=\"og:image\" content=\"https:\/\/www.ladiagonale.net\/wp-content\/uploads\/2025\/07\/Fati-entrai\u0302nement.png\" \/>\n\t<meta property=\"og:image:width\" content=\"1160\" \/>\n\t<meta property=\"og:image:height\" content=\"650\" \/>\n\t<meta property=\"og:image:type\" content=\"image\/png\" \/>\n<meta name=\"author\" content=\"Damien Dellerba\" \/>\n<meta name=\"twitter:card\" content=\"summary_large_image\" \/>\n<meta name=\"twitter:image\" content=\"https:\/\/www.ladiagonale.net\/wp-content\/uploads\/2025\/07\/Fati-entrai\u0302nement.png\" \/>\n<meta name=\"twitter:label1\" content=\"\u00c9crit par\" \/>\n\t<meta name=\"twitter:data1\" content=\"Damien Dellerba\" \/>\n\t<meta name=\"twitter:label2\" content=\"Dur\u00e9e de lecture estim\u00e9e\" \/>\n\t<meta name=\"twitter:data2\" content=\"2 minutes\" \/>\n<script type=\"application\/ld+json\" class=\"yoast-schema-graph\">{\"@context\":\"https:\/\/schema.org\",\"@graph\":[{\"@type\":\"WebPage\",\"@id\":\"https:\/\/www.ladiagonale.net\/index.php\/2025\/07\/31\/hutter-sceptique-sur-une-presence-de-fati-contre-le-havre\/\",\"url\":\"https:\/\/www.ladiagonale.net\/index.php\/2025\/07\/31\/hutter-sceptique-sur-une-presence-de-fati-contre-le-havre\/\",\"name\":\"H\u00fctter sceptique sur une pr\u00e9sence de Fati contre Le Havre - La Diagonale\",\"isPartOf\":{\"@id\":\"https:\/\/www.ladiagonale.net\/#website\"},\"datePublished\":\"2025-07-31T21:35:52+00:00\",\"dateModified\":\"2025-07-31T21:35:53+00:00\",\"author\":{\"@id\":\"https:\/\/www.ladiagonale.net\/#\/schema\/person\/79ff1e7b0853ed01b2aa26e64ad300bf\"},\"breadcrumb\":{\"@id\":\"https:\/\/www.ladiagonale.net\/index.php\/2025\/07\/31\/hutter-sceptique-sur-une-presence-de-fati-contre-le-havre\/#breadcrumb\"},\"inLanguage\":\"fr-FR\",\"potentialAction\":[{\"@type\":\"ReadAction\",\"target\":[\"https:\/\/www.ladiagonale.net\/index.php\/2025\/07\/31\/hutter-sceptique-sur-une-presence-de-fati-contre-le-havre\/\"]}]},{\"@type\":\"BreadcrumbList\",\"@id\":\"https:\/\/www.ladiagonale.net\/index.php\/2025\/07\/31\/hutter-sceptique-sur-une-presence-de-fati-contre-le-havre\/#breadcrumb\",\"itemListElement\":[{\"@type\":\"ListItem\",\"position\":1,\"name\":\"Accueil\",\"item\":\"https:\/\/www.ladiagonale.net\/\"},{\"@type\":\"ListItem\",\"position\":2,\"name\":\"H\u00fctter sceptique sur une pr\u00e9sence de Fati contre Le Havre\"}]},{\"@type\":\"WebSite\",\"@id\":\"https:\/\/www.ladiagonale.net\/#website\",\"url\":\"https:\/\/www.ladiagonale.net\/\",\"name\":\"La Diagonale\",\"description\":\"Le site des supporters de l&#039;AS Monaco FC\",\"potentialAction\":[{\"@type\":\"SearchAction\",\"target\":{\"@type\":\"EntryPoint\",\"urlTemplate\":\"https:\/\/www.ladiagonale.net\/?s={search_term_string}\"},\"query-input\":\"required name=search_term_string\"}],\"inLanguage\":\"fr-FR\"},{\"@type\":\"Person\",\"@id\":\"https:\/\/www.ladiagonale.net\/#\/schema\/person\/79ff1e7b0853ed01b2aa26e64ad300bf\",\"name\":\"Damien Dellerba\",\"image\":{\"@type\":\"ImageObject\",\"inLanguage\":\"fr-FR\",\"@id\":\"https:\/\/www.ladiagonale.net\/#\/schema\/person\/image\/\",\"url\":\"https:\/\/secure.gravatar.com\/avatar\/c7850e06d3ff63cdbaee88b7fc16e2f0?s=96&d=mm&r=g\",\"contentUrl\":\"https:\/\/secure.gravatar.com\/avatar\/c7850e06d3ff63cdbaee88b7fc16e2f0?s=96&d=mm&r=g\",\"caption\":\"Damien Dellerba\"},\"url\":\"https:\/\/www.ladiagonale.net\/index.php\/author\/damien\/\"}]}<\/script>\n<!-- \/ Yoast SEO plugin. -->","yoast_head_json":{"title":"H\u00fctter sceptique sur une pr\u00e9sence de Fati contre Le Havre - La Diagonale","robots":{"index":"index","follow":"follow","max-snippet":"max-snippet:-1","max-image-preview":"max-image-preview:large","max-video-preview":"max-video-preview:-1"},"canonical":"https:\/\/www.ladiagonale.net\/index.php\/2025\/07\/31\/hutter-sceptique-sur-une-presence-de-fati-contre-le-havre\/","og_locale":"fr_FR","og_type":"article","og_title":"H\u00fctter sceptique sur une pr\u00e9sence de Fati contre Le Havre - La Diagonale","og_description":"L\u2019AS Monaco a enregistr\u00e9 trois recrues en ce mercato estival, mais il semblerait qu\u2019une seule, Eric Dier, puisse \u00eatre op\u00e9rationnelle pour d\u00e9buter la saison le 16 ao\u00fbt prochain, contre Le Havre. Si Thiago Scuro avait expliqu\u00e9 que Paul Pogba aura besoin d\u2019environ trois mois pour esp\u00e9rer retrouver le groupe, le retour d\u2019Ansu Fati prendra lui [...]","og_url":"https:\/\/www.ladiagonale.net\/index.php\/2025\/07\/31\/hutter-sceptique-sur-une-presence-de-fati-contre-le-havre\/","og_site_name":"La Diagonale","article_published_time":"2025-07-31T21:35:52+00:00","article_modified_time":"2025-07-31T21:35:53+00:00","og_image":[{"width":1160,"height":650,"url":"https:\/\/www.ladiagonale.net\/wp-content\/uploads\/2025\/07\/Fati-entrai\u0302nement.png","type":"image\/png"}],"author":"Damien Dellerba","twitter_card":"summary_large_image","twitter_image":"https:\/\/www.ladiagonale.net\/wp-content\/uploads\/2025\/07\/Fati-entrai\u0302nement.png","twitter_misc":{"\u00c9crit par":"Damien Dellerba","Dur\u00e9e de lecture estim\u00e9e":"2 minutes"},"schema":{"@context":"https:\/\/schema.org","@graph":[{"@type":"WebPage","@id":"https:\/\/www.ladiagonale.net\/index.php\/2025\/07\/31\/hutter-sceptique-sur-une-presence-de-fati-contre-le-havre\/","url":"https:\/\/www.ladiagonale.net\/index.php\/2025\/07\/31\/hutter-sceptique-sur-une-presence-de-fati-contre-le-havre\/","name":"H\u00fctter sceptique sur une pr\u00e9sence de Fati contre Le Havre - La Diagonale","isPartOf":{"@id":"https:\/\/www.ladiagonale.net\/#website"},"datePublished":"2025-07-31T21:35:52+00:00","dateModified":"2025-07-31T21:35:53+00:00","author":{"@id":"https:\/\/www.ladiagonale.net\/#\/schema\/person\/79ff1e7b0853ed01b2aa26e64ad300bf"},"breadcrumb":{"@id":"https:\/\/www.ladiagonale.net\/index.php\/2025\/07\/31\/hutter-sceptique-sur-une-presence-de-fati-contre-le-havre\/#breadcrumb"},"inLanguage":"fr-FR","potentialAction":[{"@type":"ReadAction","target":["https:\/\/www.ladiagonale.net\/index.php\/2025\/07\/31\/hutter-sceptique-sur-une-presence-de-fati-contre-le-havre\/"]}]},{"@type":"BreadcrumbList","@id":"https:\/\/www.ladiagonale.net\/index.php\/2025\/07\/31\/hutter-sceptique-sur-une-presence-de-fati-contre-le-havre\/#breadcrumb","itemListElement":[{"@type":"ListItem","position":1,"name":"Accueil","item":"https:\/\/www.ladiagonale.net\/"},{"@type":"ListItem","position":2,"name":"H\u00fctter sceptique sur une pr\u00e9sence de Fati contre Le Havre"}]},{"@type":"WebSite","@id":"https:\/\/www.ladiagonale.net\/#website","url":"https:\/\/www.ladiagonale.net\/","name":"La Diagonale","description":"Le site des supporters de l&#039;AS Monaco FC","potentialAction":[{"@type":"SearchAction","target":{"@type":"EntryPoint","urlTemplate":"https:\/\/www.ladiagonale.net\/?s={search_term_string}"},"query-input":"required name=search_term_string"}],"inLanguage":"fr-FR"},{"@type":"Person","@id":"https:\/\/www.ladiagonale.net\/#\/schema\/person\/79ff1e7b0853ed01b2aa26e64ad300bf","name":"Damien Dellerba","image":{"@type":"ImageObject","inLanguage":"fr-FR","@id":"https:\/\/www.ladiagonale.net\/#\/schema\/person\/image\/","url":"https:\/\/secure.gravatar.com\/avatar\/c7850e06d3ff63cdbaee88b7fc16e2f0?s=96&d=mm&r=g","contentUrl":"https:\/\/secure.gravatar.com\/avatar\/c7850e06d3ff63cdbaee88b7fc16e2f0?s=96&d=mm&r=g","caption":"Damien Dellerba"},"url":"https:\/\/www.ladiagonale.net\/index.php\/author\/damien\/"}]}},"_links":{"self":[{"href":"https:\/\/www.ladiagonale.net\/index.php\/wp-json\/wp\/v2\/posts\/32857"}],"collection":[{"href":"https:\/\/www.ladiagonale.net\/index.php\/wp-json\/wp\/v2\/posts"}],"about":[{"href":"https:\/\/www.ladiagonale.net\/index.php\/wp-json\/wp\/v2\/types\/post"}],"author":[{"embeddable":true,"href":"https:\/\/www.ladiagonale.net\/index.php\/wp-json\/wp\/v2\/users\/2"}],"replies":[{"embeddable":true,"href":"https:\/\/www.ladiagonale.net\/index.php\/wp-json\/wp\/v2\/comments?post=32857"}],"version-history":[{"count":2,"href":"https:\/\/www.ladiagonale.net\/index.php\/wp-json\/wp\/v2\/posts\/32857\/revisions"}],"predecessor-version":[{"id":32860,"href":"https:\/\/www.ladiagonale.net\/index.php\/wp-json\/wp\/v2\/posts\/32857\/revisions\/32860"}],"wp:attachment":[{"href":"https:\/\/www.ladiagonale.net\/index.php\/wp-json\/wp\/v2\/media?parent=32857"}],"wp:term":[{"taxonomy":"category","embeddable":true,"href":"https:\/\/www.ladiagonale.net\/index.php\/wp-json\/wp\/v2\/categories?post=32857"},{"taxonomy":"post_tag","embeddable":true,"href":"https:\/\/www.ladiagonale.net\/index.php\/wp-json\/wp\/v2\/tags?post=32857"}],"curies":[{"name":"wp","href":"https:\/\/api.w.org\/{rel}","templated":true}]}}