{"id":32866,"date":"2025-08-02T18:08:43","date_gmt":"2025-08-02T16:08:43","guid":{"rendered":"https:\/\/www.ladiagonale.net\/?p=32866"},"modified":"2025-08-02T18:08:44","modified_gmt":"2025-08-02T16:08:44","slug":"officiel-bouabre-quitte-monaco","status":"publish","type":"post","link":"https:\/\/www.ladiagonale.net\/index.php\/2025\/08\/02\/officiel-bouabre-quitte-monaco\/","title":{"rendered":"Officiel : Bouabr\u00e9 quitte Monaco"},"content":{"rendered":"\n\n\n<p>Apr\u00e8s cinq petits matches avec l\u2019AS Monaco, Sa\u00efmon Bouabr\u00e9 s\u2019en va. Le milieu offensif de 19 ans rejoint l\u2019Arabie saoudite et le club du Neom SC. Son transfert rapportera 10 millions d\u2019euros \u00e0 l\u2019ASM, hors bonus, estim\u00e9 \u00e0 deux millions d\u2019euros (plus 20% \u00e0 la revente).<\/p>\n\n\n\n<p>D\u00e9\u00e7u par son manque de temps de jeu avec son club formateur la saison pass\u00e9e (quatre apparitions pour une titularisation), l\u2019international U20 refusait de prolonger son bail sur le Rocher. \u00c0 un an de la fin de son contrat, l\u2019ASM a donc ouvert la porte \u00e0 un d\u00e9part.<\/p>\n","protected":false},"excerpt":{"rendered":"<p>Apr\u00e8s cinq petits matches avec l\u2019AS Monaco, Sa\u00efmon Bouabr\u00e9 s\u2019en va. Le milieu offensif de 19 ans rejoint l\u2019Arabie saoudite et le club du Neom SC. Son transfert rapportera 10 millions d\u2019euros \u00e0 l\u2019ASM, hors bonus, estim\u00e9 \u00e0 deux millions d\u2019euros (plus 20% \u00e0 la revente). D\u00e9\u00e7u par son manque de temps de jeu avec [&#8230;]\n","protected":false},"author":2,"featured_media":0,"comment_status":"open","ping_status":"open","sticky":false,"template":"","format":"standard","meta":[],"categories":[4,6],"tags":[86,111,413,110],"yoast_head":"<!-- This site is optimized with the Yoast SEO plugin v19.8 - https:\/\/yoast.com\/wordpress\/plugins\/seo\/ -->\n<title>Officiel : Bouabr\u00e9 quitte Monaco - La Diagonale<\/title>\n<meta name=\"robots\" content=\"index, follow, max-snippet:-1, max-image-preview:large, max-video-preview:-1\" \/>\n<link rel=\"canonical\" href=\"https:\/\/www.ladiagonale.net\/index.php\/2025\/08\/02\/officiel-bouabre-quitte-monaco\/\" \/>\n<meta property=\"og:locale\" content=\"fr_FR\" \/>\n<meta property=\"og:type\" content=\"article\" \/>\n<meta property=\"og:title\" content=\"Officiel : Bouabr\u00e9 quitte Monaco - La Diagonale\" \/>\n<meta property=\"og:description\" content=\"Apr\u00e8s cinq petits matches avec l\u2019AS Monaco, Sa\u00efmon Bouabr\u00e9 s\u2019en va. Le milieu offensif de 19 ans rejoint l\u2019Arabie saoudite et le club du Neom SC. Son transfert rapportera 10 millions d\u2019euros \u00e0 l\u2019ASM, hors bonus, estim\u00e9 \u00e0 deux millions d\u2019euros (plus 20% \u00e0 la revente). D\u00e9\u00e7u par son manque de temps de jeu avec [...]\" \/>\n<meta property=\"og:url\" content=\"https:\/\/www.ladiagonale.net\/index.php\/2025\/08\/02\/officiel-bouabre-quitte-monaco\/\" \/>\n<meta property=\"og:site_name\" content=\"La Diagonale\" \/>\n<meta property=\"article:published_time\" content=\"2025-08-02T16:08:43+00:00\" \/>\n<meta property=\"article:modified_time\" content=\"2025-08-02T16:08:44+00:00\" \/>\n<meta property=\"og:image\" content=\"https:\/\/www.ladiagonale.net\/wp-content\/uploads\/2025\/07\/Bouabre\u0301-Cercle.png\" \/>\n\t<meta property=\"og:image:width\" content=\"1160\" \/>\n\t<meta property=\"og:image:height\" content=\"650\" \/>\n\t<meta property=\"og:image:type\" content=\"image\/png\" \/>\n<meta name=\"author\" content=\"Damien Dellerba\" \/>\n<meta name=\"twitter:card\" content=\"summary_large_image\" \/>\n<meta name=\"twitter:image\" content=\"https:\/\/www.ladiagonale.net\/wp-content\/uploads\/2025\/07\/Bouabre\u0301-Cercle.png\" \/>\n<meta name=\"twitter:label1\" content=\"\u00c9crit par\" \/>\n\t<meta name=\"twitter:data1\" content=\"Damien Dellerba\" \/>\n\t<meta name=\"twitter:label2\" content=\"Dur\u00e9e de lecture estim\u00e9e\" \/>\n\t<meta name=\"twitter:data2\" content=\"1 minute\" \/>\n<script type=\"application\/ld+json\" class=\"yoast-schema-graph\">{\"@context\":\"https:\/\/schema.org\",\"@graph\":[{\"@type\":\"WebPage\",\"@id\":\"https:\/\/www.ladiagonale.net\/index.php\/2025\/08\/02\/officiel-bouabre-quitte-monaco\/\",\"url\":\"https:\/\/www.ladiagonale.net\/index.php\/2025\/08\/02\/officiel-bouabre-quitte-monaco\/\",\"name\":\"Officiel : Bouabr\u00e9 quitte Monaco - La Diagonale\",\"isPartOf\":{\"@id\":\"https:\/\/www.ladiagonale.net\/#website\"},\"datePublished\":\"2025-08-02T16:08:43+00:00\",\"dateModified\":\"2025-08-02T16:08:44+00:00\",\"author\":{\"@id\":\"https:\/\/www.ladiagonale.net\/#\/schema\/person\/79ff1e7b0853ed01b2aa26e64ad300bf\"},\"breadcrumb\":{\"@id\":\"https:\/\/www.ladiagonale.net\/index.php\/2025\/08\/02\/officiel-bouabre-quitte-monaco\/#breadcrumb\"},\"inLanguage\":\"fr-FR\",\"potentialAction\":[{\"@type\":\"ReadAction\",\"target\":[\"https:\/\/www.ladiagonale.net\/index.php\/2025\/08\/02\/officiel-bouabre-quitte-monaco\/\"]}]},{\"@type\":\"BreadcrumbList\",\"@id\":\"https:\/\/www.ladiagonale.net\/index.php\/2025\/08\/02\/officiel-bouabre-quitte-monaco\/#breadcrumb\",\"itemListElement\":[{\"@type\":\"ListItem\",\"position\":1,\"name\":\"Accueil\",\"item\":\"https:\/\/www.ladiagonale.net\/\"},{\"@type\":\"ListItem\",\"position\":2,\"name\":\"Officiel : Bouabr\u00e9 quitte Monaco\"}]},{\"@type\":\"WebSite\",\"@id\":\"https:\/\/www.ladiagonale.net\/#website\",\"url\":\"https:\/\/www.ladiagonale.net\/\",\"name\":\"La Diagonale\",\"description\":\"Le site des supporters de l&#039;AS Monaco FC\",\"potentialAction\":[{\"@type\":\"SearchAction\",\"target\":{\"@type\":\"EntryPoint\",\"urlTemplate\":\"https:\/\/www.ladiagonale.net\/?s={search_term_string}\"},\"query-input\":\"required name=search_term_string\"}],\"inLanguage\":\"fr-FR\"},{\"@type\":\"Person\",\"@id\":\"https:\/\/www.ladiagonale.net\/#\/schema\/person\/79ff1e7b0853ed01b2aa26e64ad300bf\",\"name\":\"Damien Dellerba\",\"image\":{\"@type\":\"ImageObject\",\"inLanguage\":\"fr-FR\",\"@id\":\"https:\/\/www.ladiagonale.net\/#\/schema\/person\/image\/\",\"url\":\"https:\/\/secure.gravatar.com\/avatar\/c7850e06d3ff63cdbaee88b7fc16e2f0?s=96&d=mm&r=g\",\"contentUrl\":\"https:\/\/secure.gravatar.com\/avatar\/c7850e06d3ff63cdbaee88b7fc16e2f0?s=96&d=mm&r=g\",\"caption\":\"Damien Dellerba\"},\"url\":\"https:\/\/www.ladiagonale.net\/index.php\/author\/damien\/\"}]}<\/script>\n<!-- \/ Yoast SEO plugin. -->","yoast_head_json":{"title":"Officiel : Bouabr\u00e9 quitte Monaco - La Diagonale","robots":{"index":"index","follow":"follow","max-snippet":"max-snippet:-1","max-image-preview":"max-image-preview:large","max-video-preview":"max-video-preview:-1"},"canonical":"https:\/\/www.ladiagonale.net\/index.php\/2025\/08\/02\/officiel-bouabre-quitte-monaco\/","og_locale":"fr_FR","og_type":"article","og_title":"Officiel : Bouabr\u00e9 quitte Monaco - La Diagonale","og_description":"Apr\u00e8s cinq petits matches avec l\u2019AS Monaco, Sa\u00efmon Bouabr\u00e9 s\u2019en va. Le milieu offensif de 19 ans rejoint l\u2019Arabie saoudite et le club du Neom SC. Son transfert rapportera 10 millions d\u2019euros \u00e0 l\u2019ASM, hors bonus, estim\u00e9 \u00e0 deux millions d\u2019euros (plus 20% \u00e0 la revente). D\u00e9\u00e7u par son manque de temps de jeu avec [...]","og_url":"https:\/\/www.ladiagonale.net\/index.php\/2025\/08\/02\/officiel-bouabre-quitte-monaco\/","og_site_name":"La Diagonale","article_published_time":"2025-08-02T16:08:43+00:00","article_modified_time":"2025-08-02T16:08:44+00:00","og_image":[{"width":1160,"height":650,"url":"https:\/\/www.ladiagonale.net\/wp-content\/uploads\/2025\/07\/Bouabre\u0301-Cercle.png","type":"image\/png"}],"author":"Damien Dellerba","twitter_card":"summary_large_image","twitter_image":"https:\/\/www.ladiagonale.net\/wp-content\/uploads\/2025\/07\/Bouabre\u0301-Cercle.png","twitter_misc":{"\u00c9crit par":"Damien Dellerba","Dur\u00e9e de lecture estim\u00e9e":"1 minute"},"schema":{"@context":"https:\/\/schema.org","@graph":[{"@type":"WebPage","@id":"https:\/\/www.ladiagonale.net\/index.php\/2025\/08\/02\/officiel-bouabre-quitte-monaco\/","url":"https:\/\/www.ladiagonale.net\/index.php\/2025\/08\/02\/officiel-bouabre-quitte-monaco\/","name":"Officiel : Bouabr\u00e9 quitte Monaco - La Diagonale","isPartOf":{"@id":"https:\/\/www.ladiagonale.net\/#website"},"datePublished":"2025-08-02T16:08:43+00:00","dateModified":"2025-08-02T16:08:44+00:00","author":{"@id":"https:\/\/www.ladiagonale.net\/#\/schema\/person\/79ff1e7b0853ed01b2aa26e64ad300bf"},"breadcrumb":{"@id":"https:\/\/www.ladiagonale.net\/index.php\/2025\/08\/02\/officiel-bouabre-quitte-monaco\/#breadcrumb"},"inLanguage":"fr-FR","potentialAction":[{"@type":"ReadAction","target":["https:\/\/www.ladiagonale.net\/index.php\/2025\/08\/02\/officiel-bouabre-quitte-monaco\/"]}]},{"@type":"BreadcrumbList","@id":"https:\/\/www.ladiagonale.net\/index.php\/2025\/08\/02\/officiel-bouabre-quitte-monaco\/#breadcrumb","itemListElement":[{"@type":"ListItem","position":1,"name":"Accueil","item":"https:\/\/www.ladiagonale.net\/"},{"@type":"ListItem","position":2,"name":"Officiel : Bouabr\u00e9 quitte Monaco"}]},{"@type":"WebSite","@id":"https:\/\/www.ladiagonale.net\/#website","url":"https:\/\/www.ladiagonale.net\/","name":"La Diagonale","description":"Le site des supporters de l&#039;AS Monaco FC","potentialAction":[{"@type":"SearchAction","target":{"@type":"EntryPoint","urlTemplate":"https:\/\/www.ladiagonale.net\/?s={search_term_string}"},"query-input":"required name=search_term_string"}],"inLanguage":"fr-FR"},{"@type":"Person","@id":"https:\/\/www.ladiagonale.net\/#\/schema\/person\/79ff1e7b0853ed01b2aa26e64ad300bf","name":"Damien Dellerba","image":{"@type":"ImageObject","inLanguage":"fr-FR","@id":"https:\/\/www.ladiagonale.net\/#\/schema\/person\/image\/","url":"https:\/\/secure.gravatar.com\/avatar\/c7850e06d3ff63cdbaee88b7fc16e2f0?s=96&d=mm&r=g","contentUrl":"https:\/\/secure.gravatar.com\/avatar\/c7850e06d3ff63cdbaee88b7fc16e2f0?s=96&d=mm&r=g","caption":"Damien Dellerba"},"url":"https:\/\/www.ladiagonale.net\/index.php\/author\/damien\/"}]}},"_links":{"self":[{"href":"https:\/\/www.ladiagonale.net\/index.php\/wp-json\/wp\/v2\/posts\/32866"}],"collection":[{"href":"https:\/\/www.ladiagonale.net\/index.php\/wp-json\/wp\/v2\/posts"}],"about":[{"href":"https:\/\/www.ladiagonale.net\/index.php\/wp-json\/wp\/v2\/types\/post"}],"author":[{"embeddable":true,"href":"https:\/\/www.ladiagonale.net\/index.php\/wp-json\/wp\/v2\/users\/2"}],"replies":[{"embeddable":true,"href":"https:\/\/www.ladiagonale.net\/index.php\/wp-json\/wp\/v2\/comments?post=32866"}],"version-history":[{"count":1,"href":"https:\/\/www.ladiagonale.net\/index.php\/wp-json\/wp\/v2\/posts\/32866\/revisions"}],"predecessor-version":[{"id":32867,"href":"https:\/\/www.ladiagonale.net\/index.php\/wp-json\/wp\/v2\/posts\/32866\/revisions\/32867"}],"wp:attachment":[{"href":"https:\/\/www.ladiagonale.net\/index.php\/wp-json\/wp\/v2\/media?parent=32866"}],"wp:term":[{"taxonomy":"category","embeddable":true,"href":"https:\/\/www.ladiagonale.net\/index.php\/wp-json\/wp\/v2\/categories?post=32866"},{"taxonomy":"post_tag","embeddable":true,"href":"https:\/\/www.ladiagonale.net\/index.php\/wp-json\/wp\/v2\/tags?post=32866"}],"curies":[{"name":"wp","href":"https:\/\/api.w.org\/{rel}","templated":true}]}}