{"id":32870,"date":"2025-08-03T11:40:03","date_gmt":"2025-08-03T09:40:03","guid":{"rendered":"https:\/\/www.ladiagonale.net\/?p=32870"},"modified":"2025-08-04T00:08:47","modified_gmt":"2025-08-03T22:08:47","slug":"accord-avec-leverkusen-pour-hradecky-mais-monaco-doit-patienter","status":"publish","type":"post","link":"https:\/\/www.ladiagonale.net\/index.php\/2025\/08\/03\/accord-avec-leverkusen-pour-hradecky-mais-monaco-doit-patienter\/","title":{"rendered":"Accord avec Leverkusen pour Hradecky mais Monaco doit patienter"},"content":{"rendered":"\n\n\n<p>L\u2019AS Monaco et le Bayer Leverkusen tiendraient un accord pour le transfert de Lukas Hradecky. Selon <em>Sky Sport<\/em>, les deux clubs se seraient entendus sur une indemnit\u00e9 de quatre millions d\u2019euros, bonus compris, pour le gardien finlandais de 35 ans, qui arrive en fin de contrat dans un an. Une premi\u00e8re offre mon\u00e9gasque, \u00e9valu\u00e9e \u00e0 deux millions d\u2019euros, avait \u00e9t\u00e9 rejet\u00e9e par le vice-champion d\u2019Allemagne.<\/p>\n\n\n\n<p>Cependant, l\u2019ASM, qui a \u00e9galement trouv\u00e9 un terrain d\u2019entente avec le joueur pour un salaire de trois millions d\u2019euros annuels, risque de devoir patienter avant de pouvoir enregistrer sa recrue. Leverkusen ne donnerait le feu vert pour la visite m\u00e9dicale qu&rsquo;apr\u00e8s avoir trouv\u00e9 le rempla\u00e7ant de celui qui \u00e9tait destin\u00e9 \u00e0 devenir une doublure. Un contretemps pour les Rouge et Blanc, qui disputeront leur septi\u00e8me match amical dimanche et qui reprennent la saison dans moins de deux semaines.<\/p>\n","protected":false},"excerpt":{"rendered":"<p>L\u2019AS Monaco et le Bayer Leverkusen tiendraient un accord pour le transfert de Lukas Hradecky. Selon Sky Sport, les deux clubs se seraient entendus sur une indemnit\u00e9 de quatre millions d\u2019euros, bonus compris, pour le gardien finlandais de 35 ans, qui arrive en fin de contrat dans un an. Une premi\u00e8re offre mon\u00e9gasque, \u00e9valu\u00e9e \u00e0 [&#8230;]\n","protected":false},"author":2,"featured_media":0,"comment_status":"open","ping_status":"open","sticky":false,"template":"","format":"standard","meta":[],"categories":[6,1086],"tags":[86,1094,111,110],"yoast_head":"<!-- This site is optimized with the Yoast SEO plugin v19.8 - https:\/\/yoast.com\/wordpress\/plugins\/seo\/ -->\n<title>Accord avec Leverkusen pour Hradecky mais Monaco doit patienter - La Diagonale<\/title>\n<meta name=\"robots\" content=\"index, follow, max-snippet:-1, max-image-preview:large, max-video-preview:-1\" \/>\n<link rel=\"canonical\" href=\"https:\/\/www.ladiagonale.net\/index.php\/2025\/08\/03\/accord-avec-leverkusen-pour-hradecky-mais-monaco-doit-patienter\/\" \/>\n<meta property=\"og:locale\" content=\"fr_FR\" \/>\n<meta property=\"og:type\" content=\"article\" \/>\n<meta property=\"og:title\" content=\"Accord avec Leverkusen pour Hradecky mais Monaco doit patienter - La Diagonale\" \/>\n<meta property=\"og:description\" content=\"L\u2019AS Monaco et le Bayer Leverkusen tiendraient un accord pour le transfert de Lukas Hradecky. Selon Sky Sport, les deux clubs se seraient entendus sur une indemnit\u00e9 de quatre millions d\u2019euros, bonus compris, pour le gardien finlandais de 35 ans, qui arrive en fin de contrat dans un an. Une premi\u00e8re offre mon\u00e9gasque, \u00e9valu\u00e9e \u00e0 [...]\" \/>\n<meta property=\"og:url\" content=\"https:\/\/www.ladiagonale.net\/index.php\/2025\/08\/03\/accord-avec-leverkusen-pour-hradecky-mais-monaco-doit-patienter\/\" \/>\n<meta property=\"og:site_name\" content=\"La Diagonale\" \/>\n<meta property=\"article:published_time\" content=\"2025-08-03T09:40:03+00:00\" \/>\n<meta property=\"article:modified_time\" content=\"2025-08-03T22:08:47+00:00\" \/>\n<meta property=\"og:image\" content=\"https:\/\/www.ladiagonale.net\/wp-content\/uploads\/2025\/07\/Hradecky.png\" \/>\n\t<meta property=\"og:image:width\" content=\"1160\" \/>\n\t<meta property=\"og:image:height\" content=\"650\" \/>\n\t<meta property=\"og:image:type\" content=\"image\/png\" \/>\n<meta name=\"author\" content=\"Damien Dellerba\" \/>\n<meta name=\"twitter:card\" content=\"summary_large_image\" \/>\n<meta name=\"twitter:image\" content=\"https:\/\/www.ladiagonale.net\/wp-content\/uploads\/2025\/07\/Hradecky.png\" \/>\n<meta name=\"twitter:label1\" content=\"\u00c9crit par\" \/>\n\t<meta name=\"twitter:data1\" content=\"Damien Dellerba\" \/>\n\t<meta name=\"twitter:label2\" content=\"Dur\u00e9e de lecture estim\u00e9e\" \/>\n\t<meta name=\"twitter:data2\" content=\"1 minute\" \/>\n<script type=\"application\/ld+json\" class=\"yoast-schema-graph\">{\"@context\":\"https:\/\/schema.org\",\"@graph\":[{\"@type\":\"WebPage\",\"@id\":\"https:\/\/www.ladiagonale.net\/index.php\/2025\/08\/03\/accord-avec-leverkusen-pour-hradecky-mais-monaco-doit-patienter\/\",\"url\":\"https:\/\/www.ladiagonale.net\/index.php\/2025\/08\/03\/accord-avec-leverkusen-pour-hradecky-mais-monaco-doit-patienter\/\",\"name\":\"Accord avec Leverkusen pour Hradecky mais Monaco doit patienter - La Diagonale\",\"isPartOf\":{\"@id\":\"https:\/\/www.ladiagonale.net\/#website\"},\"datePublished\":\"2025-08-03T09:40:03+00:00\",\"dateModified\":\"2025-08-03T22:08:47+00:00\",\"author\":{\"@id\":\"https:\/\/www.ladiagonale.net\/#\/schema\/person\/79ff1e7b0853ed01b2aa26e64ad300bf\"},\"breadcrumb\":{\"@id\":\"https:\/\/www.ladiagonale.net\/index.php\/2025\/08\/03\/accord-avec-leverkusen-pour-hradecky-mais-monaco-doit-patienter\/#breadcrumb\"},\"inLanguage\":\"fr-FR\",\"potentialAction\":[{\"@type\":\"ReadAction\",\"target\":[\"https:\/\/www.ladiagonale.net\/index.php\/2025\/08\/03\/accord-avec-leverkusen-pour-hradecky-mais-monaco-doit-patienter\/\"]}]},{\"@type\":\"BreadcrumbList\",\"@id\":\"https:\/\/www.ladiagonale.net\/index.php\/2025\/08\/03\/accord-avec-leverkusen-pour-hradecky-mais-monaco-doit-patienter\/#breadcrumb\",\"itemListElement\":[{\"@type\":\"ListItem\",\"position\":1,\"name\":\"Accueil\",\"item\":\"https:\/\/www.ladiagonale.net\/\"},{\"@type\":\"ListItem\",\"position\":2,\"name\":\"Accord avec Leverkusen pour Hradecky mais Monaco doit patienter\"}]},{\"@type\":\"WebSite\",\"@id\":\"https:\/\/www.ladiagonale.net\/#website\",\"url\":\"https:\/\/www.ladiagonale.net\/\",\"name\":\"La Diagonale\",\"description\":\"Le site des supporters de l&#039;AS Monaco FC\",\"potentialAction\":[{\"@type\":\"SearchAction\",\"target\":{\"@type\":\"EntryPoint\",\"urlTemplate\":\"https:\/\/www.ladiagonale.net\/?s={search_term_string}\"},\"query-input\":\"required name=search_term_string\"}],\"inLanguage\":\"fr-FR\"},{\"@type\":\"Person\",\"@id\":\"https:\/\/www.ladiagonale.net\/#\/schema\/person\/79ff1e7b0853ed01b2aa26e64ad300bf\",\"name\":\"Damien Dellerba\",\"image\":{\"@type\":\"ImageObject\",\"inLanguage\":\"fr-FR\",\"@id\":\"https:\/\/www.ladiagonale.net\/#\/schema\/person\/image\/\",\"url\":\"https:\/\/secure.gravatar.com\/avatar\/c7850e06d3ff63cdbaee88b7fc16e2f0?s=96&d=mm&r=g\",\"contentUrl\":\"https:\/\/secure.gravatar.com\/avatar\/c7850e06d3ff63cdbaee88b7fc16e2f0?s=96&d=mm&r=g\",\"caption\":\"Damien Dellerba\"},\"url\":\"https:\/\/www.ladiagonale.net\/index.php\/author\/damien\/\"}]}<\/script>\n<!-- \/ Yoast SEO plugin. -->","yoast_head_json":{"title":"Accord avec Leverkusen pour Hradecky mais Monaco doit patienter - La Diagonale","robots":{"index":"index","follow":"follow","max-snippet":"max-snippet:-1","max-image-preview":"max-image-preview:large","max-video-preview":"max-video-preview:-1"},"canonical":"https:\/\/www.ladiagonale.net\/index.php\/2025\/08\/03\/accord-avec-leverkusen-pour-hradecky-mais-monaco-doit-patienter\/","og_locale":"fr_FR","og_type":"article","og_title":"Accord avec Leverkusen pour Hradecky mais Monaco doit patienter - La Diagonale","og_description":"L\u2019AS Monaco et le Bayer Leverkusen tiendraient un accord pour le transfert de Lukas Hradecky. Selon Sky Sport, les deux clubs se seraient entendus sur une indemnit\u00e9 de quatre millions d\u2019euros, bonus compris, pour le gardien finlandais de 35 ans, qui arrive en fin de contrat dans un an. Une premi\u00e8re offre mon\u00e9gasque, \u00e9valu\u00e9e \u00e0 [...]","og_url":"https:\/\/www.ladiagonale.net\/index.php\/2025\/08\/03\/accord-avec-leverkusen-pour-hradecky-mais-monaco-doit-patienter\/","og_site_name":"La Diagonale","article_published_time":"2025-08-03T09:40:03+00:00","article_modified_time":"2025-08-03T22:08:47+00:00","og_image":[{"width":1160,"height":650,"url":"https:\/\/www.ladiagonale.net\/wp-content\/uploads\/2025\/07\/Hradecky.png","type":"image\/png"}],"author":"Damien Dellerba","twitter_card":"summary_large_image","twitter_image":"https:\/\/www.ladiagonale.net\/wp-content\/uploads\/2025\/07\/Hradecky.png","twitter_misc":{"\u00c9crit par":"Damien Dellerba","Dur\u00e9e de lecture estim\u00e9e":"1 minute"},"schema":{"@context":"https:\/\/schema.org","@graph":[{"@type":"WebPage","@id":"https:\/\/www.ladiagonale.net\/index.php\/2025\/08\/03\/accord-avec-leverkusen-pour-hradecky-mais-monaco-doit-patienter\/","url":"https:\/\/www.ladiagonale.net\/index.php\/2025\/08\/03\/accord-avec-leverkusen-pour-hradecky-mais-monaco-doit-patienter\/","name":"Accord avec Leverkusen pour Hradecky mais Monaco doit patienter - La Diagonale","isPartOf":{"@id":"https:\/\/www.ladiagonale.net\/#website"},"datePublished":"2025-08-03T09:40:03+00:00","dateModified":"2025-08-03T22:08:47+00:00","author":{"@id":"https:\/\/www.ladiagonale.net\/#\/schema\/person\/79ff1e7b0853ed01b2aa26e64ad300bf"},"breadcrumb":{"@id":"https:\/\/www.ladiagonale.net\/index.php\/2025\/08\/03\/accord-avec-leverkusen-pour-hradecky-mais-monaco-doit-patienter\/#breadcrumb"},"inLanguage":"fr-FR","potentialAction":[{"@type":"ReadAction","target":["https:\/\/www.ladiagonale.net\/index.php\/2025\/08\/03\/accord-avec-leverkusen-pour-hradecky-mais-monaco-doit-patienter\/"]}]},{"@type":"BreadcrumbList","@id":"https:\/\/www.ladiagonale.net\/index.php\/2025\/08\/03\/accord-avec-leverkusen-pour-hradecky-mais-monaco-doit-patienter\/#breadcrumb","itemListElement":[{"@type":"ListItem","position":1,"name":"Accueil","item":"https:\/\/www.ladiagonale.net\/"},{"@type":"ListItem","position":2,"name":"Accord avec Leverkusen pour Hradecky mais Monaco doit patienter"}]},{"@type":"WebSite","@id":"https:\/\/www.ladiagonale.net\/#website","url":"https:\/\/www.ladiagonale.net\/","name":"La Diagonale","description":"Le site des supporters de l&#039;AS Monaco FC","potentialAction":[{"@type":"SearchAction","target":{"@type":"EntryPoint","urlTemplate":"https:\/\/www.ladiagonale.net\/?s={search_term_string}"},"query-input":"required name=search_term_string"}],"inLanguage":"fr-FR"},{"@type":"Person","@id":"https:\/\/www.ladiagonale.net\/#\/schema\/person\/79ff1e7b0853ed01b2aa26e64ad300bf","name":"Damien Dellerba","image":{"@type":"ImageObject","inLanguage":"fr-FR","@id":"https:\/\/www.ladiagonale.net\/#\/schema\/person\/image\/","url":"https:\/\/secure.gravatar.com\/avatar\/c7850e06d3ff63cdbaee88b7fc16e2f0?s=96&d=mm&r=g","contentUrl":"https:\/\/secure.gravatar.com\/avatar\/c7850e06d3ff63cdbaee88b7fc16e2f0?s=96&d=mm&r=g","caption":"Damien Dellerba"},"url":"https:\/\/www.ladiagonale.net\/index.php\/author\/damien\/"}]}},"_links":{"self":[{"href":"https:\/\/www.ladiagonale.net\/index.php\/wp-json\/wp\/v2\/posts\/32870"}],"collection":[{"href":"https:\/\/www.ladiagonale.net\/index.php\/wp-json\/wp\/v2\/posts"}],"about":[{"href":"https:\/\/www.ladiagonale.net\/index.php\/wp-json\/wp\/v2\/types\/post"}],"author":[{"embeddable":true,"href":"https:\/\/www.ladiagonale.net\/index.php\/wp-json\/wp\/v2\/users\/2"}],"replies":[{"embeddable":true,"href":"https:\/\/www.ladiagonale.net\/index.php\/wp-json\/wp\/v2\/comments?post=32870"}],"version-history":[{"count":2,"href":"https:\/\/www.ladiagonale.net\/index.php\/wp-json\/wp\/v2\/posts\/32870\/revisions"}],"predecessor-version":[{"id":32881,"href":"https:\/\/www.ladiagonale.net\/index.php\/wp-json\/wp\/v2\/posts\/32870\/revisions\/32881"}],"wp:attachment":[{"href":"https:\/\/www.ladiagonale.net\/index.php\/wp-json\/wp\/v2\/media?parent=32870"}],"wp:term":[{"taxonomy":"category","embeddable":true,"href":"https:\/\/www.ladiagonale.net\/index.php\/wp-json\/wp\/v2\/categories?post=32870"},{"taxonomy":"post_tag","embeddable":true,"href":"https:\/\/www.ladiagonale.net\/index.php\/wp-json\/wp\/v2\/tags?post=32870"}],"curies":[{"name":"wp","href":"https:\/\/api.w.org\/{rel}","templated":true}]}}