{"id":32872,"date":"2025-08-03T11:43:51","date_gmt":"2025-08-03T09:43:51","guid":{"rendered":"https:\/\/www.ladiagonale.net\/?p=32872"},"modified":"2025-08-03T11:43:52","modified_gmt":"2025-08-03T09:43:52","slug":"podcast-hradecky-le-gardien-quil-fallait-a-monaco","status":"publish","type":"post","link":"https:\/\/www.ladiagonale.net\/index.php\/2025\/08\/03\/podcast-hradecky-le-gardien-quil-fallait-a-monaco\/","title":{"rendered":"Podcast : Hradecky, le gardien qu&rsquo;il fallait \u00e0 Monaco ?"},"content":{"rendered":"\n<p>L&rsquo;AS Monaco semble avoir trouv\u00e9 son nouveau gardien en la personne de Lukas Hradecky, du Bayer Leverkusen. Un choix peu sexy en apparence mais un gardien plut\u00f4t fiable malgr\u00e9 son \u00e2ge avanc\u00e9.<\/p>\n\n\n\n<p>Autre sujet abord\u00e9 dans cette \u00e9mission, l&rsquo;impatience des jeunes joueurs qui d\u00e9sirent partir.<\/p>\n\n\n\n<p>Avec Damien, Adrien et Alessandro.<\/p>\n\n\n\n<figure class=\"wp-block-embed is-type-video is-provider-youtube wp-block-embed-youtube wp-embed-aspect-16-9 wp-has-aspect-ratio\"><div class=\"wp-block-embed__wrapper\">\n<iframe loading=\"lazy\" title=\"La Gazette du Mercato - Hradecky, le gardien qu&#039;il fallait \u00e0 Monaco ?\" width=\"1020\" height=\"574\" src=\"https:\/\/www.youtube.com\/embed\/w9G2b7IRcK8?feature=oembed\" frameborder=\"0\" allow=\"accelerometer; autoplay; clipboard-write; encrypted-media; gyroscope; picture-in-picture; web-share\" referrerpolicy=\"strict-origin-when-cross-origin\" allowfullscreen><\/iframe>\n<\/div><\/figure>\n","protected":false},"excerpt":{"rendered":"<p>L&rsquo;AS Monaco semble avoir trouv\u00e9 son nouveau gardien en la personne de Lukas Hradecky, du Bayer Leverkusen. Un choix peu sexy en apparence mais un gardien plut\u00f4t fiable malgr\u00e9 son \u00e2ge avanc\u00e9. Autre sujet abord\u00e9 dans cette \u00e9mission, l&rsquo;impatience des jeunes joueurs qui d\u00e9sirent partir. Avec Damien, Adrien et Alessandro.<\/p>\n","protected":false},"author":2,"featured_media":0,"comment_status":"open","ping_status":"open","sticky":false,"template":"","format":"standard","meta":[],"categories":[6,1086],"tags":[86,895,1094,111,211,292,110],"yoast_head":"<!-- This site is optimized with the Yoast SEO plugin v19.8 - https:\/\/yoast.com\/wordpress\/plugins\/seo\/ -->\n<title>Podcast : Hradecky, le gardien qu&#039;il fallait \u00e0 Monaco ? - La Diagonale<\/title>\n<meta name=\"robots\" content=\"index, follow, max-snippet:-1, max-image-preview:large, max-video-preview:-1\" \/>\n<link rel=\"canonical\" href=\"https:\/\/www.ladiagonale.net\/index.php\/2025\/08\/03\/podcast-hradecky-le-gardien-quil-fallait-a-monaco\/\" \/>\n<meta property=\"og:locale\" content=\"fr_FR\" \/>\n<meta property=\"og:type\" content=\"article\" \/>\n<meta property=\"og:title\" content=\"Podcast : Hradecky, le gardien qu&#039;il fallait \u00e0 Monaco ? - La Diagonale\" \/>\n<meta property=\"og:description\" content=\"L&rsquo;AS Monaco semble avoir trouv\u00e9 son nouveau gardien en la personne de Lukas Hradecky, du Bayer Leverkusen. Un choix peu sexy en apparence mais un gardien plut\u00f4t fiable malgr\u00e9 son \u00e2ge avanc\u00e9. Autre sujet abord\u00e9 dans cette \u00e9mission, l&rsquo;impatience des jeunes joueurs qui d\u00e9sirent partir. Avec Damien, Adrien et Alessandro.\" \/>\n<meta property=\"og:url\" content=\"https:\/\/www.ladiagonale.net\/index.php\/2025\/08\/03\/podcast-hradecky-le-gardien-quil-fallait-a-monaco\/\" \/>\n<meta property=\"og:site_name\" content=\"La Diagonale\" \/>\n<meta property=\"article:published_time\" content=\"2025-08-03T09:43:51+00:00\" \/>\n<meta property=\"article:modified_time\" content=\"2025-08-03T09:43:52+00:00\" \/>\n<meta property=\"og:image\" content=\"https:\/\/www.ladiagonale.net\/wp-content\/uploads\/2025\/08\/miniature-gazette-3.png\" \/>\n\t<meta property=\"og:image:width\" content=\"1920\" \/>\n\t<meta property=\"og:image:height\" content=\"1080\" \/>\n\t<meta property=\"og:image:type\" content=\"image\/png\" \/>\n<meta name=\"author\" content=\"Damien Dellerba\" \/>\n<meta name=\"twitter:card\" content=\"summary_large_image\" \/>\n<meta name=\"twitter:image\" content=\"https:\/\/www.ladiagonale.net\/wp-content\/uploads\/2025\/08\/miniature-gazette-3.png\" \/>\n<meta name=\"twitter:label1\" content=\"\u00c9crit par\" \/>\n\t<meta name=\"twitter:data1\" content=\"Damien Dellerba\" \/>\n\t<meta name=\"twitter:label2\" content=\"Dur\u00e9e de lecture estim\u00e9e\" \/>\n\t<meta name=\"twitter:data2\" content=\"1 minute\" \/>\n<script type=\"application\/ld+json\" class=\"yoast-schema-graph\">{\"@context\":\"https:\/\/schema.org\",\"@graph\":[{\"@type\":\"WebPage\",\"@id\":\"https:\/\/www.ladiagonale.net\/index.php\/2025\/08\/03\/podcast-hradecky-le-gardien-quil-fallait-a-monaco\/\",\"url\":\"https:\/\/www.ladiagonale.net\/index.php\/2025\/08\/03\/podcast-hradecky-le-gardien-quil-fallait-a-monaco\/\",\"name\":\"Podcast : Hradecky, le gardien qu'il fallait \u00e0 Monaco ? - La Diagonale\",\"isPartOf\":{\"@id\":\"https:\/\/www.ladiagonale.net\/#website\"},\"datePublished\":\"2025-08-03T09:43:51+00:00\",\"dateModified\":\"2025-08-03T09:43:52+00:00\",\"author\":{\"@id\":\"https:\/\/www.ladiagonale.net\/#\/schema\/person\/79ff1e7b0853ed01b2aa26e64ad300bf\"},\"breadcrumb\":{\"@id\":\"https:\/\/www.ladiagonale.net\/index.php\/2025\/08\/03\/podcast-hradecky-le-gardien-quil-fallait-a-monaco\/#breadcrumb\"},\"inLanguage\":\"fr-FR\",\"potentialAction\":[{\"@type\":\"ReadAction\",\"target\":[\"https:\/\/www.ladiagonale.net\/index.php\/2025\/08\/03\/podcast-hradecky-le-gardien-quil-fallait-a-monaco\/\"]}]},{\"@type\":\"BreadcrumbList\",\"@id\":\"https:\/\/www.ladiagonale.net\/index.php\/2025\/08\/03\/podcast-hradecky-le-gardien-quil-fallait-a-monaco\/#breadcrumb\",\"itemListElement\":[{\"@type\":\"ListItem\",\"position\":1,\"name\":\"Accueil\",\"item\":\"https:\/\/www.ladiagonale.net\/\"},{\"@type\":\"ListItem\",\"position\":2,\"name\":\"Podcast : Hradecky, le gardien qu&rsquo;il fallait \u00e0 Monaco ?\"}]},{\"@type\":\"WebSite\",\"@id\":\"https:\/\/www.ladiagonale.net\/#website\",\"url\":\"https:\/\/www.ladiagonale.net\/\",\"name\":\"La Diagonale\",\"description\":\"Le site des supporters de l&#039;AS Monaco FC\",\"potentialAction\":[{\"@type\":\"SearchAction\",\"target\":{\"@type\":\"EntryPoint\",\"urlTemplate\":\"https:\/\/www.ladiagonale.net\/?s={search_term_string}\"},\"query-input\":\"required name=search_term_string\"}],\"inLanguage\":\"fr-FR\"},{\"@type\":\"Person\",\"@id\":\"https:\/\/www.ladiagonale.net\/#\/schema\/person\/79ff1e7b0853ed01b2aa26e64ad300bf\",\"name\":\"Damien Dellerba\",\"image\":{\"@type\":\"ImageObject\",\"inLanguage\":\"fr-FR\",\"@id\":\"https:\/\/www.ladiagonale.net\/#\/schema\/person\/image\/\",\"url\":\"https:\/\/secure.gravatar.com\/avatar\/c7850e06d3ff63cdbaee88b7fc16e2f0?s=96&d=mm&r=g\",\"contentUrl\":\"https:\/\/secure.gravatar.com\/avatar\/c7850e06d3ff63cdbaee88b7fc16e2f0?s=96&d=mm&r=g\",\"caption\":\"Damien Dellerba\"},\"url\":\"https:\/\/www.ladiagonale.net\/index.php\/author\/damien\/\"}]}<\/script>\n<!-- \/ Yoast SEO plugin. -->","yoast_head_json":{"title":"Podcast : Hradecky, le gardien qu'il fallait \u00e0 Monaco ? - La Diagonale","robots":{"index":"index","follow":"follow","max-snippet":"max-snippet:-1","max-image-preview":"max-image-preview:large","max-video-preview":"max-video-preview:-1"},"canonical":"https:\/\/www.ladiagonale.net\/index.php\/2025\/08\/03\/podcast-hradecky-le-gardien-quil-fallait-a-monaco\/","og_locale":"fr_FR","og_type":"article","og_title":"Podcast : Hradecky, le gardien qu'il fallait \u00e0 Monaco ? - La Diagonale","og_description":"L&rsquo;AS Monaco semble avoir trouv\u00e9 son nouveau gardien en la personne de Lukas Hradecky, du Bayer Leverkusen. Un choix peu sexy en apparence mais un gardien plut\u00f4t fiable malgr\u00e9 son \u00e2ge avanc\u00e9. Autre sujet abord\u00e9 dans cette \u00e9mission, l&rsquo;impatience des jeunes joueurs qui d\u00e9sirent partir. Avec Damien, Adrien et Alessandro.","og_url":"https:\/\/www.ladiagonale.net\/index.php\/2025\/08\/03\/podcast-hradecky-le-gardien-quil-fallait-a-monaco\/","og_site_name":"La Diagonale","article_published_time":"2025-08-03T09:43:51+00:00","article_modified_time":"2025-08-03T09:43:52+00:00","og_image":[{"width":1920,"height":1080,"url":"https:\/\/www.ladiagonale.net\/wp-content\/uploads\/2025\/08\/miniature-gazette-3.png","type":"image\/png"}],"author":"Damien Dellerba","twitter_card":"summary_large_image","twitter_image":"https:\/\/www.ladiagonale.net\/wp-content\/uploads\/2025\/08\/miniature-gazette-3.png","twitter_misc":{"\u00c9crit par":"Damien Dellerba","Dur\u00e9e de lecture estim\u00e9e":"1 minute"},"schema":{"@context":"https:\/\/schema.org","@graph":[{"@type":"WebPage","@id":"https:\/\/www.ladiagonale.net\/index.php\/2025\/08\/03\/podcast-hradecky-le-gardien-quil-fallait-a-monaco\/","url":"https:\/\/www.ladiagonale.net\/index.php\/2025\/08\/03\/podcast-hradecky-le-gardien-quil-fallait-a-monaco\/","name":"Podcast : Hradecky, le gardien qu'il fallait \u00e0 Monaco ? - La Diagonale","isPartOf":{"@id":"https:\/\/www.ladiagonale.net\/#website"},"datePublished":"2025-08-03T09:43:51+00:00","dateModified":"2025-08-03T09:43:52+00:00","author":{"@id":"https:\/\/www.ladiagonale.net\/#\/schema\/person\/79ff1e7b0853ed01b2aa26e64ad300bf"},"breadcrumb":{"@id":"https:\/\/www.ladiagonale.net\/index.php\/2025\/08\/03\/podcast-hradecky-le-gardien-quil-fallait-a-monaco\/#breadcrumb"},"inLanguage":"fr-FR","potentialAction":[{"@type":"ReadAction","target":["https:\/\/www.ladiagonale.net\/index.php\/2025\/08\/03\/podcast-hradecky-le-gardien-quil-fallait-a-monaco\/"]}]},{"@type":"BreadcrumbList","@id":"https:\/\/www.ladiagonale.net\/index.php\/2025\/08\/03\/podcast-hradecky-le-gardien-quil-fallait-a-monaco\/#breadcrumb","itemListElement":[{"@type":"ListItem","position":1,"name":"Accueil","item":"https:\/\/www.ladiagonale.net\/"},{"@type":"ListItem","position":2,"name":"Podcast : Hradecky, le gardien qu&rsquo;il fallait \u00e0 Monaco ?"}]},{"@type":"WebSite","@id":"https:\/\/www.ladiagonale.net\/#website","url":"https:\/\/www.ladiagonale.net\/","name":"La Diagonale","description":"Le site des supporters de l&#039;AS Monaco FC","potentialAction":[{"@type":"SearchAction","target":{"@type":"EntryPoint","urlTemplate":"https:\/\/www.ladiagonale.net\/?s={search_term_string}"},"query-input":"required name=search_term_string"}],"inLanguage":"fr-FR"},{"@type":"Person","@id":"https:\/\/www.ladiagonale.net\/#\/schema\/person\/79ff1e7b0853ed01b2aa26e64ad300bf","name":"Damien Dellerba","image":{"@type":"ImageObject","inLanguage":"fr-FR","@id":"https:\/\/www.ladiagonale.net\/#\/schema\/person\/image\/","url":"https:\/\/secure.gravatar.com\/avatar\/c7850e06d3ff63cdbaee88b7fc16e2f0?s=96&d=mm&r=g","contentUrl":"https:\/\/secure.gravatar.com\/avatar\/c7850e06d3ff63cdbaee88b7fc16e2f0?s=96&d=mm&r=g","caption":"Damien Dellerba"},"url":"https:\/\/www.ladiagonale.net\/index.php\/author\/damien\/"}]}},"_links":{"self":[{"href":"https:\/\/www.ladiagonale.net\/index.php\/wp-json\/wp\/v2\/posts\/32872"}],"collection":[{"href":"https:\/\/www.ladiagonale.net\/index.php\/wp-json\/wp\/v2\/posts"}],"about":[{"href":"https:\/\/www.ladiagonale.net\/index.php\/wp-json\/wp\/v2\/types\/post"}],"author":[{"embeddable":true,"href":"https:\/\/www.ladiagonale.net\/index.php\/wp-json\/wp\/v2\/users\/2"}],"replies":[{"embeddable":true,"href":"https:\/\/www.ladiagonale.net\/index.php\/wp-json\/wp\/v2\/comments?post=32872"}],"version-history":[{"count":1,"href":"https:\/\/www.ladiagonale.net\/index.php\/wp-json\/wp\/v2\/posts\/32872\/revisions"}],"predecessor-version":[{"id":32874,"href":"https:\/\/www.ladiagonale.net\/index.php\/wp-json\/wp\/v2\/posts\/32872\/revisions\/32874"}],"wp:attachment":[{"href":"https:\/\/www.ladiagonale.net\/index.php\/wp-json\/wp\/v2\/media?parent=32872"}],"wp:term":[{"taxonomy":"category","embeddable":true,"href":"https:\/\/www.ladiagonale.net\/index.php\/wp-json\/wp\/v2\/categories?post=32872"},{"taxonomy":"post_tag","embeddable":true,"href":"https:\/\/www.ladiagonale.net\/index.php\/wp-json\/wp\/v2\/tags?post=32872"}],"curies":[{"name":"wp","href":"https:\/\/api.w.org\/{rel}","templated":true}]}}