{"id":32954,"date":"2025-08-08T23:49:07","date_gmt":"2025-08-08T21:49:07","guid":{"rendered":"https:\/\/www.ladiagonale.net\/?p=32954"},"modified":"2025-08-08T23:49:08","modified_gmt":"2025-08-08T21:49:08","slug":"hutter-nous-sommes-prets","status":"publish","type":"post","link":"https:\/\/www.ladiagonale.net\/index.php\/2025\/08\/08\/hutter-nous-sommes-prets\/","title":{"rendered":"H\u00fctter : \u00ab\u00a0Nous sommes pr\u00eats\u00a0\u00bb"},"content":{"rendered":"\n\n\n<p>La derni\u00e8re rencontre amicale disput\u00e9e par l\u2019AS Monaco aura donc constitu\u00e9 la premi\u00e8re d\u00e9faite de cette pr\u00e9paration. Les joueurs d\u2019Adi H\u00fctter ont \u00e9t\u00e9 renvers\u00e9s par l\u2019Inter Milan, une \u00ab\u00a0<em>tr\u00e8s bonne \u00e9quipe de Ligue des champions<\/em>\u00a0\u00bb, comme l\u2019a rappel\u00e9 l\u2019entra\u00eeneur autrichien, qui \u00e9tait d\u00e9\u00e7u du r\u00e9sultat et qui a regrett\u00e9 les \u00ab\u00a0<em>erreurs<\/em>\u00a0\u00bb commises : \u00ab\u00a0<em>C\u2019\u00e9tait un match amical, mais le r\u00e9sultat, quand vous conc\u00e9dez deux buts, n\u2019est pas bon. Nous sommes d\u00e9\u00e7us par ce r\u00e9sultat. En premi\u00e8re p\u00e9riode, nous avons bien jou\u00e9, mais en seconde, ce n\u2019\u00e9tait pas aussi bon. L\u2019Inter a fait de bonnes choses et montr\u00e9 que c\u2019\u00e9tait une grande \u00e9quipe. Nous n\u2019avons pas trouv\u00e9 les bonnes solutions non plus, m\u00eame si nous avons aussi eu des opportunit\u00e9s.<\/em> \u00bb<\/p>\n\n\n\n<p>L\u2019ASM peut \u00eatre d\u2019autant plus d\u00e9\u00e7ue d\u2019avoir perdu alors qu\u2019elle \u00e9tait en sup\u00e9riorit\u00e9 num\u00e9rique pendant pr\u00e8s d\u2019une heure. Une d\u00e9cision sur laquelle il a tent\u00e9 d\u2019intervenir : \u00ab\u00a0<em>Le plus important, c\u2019est que les arbitres essaient toujours de faire de leur travail. S\u2019il pense que c\u2019est un carton rouge, c\u2019est un carton rouge. Mais pour moi, dans un match amical avec 12 000 spectateurs, allez voir les entra\u00eeneurs, r\u00e9unissez-les et demandez d\u2019amener un nouveau joueur pour continuer la rencontre avec le m\u00eame nombre de joueurs. Car cela fait aussi sens pour nous. Nous devons respecter les r\u00e8gles, ce que l\u2019arbitre a fait. Je lui demand\u00e9 s\u2019il pouvait prendre une autre d\u00e9cision, mais ce n\u2019\u00e9tait pas possible pour lui. C\u2019est une raison pour laquelle nous avons \u00e9chang\u00e9 avec le coach de l\u2019Inter, pour essayer trouver une solution.<\/em>\u00a0\u00bb<\/p>\n\n\n\n<p>Mais H\u00fctter ne veut pas se formaliser sur ce l\u00e9ger contretemps. L\u2019objectif est d\u2019\u00eatre performant face au Havre dans une semaine pour la reprise de la Ligue 1 et il estime que son \u00e9quipe est pr\u00eate pour cette nouvelle saison qui s\u2019annonce : \u00ab\u00a0<em>Nous sommes pr\u00eats pour d\u00e9buter la saison.\u00a0\u00bb <\/em>Que faudra-t-il am\u00e9liorer pour la r\u00e9ception de l\u2019\u00e9quipe normande ?<em> \u00ab\u00a0Nous devrons marquer un second but, \u00e0 mon avis (rires). Le Havre a d\u2019autres qualit\u00e9s que l\u2019Inter Milan. C\u2019est une \u00e9quipe qui d\u00e9fend en bloc bas, qui joue en transition et nous devrons y faire attention et aussi mieux d\u00e9fendre que ce que nous avons fait aujourd\u2019hui (vendredi). Ce sera un match totalement diff\u00e9rent.\u00a0<\/em>\u00bb<\/p>\n","protected":false},"excerpt":{"rendered":"<p>La derni\u00e8re rencontre amicale disput\u00e9e par l\u2019AS Monaco aura donc constitu\u00e9 la premi\u00e8re d\u00e9faite de cette pr\u00e9paration. Les joueurs d\u2019Adi H\u00fctter ont \u00e9t\u00e9 renvers\u00e9s par l\u2019Inter Milan, une \u00ab\u00a0tr\u00e8s bonne \u00e9quipe de Ligue des champions\u00a0\u00bb, comme l\u2019a rappel\u00e9 l\u2019entra\u00eeneur autrichien, qui \u00e9tait d\u00e9\u00e7u du r\u00e9sultat et qui a regrett\u00e9 les \u00ab\u00a0erreurs\u00a0\u00bb commises : \u00ab\u00a0C\u2019\u00e9tait un [&#8230;]\n","protected":false},"author":2,"featured_media":0,"comment_status":"open","ping_status":"open","sticky":false,"template":"","format":"standard","meta":[],"categories":[6],"tags":[576,87,86,689,592],"yoast_head":"<!-- This site is optimized with the Yoast SEO plugin v19.8 - https:\/\/yoast.com\/wordpress\/plugins\/seo\/ -->\n<title>H\u00fctter : \u00ab\u00a0Nous sommes pr\u00eats\u00a0\u00bb - La Diagonale<\/title>\n<meta name=\"robots\" content=\"index, follow, max-snippet:-1, max-image-preview:large, max-video-preview:-1\" \/>\n<link rel=\"canonical\" href=\"https:\/\/www.ladiagonale.net\/index.php\/2025\/08\/08\/hutter-nous-sommes-prets\/\" \/>\n<meta property=\"og:locale\" content=\"fr_FR\" \/>\n<meta property=\"og:type\" content=\"article\" \/>\n<meta property=\"og:title\" content=\"H\u00fctter : \u00ab\u00a0Nous sommes pr\u00eats\u00a0\u00bb - La Diagonale\" \/>\n<meta property=\"og:description\" content=\"La derni\u00e8re rencontre amicale disput\u00e9e par l\u2019AS Monaco aura donc constitu\u00e9 la premi\u00e8re d\u00e9faite de cette pr\u00e9paration. Les joueurs d\u2019Adi H\u00fctter ont \u00e9t\u00e9 renvers\u00e9s par l\u2019Inter Milan, une \u00ab\u00a0tr\u00e8s bonne \u00e9quipe de Ligue des champions\u00a0\u00bb, comme l\u2019a rappel\u00e9 l\u2019entra\u00eeneur autrichien, qui \u00e9tait d\u00e9\u00e7u du r\u00e9sultat et qui a regrett\u00e9 les \u00ab\u00a0erreurs\u00a0\u00bb commises : \u00ab\u00a0C\u2019\u00e9tait un [...]\" \/>\n<meta property=\"og:url\" content=\"https:\/\/www.ladiagonale.net\/index.php\/2025\/08\/08\/hutter-nous-sommes-prets\/\" \/>\n<meta property=\"og:site_name\" content=\"La Diagonale\" \/>\n<meta property=\"article:published_time\" content=\"2025-08-08T21:49:07+00:00\" \/>\n<meta property=\"article:modified_time\" content=\"2025-08-08T21:49:08+00:00\" \/>\n<meta property=\"og:image\" content=\"https:\/\/www.ladiagonale.net\/wp-content\/uploads\/2025\/07\/hutter25.png\" \/>\n\t<meta property=\"og:image:width\" content=\"1160\" \/>\n\t<meta property=\"og:image:height\" content=\"650\" \/>\n\t<meta property=\"og:image:type\" content=\"image\/png\" \/>\n<meta name=\"author\" content=\"Damien Dellerba\" \/>\n<meta name=\"twitter:card\" content=\"summary_large_image\" \/>\n<meta name=\"twitter:image\" content=\"https:\/\/www.ladiagonale.net\/wp-content\/uploads\/2025\/07\/hutter25.png\" \/>\n<meta name=\"twitter:label1\" content=\"\u00c9crit par\" \/>\n\t<meta name=\"twitter:data1\" content=\"Damien Dellerba\" \/>\n\t<meta name=\"twitter:label2\" content=\"Dur\u00e9e de lecture estim\u00e9e\" \/>\n\t<meta name=\"twitter:data2\" content=\"2 minutes\" \/>\n<script type=\"application\/ld+json\" class=\"yoast-schema-graph\">{\"@context\":\"https:\/\/schema.org\",\"@graph\":[{\"@type\":\"WebPage\",\"@id\":\"https:\/\/www.ladiagonale.net\/index.php\/2025\/08\/08\/hutter-nous-sommes-prets\/\",\"url\":\"https:\/\/www.ladiagonale.net\/index.php\/2025\/08\/08\/hutter-nous-sommes-prets\/\",\"name\":\"H\u00fctter : \u00ab\u00a0Nous sommes pr\u00eats\u00a0\u00bb - La Diagonale\",\"isPartOf\":{\"@id\":\"https:\/\/www.ladiagonale.net\/#website\"},\"datePublished\":\"2025-08-08T21:49:07+00:00\",\"dateModified\":\"2025-08-08T21:49:08+00:00\",\"author\":{\"@id\":\"https:\/\/www.ladiagonale.net\/#\/schema\/person\/79ff1e7b0853ed01b2aa26e64ad300bf\"},\"breadcrumb\":{\"@id\":\"https:\/\/www.ladiagonale.net\/index.php\/2025\/08\/08\/hutter-nous-sommes-prets\/#breadcrumb\"},\"inLanguage\":\"fr-FR\",\"potentialAction\":[{\"@type\":\"ReadAction\",\"target\":[\"https:\/\/www.ladiagonale.net\/index.php\/2025\/08\/08\/hutter-nous-sommes-prets\/\"]}]},{\"@type\":\"BreadcrumbList\",\"@id\":\"https:\/\/www.ladiagonale.net\/index.php\/2025\/08\/08\/hutter-nous-sommes-prets\/#breadcrumb\",\"itemListElement\":[{\"@type\":\"ListItem\",\"position\":1,\"name\":\"Accueil\",\"item\":\"https:\/\/www.ladiagonale.net\/\"},{\"@type\":\"ListItem\",\"position\":2,\"name\":\"H\u00fctter : \u00ab\u00a0Nous sommes pr\u00eats\u00a0\u00bb\"}]},{\"@type\":\"WebSite\",\"@id\":\"https:\/\/www.ladiagonale.net\/#website\",\"url\":\"https:\/\/www.ladiagonale.net\/\",\"name\":\"La Diagonale\",\"description\":\"Le site des supporters de l&#039;AS Monaco FC\",\"potentialAction\":[{\"@type\":\"SearchAction\",\"target\":{\"@type\":\"EntryPoint\",\"urlTemplate\":\"https:\/\/www.ladiagonale.net\/?s={search_term_string}\"},\"query-input\":\"required name=search_term_string\"}],\"inLanguage\":\"fr-FR\"},{\"@type\":\"Person\",\"@id\":\"https:\/\/www.ladiagonale.net\/#\/schema\/person\/79ff1e7b0853ed01b2aa26e64ad300bf\",\"name\":\"Damien Dellerba\",\"image\":{\"@type\":\"ImageObject\",\"inLanguage\":\"fr-FR\",\"@id\":\"https:\/\/www.ladiagonale.net\/#\/schema\/person\/image\/\",\"url\":\"https:\/\/secure.gravatar.com\/avatar\/c7850e06d3ff63cdbaee88b7fc16e2f0?s=96&d=mm&r=g\",\"contentUrl\":\"https:\/\/secure.gravatar.com\/avatar\/c7850e06d3ff63cdbaee88b7fc16e2f0?s=96&d=mm&r=g\",\"caption\":\"Damien Dellerba\"},\"url\":\"https:\/\/www.ladiagonale.net\/index.php\/author\/damien\/\"}]}<\/script>\n<!-- \/ Yoast SEO plugin. -->","yoast_head_json":{"title":"H\u00fctter : \u00ab\u00a0Nous sommes pr\u00eats\u00a0\u00bb - La Diagonale","robots":{"index":"index","follow":"follow","max-snippet":"max-snippet:-1","max-image-preview":"max-image-preview:large","max-video-preview":"max-video-preview:-1"},"canonical":"https:\/\/www.ladiagonale.net\/index.php\/2025\/08\/08\/hutter-nous-sommes-prets\/","og_locale":"fr_FR","og_type":"article","og_title":"H\u00fctter : \u00ab\u00a0Nous sommes pr\u00eats\u00a0\u00bb - La Diagonale","og_description":"La derni\u00e8re rencontre amicale disput\u00e9e par l\u2019AS Monaco aura donc constitu\u00e9 la premi\u00e8re d\u00e9faite de cette pr\u00e9paration. Les joueurs d\u2019Adi H\u00fctter ont \u00e9t\u00e9 renvers\u00e9s par l\u2019Inter Milan, une \u00ab\u00a0tr\u00e8s bonne \u00e9quipe de Ligue des champions\u00a0\u00bb, comme l\u2019a rappel\u00e9 l\u2019entra\u00eeneur autrichien, qui \u00e9tait d\u00e9\u00e7u du r\u00e9sultat et qui a regrett\u00e9 les \u00ab\u00a0erreurs\u00a0\u00bb commises : \u00ab\u00a0C\u2019\u00e9tait un [...]","og_url":"https:\/\/www.ladiagonale.net\/index.php\/2025\/08\/08\/hutter-nous-sommes-prets\/","og_site_name":"La Diagonale","article_published_time":"2025-08-08T21:49:07+00:00","article_modified_time":"2025-08-08T21:49:08+00:00","og_image":[{"width":1160,"height":650,"url":"https:\/\/www.ladiagonale.net\/wp-content\/uploads\/2025\/07\/hutter25.png","type":"image\/png"}],"author":"Damien Dellerba","twitter_card":"summary_large_image","twitter_image":"https:\/\/www.ladiagonale.net\/wp-content\/uploads\/2025\/07\/hutter25.png","twitter_misc":{"\u00c9crit par":"Damien Dellerba","Dur\u00e9e de lecture estim\u00e9e":"2 minutes"},"schema":{"@context":"https:\/\/schema.org","@graph":[{"@type":"WebPage","@id":"https:\/\/www.ladiagonale.net\/index.php\/2025\/08\/08\/hutter-nous-sommes-prets\/","url":"https:\/\/www.ladiagonale.net\/index.php\/2025\/08\/08\/hutter-nous-sommes-prets\/","name":"H\u00fctter : \u00ab\u00a0Nous sommes pr\u00eats\u00a0\u00bb - La Diagonale","isPartOf":{"@id":"https:\/\/www.ladiagonale.net\/#website"},"datePublished":"2025-08-08T21:49:07+00:00","dateModified":"2025-08-08T21:49:08+00:00","author":{"@id":"https:\/\/www.ladiagonale.net\/#\/schema\/person\/79ff1e7b0853ed01b2aa26e64ad300bf"},"breadcrumb":{"@id":"https:\/\/www.ladiagonale.net\/index.php\/2025\/08\/08\/hutter-nous-sommes-prets\/#breadcrumb"},"inLanguage":"fr-FR","potentialAction":[{"@type":"ReadAction","target":["https:\/\/www.ladiagonale.net\/index.php\/2025\/08\/08\/hutter-nous-sommes-prets\/"]}]},{"@type":"BreadcrumbList","@id":"https:\/\/www.ladiagonale.net\/index.php\/2025\/08\/08\/hutter-nous-sommes-prets\/#breadcrumb","itemListElement":[{"@type":"ListItem","position":1,"name":"Accueil","item":"https:\/\/www.ladiagonale.net\/"},{"@type":"ListItem","position":2,"name":"H\u00fctter : \u00ab\u00a0Nous sommes pr\u00eats\u00a0\u00bb"}]},{"@type":"WebSite","@id":"https:\/\/www.ladiagonale.net\/#website","url":"https:\/\/www.ladiagonale.net\/","name":"La Diagonale","description":"Le site des supporters de l&#039;AS Monaco FC","potentialAction":[{"@type":"SearchAction","target":{"@type":"EntryPoint","urlTemplate":"https:\/\/www.ladiagonale.net\/?s={search_term_string}"},"query-input":"required name=search_term_string"}],"inLanguage":"fr-FR"},{"@type":"Person","@id":"https:\/\/www.ladiagonale.net\/#\/schema\/person\/79ff1e7b0853ed01b2aa26e64ad300bf","name":"Damien Dellerba","image":{"@type":"ImageObject","inLanguage":"fr-FR","@id":"https:\/\/www.ladiagonale.net\/#\/schema\/person\/image\/","url":"https:\/\/secure.gravatar.com\/avatar\/c7850e06d3ff63cdbaee88b7fc16e2f0?s=96&d=mm&r=g","contentUrl":"https:\/\/secure.gravatar.com\/avatar\/c7850e06d3ff63cdbaee88b7fc16e2f0?s=96&d=mm&r=g","caption":"Damien Dellerba"},"url":"https:\/\/www.ladiagonale.net\/index.php\/author\/damien\/"}]}},"_links":{"self":[{"href":"https:\/\/www.ladiagonale.net\/index.php\/wp-json\/wp\/v2\/posts\/32954"}],"collection":[{"href":"https:\/\/www.ladiagonale.net\/index.php\/wp-json\/wp\/v2\/posts"}],"about":[{"href":"https:\/\/www.ladiagonale.net\/index.php\/wp-json\/wp\/v2\/types\/post"}],"author":[{"embeddable":true,"href":"https:\/\/www.ladiagonale.net\/index.php\/wp-json\/wp\/v2\/users\/2"}],"replies":[{"embeddable":true,"href":"https:\/\/www.ladiagonale.net\/index.php\/wp-json\/wp\/v2\/comments?post=32954"}],"version-history":[{"count":1,"href":"https:\/\/www.ladiagonale.net\/index.php\/wp-json\/wp\/v2\/posts\/32954\/revisions"}],"predecessor-version":[{"id":32955,"href":"https:\/\/www.ladiagonale.net\/index.php\/wp-json\/wp\/v2\/posts\/32954\/revisions\/32955"}],"wp:attachment":[{"href":"https:\/\/www.ladiagonale.net\/index.php\/wp-json\/wp\/v2\/media?parent=32954"}],"wp:term":[{"taxonomy":"category","embeddable":true,"href":"https:\/\/www.ladiagonale.net\/index.php\/wp-json\/wp\/v2\/categories?post=32954"},{"taxonomy":"post_tag","embeddable":true,"href":"https:\/\/www.ladiagonale.net\/index.php\/wp-json\/wp\/v2\/tags?post=32954"}],"curies":[{"name":"wp","href":"https:\/\/api.w.org\/{rel}","templated":true}]}}