{"id":33235,"date":"2025-08-23T13:19:10","date_gmt":"2025-08-23T11:19:10","guid":{"rendered":"https:\/\/www.ladiagonale.net\/?p=33235"},"modified":"2025-08-23T13:19:11","modified_gmt":"2025-08-23T11:19:11","slug":"pogba-dans-le-groupe-des-capitaines","status":"publish","type":"post","link":"https:\/\/www.ladiagonale.net\/index.php\/2025\/08\/23\/pogba-dans-le-groupe-des-capitaines\/","title":{"rendered":"Pogba dans le groupe des capitaines"},"content":{"rendered":"\n<p>Si Denis Zakaria reste le capitaine incontestable de cette \u00e9quipe de l\u2019AS Monaco sur le terrain, le vestiaire mon\u00e9gasque, sera, comme beaucoup d\u2019autres, dirig\u00e9 par un groupe de capitaines. Il y en aura cinq au total cette saison et Adi H\u00fctter en a livr\u00e9 la composition, vendredi, en conf\u00e9rence de presse. Trois recrues y ont d\u00e9j\u00e0 \u00e9t\u00e9 int\u00e9gr\u00e9es, et notamment Paul Pogba.<\/p>\n\n\n\n<p>En plus de Zakaria, et Thilo Kehrer, qui reste \u00e0 ce jour le vice-capitaine, le champion du monde 2018 fera aussi \u00e9quipe avec le d\u00e9fenseur Eric Dier et le gardien Lukas Hradecky pour repr\u00e9senter l\u2019ensemble du groupe et accompagner les discussions avec le staff et les dirigeants du club.<\/p>\n\n\n\n<p>Breel Embolo, qui est en instance de d\u00e9part, Aleksandr Golovin et Takumi Minamino semblent \u00eatre donc les \u00ab\u00a0perdants\u00a0\u00bb de ce mercato estival et de l\u2019arriv\u00e9e de ces trois recrues d\u2019exp\u00e9rience. Les trois joueurs avaient port\u00e9 le brassard l\u2019an dernier. Embolo contre Reims en Coupe de France, Minamino pour la derni\u00e8re journ\u00e9e contre Lens et Golovin lors de quelques matches amicaux l\u2019an pass\u00e9.<\/p>\n\n\n","protected":false},"excerpt":{"rendered":"<p>Si Denis Zakaria reste le capitaine incontestable de cette \u00e9quipe de l\u2019AS Monaco sur le terrain, le vestiaire mon\u00e9gasque, sera, comme beaucoup d\u2019autres, dirig\u00e9 par un groupe de capitaines. Il y en aura cinq au total cette saison et Adi H\u00fctter en a livr\u00e9 la composition, vendredi, en conf\u00e9rence de presse. Trois recrues y ont [&#8230;]\n","protected":false},"author":2,"featured_media":0,"comment_status":"open","ping_status":"open","sticky":false,"template":"","format":"standard","meta":[],"categories":[6],"tags":[86,790,225,1057],"yoast_head":"<!-- This site is optimized with the Yoast SEO plugin v19.8 - https:\/\/yoast.com\/wordpress\/plugins\/seo\/ -->\n<title>Pogba dans le groupe des capitaines - La Diagonale<\/title>\n<meta name=\"robots\" content=\"index, follow, max-snippet:-1, max-image-preview:large, max-video-preview:-1\" \/>\n<link rel=\"canonical\" href=\"https:\/\/www.ladiagonale.net\/index.php\/2025\/08\/23\/pogba-dans-le-groupe-des-capitaines\/\" \/>\n<meta property=\"og:locale\" content=\"fr_FR\" \/>\n<meta property=\"og:type\" content=\"article\" \/>\n<meta property=\"og:title\" content=\"Pogba dans le groupe des capitaines - La Diagonale\" \/>\n<meta property=\"og:description\" content=\"Si Denis Zakaria reste le capitaine incontestable de cette \u00e9quipe de l\u2019AS Monaco sur le terrain, le vestiaire mon\u00e9gasque, sera, comme beaucoup d\u2019autres, dirig\u00e9 par un groupe de capitaines. Il y en aura cinq au total cette saison et Adi H\u00fctter en a livr\u00e9 la composition, vendredi, en conf\u00e9rence de presse. Trois recrues y ont [...]\" \/>\n<meta property=\"og:url\" content=\"https:\/\/www.ladiagonale.net\/index.php\/2025\/08\/23\/pogba-dans-le-groupe-des-capitaines\/\" \/>\n<meta property=\"og:site_name\" content=\"La Diagonale\" \/>\n<meta property=\"article:published_time\" content=\"2025-08-23T11:19:10+00:00\" \/>\n<meta property=\"article:modified_time\" content=\"2025-08-23T11:19:11+00:00\" \/>\n<meta property=\"og:image\" content=\"https:\/\/www.ladiagonale.net\/wp-content\/uploads\/2025\/07\/Pogba-luke.png\" \/>\n\t<meta property=\"og:image:width\" content=\"1160\" \/>\n\t<meta property=\"og:image:height\" content=\"650\" \/>\n\t<meta property=\"og:image:type\" content=\"image\/png\" \/>\n<meta name=\"author\" content=\"Damien Dellerba\" \/>\n<meta name=\"twitter:card\" content=\"summary_large_image\" \/>\n<meta name=\"twitter:image\" content=\"https:\/\/www.ladiagonale.net\/wp-content\/uploads\/2025\/07\/Pogba-luke.png\" \/>\n<meta name=\"twitter:label1\" content=\"\u00c9crit par\" \/>\n\t<meta name=\"twitter:data1\" content=\"Damien Dellerba\" \/>\n\t<meta name=\"twitter:label2\" content=\"Dur\u00e9e de lecture estim\u00e9e\" \/>\n\t<meta name=\"twitter:data2\" content=\"1 minute\" \/>\n<script type=\"application\/ld+json\" class=\"yoast-schema-graph\">{\"@context\":\"https:\/\/schema.org\",\"@graph\":[{\"@type\":\"WebPage\",\"@id\":\"https:\/\/www.ladiagonale.net\/index.php\/2025\/08\/23\/pogba-dans-le-groupe-des-capitaines\/\",\"url\":\"https:\/\/www.ladiagonale.net\/index.php\/2025\/08\/23\/pogba-dans-le-groupe-des-capitaines\/\",\"name\":\"Pogba dans le groupe des capitaines - La Diagonale\",\"isPartOf\":{\"@id\":\"https:\/\/www.ladiagonale.net\/#website\"},\"datePublished\":\"2025-08-23T11:19:10+00:00\",\"dateModified\":\"2025-08-23T11:19:11+00:00\",\"author\":{\"@id\":\"https:\/\/www.ladiagonale.net\/#\/schema\/person\/79ff1e7b0853ed01b2aa26e64ad300bf\"},\"breadcrumb\":{\"@id\":\"https:\/\/www.ladiagonale.net\/index.php\/2025\/08\/23\/pogba-dans-le-groupe-des-capitaines\/#breadcrumb\"},\"inLanguage\":\"fr-FR\",\"potentialAction\":[{\"@type\":\"ReadAction\",\"target\":[\"https:\/\/www.ladiagonale.net\/index.php\/2025\/08\/23\/pogba-dans-le-groupe-des-capitaines\/\"]}]},{\"@type\":\"BreadcrumbList\",\"@id\":\"https:\/\/www.ladiagonale.net\/index.php\/2025\/08\/23\/pogba-dans-le-groupe-des-capitaines\/#breadcrumb\",\"itemListElement\":[{\"@type\":\"ListItem\",\"position\":1,\"name\":\"Accueil\",\"item\":\"https:\/\/www.ladiagonale.net\/\"},{\"@type\":\"ListItem\",\"position\":2,\"name\":\"Pogba dans le groupe des capitaines\"}]},{\"@type\":\"WebSite\",\"@id\":\"https:\/\/www.ladiagonale.net\/#website\",\"url\":\"https:\/\/www.ladiagonale.net\/\",\"name\":\"La Diagonale\",\"description\":\"Le site des supporters de l&#039;AS Monaco FC\",\"potentialAction\":[{\"@type\":\"SearchAction\",\"target\":{\"@type\":\"EntryPoint\",\"urlTemplate\":\"https:\/\/www.ladiagonale.net\/?s={search_term_string}\"},\"query-input\":\"required name=search_term_string\"}],\"inLanguage\":\"fr-FR\"},{\"@type\":\"Person\",\"@id\":\"https:\/\/www.ladiagonale.net\/#\/schema\/person\/79ff1e7b0853ed01b2aa26e64ad300bf\",\"name\":\"Damien Dellerba\",\"image\":{\"@type\":\"ImageObject\",\"inLanguage\":\"fr-FR\",\"@id\":\"https:\/\/www.ladiagonale.net\/#\/schema\/person\/image\/\",\"url\":\"https:\/\/secure.gravatar.com\/avatar\/c7850e06d3ff63cdbaee88b7fc16e2f0?s=96&d=mm&r=g\",\"contentUrl\":\"https:\/\/secure.gravatar.com\/avatar\/c7850e06d3ff63cdbaee88b7fc16e2f0?s=96&d=mm&r=g\",\"caption\":\"Damien Dellerba\"},\"url\":\"https:\/\/www.ladiagonale.net\/index.php\/author\/damien\/\"}]}<\/script>\n<!-- \/ Yoast SEO plugin. -->","yoast_head_json":{"title":"Pogba dans le groupe des capitaines - La Diagonale","robots":{"index":"index","follow":"follow","max-snippet":"max-snippet:-1","max-image-preview":"max-image-preview:large","max-video-preview":"max-video-preview:-1"},"canonical":"https:\/\/www.ladiagonale.net\/index.php\/2025\/08\/23\/pogba-dans-le-groupe-des-capitaines\/","og_locale":"fr_FR","og_type":"article","og_title":"Pogba dans le groupe des capitaines - La Diagonale","og_description":"Si Denis Zakaria reste le capitaine incontestable de cette \u00e9quipe de l\u2019AS Monaco sur le terrain, le vestiaire mon\u00e9gasque, sera, comme beaucoup d\u2019autres, dirig\u00e9 par un groupe de capitaines. Il y en aura cinq au total cette saison et Adi H\u00fctter en a livr\u00e9 la composition, vendredi, en conf\u00e9rence de presse. Trois recrues y ont [...]","og_url":"https:\/\/www.ladiagonale.net\/index.php\/2025\/08\/23\/pogba-dans-le-groupe-des-capitaines\/","og_site_name":"La Diagonale","article_published_time":"2025-08-23T11:19:10+00:00","article_modified_time":"2025-08-23T11:19:11+00:00","og_image":[{"width":1160,"height":650,"url":"https:\/\/www.ladiagonale.net\/wp-content\/uploads\/2025\/07\/Pogba-luke.png","type":"image\/png"}],"author":"Damien Dellerba","twitter_card":"summary_large_image","twitter_image":"https:\/\/www.ladiagonale.net\/wp-content\/uploads\/2025\/07\/Pogba-luke.png","twitter_misc":{"\u00c9crit par":"Damien Dellerba","Dur\u00e9e de lecture estim\u00e9e":"1 minute"},"schema":{"@context":"https:\/\/schema.org","@graph":[{"@type":"WebPage","@id":"https:\/\/www.ladiagonale.net\/index.php\/2025\/08\/23\/pogba-dans-le-groupe-des-capitaines\/","url":"https:\/\/www.ladiagonale.net\/index.php\/2025\/08\/23\/pogba-dans-le-groupe-des-capitaines\/","name":"Pogba dans le groupe des capitaines - La Diagonale","isPartOf":{"@id":"https:\/\/www.ladiagonale.net\/#website"},"datePublished":"2025-08-23T11:19:10+00:00","dateModified":"2025-08-23T11:19:11+00:00","author":{"@id":"https:\/\/www.ladiagonale.net\/#\/schema\/person\/79ff1e7b0853ed01b2aa26e64ad300bf"},"breadcrumb":{"@id":"https:\/\/www.ladiagonale.net\/index.php\/2025\/08\/23\/pogba-dans-le-groupe-des-capitaines\/#breadcrumb"},"inLanguage":"fr-FR","potentialAction":[{"@type":"ReadAction","target":["https:\/\/www.ladiagonale.net\/index.php\/2025\/08\/23\/pogba-dans-le-groupe-des-capitaines\/"]}]},{"@type":"BreadcrumbList","@id":"https:\/\/www.ladiagonale.net\/index.php\/2025\/08\/23\/pogba-dans-le-groupe-des-capitaines\/#breadcrumb","itemListElement":[{"@type":"ListItem","position":1,"name":"Accueil","item":"https:\/\/www.ladiagonale.net\/"},{"@type":"ListItem","position":2,"name":"Pogba dans le groupe des capitaines"}]},{"@type":"WebSite","@id":"https:\/\/www.ladiagonale.net\/#website","url":"https:\/\/www.ladiagonale.net\/","name":"La Diagonale","description":"Le site des supporters de l&#039;AS Monaco FC","potentialAction":[{"@type":"SearchAction","target":{"@type":"EntryPoint","urlTemplate":"https:\/\/www.ladiagonale.net\/?s={search_term_string}"},"query-input":"required name=search_term_string"}],"inLanguage":"fr-FR"},{"@type":"Person","@id":"https:\/\/www.ladiagonale.net\/#\/schema\/person\/79ff1e7b0853ed01b2aa26e64ad300bf","name":"Damien Dellerba","image":{"@type":"ImageObject","inLanguage":"fr-FR","@id":"https:\/\/www.ladiagonale.net\/#\/schema\/person\/image\/","url":"https:\/\/secure.gravatar.com\/avatar\/c7850e06d3ff63cdbaee88b7fc16e2f0?s=96&d=mm&r=g","contentUrl":"https:\/\/secure.gravatar.com\/avatar\/c7850e06d3ff63cdbaee88b7fc16e2f0?s=96&d=mm&r=g","caption":"Damien Dellerba"},"url":"https:\/\/www.ladiagonale.net\/index.php\/author\/damien\/"}]}},"_links":{"self":[{"href":"https:\/\/www.ladiagonale.net\/index.php\/wp-json\/wp\/v2\/posts\/33235"}],"collection":[{"href":"https:\/\/www.ladiagonale.net\/index.php\/wp-json\/wp\/v2\/posts"}],"about":[{"href":"https:\/\/www.ladiagonale.net\/index.php\/wp-json\/wp\/v2\/types\/post"}],"author":[{"embeddable":true,"href":"https:\/\/www.ladiagonale.net\/index.php\/wp-json\/wp\/v2\/users\/2"}],"replies":[{"embeddable":true,"href":"https:\/\/www.ladiagonale.net\/index.php\/wp-json\/wp\/v2\/comments?post=33235"}],"version-history":[{"count":1,"href":"https:\/\/www.ladiagonale.net\/index.php\/wp-json\/wp\/v2\/posts\/33235\/revisions"}],"predecessor-version":[{"id":33236,"href":"https:\/\/www.ladiagonale.net\/index.php\/wp-json\/wp\/v2\/posts\/33235\/revisions\/33236"}],"wp:attachment":[{"href":"https:\/\/www.ladiagonale.net\/index.php\/wp-json\/wp\/v2\/media?parent=33235"}],"wp:term":[{"taxonomy":"category","embeddable":true,"href":"https:\/\/www.ladiagonale.net\/index.php\/wp-json\/wp\/v2\/categories?post=33235"},{"taxonomy":"post_tag","embeddable":true,"href":"https:\/\/www.ladiagonale.net\/index.php\/wp-json\/wp\/v2\/tags?post=33235"}],"curies":[{"name":"wp","href":"https:\/\/api.w.org\/{rel}","templated":true}]}}