{"id":33532,"date":"2025-08-30T07:37:00","date_gmt":"2025-08-30T05:37:00","guid":{"rendered":"https:\/\/www.ladiagonale.net\/?p=33532"},"modified":"2025-08-30T03:03:02","modified_gmt":"2025-08-30T01:03:02","slug":"vanderson-touche-a-un-mollet","status":"publish","type":"post","link":"https:\/\/www.ladiagonale.net\/index.php\/2025\/08\/30\/vanderson-touche-a-un-mollet\/","title":{"rendered":"Vanderson touch\u00e9 \u00e0 un mollet"},"content":{"rendered":"\n\n\n<p>La r\u00e9ception de Strasbourg ce dimanche (17h15) se fera sans Vanderson. Le lat\u00e9ral br\u00e9silien, rest\u00e9 en salle ce vendredi \u00e0 l&rsquo;occasion de la s\u00e9ance ouverte en partie \u00e0 la presse, est bless\u00e9 au mollet gauche, informe <em>Nice-Matin<\/em>. Il sera donc forfait pour la prochaine rencontre et devrait \u00e9galement manquer le rassemblement en s\u00e9lection avec le Br\u00e9sil. La nature de sa blessure ne serait toutefois pas trop grave.<\/p>\n\n\n\n<p>Elle pourrait en tout cas r\u00e9gler la question de l&rsquo;avenir de Vanderson \u00e0 l&rsquo;AS Monco. Si le lat\u00e9ral de 24 ans disposait d&rsquo;un bon de sortie, aucun club ne semble s&rsquo;\u00eatre concr\u00e8tement positionn\u00e9. D\u00e9j\u00e0 diminu\u00e9 sur le plan physique depuis le d\u00e9but de la pr\u00e9paration, l&rsquo;ancien de Gr\u00eamio a d\u00e9but\u00e9 la saison comme rempla\u00e7ant, m\u00eame s&rsquo;il est entr\u00e9 \u00e0 deux reprises lors des rencontres face au Havre et Lille.<\/p>\n","protected":false},"excerpt":{"rendered":"<p>La r\u00e9ception de Strasbourg ce dimanche (17h15) se fera sans Vanderson. Le lat\u00e9ral br\u00e9silien, rest\u00e9 en salle ce vendredi \u00e0 l&rsquo;occasion de la s\u00e9ance ouverte en partie \u00e0 la presse, est bless\u00e9 au mollet gauche, informe Nice-Matin. Il sera donc forfait pour la prochaine rencontre et devrait \u00e9galement manquer le rassemblement en s\u00e9lection avec le [&#8230;]\n","protected":false},"author":2,"featured_media":0,"comment_status":"open","ping_status":"open","sticky":false,"template":"","format":"standard","meta":[],"categories":[6,1035],"tags":[86,196,125],"yoast_head":"<!-- This site is optimized with the Yoast SEO plugin v19.8 - https:\/\/yoast.com\/wordpress\/plugins\/seo\/ -->\n<title>Vanderson touch\u00e9 \u00e0 un mollet - La Diagonale<\/title>\n<meta name=\"robots\" content=\"index, follow, max-snippet:-1, max-image-preview:large, max-video-preview:-1\" \/>\n<link rel=\"canonical\" href=\"https:\/\/www.ladiagonale.net\/index.php\/2025\/08\/30\/vanderson-touche-a-un-mollet\/\" \/>\n<meta property=\"og:locale\" content=\"fr_FR\" \/>\n<meta property=\"og:type\" content=\"article\" \/>\n<meta property=\"og:title\" content=\"Vanderson touch\u00e9 \u00e0 un mollet - La Diagonale\" \/>\n<meta property=\"og:description\" content=\"La r\u00e9ception de Strasbourg ce dimanche (17h15) se fera sans Vanderson. Le lat\u00e9ral br\u00e9silien, rest\u00e9 en salle ce vendredi \u00e0 l&rsquo;occasion de la s\u00e9ance ouverte en partie \u00e0 la presse, est bless\u00e9 au mollet gauche, informe Nice-Matin. Il sera donc forfait pour la prochaine rencontre et devrait \u00e9galement manquer le rassemblement en s\u00e9lection avec le [...]\" \/>\n<meta property=\"og:url\" content=\"https:\/\/www.ladiagonale.net\/index.php\/2025\/08\/30\/vanderson-touche-a-un-mollet\/\" \/>\n<meta property=\"og:site_name\" content=\"La Diagonale\" \/>\n<meta property=\"article:published_time\" content=\"2025-08-30T05:37:00+00:00\" \/>\n<meta property=\"article:modified_time\" content=\"2025-08-30T01:03:02+00:00\" \/>\n<meta property=\"og:image\" content=\"https:\/\/www.ladiagonale.net\/wp-content\/uploads\/2025\/07\/Vanderson-entrai\u0302nement.png\" \/>\n\t<meta property=\"og:image:width\" content=\"1160\" \/>\n\t<meta property=\"og:image:height\" content=\"650\" \/>\n\t<meta property=\"og:image:type\" content=\"image\/png\" \/>\n<meta name=\"author\" content=\"Damien Dellerba\" \/>\n<meta name=\"twitter:card\" content=\"summary_large_image\" \/>\n<meta name=\"twitter:image\" content=\"https:\/\/www.ladiagonale.net\/wp-content\/uploads\/2025\/07\/Vanderson-entrai\u0302nement.png\" \/>\n<meta name=\"twitter:label1\" content=\"\u00c9crit par\" \/>\n\t<meta name=\"twitter:data1\" content=\"Damien Dellerba\" \/>\n\t<meta name=\"twitter:label2\" content=\"Dur\u00e9e de lecture estim\u00e9e\" \/>\n\t<meta name=\"twitter:data2\" content=\"1 minute\" \/>\n<script type=\"application\/ld+json\" class=\"yoast-schema-graph\">{\"@context\":\"https:\/\/schema.org\",\"@graph\":[{\"@type\":\"WebPage\",\"@id\":\"https:\/\/www.ladiagonale.net\/index.php\/2025\/08\/30\/vanderson-touche-a-un-mollet\/\",\"url\":\"https:\/\/www.ladiagonale.net\/index.php\/2025\/08\/30\/vanderson-touche-a-un-mollet\/\",\"name\":\"Vanderson touch\u00e9 \u00e0 un mollet - La Diagonale\",\"isPartOf\":{\"@id\":\"https:\/\/www.ladiagonale.net\/#website\"},\"datePublished\":\"2025-08-30T05:37:00+00:00\",\"dateModified\":\"2025-08-30T01:03:02+00:00\",\"author\":{\"@id\":\"https:\/\/www.ladiagonale.net\/#\/schema\/person\/79ff1e7b0853ed01b2aa26e64ad300bf\"},\"breadcrumb\":{\"@id\":\"https:\/\/www.ladiagonale.net\/index.php\/2025\/08\/30\/vanderson-touche-a-un-mollet\/#breadcrumb\"},\"inLanguage\":\"fr-FR\",\"potentialAction\":[{\"@type\":\"ReadAction\",\"target\":[\"https:\/\/www.ladiagonale.net\/index.php\/2025\/08\/30\/vanderson-touche-a-un-mollet\/\"]}]},{\"@type\":\"BreadcrumbList\",\"@id\":\"https:\/\/www.ladiagonale.net\/index.php\/2025\/08\/30\/vanderson-touche-a-un-mollet\/#breadcrumb\",\"itemListElement\":[{\"@type\":\"ListItem\",\"position\":1,\"name\":\"Accueil\",\"item\":\"https:\/\/www.ladiagonale.net\/\"},{\"@type\":\"ListItem\",\"position\":2,\"name\":\"Vanderson touch\u00e9 \u00e0 un mollet\"}]},{\"@type\":\"WebSite\",\"@id\":\"https:\/\/www.ladiagonale.net\/#website\",\"url\":\"https:\/\/www.ladiagonale.net\/\",\"name\":\"La Diagonale\",\"description\":\"Le site des supporters de l&#039;AS Monaco FC\",\"potentialAction\":[{\"@type\":\"SearchAction\",\"target\":{\"@type\":\"EntryPoint\",\"urlTemplate\":\"https:\/\/www.ladiagonale.net\/?s={search_term_string}\"},\"query-input\":\"required name=search_term_string\"}],\"inLanguage\":\"fr-FR\"},{\"@type\":\"Person\",\"@id\":\"https:\/\/www.ladiagonale.net\/#\/schema\/person\/79ff1e7b0853ed01b2aa26e64ad300bf\",\"name\":\"Damien Dellerba\",\"image\":{\"@type\":\"ImageObject\",\"inLanguage\":\"fr-FR\",\"@id\":\"https:\/\/www.ladiagonale.net\/#\/schema\/person\/image\/\",\"url\":\"https:\/\/secure.gravatar.com\/avatar\/c7850e06d3ff63cdbaee88b7fc16e2f0?s=96&d=mm&r=g\",\"contentUrl\":\"https:\/\/secure.gravatar.com\/avatar\/c7850e06d3ff63cdbaee88b7fc16e2f0?s=96&d=mm&r=g\",\"caption\":\"Damien Dellerba\"},\"url\":\"https:\/\/www.ladiagonale.net\/index.php\/author\/damien\/\"}]}<\/script>\n<!-- \/ Yoast SEO plugin. -->","yoast_head_json":{"title":"Vanderson touch\u00e9 \u00e0 un mollet - La Diagonale","robots":{"index":"index","follow":"follow","max-snippet":"max-snippet:-1","max-image-preview":"max-image-preview:large","max-video-preview":"max-video-preview:-1"},"canonical":"https:\/\/www.ladiagonale.net\/index.php\/2025\/08\/30\/vanderson-touche-a-un-mollet\/","og_locale":"fr_FR","og_type":"article","og_title":"Vanderson touch\u00e9 \u00e0 un mollet - La Diagonale","og_description":"La r\u00e9ception de Strasbourg ce dimanche (17h15) se fera sans Vanderson. Le lat\u00e9ral br\u00e9silien, rest\u00e9 en salle ce vendredi \u00e0 l&rsquo;occasion de la s\u00e9ance ouverte en partie \u00e0 la presse, est bless\u00e9 au mollet gauche, informe Nice-Matin. Il sera donc forfait pour la prochaine rencontre et devrait \u00e9galement manquer le rassemblement en s\u00e9lection avec le [...]","og_url":"https:\/\/www.ladiagonale.net\/index.php\/2025\/08\/30\/vanderson-touche-a-un-mollet\/","og_site_name":"La Diagonale","article_published_time":"2025-08-30T05:37:00+00:00","article_modified_time":"2025-08-30T01:03:02+00:00","og_image":[{"width":1160,"height":650,"url":"https:\/\/www.ladiagonale.net\/wp-content\/uploads\/2025\/07\/Vanderson-entrai\u0302nement.png","type":"image\/png"}],"author":"Damien Dellerba","twitter_card":"summary_large_image","twitter_image":"https:\/\/www.ladiagonale.net\/wp-content\/uploads\/2025\/07\/Vanderson-entrai\u0302nement.png","twitter_misc":{"\u00c9crit par":"Damien Dellerba","Dur\u00e9e de lecture estim\u00e9e":"1 minute"},"schema":{"@context":"https:\/\/schema.org","@graph":[{"@type":"WebPage","@id":"https:\/\/www.ladiagonale.net\/index.php\/2025\/08\/30\/vanderson-touche-a-un-mollet\/","url":"https:\/\/www.ladiagonale.net\/index.php\/2025\/08\/30\/vanderson-touche-a-un-mollet\/","name":"Vanderson touch\u00e9 \u00e0 un mollet - La Diagonale","isPartOf":{"@id":"https:\/\/www.ladiagonale.net\/#website"},"datePublished":"2025-08-30T05:37:00+00:00","dateModified":"2025-08-30T01:03:02+00:00","author":{"@id":"https:\/\/www.ladiagonale.net\/#\/schema\/person\/79ff1e7b0853ed01b2aa26e64ad300bf"},"breadcrumb":{"@id":"https:\/\/www.ladiagonale.net\/index.php\/2025\/08\/30\/vanderson-touche-a-un-mollet\/#breadcrumb"},"inLanguage":"fr-FR","potentialAction":[{"@type":"ReadAction","target":["https:\/\/www.ladiagonale.net\/index.php\/2025\/08\/30\/vanderson-touche-a-un-mollet\/"]}]},{"@type":"BreadcrumbList","@id":"https:\/\/www.ladiagonale.net\/index.php\/2025\/08\/30\/vanderson-touche-a-un-mollet\/#breadcrumb","itemListElement":[{"@type":"ListItem","position":1,"name":"Accueil","item":"https:\/\/www.ladiagonale.net\/"},{"@type":"ListItem","position":2,"name":"Vanderson touch\u00e9 \u00e0 un mollet"}]},{"@type":"WebSite","@id":"https:\/\/www.ladiagonale.net\/#website","url":"https:\/\/www.ladiagonale.net\/","name":"La Diagonale","description":"Le site des supporters de l&#039;AS Monaco FC","potentialAction":[{"@type":"SearchAction","target":{"@type":"EntryPoint","urlTemplate":"https:\/\/www.ladiagonale.net\/?s={search_term_string}"},"query-input":"required name=search_term_string"}],"inLanguage":"fr-FR"},{"@type":"Person","@id":"https:\/\/www.ladiagonale.net\/#\/schema\/person\/79ff1e7b0853ed01b2aa26e64ad300bf","name":"Damien Dellerba","image":{"@type":"ImageObject","inLanguage":"fr-FR","@id":"https:\/\/www.ladiagonale.net\/#\/schema\/person\/image\/","url":"https:\/\/secure.gravatar.com\/avatar\/c7850e06d3ff63cdbaee88b7fc16e2f0?s=96&d=mm&r=g","contentUrl":"https:\/\/secure.gravatar.com\/avatar\/c7850e06d3ff63cdbaee88b7fc16e2f0?s=96&d=mm&r=g","caption":"Damien Dellerba"},"url":"https:\/\/www.ladiagonale.net\/index.php\/author\/damien\/"}]}},"_links":{"self":[{"href":"https:\/\/www.ladiagonale.net\/index.php\/wp-json\/wp\/v2\/posts\/33532"}],"collection":[{"href":"https:\/\/www.ladiagonale.net\/index.php\/wp-json\/wp\/v2\/posts"}],"about":[{"href":"https:\/\/www.ladiagonale.net\/index.php\/wp-json\/wp\/v2\/types\/post"}],"author":[{"embeddable":true,"href":"https:\/\/www.ladiagonale.net\/index.php\/wp-json\/wp\/v2\/users\/2"}],"replies":[{"embeddable":true,"href":"https:\/\/www.ladiagonale.net\/index.php\/wp-json\/wp\/v2\/comments?post=33532"}],"version-history":[{"count":1,"href":"https:\/\/www.ladiagonale.net\/index.php\/wp-json\/wp\/v2\/posts\/33532\/revisions"}],"predecessor-version":[{"id":33533,"href":"https:\/\/www.ladiagonale.net\/index.php\/wp-json\/wp\/v2\/posts\/33532\/revisions\/33533"}],"wp:attachment":[{"href":"https:\/\/www.ladiagonale.net\/index.php\/wp-json\/wp\/v2\/media?parent=33532"}],"wp:term":[{"taxonomy":"category","embeddable":true,"href":"https:\/\/www.ladiagonale.net\/index.php\/wp-json\/wp\/v2\/categories?post=33532"},{"taxonomy":"post_tag","embeddable":true,"href":"https:\/\/www.ladiagonale.net\/index.php\/wp-json\/wp\/v2\/tags?post=33532"}],"curies":[{"name":"wp","href":"https:\/\/api.w.org\/{rel}","templated":true}]}}