{"id":33680,"date":"2025-09-11T12:57:13","date_gmt":"2025-09-11T10:57:13","guid":{"rendered":"https:\/\/www.ladiagonale.net\/?p=33680"},"modified":"2025-09-11T12:57:13","modified_gmt":"2025-09-11T10:57:13","slug":"le-mercato-monegasque-decrypte","status":"publish","type":"post","link":"https:\/\/www.ladiagonale.net\/index.php\/2025\/09\/11\/le-mercato-monegasque-decrypte\/","title":{"rendered":"Le mercato mon\u00e9gasque d\u00e9crypt\u00e9"},"content":{"rendered":"\n<p>Le mercato estival a ferm\u00e9 ses portes le 1<sup>er<\/sup> septembre en France. Mais d\u00e8s le week-end pr\u00e9c\u00e9dent, l&rsquo;information avait circul\u00e9 comme quoi l&rsquo;AS Monaco n&rsquo;op\u00e9rerait plus, en d\u00e9pit de rumeurs renvoyant vers un d\u00e9fenseur central. Le club de la Principaut\u00e9 s&rsquo;est en revanche montr\u00e9 actif au niveau des d\u00e9parts, lanc\u00e9 dans une op\u00e9ration d\u00e9graissage lors des derniers jours.<\/p>\n\n\n\n<p>Comme \u00e0 l&rsquo;\u00e9t\u00e9 2024, l&rsquo;ASM n&rsquo;a pas sign\u00e9 des joueurs \u00e0 tour de bras, avec seulement cinq arriv\u00e9es pour son \u00e9quipe premi\u00e8re, contre six la saison pass\u00e9e. Mais les dirigeants mon\u00e9gasques, Thiago Scuro en t\u00eate, ont pr\u00e9f\u00e9r\u00e9 proc\u00e9der \u00e0 quelques retouches, ciblant les postes \u00e0 pouvoir ou les profils manquants d\u2019un effectif qui se r\u00e9v\u00e8le globalement performant depuis deux saisons et qui a obtenu deux qualifications en Ligue des champions. Ainsi, Monaco avait notamment fait du poste de gardien sa priorit\u00e9 apr\u00e8s deux exercices o\u00f9 l&rsquo;irr\u00e9gularit\u00e9 des performances de Philipp K\u00f6hn et Radoslaw Majecki ont fini par lasser le staff.<\/p>\n\n\n\n<h3 class=\"wp-block-heading\">De l&rsquo;exp\u00e9rience mais pas sans risques<\/h3>\n\n\n\n<p>En embauchant Lukas Hradecky, certes plus tout jeune (35 ans), Monaco a ajout\u00e9 au groupe un joueur confirm\u00e9 apr\u00e8s une interminable recherche et une bonne douzaine de pistes explor\u00e9es. Le profil exp\u00e9riment\u00e9 du portier finlandais correspondait aussi \u00e0 un besoin de pourvoir un cadre \u00e0 la jeunesse de cet effectif. C&rsquo;est aussi en ce sens que l&rsquo;ASM a engag\u00e9 Eric Dier (31 ans) et Paul Pogba (32 ans). En plus de leur longue carri\u00e8re, les deux joueurs peuvent faire valoir une exp\u00e9rience dans des clubs de tr\u00e8s haut niveau (Bayern Munich, Juventus, Manchester United). C&rsquo;est aussi le cas d&rsquo;Ansu Fati, qui lui reste un jeune \u00e9l\u00e9ment (22 ans), mais tr\u00e8s t\u00f4t impr\u00e9gn\u00e9 d&rsquo;un environnement port\u00e9 vers l&rsquo;excellence au Bar\u00e7a.<\/p>\n\n\n\n<p>Reste que les arriv\u00e9es de Pogba et Fati demeurent d&rsquo;\u00e9normes paris pour l&rsquo;ASM. Le premier a travers\u00e9 les derni\u00e8res ann\u00e9es secou\u00e9 par une terrible affaire et entre les blessures et sa suspension pour dopage en septembre 2023, sa derni\u00e8re saison compl\u00e8te, avec plus de 40 matches \u00e0 la cl\u00e9, remonte \u00e0 2021. M\u00eame s&rsquo;il a pr\u00e9par\u00e9 son retour avec s\u00e9rieux depuis plusieurs mois et que le club va lui offrir du temps pour se remettre en selle, sa capacit\u00e9 \u00e0 renouer avec le tr\u00e8s haut niveau interroge. Il en est de m\u00eame pour Fati, tr\u00e8s peu utilis\u00e9 depuis deux saisons et sujet aux blessures fr\u00e9quentes qui semblent avoir rel\u00e9gu\u00e9 l&rsquo;\u00e9poque de ses grandes promesses tr\u00e8s loin derri\u00e8re.<\/p>\n\n\n\n<p class=\"has-white-color has-text-color has-background\" style=\"background-color:#303030\"><strong>Arriv\u00e9es :<\/strong> Dier (Bayern Munich), Pogba (sans club), Fati (FC Barcelone, pr\u00eat), Hradecky (Bayer Leverkusen), Idumbo (S\u00e9ville FC), Soubeir (Metz), O. Konat\u00e9 (Sol FC), Wamu (La Gantoise), Leunga, Leunga (Standard Li\u00e8ge), Chukwuani (Br\u00f6ndby), Boadu (Bochum, retour de pr\u00eat), Baba\u00ef (Villefranche-Beaujolais, retour de pr\u00eat), Efekele (Cercle Bruges, retour de pr\u00eat), Brunner (Cercle Bruges, retour de pr\u00eat), Tincres (Amiens, retour de pr\u00eat).<\/p>\n\n\n\n<h3 class=\"wp-block-heading\">Le solde positif le plus \u00e9lev\u00e9 au monde <\/h3>\n\n\n\n<p>Les recrutements de l&rsquo;ASM cet \u00e9t\u00e9 l&rsquo;ont \u00e9t\u00e9 \u00e0 moindres frais. Hradecky n&rsquo;a co\u00fbt\u00e9 que trois millions d&rsquo;euros tandis que l&rsquo;achat le plus on\u00e9reux a \u00e9t\u00e9 celui de Stanis Idumbo \u00e0 S\u00e9ville, pour dix millions d&rsquo;euros. Avec 13 millions d&rsquo;euros d\u00e9pens\u00e9s (hors bonus), Monaco n&rsquo;est que le 10<sup>e<\/sup> club de Ligue 1 en termes d&rsquo;investissements sur ce march\u00e9 estival, loin derri\u00e8re les 127 millions d&rsquo;euros d\u00e9bours\u00e9s par Strasbourg ou les 96,2M\u20ac de son concurrent direct, l&rsquo;Olympique de Marseille.<\/p>\n\n\n\n<p>En revanche, les Mon\u00e9gasques ont tr\u00e8s bien vendu, surtout dans la derni\u00e8re ligne droite. Les ventes (hors bonus) d&rsquo;Eliesse Ben Seghir (32 M\u20ac), Wilfried Singo (30,77 M\u20ac), Soungoutou Magassa (17 M\u20ac), Breel Embolo (13M\u20ac), Sa\u00efmon Bouabr\u00e9 (10 M\u20ac), ainsi que les options d&rsquo;achat d&rsquo;Ismail Jakobs (8 M\u20ac) et Chrislain Matsima (5 M\u20ac), ont permis d&rsquo;amasser un joli pactole sup\u00e9rieur \u00e0 116 millions d&rsquo;euros. <\/p>\n\n\n\n<p class=\"has-white-color has-text-color has-background\" style=\"background-color:#303030\"><strong>D\u00e9parts :<\/strong> Ben Seghir (Bayer Leverkusen), Singo (Galatasaray), Embolo (Rennes), Magassa (West Ham), Bouabr\u00e9 (Neom), Bouadu (PSV Eindhoven), Efekele (Saint-Gall), Benama (Annecy)Majecki (Brest, pr\u00eat), Diop (Cercle Bruges, pr\u00eat), V. Konat\u00e9 (Cercle Bruges, pr\u00eat), Jakobs (Galatasaray, obligation d&rsquo;achat), Al-Musrati (Besiktas, retour de pr\u00eat), Platret (Boulogne), Couto (fin de contrat), Zadi (fin de contrat), Baranik (fin de contrat), Bakali (fin de contrat).<\/p>\n\n\n\n<p>Officiellement, avec une balance positive de 103 millions d&rsquo;euros, l&rsquo;ASM devance notamment Bournemouth (100M\u20ac) ou encore Stuttgart (77M\u20ac) et fixe la r\u00e9f\u00e9rence mondiale de ce mercato estival. Cela lui permet de renouer avec une certaine tradition d&rsquo;il y a quelques ann\u00e9es, lorsqu&rsquo;elle r\u00e9alisait des b\u00e9n\u00e9fices records, sous la houlette de Vadim Vasilyev. Un d\u00e9part du capitaine Denis Zakaria vers l&rsquo;Arabie saoudite a failli se produire contre 45 millions d&rsquo;euros, avant de constater que l&rsquo;offre promise n&rsquo;\u00e9tait qu&rsquo;un mirage tout droit venu du d\u00e9sert.<\/p>\n\n\n\n<p>Cette possible vente, au moment o\u00f9 seul Sa\u00efmon Bouabr\u00e9 avait \u00e9t\u00e9 alors c\u00e9d\u00e9, traduisait cependant un besoin, celui de faire entrer de l&rsquo;argent frais dans les caisses. Dans une p\u00e9riode de vaches maigres, o\u00f9 les droits TV nationaux ne rapportent plus un kopeck, le propri\u00e9taire du club Dmitry Rybolovlev avait impos\u00e9, semble-t-il, une grosse vente \u00e0 son directeur g\u00e9n\u00e9ral. Elle aurait pu \u00eatre celle de Maghnes Akliouche, \u00e9valu\u00e9 par ses dirigeants \u00e0 70 millions d&rsquo;euros. Trop cher, ont r\u00e9torqu\u00e9 les pr\u00e9tendants, qui ont tous fini par se tourner vers d&rsquo;autres pistes.<\/p>\n\n\n\n<p>\u00ab&nbsp;<em>Notre challenge est de faire avec le syst\u00e8me actuel et ses contraintes et de r\u00e9aliser nos ambitions sur et en dehors du terrain<\/em>, avait expliqu\u00e9 Thiago Scuro. <em>Vous connaissez les r\u00e8gles \u00e9dict\u00e9es par la DNCG en France et par l\u2019UEFA \u00e0 l\u2019\u00e9chelle europ\u00e9enne, via le fair-play financier. Il est donc indispensable pour nous de g\u00e9n\u00e9rer des revenus via le march\u00e9 des transferts<\/em>. \u00bb Difficile cependant d&rsquo;\u00e9valuer les r\u00e9els besoins des Rouge et Blanc, surtout quand ce m\u00eame Scuro indiquait en mai que le club du Rocher n&rsquo;avait pas besoin de vendre pour pouvoir recruter. <\/p>\n\n\n<div class=\"wp-block-image\">\n<figure class=\"aligncenter size-full is-resized\"><img loading=\"lazy\" width=\"720\" height=\"900\" src=\"https:\/\/www.ladiagonale.net\/wp-content\/uploads\/2025\/09\/WhatsApp-Image-2025-09-02-at-23.04.53.jpeg\" alt=\"\" class=\"wp-image-33816\" style=\"width:540px;height:675px\" srcset=\"https:\/\/www.ladiagonale.net\/wp-content\/uploads\/2025\/09\/WhatsApp-Image-2025-09-02-at-23.04.53.jpeg 720w, https:\/\/www.ladiagonale.net\/wp-content\/uploads\/2025\/09\/WhatsApp-Image-2025-09-02-at-23.04.53-240x300.jpeg 240w, https:\/\/www.ladiagonale.net\/wp-content\/uploads\/2025\/09\/WhatsApp-Image-2025-09-02-at-23.04.53-102x128.jpeg 102w, https:\/\/www.ladiagonale.net\/wp-content\/uploads\/2025\/09\/WhatsApp-Image-2025-09-02-at-23.04.53-26x32.jpeg 26w\" sizes=\"(max-width: 720px) 100vw, 720px\" \/><figcaption class=\"wp-element-caption\">Donn\u00e9es : Transfermarkt. Infographie : Actufoot<\/figcaption><\/figure><\/div>\n\n\n<h2 class=\"wp-block-heading\">Un effectif affaibli ?<\/h2>\n\n\n\n<p>Reste que tous ces b\u00e9n\u00e9fices li\u00e9s \u00e0 des d\u00e9parts de joueurs importants et qui n&rsquo;ont pas \u00e9t\u00e9 r\u00e9investis pour l&rsquo;\u00e9quipe premi\u00e8re peuvent laisser un go\u00fbt amer. Monaco a-t-il renforc\u00e9 son effectif ou bien est-il moins fort que la saison pass\u00e9e ? L&rsquo;arriv\u00e9e de Hradecky ne semble pas constituer une r\u00e9elle mont\u00e9e en gamme par rapport \u00e0 ce dont l&rsquo;ASM disposait. En d\u00e9fense, les bienfaits du remplacement de Singo par Dier seront encore \u00e0 prouver, surtout que l&rsquo;Ivoirien, malgr\u00e9 ses errements en fin de saison derni\u00e8re, restait l&rsquo;un des meilleurs d\u00e9fenseurs de l&rsquo;effectif.<\/p>\n\n\n\n<p>Quant au milieu de terrain, le d\u00e9part de Soungoutou Magassa, bien qu&rsquo;encore inconstant, pourrait constituer un p\u00e9ril, surtout si Paul Pogba peine \u00e0 retrouver un bon niveau. Il faudrait alors s&rsquo;appuyer sur Aladji Bamba, un joueur certes prometteur mais sans aucune r\u00e9f\u00e9rence au niveau professionnel, ou sur Mamadou Coulibaly, qui n&rsquo;est pas \u00e0 proprement parler un milieu d\u00e9fensif et dont les faits d&rsquo;armes au plus haut niveau sont aussi \u00e0 \u00e9tablir. <\/p>\n\n\n\n<figure class=\"wp-block-embed is-type-video is-provider-youtube wp-block-embed-youtube wp-embed-aspect-16-9 wp-has-aspect-ratio\"><div class=\"wp-block-embed__wrapper\">\n<iframe loading=\"lazy\" title=\"La Gazette du Mercato - Monaco s&#039;est-il affaibli ? (bilan)\" width=\"1020\" height=\"574\" src=\"https:\/\/www.youtube.com\/embed\/Yp6J3sKp4Mg?feature=oembed\" frameborder=\"0\" allow=\"accelerometer; autoplay; clipboard-write; encrypted-media; gyroscope; picture-in-picture; web-share\" referrerpolicy=\"strict-origin-when-cross-origin\" allowfullscreen><\/iframe>\n<\/div><\/figure>\n\n\n\n<p>Aleksandr Golovin ou Jordan Teze, capables de jouer dans l&rsquo;entrejeu, ne seraient alors que des rustines et il faut rappeler qu&rsquo;ils ne peuvent constituer des solutions durables \u00e0 ce poste. Il faudra alors esp\u00e9rer que Denis Zakaria se blesse moins qu&rsquo;\u00e0 l&rsquo;accoutum\u00e9e et que Lamine Camara, hors Coupe d&rsquo;Afrique, puisse encha\u00eener une saison compl\u00e8te. Il semble en tout cas manquer un joueur dans ce secteur, comme l&rsquo;\u00e9t\u00e9 dernier, et les dirigeants avaient alors compris leur erreur et voulu la corriger au mercato d&rsquo;hiver. Un an apr\u00e8s, les le\u00e7ons ne semblent pas avoir \u00e9t\u00e9 apprises.<\/p>\n\n\n\n<h3 class=\"wp-block-heading\">Presque autant d&rsquo;investissements pour l&rsquo;Academy<\/h3>\n\n\n\n<p>Si Monaco n&rsquo;a que tr\u00e8s peu recrut\u00e9 pour son \u00e9quipe premi\u00e8re, elle l&rsquo;a en revanche fait de fa\u00e7on massive pour son centre de formation. Cinq joueurs ont sign\u00e9 un contrat professionnel en Principaut\u00e9 en venant de l&rsquo;ext\u00e9rieur et garniront les rangs du Groupe \u00c9lite pour la saison actuelle : Anis Soubeir, Oumar Konat\u00e9, Daryl Leunga Leunga, Matthias Wamu et Ekene Chukwuani. <\/p>\n\n\n\n<p>Pour recruter les trois derniers noms, qui correspondent aussi aux trois derni\u00e8res officialisations, le board as\u00e9miste aurait d\u00e9pens\u00e9 environ 5,5 millions d&rsquo;euros, selon les estimations. Ces derni\u00e8res arriv\u00e9es portent \u00e0 48 le nombre de joueurs sous contrat en Principaut\u00e9.<\/p>\n\n\n\n<p>Mais les signatures de contrats aspirants, pour renforcer les autres \u00e9quipes de sa formation, ont \u00e9t\u00e9 nombreuses \u00e9galement, avec l\u00e0 encore des renforts arriv\u00e9s en nombre de diff\u00e9rents horizons. On peut citer p\u00eale-m\u00eale David Dunne (Cork City), Axel Decrenisse (Servette), Safouane Benzahra (NAC Breda) ou encore Nah\u00ebl Haddani (Entente Saint-Cl\u00e9ment Montferrier). Si ces joueurs auront le temps n\u00e9cessaire pour se d\u00e9velopper \u00e0 La Diagonale, il faudra souhaiter que ces investissements puissent porter leurs fruits dans les ann\u00e9es \u00e0 venir.<\/p>\n\n\n\n<div class=\"wp-container-1 wp-block-group has-white-color has-text-color has-background\" style=\"background-color:#303030\"><div class=\"wp-block-group__inner-container\">\n<h3 class=\"wp-block-heading\">L&rsquo;effectif professionnel<\/h3>\n\n\n\n<ul style=\"background-color:#303030\" class=\"wp-block-list has-white-color has-text-color has-background\">\n<li><strong>Gardiens :<\/strong> Hradecky, K\u00f6hn, Lienard, Majecki (pr\u00eat), Stawiecki.<\/li>\n\n\n\n<li><strong>D\u00e9fenseurs :<\/strong> Baba\u00ef (Groupe \u00c9lite), C. Henrique, Dier, Kehrer, Kiwa (Groupe \u00c9lite), V. Konat\u00e9 (pr\u00eat), Leunga Leunga (Groupe \u00c9lite), Mawissa, Mokabakila (Groupe \u00c9lite), Nibomb\u00e9 (Groupe \u00c9lite), Ouattara, Salisu, Teze, Valme (Groupe \u00c9lite), Vanderson.<\/li>\n\n\n\n<li><strong>Milieux :<\/strong> Akliouche, A. Bamba, Cabral (Groupe \u00c9lite), Camara, Coulibaly, Dembaga (Groupe \u00c9lite), Diatta, Diop (pr\u00eat), Golovin, Minamino, Pogba, Soubeir (Groupe \u00c9lite), Wamu (Groupe \u00c9lite), Zakaria.<\/li>\n\n\n\n<li><strong>Attaquants :<\/strong> Balogun, Belmokhtar (Groupe \u00c9lite), Biereth, Brunner, Boura (Groupe \u00c9lite), Chukwuani (Groupe \u00c9lite), Etonde (Groupe \u00c9lite), Dendani (Groupe \u00c9lite), Fati, Idumbo, Ilenikhena, O. Konat\u00e9 (Groupe \u00c9lite), Michal, Tincres (Groupe \u00c9lite).<\/li>\n<\/ul>\n<\/div><\/div>\n\n\n","protected":false},"excerpt":{"rendered":"<p>Le mercato estival a ferm\u00e9 ses portes le 1er septembre en France. Mais d\u00e8s le week-end pr\u00e9c\u00e9dent, l&rsquo;information avait circul\u00e9 comme quoi l&rsquo;AS Monaco n&rsquo;op\u00e9rerait plus, en d\u00e9pit de rumeurs renvoyant vers un d\u00e9fenseur central. Le club de la Principaut\u00e9 s&rsquo;est en revanche montr\u00e9 actif au niveau des d\u00e9parts, lanc\u00e9 dans une op\u00e9ration d\u00e9graissage lors [&#8230;]\n","protected":false},"author":2,"featured_media":32307,"comment_status":"open","ping_status":"open","sticky":false,"template":"","format":"standard","meta":[],"categories":[5,6],"tags":[86,111,110],"yoast_head":"<!-- This site is optimized with the Yoast SEO plugin v19.8 - https:\/\/yoast.com\/wordpress\/plugins\/seo\/ -->\n<title>Le mercato mon\u00e9gasque d\u00e9crypt\u00e9 - La Diagonale<\/title>\n<meta name=\"robots\" content=\"index, follow, max-snippet:-1, max-image-preview:large, max-video-preview:-1\" \/>\n<link rel=\"canonical\" href=\"https:\/\/www.ladiagonale.net\/index.php\/2025\/09\/11\/le-mercato-monegasque-decrypte\/\" \/>\n<meta property=\"og:locale\" content=\"fr_FR\" \/>\n<meta property=\"og:type\" content=\"article\" \/>\n<meta property=\"og:title\" content=\"Le mercato mon\u00e9gasque d\u00e9crypt\u00e9 - La Diagonale\" \/>\n<meta property=\"og:description\" content=\"Le mercato estival a ferm\u00e9 ses portes le 1er septembre en France. Mais d\u00e8s le week-end pr\u00e9c\u00e9dent, l&rsquo;information avait circul\u00e9 comme quoi l&rsquo;AS Monaco n&rsquo;op\u00e9rerait plus, en d\u00e9pit de rumeurs renvoyant vers un d\u00e9fenseur central. Le club de la Principaut\u00e9 s&rsquo;est en revanche montr\u00e9 actif au niveau des d\u00e9parts, lanc\u00e9 dans une op\u00e9ration d\u00e9graissage lors [...]\" \/>\n<meta property=\"og:url\" content=\"https:\/\/www.ladiagonale.net\/index.php\/2025\/09\/11\/le-mercato-monegasque-decrypte\/\" \/>\n<meta property=\"og:site_name\" content=\"La Diagonale\" \/>\n<meta property=\"article:published_time\" content=\"2025-09-11T10:57:13+00:00\" \/>\n<meta property=\"og:image\" content=\"https:\/\/www.ladiagonale.net\/wp-content\/uploads\/2025\/06\/pogba-maillot.png\" \/>\n\t<meta property=\"og:image:width\" content=\"1160\" \/>\n\t<meta property=\"og:image:height\" content=\"650\" \/>\n\t<meta property=\"og:image:type\" content=\"image\/png\" \/>\n<meta name=\"author\" content=\"Damien Dellerba\" \/>\n<meta name=\"twitter:card\" content=\"summary_large_image\" \/>\n<meta name=\"twitter:image\" content=\"https:\/\/www.ladiagonale.net\/wp-content\/uploads\/2025\/06\/pogba-maillot.png\" \/>\n<meta name=\"twitter:label1\" content=\"\u00c9crit par\" \/>\n\t<meta name=\"twitter:data1\" content=\"Damien Dellerba\" \/>\n\t<meta name=\"twitter:label2\" content=\"Dur\u00e9e de lecture estim\u00e9e\" \/>\n\t<meta name=\"twitter:data2\" content=\"8 minutes\" \/>\n<script type=\"application\/ld+json\" class=\"yoast-schema-graph\">{\"@context\":\"https:\/\/schema.org\",\"@graph\":[{\"@type\":\"WebPage\",\"@id\":\"https:\/\/www.ladiagonale.net\/index.php\/2025\/09\/11\/le-mercato-monegasque-decrypte\/\",\"url\":\"https:\/\/www.ladiagonale.net\/index.php\/2025\/09\/11\/le-mercato-monegasque-decrypte\/\",\"name\":\"Le mercato mon\u00e9gasque d\u00e9crypt\u00e9 - La Diagonale\",\"isPartOf\":{\"@id\":\"https:\/\/www.ladiagonale.net\/#website\"},\"datePublished\":\"2025-09-11T10:57:13+00:00\",\"dateModified\":\"2025-09-11T10:57:13+00:00\",\"author\":{\"@id\":\"https:\/\/www.ladiagonale.net\/#\/schema\/person\/79ff1e7b0853ed01b2aa26e64ad300bf\"},\"breadcrumb\":{\"@id\":\"https:\/\/www.ladiagonale.net\/index.php\/2025\/09\/11\/le-mercato-monegasque-decrypte\/#breadcrumb\"},\"inLanguage\":\"fr-FR\",\"potentialAction\":[{\"@type\":\"ReadAction\",\"target\":[\"https:\/\/www.ladiagonale.net\/index.php\/2025\/09\/11\/le-mercato-monegasque-decrypte\/\"]}]},{\"@type\":\"BreadcrumbList\",\"@id\":\"https:\/\/www.ladiagonale.net\/index.php\/2025\/09\/11\/le-mercato-monegasque-decrypte\/#breadcrumb\",\"itemListElement\":[{\"@type\":\"ListItem\",\"position\":1,\"name\":\"Accueil\",\"item\":\"https:\/\/www.ladiagonale.net\/\"},{\"@type\":\"ListItem\",\"position\":2,\"name\":\"Le mercato mon\u00e9gasque d\u00e9crypt\u00e9\"}]},{\"@type\":\"WebSite\",\"@id\":\"https:\/\/www.ladiagonale.net\/#website\",\"url\":\"https:\/\/www.ladiagonale.net\/\",\"name\":\"La Diagonale\",\"description\":\"Le site des supporters de l&#039;AS Monaco FC\",\"potentialAction\":[{\"@type\":\"SearchAction\",\"target\":{\"@type\":\"EntryPoint\",\"urlTemplate\":\"https:\/\/www.ladiagonale.net\/?s={search_term_string}\"},\"query-input\":\"required name=search_term_string\"}],\"inLanguage\":\"fr-FR\"},{\"@type\":\"Person\",\"@id\":\"https:\/\/www.ladiagonale.net\/#\/schema\/person\/79ff1e7b0853ed01b2aa26e64ad300bf\",\"name\":\"Damien Dellerba\",\"image\":{\"@type\":\"ImageObject\",\"inLanguage\":\"fr-FR\",\"@id\":\"https:\/\/www.ladiagonale.net\/#\/schema\/person\/image\/\",\"url\":\"https:\/\/secure.gravatar.com\/avatar\/c7850e06d3ff63cdbaee88b7fc16e2f0?s=96&d=mm&r=g\",\"contentUrl\":\"https:\/\/secure.gravatar.com\/avatar\/c7850e06d3ff63cdbaee88b7fc16e2f0?s=96&d=mm&r=g\",\"caption\":\"Damien Dellerba\"},\"url\":\"https:\/\/www.ladiagonale.net\/index.php\/author\/damien\/\"}]}<\/script>\n<!-- \/ Yoast SEO plugin. -->","yoast_head_json":{"title":"Le mercato mon\u00e9gasque d\u00e9crypt\u00e9 - La Diagonale","robots":{"index":"index","follow":"follow","max-snippet":"max-snippet:-1","max-image-preview":"max-image-preview:large","max-video-preview":"max-video-preview:-1"},"canonical":"https:\/\/www.ladiagonale.net\/index.php\/2025\/09\/11\/le-mercato-monegasque-decrypte\/","og_locale":"fr_FR","og_type":"article","og_title":"Le mercato mon\u00e9gasque d\u00e9crypt\u00e9 - La Diagonale","og_description":"Le mercato estival a ferm\u00e9 ses portes le 1er septembre en France. Mais d\u00e8s le week-end pr\u00e9c\u00e9dent, l&rsquo;information avait circul\u00e9 comme quoi l&rsquo;AS Monaco n&rsquo;op\u00e9rerait plus, en d\u00e9pit de rumeurs renvoyant vers un d\u00e9fenseur central. Le club de la Principaut\u00e9 s&rsquo;est en revanche montr\u00e9 actif au niveau des d\u00e9parts, lanc\u00e9 dans une op\u00e9ration d\u00e9graissage lors [...]","og_url":"https:\/\/www.ladiagonale.net\/index.php\/2025\/09\/11\/le-mercato-monegasque-decrypte\/","og_site_name":"La Diagonale","article_published_time":"2025-09-11T10:57:13+00:00","og_image":[{"width":1160,"height":650,"url":"https:\/\/www.ladiagonale.net\/wp-content\/uploads\/2025\/06\/pogba-maillot.png","type":"image\/png"}],"author":"Damien Dellerba","twitter_card":"summary_large_image","twitter_image":"https:\/\/www.ladiagonale.net\/wp-content\/uploads\/2025\/06\/pogba-maillot.png","twitter_misc":{"\u00c9crit par":"Damien Dellerba","Dur\u00e9e de lecture estim\u00e9e":"8 minutes"},"schema":{"@context":"https:\/\/schema.org","@graph":[{"@type":"WebPage","@id":"https:\/\/www.ladiagonale.net\/index.php\/2025\/09\/11\/le-mercato-monegasque-decrypte\/","url":"https:\/\/www.ladiagonale.net\/index.php\/2025\/09\/11\/le-mercato-monegasque-decrypte\/","name":"Le mercato mon\u00e9gasque d\u00e9crypt\u00e9 - La Diagonale","isPartOf":{"@id":"https:\/\/www.ladiagonale.net\/#website"},"datePublished":"2025-09-11T10:57:13+00:00","dateModified":"2025-09-11T10:57:13+00:00","author":{"@id":"https:\/\/www.ladiagonale.net\/#\/schema\/person\/79ff1e7b0853ed01b2aa26e64ad300bf"},"breadcrumb":{"@id":"https:\/\/www.ladiagonale.net\/index.php\/2025\/09\/11\/le-mercato-monegasque-decrypte\/#breadcrumb"},"inLanguage":"fr-FR","potentialAction":[{"@type":"ReadAction","target":["https:\/\/www.ladiagonale.net\/index.php\/2025\/09\/11\/le-mercato-monegasque-decrypte\/"]}]},{"@type":"BreadcrumbList","@id":"https:\/\/www.ladiagonale.net\/index.php\/2025\/09\/11\/le-mercato-monegasque-decrypte\/#breadcrumb","itemListElement":[{"@type":"ListItem","position":1,"name":"Accueil","item":"https:\/\/www.ladiagonale.net\/"},{"@type":"ListItem","position":2,"name":"Le mercato mon\u00e9gasque d\u00e9crypt\u00e9"}]},{"@type":"WebSite","@id":"https:\/\/www.ladiagonale.net\/#website","url":"https:\/\/www.ladiagonale.net\/","name":"La Diagonale","description":"Le site des supporters de l&#039;AS Monaco FC","potentialAction":[{"@type":"SearchAction","target":{"@type":"EntryPoint","urlTemplate":"https:\/\/www.ladiagonale.net\/?s={search_term_string}"},"query-input":"required name=search_term_string"}],"inLanguage":"fr-FR"},{"@type":"Person","@id":"https:\/\/www.ladiagonale.net\/#\/schema\/person\/79ff1e7b0853ed01b2aa26e64ad300bf","name":"Damien Dellerba","image":{"@type":"ImageObject","inLanguage":"fr-FR","@id":"https:\/\/www.ladiagonale.net\/#\/schema\/person\/image\/","url":"https:\/\/secure.gravatar.com\/avatar\/c7850e06d3ff63cdbaee88b7fc16e2f0?s=96&d=mm&r=g","contentUrl":"https:\/\/secure.gravatar.com\/avatar\/c7850e06d3ff63cdbaee88b7fc16e2f0?s=96&d=mm&r=g","caption":"Damien Dellerba"},"url":"https:\/\/www.ladiagonale.net\/index.php\/author\/damien\/"}]}},"_links":{"self":[{"href":"https:\/\/www.ladiagonale.net\/index.php\/wp-json\/wp\/v2\/posts\/33680"}],"collection":[{"href":"https:\/\/www.ladiagonale.net\/index.php\/wp-json\/wp\/v2\/posts"}],"about":[{"href":"https:\/\/www.ladiagonale.net\/index.php\/wp-json\/wp\/v2\/types\/post"}],"author":[{"embeddable":true,"href":"https:\/\/www.ladiagonale.net\/index.php\/wp-json\/wp\/v2\/users\/2"}],"replies":[{"embeddable":true,"href":"https:\/\/www.ladiagonale.net\/index.php\/wp-json\/wp\/v2\/comments?post=33680"}],"version-history":[{"count":10,"href":"https:\/\/www.ladiagonale.net\/index.php\/wp-json\/wp\/v2\/posts\/33680\/revisions"}],"predecessor-version":[{"id":33827,"href":"https:\/\/www.ladiagonale.net\/index.php\/wp-json\/wp\/v2\/posts\/33680\/revisions\/33827"}],"wp:featuredmedia":[{"embeddable":true,"href":"https:\/\/www.ladiagonale.net\/index.php\/wp-json\/wp\/v2\/media\/32307"}],"wp:attachment":[{"href":"https:\/\/www.ladiagonale.net\/index.php\/wp-json\/wp\/v2\/media?parent=33680"}],"wp:term":[{"taxonomy":"category","embeddable":true,"href":"https:\/\/www.ladiagonale.net\/index.php\/wp-json\/wp\/v2\/categories?post=33680"},{"taxonomy":"post_tag","embeddable":true,"href":"https:\/\/www.ladiagonale.net\/index.php\/wp-json\/wp\/v2\/tags?post=33680"}],"curies":[{"name":"wp","href":"https:\/\/api.w.org\/{rel}","templated":true}]}}