{"id":33750,"date":"2025-09-08T12:47:21","date_gmt":"2025-09-08T10:47:21","guid":{"rendered":"https:\/\/www.ladiagonale.net\/?p=33750"},"modified":"2025-09-08T12:47:21","modified_gmt":"2025-09-08T10:47:21","slug":"les-u17-lemportent-face-au-gazelec-ajaccio","status":"publish","type":"post","link":"https:\/\/www.ladiagonale.net\/index.php\/2025\/09\/08\/les-u17-lemportent-face-au-gazelec-ajaccio\/","title":{"rendered":"Les U17 l&#8217;emportent face au Gaz\u00e9lec Ajaccio"},"content":{"rendered":"\n\n\n<p>Comme leurs a\u00een\u00e9s en U19, les U17 de l&rsquo;AS Monaco \u00e9taient oppos\u00e9s au Gaz\u00e9lec Ajaccio. Mais l&rsquo;issue leur a \u00e9t\u00e9 plus favorable, avec un succ\u00e8s acquis (3-2) en fin de rencontre. Winsley Bolmin a ouvert le score en faveur de l&rsquo;ASM (1-0, 9<sup>e<\/sup>), mais la formation corse est revenue avant de renverser la situation. Jo\u00ebl Olavio Afonso Mendes a remis les deux \u00e9quipes \u00e0 \u00e9galit\u00e9 (2-2, 62<sup>e<\/sup>) puis Saad Bhihi a permis \u00e0 l&rsquo;ASM de ramener les trois points de leur d\u00e9placement sur l&rsquo;\u00cele de Beaut\u00e9 (3-2, 89<sup>e<\/sup>).<\/p>\n\n\n\n<p>Gr\u00e2ce \u00e0 ce sans-faute depuis trois journ\u00e9es, les hommes de Manu Dos Santos continuent d&rsquo;occuper le haut du classement de cette poule D. Ils sont toujours \u00e0 \u00e9galit\u00e9 avec Clermont et Aubagne Air Bel, \u00e9galement vainqueurs pour la troisi\u00e8me fois de la saison. Les deux \u00e9quipes s&rsquo;affronteront ce week-end tandis que les Rouge et Blanc ferrailleront avec l&rsquo;OGC Nice, qui n&rsquo;est qu&rsquo;\u00e0 une victoire derri\u00e8re au classement.<\/p>\n","protected":false},"excerpt":{"rendered":"<p>Comme leurs a\u00een\u00e9s en U19, les U17 de l&rsquo;AS Monaco \u00e9taient oppos\u00e9s au Gaz\u00e9lec Ajaccio. Mais l&rsquo;issue leur a \u00e9t\u00e9 plus favorable, avec un succ\u00e8s acquis (3-2) en fin de rencontre. Winsley Bolmin a ouvert le score en faveur de l&rsquo;ASM (1-0, 9e), mais la formation corse est revenue avant de renverser la situation. Jo\u00ebl [&#8230;]\n","protected":false},"author":2,"featured_media":0,"comment_status":"open","ping_status":"open","sticky":false,"template":"","format":"standard","meta":[],"categories":[1110,6],"tags":[76,86,1127,1104,130,1126],"yoast_head":"<!-- This site is optimized with the Yoast SEO plugin v19.8 - https:\/\/yoast.com\/wordpress\/plugins\/seo\/ -->\n<title>Les U17 l&#039;emportent face au Gaz\u00e9lec Ajaccio - La Diagonale<\/title>\n<meta name=\"robots\" content=\"index, follow, max-snippet:-1, max-image-preview:large, max-video-preview:-1\" \/>\n<link rel=\"canonical\" href=\"https:\/\/www.ladiagonale.net\/index.php\/2025\/09\/08\/les-u17-lemportent-face-au-gazelec-ajaccio\/\" \/>\n<meta property=\"og:locale\" content=\"fr_FR\" \/>\n<meta property=\"og:type\" content=\"article\" \/>\n<meta property=\"og:title\" content=\"Les U17 l&#039;emportent face au Gaz\u00e9lec Ajaccio - La Diagonale\" \/>\n<meta property=\"og:description\" content=\"Comme leurs a\u00een\u00e9s en U19, les U17 de l&rsquo;AS Monaco \u00e9taient oppos\u00e9s au Gaz\u00e9lec Ajaccio. Mais l&rsquo;issue leur a \u00e9t\u00e9 plus favorable, avec un succ\u00e8s acquis (3-2) en fin de rencontre. Winsley Bolmin a ouvert le score en faveur de l&rsquo;ASM (1-0, 9e), mais la formation corse est revenue avant de renverser la situation. Jo\u00ebl [...]\" \/>\n<meta property=\"og:url\" content=\"https:\/\/www.ladiagonale.net\/index.php\/2025\/09\/08\/les-u17-lemportent-face-au-gazelec-ajaccio\/\" \/>\n<meta property=\"og:site_name\" content=\"La Diagonale\" \/>\n<meta property=\"article:published_time\" content=\"2025-09-08T10:47:21+00:00\" \/>\n<meta property=\"og:image\" content=\"https:\/\/www.ladiagonale.net\/wp-content\/uploads\/2025\/09\/Bolmin.png\" \/>\n\t<meta property=\"og:image:width\" content=\"1160\" \/>\n\t<meta property=\"og:image:height\" content=\"650\" \/>\n\t<meta property=\"og:image:type\" content=\"image\/png\" \/>\n<meta name=\"author\" content=\"Damien Dellerba\" \/>\n<meta name=\"twitter:card\" content=\"summary_large_image\" \/>\n<meta name=\"twitter:image\" content=\"https:\/\/www.ladiagonale.net\/wp-content\/uploads\/2025\/09\/Bolmin.png\" \/>\n<meta name=\"twitter:label1\" content=\"\u00c9crit par\" \/>\n\t<meta name=\"twitter:data1\" content=\"Damien Dellerba\" \/>\n\t<meta name=\"twitter:label2\" content=\"Dur\u00e9e de lecture estim\u00e9e\" \/>\n\t<meta name=\"twitter:data2\" content=\"1 minute\" \/>\n<script type=\"application\/ld+json\" class=\"yoast-schema-graph\">{\"@context\":\"https:\/\/schema.org\",\"@graph\":[{\"@type\":\"WebPage\",\"@id\":\"https:\/\/www.ladiagonale.net\/index.php\/2025\/09\/08\/les-u17-lemportent-face-au-gazelec-ajaccio\/\",\"url\":\"https:\/\/www.ladiagonale.net\/index.php\/2025\/09\/08\/les-u17-lemportent-face-au-gazelec-ajaccio\/\",\"name\":\"Les U17 l'emportent face au Gaz\u00e9lec Ajaccio - La Diagonale\",\"isPartOf\":{\"@id\":\"https:\/\/www.ladiagonale.net\/#website\"},\"datePublished\":\"2025-09-08T10:47:21+00:00\",\"dateModified\":\"2025-09-08T10:47:21+00:00\",\"author\":{\"@id\":\"https:\/\/www.ladiagonale.net\/#\/schema\/person\/79ff1e7b0853ed01b2aa26e64ad300bf\"},\"breadcrumb\":{\"@id\":\"https:\/\/www.ladiagonale.net\/index.php\/2025\/09\/08\/les-u17-lemportent-face-au-gazelec-ajaccio\/#breadcrumb\"},\"inLanguage\":\"fr-FR\",\"potentialAction\":[{\"@type\":\"ReadAction\",\"target\":[\"https:\/\/www.ladiagonale.net\/index.php\/2025\/09\/08\/les-u17-lemportent-face-au-gazelec-ajaccio\/\"]}]},{\"@type\":\"BreadcrumbList\",\"@id\":\"https:\/\/www.ladiagonale.net\/index.php\/2025\/09\/08\/les-u17-lemportent-face-au-gazelec-ajaccio\/#breadcrumb\",\"itemListElement\":[{\"@type\":\"ListItem\",\"position\":1,\"name\":\"Accueil\",\"item\":\"https:\/\/www.ladiagonale.net\/\"},{\"@type\":\"ListItem\",\"position\":2,\"name\":\"Les U17 l&#8217;emportent face au Gaz\u00e9lec Ajaccio\"}]},{\"@type\":\"WebSite\",\"@id\":\"https:\/\/www.ladiagonale.net\/#website\",\"url\":\"https:\/\/www.ladiagonale.net\/\",\"name\":\"La Diagonale\",\"description\":\"Le site des supporters de l&#039;AS Monaco FC\",\"potentialAction\":[{\"@type\":\"SearchAction\",\"target\":{\"@type\":\"EntryPoint\",\"urlTemplate\":\"https:\/\/www.ladiagonale.net\/?s={search_term_string}\"},\"query-input\":\"required name=search_term_string\"}],\"inLanguage\":\"fr-FR\"},{\"@type\":\"Person\",\"@id\":\"https:\/\/www.ladiagonale.net\/#\/schema\/person\/79ff1e7b0853ed01b2aa26e64ad300bf\",\"name\":\"Damien Dellerba\",\"image\":{\"@type\":\"ImageObject\",\"inLanguage\":\"fr-FR\",\"@id\":\"https:\/\/www.ladiagonale.net\/#\/schema\/person\/image\/\",\"url\":\"https:\/\/secure.gravatar.com\/avatar\/c7850e06d3ff63cdbaee88b7fc16e2f0?s=96&d=mm&r=g\",\"contentUrl\":\"https:\/\/secure.gravatar.com\/avatar\/c7850e06d3ff63cdbaee88b7fc16e2f0?s=96&d=mm&r=g\",\"caption\":\"Damien Dellerba\"},\"url\":\"https:\/\/www.ladiagonale.net\/index.php\/author\/damien\/\"}]}<\/script>\n<!-- \/ Yoast SEO plugin. -->","yoast_head_json":{"title":"Les U17 l'emportent face au Gaz\u00e9lec Ajaccio - La Diagonale","robots":{"index":"index","follow":"follow","max-snippet":"max-snippet:-1","max-image-preview":"max-image-preview:large","max-video-preview":"max-video-preview:-1"},"canonical":"https:\/\/www.ladiagonale.net\/index.php\/2025\/09\/08\/les-u17-lemportent-face-au-gazelec-ajaccio\/","og_locale":"fr_FR","og_type":"article","og_title":"Les U17 l'emportent face au Gaz\u00e9lec Ajaccio - La Diagonale","og_description":"Comme leurs a\u00een\u00e9s en U19, les U17 de l&rsquo;AS Monaco \u00e9taient oppos\u00e9s au Gaz\u00e9lec Ajaccio. Mais l&rsquo;issue leur a \u00e9t\u00e9 plus favorable, avec un succ\u00e8s acquis (3-2) en fin de rencontre. Winsley Bolmin a ouvert le score en faveur de l&rsquo;ASM (1-0, 9e), mais la formation corse est revenue avant de renverser la situation. Jo\u00ebl [...]","og_url":"https:\/\/www.ladiagonale.net\/index.php\/2025\/09\/08\/les-u17-lemportent-face-au-gazelec-ajaccio\/","og_site_name":"La Diagonale","article_published_time":"2025-09-08T10:47:21+00:00","og_image":[{"width":1160,"height":650,"url":"https:\/\/www.ladiagonale.net\/wp-content\/uploads\/2025\/09\/Bolmin.png","type":"image\/png"}],"author":"Damien Dellerba","twitter_card":"summary_large_image","twitter_image":"https:\/\/www.ladiagonale.net\/wp-content\/uploads\/2025\/09\/Bolmin.png","twitter_misc":{"\u00c9crit par":"Damien Dellerba","Dur\u00e9e de lecture estim\u00e9e":"1 minute"},"schema":{"@context":"https:\/\/schema.org","@graph":[{"@type":"WebPage","@id":"https:\/\/www.ladiagonale.net\/index.php\/2025\/09\/08\/les-u17-lemportent-face-au-gazelec-ajaccio\/","url":"https:\/\/www.ladiagonale.net\/index.php\/2025\/09\/08\/les-u17-lemportent-face-au-gazelec-ajaccio\/","name":"Les U17 l'emportent face au Gaz\u00e9lec Ajaccio - La Diagonale","isPartOf":{"@id":"https:\/\/www.ladiagonale.net\/#website"},"datePublished":"2025-09-08T10:47:21+00:00","dateModified":"2025-09-08T10:47:21+00:00","author":{"@id":"https:\/\/www.ladiagonale.net\/#\/schema\/person\/79ff1e7b0853ed01b2aa26e64ad300bf"},"breadcrumb":{"@id":"https:\/\/www.ladiagonale.net\/index.php\/2025\/09\/08\/les-u17-lemportent-face-au-gazelec-ajaccio\/#breadcrumb"},"inLanguage":"fr-FR","potentialAction":[{"@type":"ReadAction","target":["https:\/\/www.ladiagonale.net\/index.php\/2025\/09\/08\/les-u17-lemportent-face-au-gazelec-ajaccio\/"]}]},{"@type":"BreadcrumbList","@id":"https:\/\/www.ladiagonale.net\/index.php\/2025\/09\/08\/les-u17-lemportent-face-au-gazelec-ajaccio\/#breadcrumb","itemListElement":[{"@type":"ListItem","position":1,"name":"Accueil","item":"https:\/\/www.ladiagonale.net\/"},{"@type":"ListItem","position":2,"name":"Les U17 l&#8217;emportent face au Gaz\u00e9lec Ajaccio"}]},{"@type":"WebSite","@id":"https:\/\/www.ladiagonale.net\/#website","url":"https:\/\/www.ladiagonale.net\/","name":"La Diagonale","description":"Le site des supporters de l&#039;AS Monaco FC","potentialAction":[{"@type":"SearchAction","target":{"@type":"EntryPoint","urlTemplate":"https:\/\/www.ladiagonale.net\/?s={search_term_string}"},"query-input":"required name=search_term_string"}],"inLanguage":"fr-FR"},{"@type":"Person","@id":"https:\/\/www.ladiagonale.net\/#\/schema\/person\/79ff1e7b0853ed01b2aa26e64ad300bf","name":"Damien Dellerba","image":{"@type":"ImageObject","inLanguage":"fr-FR","@id":"https:\/\/www.ladiagonale.net\/#\/schema\/person\/image\/","url":"https:\/\/secure.gravatar.com\/avatar\/c7850e06d3ff63cdbaee88b7fc16e2f0?s=96&d=mm&r=g","contentUrl":"https:\/\/secure.gravatar.com\/avatar\/c7850e06d3ff63cdbaee88b7fc16e2f0?s=96&d=mm&r=g","caption":"Damien Dellerba"},"url":"https:\/\/www.ladiagonale.net\/index.php\/author\/damien\/"}]}},"_links":{"self":[{"href":"https:\/\/www.ladiagonale.net\/index.php\/wp-json\/wp\/v2\/posts\/33750"}],"collection":[{"href":"https:\/\/www.ladiagonale.net\/index.php\/wp-json\/wp\/v2\/posts"}],"about":[{"href":"https:\/\/www.ladiagonale.net\/index.php\/wp-json\/wp\/v2\/types\/post"}],"author":[{"embeddable":true,"href":"https:\/\/www.ladiagonale.net\/index.php\/wp-json\/wp\/v2\/users\/2"}],"replies":[{"embeddable":true,"href":"https:\/\/www.ladiagonale.net\/index.php\/wp-json\/wp\/v2\/comments?post=33750"}],"version-history":[{"count":1,"href":"https:\/\/www.ladiagonale.net\/index.php\/wp-json\/wp\/v2\/posts\/33750\/revisions"}],"predecessor-version":[{"id":33753,"href":"https:\/\/www.ladiagonale.net\/index.php\/wp-json\/wp\/v2\/posts\/33750\/revisions\/33753"}],"wp:attachment":[{"href":"https:\/\/www.ladiagonale.net\/index.php\/wp-json\/wp\/v2\/media?parent=33750"}],"wp:term":[{"taxonomy":"category","embeddable":true,"href":"https:\/\/www.ladiagonale.net\/index.php\/wp-json\/wp\/v2\/categories?post=33750"},{"taxonomy":"post_tag","embeddable":true,"href":"https:\/\/www.ladiagonale.net\/index.php\/wp-json\/wp\/v2\/tags?post=33750"}],"curies":[{"name":"wp","href":"https:\/\/api.w.org\/{rel}","templated":true}]}}