{"id":33756,"date":"2025-09-08T23:38:44","date_gmt":"2025-09-08T21:38:44","guid":{"rendered":"https:\/\/www.ladiagonale.net\/?p=33756"},"modified":"2025-09-08T23:38:45","modified_gmt":"2025-09-08T21:38:45","slug":"michal-buteur-avec-la-france-u20","status":"publish","type":"post","link":"https:\/\/www.ladiagonale.net\/index.php\/2025\/09\/08\/michal-buteur-avec-la-france-u20\/","title":{"rendered":"Michal buteur avec la France U20"},"content":{"rendered":"\n\n\n<p>Le second test de l\u2019\u00e9quipe de France U20 contre l\u2019Espagne a \u00e9t\u00e9 concluant. Quelques jours apr\u00e8s un premier succ\u00e8s (2-0), gr\u00e2ce notamment \u00e0 une r\u00e9alisation de Joan Tincres, les tricolores l\u2019ont emport\u00e9 de nouveau (1-0). C\u2019est de nouveau un Mon\u00e9gasque qui a permis aux jeunes Bleus de s\u2019imposer puisque Lucas Michal a inscrit l\u2019unique but de la rencontre au retour des vestiaires.<\/p>\n\n\n\n<p>La France va d\u00e9sormais pouvoir se projeter sur la Coupe du monde U20 qui doit d\u00e9buter pour elle par un match contre l\u2019Afrique du Sud le 29 septembre, au Chili. Cinq Mon\u00e9gasques sont potentiellement concern\u00e9s par une convocation, puisqu\u2019en plus de Michal et de Tincres, Aladji Bamba, Bradel Kiwa et Ilane Tour\u00e9 faisaient partie de ce rassemblement.<\/p>\n\n\n\n<p>Ce lundi, Christian Mawissa a quant \u00e0 lui jou\u00e9 avec les Espoirs au poste de lat\u00e9ral gauche. Contre la Serbie, en amical, les Bleuets se sont nettement impos\u00e9s (3-0). La s\u00e9lection U19 dans laquelle on pouvait trouver Pape Cabral et Jules Stawiecki a battu l\u2019Irlande (1-0). Le milieu de terrain est rentr\u00e9 \u00e0 la 80e minute tandis que Stawiecki a \u00e9t\u00e9 titularis\u00e9.<\/p>\n","protected":false},"excerpt":{"rendered":"<p>Le second test de l\u2019\u00e9quipe de France U20 contre l\u2019Espagne a \u00e9t\u00e9 concluant. Quelques jours apr\u00e8s un premier succ\u00e8s (2-0), gr\u00e2ce notamment \u00e0 une r\u00e9alisation de Joan Tincres, les tricolores l\u2019ont emport\u00e9 de nouveau (1-0). C\u2019est de nouveau un Mon\u00e9gasque qui a permis aux jeunes Bleus de s\u2019imposer puisque Lucas Michal a inscrit l\u2019unique but [&#8230;]\n","protected":false},"author":2,"featured_media":0,"comment_status":"open","ping_status":"open","sticky":false,"template":"","format":"standard","meta":[],"categories":[6],"tags":[688,86,826,205,543,116],"yoast_head":"<!-- This site is optimized with the Yoast SEO plugin v19.8 - https:\/\/yoast.com\/wordpress\/plugins\/seo\/ -->\n<title>Michal buteur avec la France U20 - La Diagonale<\/title>\n<meta name=\"robots\" content=\"index, follow, max-snippet:-1, max-image-preview:large, max-video-preview:-1\" \/>\n<link rel=\"canonical\" href=\"https:\/\/www.ladiagonale.net\/index.php\/2025\/09\/08\/michal-buteur-avec-la-france-u20\/\" \/>\n<meta property=\"og:locale\" content=\"fr_FR\" \/>\n<meta property=\"og:type\" content=\"article\" \/>\n<meta property=\"og:title\" content=\"Michal buteur avec la France U20 - La Diagonale\" \/>\n<meta property=\"og:description\" content=\"Le second test de l\u2019\u00e9quipe de France U20 contre l\u2019Espagne a \u00e9t\u00e9 concluant. Quelques jours apr\u00e8s un premier succ\u00e8s (2-0), gr\u00e2ce notamment \u00e0 une r\u00e9alisation de Joan Tincres, les tricolores l\u2019ont emport\u00e9 de nouveau (1-0). C\u2019est de nouveau un Mon\u00e9gasque qui a permis aux jeunes Bleus de s\u2019imposer puisque Lucas Michal a inscrit l\u2019unique but [...]\" \/>\n<meta property=\"og:url\" content=\"https:\/\/www.ladiagonale.net\/index.php\/2025\/09\/08\/michal-buteur-avec-la-france-u20\/\" \/>\n<meta property=\"og:site_name\" content=\"La Diagonale\" \/>\n<meta property=\"article:published_time\" content=\"2025-09-08T21:38:44+00:00\" \/>\n<meta property=\"article:modified_time\" content=\"2025-09-08T21:38:45+00:00\" \/>\n<meta property=\"og:image\" content=\"https:\/\/www.ladiagonale.net\/wp-content\/uploads\/2024\/10\/michal-edf.png\" \/>\n\t<meta property=\"og:image:width\" content=\"1160\" \/>\n\t<meta property=\"og:image:height\" content=\"650\" \/>\n\t<meta property=\"og:image:type\" content=\"image\/png\" \/>\n<meta name=\"author\" content=\"Damien Dellerba\" \/>\n<meta name=\"twitter:card\" content=\"summary_large_image\" \/>\n<meta name=\"twitter:image\" content=\"https:\/\/www.ladiagonale.net\/wp-content\/uploads\/2024\/10\/michal-edf.png\" \/>\n<meta name=\"twitter:label1\" content=\"\u00c9crit par\" \/>\n\t<meta name=\"twitter:data1\" content=\"Damien Dellerba\" \/>\n\t<meta name=\"twitter:label2\" content=\"Dur\u00e9e de lecture estim\u00e9e\" \/>\n\t<meta name=\"twitter:data2\" content=\"1 minute\" \/>\n<script type=\"application\/ld+json\" class=\"yoast-schema-graph\">{\"@context\":\"https:\/\/schema.org\",\"@graph\":[{\"@type\":\"WebPage\",\"@id\":\"https:\/\/www.ladiagonale.net\/index.php\/2025\/09\/08\/michal-buteur-avec-la-france-u20\/\",\"url\":\"https:\/\/www.ladiagonale.net\/index.php\/2025\/09\/08\/michal-buteur-avec-la-france-u20\/\",\"name\":\"Michal buteur avec la France U20 - La Diagonale\",\"isPartOf\":{\"@id\":\"https:\/\/www.ladiagonale.net\/#website\"},\"datePublished\":\"2025-09-08T21:38:44+00:00\",\"dateModified\":\"2025-09-08T21:38:45+00:00\",\"author\":{\"@id\":\"https:\/\/www.ladiagonale.net\/#\/schema\/person\/79ff1e7b0853ed01b2aa26e64ad300bf\"},\"breadcrumb\":{\"@id\":\"https:\/\/www.ladiagonale.net\/index.php\/2025\/09\/08\/michal-buteur-avec-la-france-u20\/#breadcrumb\"},\"inLanguage\":\"fr-FR\",\"potentialAction\":[{\"@type\":\"ReadAction\",\"target\":[\"https:\/\/www.ladiagonale.net\/index.php\/2025\/09\/08\/michal-buteur-avec-la-france-u20\/\"]}]},{\"@type\":\"BreadcrumbList\",\"@id\":\"https:\/\/www.ladiagonale.net\/index.php\/2025\/09\/08\/michal-buteur-avec-la-france-u20\/#breadcrumb\",\"itemListElement\":[{\"@type\":\"ListItem\",\"position\":1,\"name\":\"Accueil\",\"item\":\"https:\/\/www.ladiagonale.net\/\"},{\"@type\":\"ListItem\",\"position\":2,\"name\":\"Michal buteur avec la France U20\"}]},{\"@type\":\"WebSite\",\"@id\":\"https:\/\/www.ladiagonale.net\/#website\",\"url\":\"https:\/\/www.ladiagonale.net\/\",\"name\":\"La Diagonale\",\"description\":\"Le site des supporters de l&#039;AS Monaco FC\",\"potentialAction\":[{\"@type\":\"SearchAction\",\"target\":{\"@type\":\"EntryPoint\",\"urlTemplate\":\"https:\/\/www.ladiagonale.net\/?s={search_term_string}\"},\"query-input\":\"required name=search_term_string\"}],\"inLanguage\":\"fr-FR\"},{\"@type\":\"Person\",\"@id\":\"https:\/\/www.ladiagonale.net\/#\/schema\/person\/79ff1e7b0853ed01b2aa26e64ad300bf\",\"name\":\"Damien Dellerba\",\"image\":{\"@type\":\"ImageObject\",\"inLanguage\":\"fr-FR\",\"@id\":\"https:\/\/www.ladiagonale.net\/#\/schema\/person\/image\/\",\"url\":\"https:\/\/secure.gravatar.com\/avatar\/c7850e06d3ff63cdbaee88b7fc16e2f0?s=96&d=mm&r=g\",\"contentUrl\":\"https:\/\/secure.gravatar.com\/avatar\/c7850e06d3ff63cdbaee88b7fc16e2f0?s=96&d=mm&r=g\",\"caption\":\"Damien Dellerba\"},\"url\":\"https:\/\/www.ladiagonale.net\/index.php\/author\/damien\/\"}]}<\/script>\n<!-- \/ Yoast SEO plugin. -->","yoast_head_json":{"title":"Michal buteur avec la France U20 - La Diagonale","robots":{"index":"index","follow":"follow","max-snippet":"max-snippet:-1","max-image-preview":"max-image-preview:large","max-video-preview":"max-video-preview:-1"},"canonical":"https:\/\/www.ladiagonale.net\/index.php\/2025\/09\/08\/michal-buteur-avec-la-france-u20\/","og_locale":"fr_FR","og_type":"article","og_title":"Michal buteur avec la France U20 - La Diagonale","og_description":"Le second test de l\u2019\u00e9quipe de France U20 contre l\u2019Espagne a \u00e9t\u00e9 concluant. Quelques jours apr\u00e8s un premier succ\u00e8s (2-0), gr\u00e2ce notamment \u00e0 une r\u00e9alisation de Joan Tincres, les tricolores l\u2019ont emport\u00e9 de nouveau (1-0). C\u2019est de nouveau un Mon\u00e9gasque qui a permis aux jeunes Bleus de s\u2019imposer puisque Lucas Michal a inscrit l\u2019unique but [...]","og_url":"https:\/\/www.ladiagonale.net\/index.php\/2025\/09\/08\/michal-buteur-avec-la-france-u20\/","og_site_name":"La Diagonale","article_published_time":"2025-09-08T21:38:44+00:00","article_modified_time":"2025-09-08T21:38:45+00:00","og_image":[{"width":1160,"height":650,"url":"https:\/\/www.ladiagonale.net\/wp-content\/uploads\/2024\/10\/michal-edf.png","type":"image\/png"}],"author":"Damien Dellerba","twitter_card":"summary_large_image","twitter_image":"https:\/\/www.ladiagonale.net\/wp-content\/uploads\/2024\/10\/michal-edf.png","twitter_misc":{"\u00c9crit par":"Damien Dellerba","Dur\u00e9e de lecture estim\u00e9e":"1 minute"},"schema":{"@context":"https:\/\/schema.org","@graph":[{"@type":"WebPage","@id":"https:\/\/www.ladiagonale.net\/index.php\/2025\/09\/08\/michal-buteur-avec-la-france-u20\/","url":"https:\/\/www.ladiagonale.net\/index.php\/2025\/09\/08\/michal-buteur-avec-la-france-u20\/","name":"Michal buteur avec la France U20 - La Diagonale","isPartOf":{"@id":"https:\/\/www.ladiagonale.net\/#website"},"datePublished":"2025-09-08T21:38:44+00:00","dateModified":"2025-09-08T21:38:45+00:00","author":{"@id":"https:\/\/www.ladiagonale.net\/#\/schema\/person\/79ff1e7b0853ed01b2aa26e64ad300bf"},"breadcrumb":{"@id":"https:\/\/www.ladiagonale.net\/index.php\/2025\/09\/08\/michal-buteur-avec-la-france-u20\/#breadcrumb"},"inLanguage":"fr-FR","potentialAction":[{"@type":"ReadAction","target":["https:\/\/www.ladiagonale.net\/index.php\/2025\/09\/08\/michal-buteur-avec-la-france-u20\/"]}]},{"@type":"BreadcrumbList","@id":"https:\/\/www.ladiagonale.net\/index.php\/2025\/09\/08\/michal-buteur-avec-la-france-u20\/#breadcrumb","itemListElement":[{"@type":"ListItem","position":1,"name":"Accueil","item":"https:\/\/www.ladiagonale.net\/"},{"@type":"ListItem","position":2,"name":"Michal buteur avec la France U20"}]},{"@type":"WebSite","@id":"https:\/\/www.ladiagonale.net\/#website","url":"https:\/\/www.ladiagonale.net\/","name":"La Diagonale","description":"Le site des supporters de l&#039;AS Monaco FC","potentialAction":[{"@type":"SearchAction","target":{"@type":"EntryPoint","urlTemplate":"https:\/\/www.ladiagonale.net\/?s={search_term_string}"},"query-input":"required name=search_term_string"}],"inLanguage":"fr-FR"},{"@type":"Person","@id":"https:\/\/www.ladiagonale.net\/#\/schema\/person\/79ff1e7b0853ed01b2aa26e64ad300bf","name":"Damien Dellerba","image":{"@type":"ImageObject","inLanguage":"fr-FR","@id":"https:\/\/www.ladiagonale.net\/#\/schema\/person\/image\/","url":"https:\/\/secure.gravatar.com\/avatar\/c7850e06d3ff63cdbaee88b7fc16e2f0?s=96&d=mm&r=g","contentUrl":"https:\/\/secure.gravatar.com\/avatar\/c7850e06d3ff63cdbaee88b7fc16e2f0?s=96&d=mm&r=g","caption":"Damien Dellerba"},"url":"https:\/\/www.ladiagonale.net\/index.php\/author\/damien\/"}]}},"_links":{"self":[{"href":"https:\/\/www.ladiagonale.net\/index.php\/wp-json\/wp\/v2\/posts\/33756"}],"collection":[{"href":"https:\/\/www.ladiagonale.net\/index.php\/wp-json\/wp\/v2\/posts"}],"about":[{"href":"https:\/\/www.ladiagonale.net\/index.php\/wp-json\/wp\/v2\/types\/post"}],"author":[{"embeddable":true,"href":"https:\/\/www.ladiagonale.net\/index.php\/wp-json\/wp\/v2\/users\/2"}],"replies":[{"embeddable":true,"href":"https:\/\/www.ladiagonale.net\/index.php\/wp-json\/wp\/v2\/comments?post=33756"}],"version-history":[{"count":1,"href":"https:\/\/www.ladiagonale.net\/index.php\/wp-json\/wp\/v2\/posts\/33756\/revisions"}],"predecessor-version":[{"id":33757,"href":"https:\/\/www.ladiagonale.net\/index.php\/wp-json\/wp\/v2\/posts\/33756\/revisions\/33757"}],"wp:attachment":[{"href":"https:\/\/www.ladiagonale.net\/index.php\/wp-json\/wp\/v2\/media?parent=33756"}],"wp:term":[{"taxonomy":"category","embeddable":true,"href":"https:\/\/www.ladiagonale.net\/index.php\/wp-json\/wp\/v2\/categories?post=33756"},{"taxonomy":"post_tag","embeddable":true,"href":"https:\/\/www.ladiagonale.net\/index.php\/wp-json\/wp\/v2\/tags?post=33756"}],"curies":[{"name":"wp","href":"https:\/\/api.w.org\/{rel}","templated":true}]}}