{"id":33777,"date":"2025-09-10T00:27:50","date_gmt":"2025-09-09T22:27:50","guid":{"rendered":"https:\/\/www.ladiagonale.net\/?p=33777"},"modified":"2025-09-10T00:27:51","modified_gmt":"2025-09-09T22:27:51","slug":"dier-le-plus-grand-nombre-de-jeunes-talents-que-jai-vu-au-meme-endroit","status":"publish","type":"post","link":"https:\/\/www.ladiagonale.net\/index.php\/2025\/09\/10\/dier-le-plus-grand-nombre-de-jeunes-talents-que-jai-vu-au-meme-endroit\/","title":{"rendered":"Dier : \u00ab\u00a0Le plus grand nombre de jeunes talents que j&rsquo;ai vu au m\u00eame endroit\u00a0\u00bb"},"content":{"rendered":"\n\n\n<p>Eric Dier s\u2019est bien int\u00e9gr\u00e9 du c\u00f4t\u00e9 de l\u2019AS Monaco, o\u00f9 son exp\u00e9rience et sa capacit\u00e9 \u00e0 bien communiquer font d\u00e9j\u00e0 de lui l\u2019un des patrons du vestiaire. C\u2019\u00e9tait pr\u00e9cis\u00e9ment dans ce but que l\u2019ASM l\u2019a recrut\u00e9 cet \u00e9t\u00e9. Si la question de la transmission a \u00e9t\u00e9 tr\u00e8s largement \u00e9voqu\u00e9e dans un entretien fleuve donn\u00e9 au <em>Telegraph<\/em>, le joueur a aussi affich\u00e9 ses ambitions en jouant en Principaut\u00e9 : il veut renouer avec les <em>Three<\/em> <em>Lions<\/em> : \u00ab\u00a0<em>Mon intention est claire. Je veux r\u00e9int\u00e9grer l&rsquo;\u00e9quipe d&rsquo;Angleterre. J&rsquo;ai le sentiment d&rsquo;avoir jou\u00e9 le meilleur football de ma carri\u00e8re ces deux derni\u00e8res ann\u00e9es. Je me sens tr\u00e8s \u00e0 l&rsquo;aise dans mon jeu.<\/em>\u00a0\u00bb<\/p>\n\n\n\n<p>Dier compte notamment sur l\u2019\u00e9lan de la jeunesse \u00e0 Monaco pour le porter vers la s\u00e9lection. Et selon lui, Monaco compte les plus grands talents qui soient : \u00ab\u00a0<em>C&rsquo;est le plus grand nombre de jeunes talents que j&rsquo;ai jamais vu r\u00e9unis au m\u00eame endroit. Oui, vraiment. C&rsquo;est donc agr\u00e9able d&rsquo;\u00eatre entour\u00e9 de jeunes joueurs qui d\u00e9bordent d&rsquo;\u00e9nergie. Cela vous permet de rester jeune et c&rsquo;est agr\u00e9able de pouvoir transmettre et d&rsquo;\u00eatre dans une position o\u00f9 vous avez beaucoup d&rsquo;exp\u00e9rience et o\u00f9 vous pouvez les aider. \u00bb <\/em>L\u2019anglais de 31 ans s\u2019est m\u00eame all\u00e9 \u00e0 comparer sa premi\u00e8re \u00e9quipe du Sporting Portugal qui a form\u00e9 Figo, Cristiano Ronaldo ou encore Nani :<em>\u00a0\u00ab\u00a0Monaco me rappelle beaucoup cette \u00e9quipe.\u00a0<\/em>\u00bb<\/p>\n\n\n\n<h3>Il pr\u00e9pare d\u00e9j\u00e0 sa reconversion comme entra\u00eeneur<\/h3>\n\n\n\n<p>Face \u00e0 cette jeunesse, Dier avait d\u00e9j\u00e0 affirm\u00e9 sa volont\u00e9 d\u2019aider et de montrer l\u2019exemple. Il a r\u00e9it\u00e9r\u00e9 : \u00ab <em>J&rsquo;ai vu une citation tr\u00e8s dr\u00f4le de Denzel Washington l&rsquo;autre jour. On lui a demand\u00e9 ce qu&rsquo;il pensait de l&rsquo;importance de transmettre son exp\u00e9rience aux jeunes acteurs, et il a r\u00e9pondu :<\/em> \u00ab On ne voit jamais un camion de d\u00e9m\u00e9nagement suivre un corbillard. \u00bb <em>On ne peut pas emporter ses biens avec soi, alors autant les donner aux autres tant qu&rsquo;on le peut. C&rsquo;est quelque chose de tr\u00e8s important et que j&rsquo;appr\u00e9cie beaucoup, essayer d&rsquo;aider les jeunes joueurs \u00e0 atteindre leur plein potentiel.<\/em> \u00bb Mais l\u2019ancien de Tottenham veut encore apprendre : \u00ab\u00a0<em>Kompany m&rsquo;a dit, quand il est arriv\u00e9 au Bayern : <\/em>\u00ab Eric, tu as 30 ans, mais on n&rsquo;est jamais trop vieux pour apprendre \u00bb.<em> Cette ouverture d&rsquo;esprit est extr\u00eamement importante.<\/em> \u00bb<\/p>\n\n\n\n<p>Dier envisage d\u00e9j\u00e0 sa reconversion, qu\u2019il voit comme entra\u00eeneur. Et il estime \u00eatre au bon endroit pour le faire en Principaut\u00e9 : \u00ab <em>J&rsquo;y pense et le meilleur moment pour le faire, c&rsquo;est maintenant, pendant que je joue encore, car j&rsquo;ai tout ce dont j&rsquo;ai besoin, toute l&rsquo;infrastructure du club pour m&rsquo;aider. Je connais tr\u00e8s bien John McDermott [le directeur technique de la F\u00e9d\u00e9ration anglaise de football] depuis l&rsquo;\u00e9poque o\u00f9 il \u00e9tait \u00e0 Tottenham, et il m&rsquo;a beaucoup aid\u00e9. (\u2026) Et je veux \u00eatre manager, pas entra\u00eeneur. Je veux \u00eatre aux commandes. Ce n&rsquo;est pas une certitude, je veux juste \u00eatre pr\u00eat pour cette option. Si c&rsquo;est le cas, je veux \u00eatre pr\u00eat. C&rsquo;est le m\u00e9tier le plus difficile dans le football et c&rsquo;est ce qui m\u2019attire.<\/em>\u00a0\u00bb<\/p>\n","protected":false},"excerpt":{"rendered":"<p>Eric Dier s\u2019est bien int\u00e9gr\u00e9 du c\u00f4t\u00e9 de l\u2019AS Monaco, o\u00f9 son exp\u00e9rience et sa capacit\u00e9 \u00e0 bien communiquer font d\u00e9j\u00e0 de lui l\u2019un des patrons du vestiaire. C\u2019\u00e9tait pr\u00e9cis\u00e9ment dans ce but que l\u2019ASM l\u2019a recrut\u00e9 cet \u00e9t\u00e9. Si la question de la transmission a \u00e9t\u00e9 tr\u00e8s largement \u00e9voqu\u00e9e dans un entretien fleuve donn\u00e9 [&#8230;]\n","protected":false},"author":2,"featured_media":0,"comment_status":"open","ping_status":"open","sticky":false,"template":"","format":"standard","meta":[],"categories":[6],"tags":[86,1026],"yoast_head":"<!-- This site is optimized with the Yoast SEO plugin v19.8 - https:\/\/yoast.com\/wordpress\/plugins\/seo\/ -->\n<title>Dier : \u00ab\u00a0Le plus grand nombre de jeunes talents que j&#039;ai vu au m\u00eame endroit\u00a0\u00bb - La Diagonale<\/title>\n<meta name=\"robots\" content=\"index, follow, max-snippet:-1, max-image-preview:large, max-video-preview:-1\" \/>\n<link rel=\"canonical\" href=\"https:\/\/www.ladiagonale.net\/index.php\/2025\/09\/10\/dier-le-plus-grand-nombre-de-jeunes-talents-que-jai-vu-au-meme-endroit\/\" \/>\n<meta property=\"og:locale\" content=\"fr_FR\" \/>\n<meta property=\"og:type\" content=\"article\" \/>\n<meta property=\"og:title\" content=\"Dier : \u00ab\u00a0Le plus grand nombre de jeunes talents que j&#039;ai vu au m\u00eame endroit\u00a0\u00bb - La Diagonale\" \/>\n<meta property=\"og:description\" content=\"Eric Dier s\u2019est bien int\u00e9gr\u00e9 du c\u00f4t\u00e9 de l\u2019AS Monaco, o\u00f9 son exp\u00e9rience et sa capacit\u00e9 \u00e0 bien communiquer font d\u00e9j\u00e0 de lui l\u2019un des patrons du vestiaire. C\u2019\u00e9tait pr\u00e9cis\u00e9ment dans ce but que l\u2019ASM l\u2019a recrut\u00e9 cet \u00e9t\u00e9. Si la question de la transmission a \u00e9t\u00e9 tr\u00e8s largement \u00e9voqu\u00e9e dans un entretien fleuve donn\u00e9 [...]\" \/>\n<meta property=\"og:url\" content=\"https:\/\/www.ladiagonale.net\/index.php\/2025\/09\/10\/dier-le-plus-grand-nombre-de-jeunes-talents-que-jai-vu-au-meme-endroit\/\" \/>\n<meta property=\"og:site_name\" content=\"La Diagonale\" \/>\n<meta property=\"article:published_time\" content=\"2025-09-09T22:27:50+00:00\" \/>\n<meta property=\"article:modified_time\" content=\"2025-09-09T22:27:51+00:00\" \/>\n<meta property=\"og:image\" content=\"https:\/\/www.ladiagonale.net\/wp-content\/uploads\/2025\/07\/Dier-coventry.png\" \/>\n\t<meta property=\"og:image:width\" content=\"1160\" \/>\n\t<meta property=\"og:image:height\" content=\"650\" \/>\n\t<meta property=\"og:image:type\" content=\"image\/png\" \/>\n<meta name=\"author\" content=\"Damien Dellerba\" \/>\n<meta name=\"twitter:card\" content=\"summary_large_image\" \/>\n<meta name=\"twitter:image\" content=\"https:\/\/www.ladiagonale.net\/wp-content\/uploads\/2025\/07\/Dier-coventry.png\" \/>\n<meta name=\"twitter:label1\" content=\"\u00c9crit par\" \/>\n\t<meta name=\"twitter:data1\" content=\"Damien Dellerba\" \/>\n\t<meta name=\"twitter:label2\" content=\"Dur\u00e9e de lecture estim\u00e9e\" \/>\n\t<meta name=\"twitter:data2\" content=\"3 minutes\" \/>\n<script type=\"application\/ld+json\" class=\"yoast-schema-graph\">{\"@context\":\"https:\/\/schema.org\",\"@graph\":[{\"@type\":\"WebPage\",\"@id\":\"https:\/\/www.ladiagonale.net\/index.php\/2025\/09\/10\/dier-le-plus-grand-nombre-de-jeunes-talents-que-jai-vu-au-meme-endroit\/\",\"url\":\"https:\/\/www.ladiagonale.net\/index.php\/2025\/09\/10\/dier-le-plus-grand-nombre-de-jeunes-talents-que-jai-vu-au-meme-endroit\/\",\"name\":\"Dier : \u00ab\u00a0Le plus grand nombre de jeunes talents que j'ai vu au m\u00eame endroit\u00a0\u00bb - La Diagonale\",\"isPartOf\":{\"@id\":\"https:\/\/www.ladiagonale.net\/#website\"},\"datePublished\":\"2025-09-09T22:27:50+00:00\",\"dateModified\":\"2025-09-09T22:27:51+00:00\",\"author\":{\"@id\":\"https:\/\/www.ladiagonale.net\/#\/schema\/person\/79ff1e7b0853ed01b2aa26e64ad300bf\"},\"breadcrumb\":{\"@id\":\"https:\/\/www.ladiagonale.net\/index.php\/2025\/09\/10\/dier-le-plus-grand-nombre-de-jeunes-talents-que-jai-vu-au-meme-endroit\/#breadcrumb\"},\"inLanguage\":\"fr-FR\",\"potentialAction\":[{\"@type\":\"ReadAction\",\"target\":[\"https:\/\/www.ladiagonale.net\/index.php\/2025\/09\/10\/dier-le-plus-grand-nombre-de-jeunes-talents-que-jai-vu-au-meme-endroit\/\"]}]},{\"@type\":\"BreadcrumbList\",\"@id\":\"https:\/\/www.ladiagonale.net\/index.php\/2025\/09\/10\/dier-le-plus-grand-nombre-de-jeunes-talents-que-jai-vu-au-meme-endroit\/#breadcrumb\",\"itemListElement\":[{\"@type\":\"ListItem\",\"position\":1,\"name\":\"Accueil\",\"item\":\"https:\/\/www.ladiagonale.net\/\"},{\"@type\":\"ListItem\",\"position\":2,\"name\":\"Dier : \u00ab\u00a0Le plus grand nombre de jeunes talents que j&rsquo;ai vu au m\u00eame endroit\u00a0\u00bb\"}]},{\"@type\":\"WebSite\",\"@id\":\"https:\/\/www.ladiagonale.net\/#website\",\"url\":\"https:\/\/www.ladiagonale.net\/\",\"name\":\"La Diagonale\",\"description\":\"Le site des supporters de l&#039;AS Monaco FC\",\"potentialAction\":[{\"@type\":\"SearchAction\",\"target\":{\"@type\":\"EntryPoint\",\"urlTemplate\":\"https:\/\/www.ladiagonale.net\/?s={search_term_string}\"},\"query-input\":\"required name=search_term_string\"}],\"inLanguage\":\"fr-FR\"},{\"@type\":\"Person\",\"@id\":\"https:\/\/www.ladiagonale.net\/#\/schema\/person\/79ff1e7b0853ed01b2aa26e64ad300bf\",\"name\":\"Damien Dellerba\",\"image\":{\"@type\":\"ImageObject\",\"inLanguage\":\"fr-FR\",\"@id\":\"https:\/\/www.ladiagonale.net\/#\/schema\/person\/image\/\",\"url\":\"https:\/\/secure.gravatar.com\/avatar\/c7850e06d3ff63cdbaee88b7fc16e2f0?s=96&d=mm&r=g\",\"contentUrl\":\"https:\/\/secure.gravatar.com\/avatar\/c7850e06d3ff63cdbaee88b7fc16e2f0?s=96&d=mm&r=g\",\"caption\":\"Damien Dellerba\"},\"url\":\"https:\/\/www.ladiagonale.net\/index.php\/author\/damien\/\"}]}<\/script>\n<!-- \/ Yoast SEO plugin. -->","yoast_head_json":{"title":"Dier : \u00ab\u00a0Le plus grand nombre de jeunes talents que j'ai vu au m\u00eame endroit\u00a0\u00bb - La Diagonale","robots":{"index":"index","follow":"follow","max-snippet":"max-snippet:-1","max-image-preview":"max-image-preview:large","max-video-preview":"max-video-preview:-1"},"canonical":"https:\/\/www.ladiagonale.net\/index.php\/2025\/09\/10\/dier-le-plus-grand-nombre-de-jeunes-talents-que-jai-vu-au-meme-endroit\/","og_locale":"fr_FR","og_type":"article","og_title":"Dier : \u00ab\u00a0Le plus grand nombre de jeunes talents que j'ai vu au m\u00eame endroit\u00a0\u00bb - La Diagonale","og_description":"Eric Dier s\u2019est bien int\u00e9gr\u00e9 du c\u00f4t\u00e9 de l\u2019AS Monaco, o\u00f9 son exp\u00e9rience et sa capacit\u00e9 \u00e0 bien communiquer font d\u00e9j\u00e0 de lui l\u2019un des patrons du vestiaire. C\u2019\u00e9tait pr\u00e9cis\u00e9ment dans ce but que l\u2019ASM l\u2019a recrut\u00e9 cet \u00e9t\u00e9. Si la question de la transmission a \u00e9t\u00e9 tr\u00e8s largement \u00e9voqu\u00e9e dans un entretien fleuve donn\u00e9 [...]","og_url":"https:\/\/www.ladiagonale.net\/index.php\/2025\/09\/10\/dier-le-plus-grand-nombre-de-jeunes-talents-que-jai-vu-au-meme-endroit\/","og_site_name":"La Diagonale","article_published_time":"2025-09-09T22:27:50+00:00","article_modified_time":"2025-09-09T22:27:51+00:00","og_image":[{"width":1160,"height":650,"url":"https:\/\/www.ladiagonale.net\/wp-content\/uploads\/2025\/07\/Dier-coventry.png","type":"image\/png"}],"author":"Damien Dellerba","twitter_card":"summary_large_image","twitter_image":"https:\/\/www.ladiagonale.net\/wp-content\/uploads\/2025\/07\/Dier-coventry.png","twitter_misc":{"\u00c9crit par":"Damien Dellerba","Dur\u00e9e de lecture estim\u00e9e":"3 minutes"},"schema":{"@context":"https:\/\/schema.org","@graph":[{"@type":"WebPage","@id":"https:\/\/www.ladiagonale.net\/index.php\/2025\/09\/10\/dier-le-plus-grand-nombre-de-jeunes-talents-que-jai-vu-au-meme-endroit\/","url":"https:\/\/www.ladiagonale.net\/index.php\/2025\/09\/10\/dier-le-plus-grand-nombre-de-jeunes-talents-que-jai-vu-au-meme-endroit\/","name":"Dier : \u00ab\u00a0Le plus grand nombre de jeunes talents que j'ai vu au m\u00eame endroit\u00a0\u00bb - La Diagonale","isPartOf":{"@id":"https:\/\/www.ladiagonale.net\/#website"},"datePublished":"2025-09-09T22:27:50+00:00","dateModified":"2025-09-09T22:27:51+00:00","author":{"@id":"https:\/\/www.ladiagonale.net\/#\/schema\/person\/79ff1e7b0853ed01b2aa26e64ad300bf"},"breadcrumb":{"@id":"https:\/\/www.ladiagonale.net\/index.php\/2025\/09\/10\/dier-le-plus-grand-nombre-de-jeunes-talents-que-jai-vu-au-meme-endroit\/#breadcrumb"},"inLanguage":"fr-FR","potentialAction":[{"@type":"ReadAction","target":["https:\/\/www.ladiagonale.net\/index.php\/2025\/09\/10\/dier-le-plus-grand-nombre-de-jeunes-talents-que-jai-vu-au-meme-endroit\/"]}]},{"@type":"BreadcrumbList","@id":"https:\/\/www.ladiagonale.net\/index.php\/2025\/09\/10\/dier-le-plus-grand-nombre-de-jeunes-talents-que-jai-vu-au-meme-endroit\/#breadcrumb","itemListElement":[{"@type":"ListItem","position":1,"name":"Accueil","item":"https:\/\/www.ladiagonale.net\/"},{"@type":"ListItem","position":2,"name":"Dier : \u00ab\u00a0Le plus grand nombre de jeunes talents que j&rsquo;ai vu au m\u00eame endroit\u00a0\u00bb"}]},{"@type":"WebSite","@id":"https:\/\/www.ladiagonale.net\/#website","url":"https:\/\/www.ladiagonale.net\/","name":"La Diagonale","description":"Le site des supporters de l&#039;AS Monaco FC","potentialAction":[{"@type":"SearchAction","target":{"@type":"EntryPoint","urlTemplate":"https:\/\/www.ladiagonale.net\/?s={search_term_string}"},"query-input":"required name=search_term_string"}],"inLanguage":"fr-FR"},{"@type":"Person","@id":"https:\/\/www.ladiagonale.net\/#\/schema\/person\/79ff1e7b0853ed01b2aa26e64ad300bf","name":"Damien Dellerba","image":{"@type":"ImageObject","inLanguage":"fr-FR","@id":"https:\/\/www.ladiagonale.net\/#\/schema\/person\/image\/","url":"https:\/\/secure.gravatar.com\/avatar\/c7850e06d3ff63cdbaee88b7fc16e2f0?s=96&d=mm&r=g","contentUrl":"https:\/\/secure.gravatar.com\/avatar\/c7850e06d3ff63cdbaee88b7fc16e2f0?s=96&d=mm&r=g","caption":"Damien Dellerba"},"url":"https:\/\/www.ladiagonale.net\/index.php\/author\/damien\/"}]}},"_links":{"self":[{"href":"https:\/\/www.ladiagonale.net\/index.php\/wp-json\/wp\/v2\/posts\/33777"}],"collection":[{"href":"https:\/\/www.ladiagonale.net\/index.php\/wp-json\/wp\/v2\/posts"}],"about":[{"href":"https:\/\/www.ladiagonale.net\/index.php\/wp-json\/wp\/v2\/types\/post"}],"author":[{"embeddable":true,"href":"https:\/\/www.ladiagonale.net\/index.php\/wp-json\/wp\/v2\/users\/2"}],"replies":[{"embeddable":true,"href":"https:\/\/www.ladiagonale.net\/index.php\/wp-json\/wp\/v2\/comments?post=33777"}],"version-history":[{"count":1,"href":"https:\/\/www.ladiagonale.net\/index.php\/wp-json\/wp\/v2\/posts\/33777\/revisions"}],"predecessor-version":[{"id":33781,"href":"https:\/\/www.ladiagonale.net\/index.php\/wp-json\/wp\/v2\/posts\/33777\/revisions\/33781"}],"wp:attachment":[{"href":"https:\/\/www.ladiagonale.net\/index.php\/wp-json\/wp\/v2\/media?parent=33777"}],"wp:term":[{"taxonomy":"category","embeddable":true,"href":"https:\/\/www.ladiagonale.net\/index.php\/wp-json\/wp\/v2\/categories?post=33777"},{"taxonomy":"post_tag","embeddable":true,"href":"https:\/\/www.ladiagonale.net\/index.php\/wp-json\/wp\/v2\/tags?post=33777"}],"curies":[{"name":"wp","href":"https:\/\/api.w.org\/{rel}","templated":true}]}}