{"id":33809,"date":"2025-09-10T15:00:05","date_gmt":"2025-09-10T13:00:05","guid":{"rendered":"https:\/\/www.ladiagonale.net\/?p=33809"},"modified":"2025-09-10T15:00:06","modified_gmt":"2025-09-10T13:00:06","slug":"diatta-courtise-par-deux-clubs-turcs","status":"publish","type":"post","link":"https:\/\/www.ladiagonale.net\/index.php\/2025\/09\/10\/diatta-courtise-par-deux-clubs-turcs\/","title":{"rendered":"Diatta courtis\u00e9 par deux clubs turcs"},"content":{"rendered":"\n\n\n<p>Le cas de Kr\u00e9pin Diatta n\u2019a pas pu \u00eatre r\u00e9gl\u00e9 avant la fermeture de la plupart des mercatos europ\u00e9ens, mais il reste encore quelques pistes pour le S\u00e9n\u00e9galais de 26 ans. Selon <em>L\u2019\u00c9quipe<\/em>, les clubs de Trabzonspor et Besiktas seraient actuellement en concurrence pour accueillir l\u2019international s\u00e9n\u00e9galais, alors que le march\u00e9 des transferts en Turquie ferme le 12 septembre. L\u2019AS Monaco pourrait accepter de lib\u00e9rer le joueur, qui n\u2019a plus qu\u2019un an de contrat, mais un pourcentage sur une \u00e9ventuelle revente pourrait \u00eatre ajout\u00e9 \u00e0 l&rsquo;op\u00e9ration.<\/p>\n\n\n\n<p>Toujours d&rsquo;apr\u00e8s le quotidien, les deux clubs turcs n\u2019auraient pas encore trouv\u00e9 d\u2019accord avec Diatta. En vue de la Coupe du monde 2026, l\u2019ailier droit, capable d\u2019\u00e9voluer piston ou lat\u00e9ral, veut \u00e9valuer avec soin le choix de son nouveau club afin de ne pas perdre sa place en \u00e9quipe nationale. Mais rester \u00e0 Monaco, o\u00f9 son temps de jeu promet d\u2019\u00eatre extr\u00eamement r\u00e9duit, ne l\u2019aiderait pas dans cet objectif, m\u00eame si le fait d\u2019\u00eatre \u00e9cart\u00e9 sur les premiers matches de la saison ne l\u2019a pas emp\u00each\u00e9 d\u2019\u00eatre appel\u00e9 \u00e0 l\u2019occasion de cette tr\u00eave internationale, o\u00f9 <a href=\"https:\/\/www.ladiagonale.net\/index.php\/2025\/09\/06\/diatta-passeur-avec-le-senegal\/\" target=\"_blank\" rel=\"noreferrer noopener\">il s\u2019est d\u2019ailleurs montr\u00e9 d\u00e9cisif<\/a>.<\/p>\n\n\n\n<p>Arriv\u00e9 en janvier 2020 sur le Rocher, Diatta avait co\u00fbt\u00e9 plus de 16 millions d\u2019euros \u00e0 l\u2019ASM lorsqu\u2019il avait \u00e9t\u00e9 recrut\u00e9 en provenance du Club Bruges. Au total, il a port\u00e9 le maillot \u00e0 la diagonale \u00e0 121 reprises.<\/p>\n","protected":false},"excerpt":{"rendered":"<p>Le cas de Kr\u00e9pin Diatta n\u2019a pas pu \u00eatre r\u00e9gl\u00e9 avant la fermeture de la plupart des mercatos europ\u00e9ens, mais il reste encore quelques pistes pour le S\u00e9n\u00e9galais de 26 ans. Selon L\u2019\u00c9quipe, les clubs de Trabzonspor et Besiktas seraient actuellement en concurrence pour accueillir l\u2019international s\u00e9n\u00e9galais, alors que le march\u00e9 des transferts en Turquie [&#8230;]\n","protected":false},"author":2,"featured_media":0,"comment_status":"open","ping_status":"open","sticky":false,"template":"","format":"standard","meta":[],"categories":[6,1086],"tags":[86,163,111,110],"yoast_head":"<!-- This site is optimized with the Yoast SEO plugin v19.8 - https:\/\/yoast.com\/wordpress\/plugins\/seo\/ -->\n<title>Diatta courtis\u00e9 par deux clubs turcs - La Diagonale<\/title>\n<meta name=\"robots\" content=\"index, follow, max-snippet:-1, max-image-preview:large, max-video-preview:-1\" \/>\n<link rel=\"canonical\" href=\"https:\/\/www.ladiagonale.net\/index.php\/2025\/09\/10\/diatta-courtise-par-deux-clubs-turcs\/\" \/>\n<meta property=\"og:locale\" content=\"fr_FR\" \/>\n<meta property=\"og:type\" content=\"article\" \/>\n<meta property=\"og:title\" content=\"Diatta courtis\u00e9 par deux clubs turcs - La Diagonale\" \/>\n<meta property=\"og:description\" content=\"Le cas de Kr\u00e9pin Diatta n\u2019a pas pu \u00eatre r\u00e9gl\u00e9 avant la fermeture de la plupart des mercatos europ\u00e9ens, mais il reste encore quelques pistes pour le S\u00e9n\u00e9galais de 26 ans. Selon L\u2019\u00c9quipe, les clubs de Trabzonspor et Besiktas seraient actuellement en concurrence pour accueillir l\u2019international s\u00e9n\u00e9galais, alors que le march\u00e9 des transferts en Turquie [...]\" \/>\n<meta property=\"og:url\" content=\"https:\/\/www.ladiagonale.net\/index.php\/2025\/09\/10\/diatta-courtise-par-deux-clubs-turcs\/\" \/>\n<meta property=\"og:site_name\" content=\"La Diagonale\" \/>\n<meta property=\"article:published_time\" content=\"2025-09-10T13:00:05+00:00\" \/>\n<meta property=\"article:modified_time\" content=\"2025-09-10T13:00:06+00:00\" \/>\n<meta property=\"og:image\" content=\"https:\/\/www.ladiagonale.net\/wp-content\/uploads\/2024\/07\/diatta-servette.png\" \/>\n\t<meta property=\"og:image:width\" content=\"1160\" \/>\n\t<meta property=\"og:image:height\" content=\"650\" \/>\n\t<meta property=\"og:image:type\" content=\"image\/png\" \/>\n<meta name=\"author\" content=\"Damien Dellerba\" \/>\n<meta name=\"twitter:card\" content=\"summary_large_image\" \/>\n<meta name=\"twitter:image\" content=\"https:\/\/www.ladiagonale.net\/wp-content\/uploads\/2024\/07\/diatta-servette.png\" \/>\n<meta name=\"twitter:label1\" content=\"\u00c9crit par\" \/>\n\t<meta name=\"twitter:data1\" content=\"Damien Dellerba\" \/>\n\t<meta name=\"twitter:label2\" content=\"Dur\u00e9e de lecture estim\u00e9e\" \/>\n\t<meta name=\"twitter:data2\" content=\"2 minutes\" \/>\n<script type=\"application\/ld+json\" class=\"yoast-schema-graph\">{\"@context\":\"https:\/\/schema.org\",\"@graph\":[{\"@type\":\"WebPage\",\"@id\":\"https:\/\/www.ladiagonale.net\/index.php\/2025\/09\/10\/diatta-courtise-par-deux-clubs-turcs\/\",\"url\":\"https:\/\/www.ladiagonale.net\/index.php\/2025\/09\/10\/diatta-courtise-par-deux-clubs-turcs\/\",\"name\":\"Diatta courtis\u00e9 par deux clubs turcs - La Diagonale\",\"isPartOf\":{\"@id\":\"https:\/\/www.ladiagonale.net\/#website\"},\"datePublished\":\"2025-09-10T13:00:05+00:00\",\"dateModified\":\"2025-09-10T13:00:06+00:00\",\"author\":{\"@id\":\"https:\/\/www.ladiagonale.net\/#\/schema\/person\/79ff1e7b0853ed01b2aa26e64ad300bf\"},\"breadcrumb\":{\"@id\":\"https:\/\/www.ladiagonale.net\/index.php\/2025\/09\/10\/diatta-courtise-par-deux-clubs-turcs\/#breadcrumb\"},\"inLanguage\":\"fr-FR\",\"potentialAction\":[{\"@type\":\"ReadAction\",\"target\":[\"https:\/\/www.ladiagonale.net\/index.php\/2025\/09\/10\/diatta-courtise-par-deux-clubs-turcs\/\"]}]},{\"@type\":\"BreadcrumbList\",\"@id\":\"https:\/\/www.ladiagonale.net\/index.php\/2025\/09\/10\/diatta-courtise-par-deux-clubs-turcs\/#breadcrumb\",\"itemListElement\":[{\"@type\":\"ListItem\",\"position\":1,\"name\":\"Accueil\",\"item\":\"https:\/\/www.ladiagonale.net\/\"},{\"@type\":\"ListItem\",\"position\":2,\"name\":\"Diatta courtis\u00e9 par deux clubs turcs\"}]},{\"@type\":\"WebSite\",\"@id\":\"https:\/\/www.ladiagonale.net\/#website\",\"url\":\"https:\/\/www.ladiagonale.net\/\",\"name\":\"La Diagonale\",\"description\":\"Le site des supporters de l&#039;AS Monaco FC\",\"potentialAction\":[{\"@type\":\"SearchAction\",\"target\":{\"@type\":\"EntryPoint\",\"urlTemplate\":\"https:\/\/www.ladiagonale.net\/?s={search_term_string}\"},\"query-input\":\"required name=search_term_string\"}],\"inLanguage\":\"fr-FR\"},{\"@type\":\"Person\",\"@id\":\"https:\/\/www.ladiagonale.net\/#\/schema\/person\/79ff1e7b0853ed01b2aa26e64ad300bf\",\"name\":\"Damien Dellerba\",\"image\":{\"@type\":\"ImageObject\",\"inLanguage\":\"fr-FR\",\"@id\":\"https:\/\/www.ladiagonale.net\/#\/schema\/person\/image\/\",\"url\":\"https:\/\/secure.gravatar.com\/avatar\/c7850e06d3ff63cdbaee88b7fc16e2f0?s=96&d=mm&r=g\",\"contentUrl\":\"https:\/\/secure.gravatar.com\/avatar\/c7850e06d3ff63cdbaee88b7fc16e2f0?s=96&d=mm&r=g\",\"caption\":\"Damien Dellerba\"},\"url\":\"https:\/\/www.ladiagonale.net\/index.php\/author\/damien\/\"}]}<\/script>\n<!-- \/ Yoast SEO plugin. -->","yoast_head_json":{"title":"Diatta courtis\u00e9 par deux clubs turcs - La Diagonale","robots":{"index":"index","follow":"follow","max-snippet":"max-snippet:-1","max-image-preview":"max-image-preview:large","max-video-preview":"max-video-preview:-1"},"canonical":"https:\/\/www.ladiagonale.net\/index.php\/2025\/09\/10\/diatta-courtise-par-deux-clubs-turcs\/","og_locale":"fr_FR","og_type":"article","og_title":"Diatta courtis\u00e9 par deux clubs turcs - La Diagonale","og_description":"Le cas de Kr\u00e9pin Diatta n\u2019a pas pu \u00eatre r\u00e9gl\u00e9 avant la fermeture de la plupart des mercatos europ\u00e9ens, mais il reste encore quelques pistes pour le S\u00e9n\u00e9galais de 26 ans. Selon L\u2019\u00c9quipe, les clubs de Trabzonspor et Besiktas seraient actuellement en concurrence pour accueillir l\u2019international s\u00e9n\u00e9galais, alors que le march\u00e9 des transferts en Turquie [...]","og_url":"https:\/\/www.ladiagonale.net\/index.php\/2025\/09\/10\/diatta-courtise-par-deux-clubs-turcs\/","og_site_name":"La Diagonale","article_published_time":"2025-09-10T13:00:05+00:00","article_modified_time":"2025-09-10T13:00:06+00:00","og_image":[{"width":1160,"height":650,"url":"https:\/\/www.ladiagonale.net\/wp-content\/uploads\/2024\/07\/diatta-servette.png","type":"image\/png"}],"author":"Damien Dellerba","twitter_card":"summary_large_image","twitter_image":"https:\/\/www.ladiagonale.net\/wp-content\/uploads\/2024\/07\/diatta-servette.png","twitter_misc":{"\u00c9crit par":"Damien Dellerba","Dur\u00e9e de lecture estim\u00e9e":"2 minutes"},"schema":{"@context":"https:\/\/schema.org","@graph":[{"@type":"WebPage","@id":"https:\/\/www.ladiagonale.net\/index.php\/2025\/09\/10\/diatta-courtise-par-deux-clubs-turcs\/","url":"https:\/\/www.ladiagonale.net\/index.php\/2025\/09\/10\/diatta-courtise-par-deux-clubs-turcs\/","name":"Diatta courtis\u00e9 par deux clubs turcs - La Diagonale","isPartOf":{"@id":"https:\/\/www.ladiagonale.net\/#website"},"datePublished":"2025-09-10T13:00:05+00:00","dateModified":"2025-09-10T13:00:06+00:00","author":{"@id":"https:\/\/www.ladiagonale.net\/#\/schema\/person\/79ff1e7b0853ed01b2aa26e64ad300bf"},"breadcrumb":{"@id":"https:\/\/www.ladiagonale.net\/index.php\/2025\/09\/10\/diatta-courtise-par-deux-clubs-turcs\/#breadcrumb"},"inLanguage":"fr-FR","potentialAction":[{"@type":"ReadAction","target":["https:\/\/www.ladiagonale.net\/index.php\/2025\/09\/10\/diatta-courtise-par-deux-clubs-turcs\/"]}]},{"@type":"BreadcrumbList","@id":"https:\/\/www.ladiagonale.net\/index.php\/2025\/09\/10\/diatta-courtise-par-deux-clubs-turcs\/#breadcrumb","itemListElement":[{"@type":"ListItem","position":1,"name":"Accueil","item":"https:\/\/www.ladiagonale.net\/"},{"@type":"ListItem","position":2,"name":"Diatta courtis\u00e9 par deux clubs turcs"}]},{"@type":"WebSite","@id":"https:\/\/www.ladiagonale.net\/#website","url":"https:\/\/www.ladiagonale.net\/","name":"La Diagonale","description":"Le site des supporters de l&#039;AS Monaco FC","potentialAction":[{"@type":"SearchAction","target":{"@type":"EntryPoint","urlTemplate":"https:\/\/www.ladiagonale.net\/?s={search_term_string}"},"query-input":"required name=search_term_string"}],"inLanguage":"fr-FR"},{"@type":"Person","@id":"https:\/\/www.ladiagonale.net\/#\/schema\/person\/79ff1e7b0853ed01b2aa26e64ad300bf","name":"Damien Dellerba","image":{"@type":"ImageObject","inLanguage":"fr-FR","@id":"https:\/\/www.ladiagonale.net\/#\/schema\/person\/image\/","url":"https:\/\/secure.gravatar.com\/avatar\/c7850e06d3ff63cdbaee88b7fc16e2f0?s=96&d=mm&r=g","contentUrl":"https:\/\/secure.gravatar.com\/avatar\/c7850e06d3ff63cdbaee88b7fc16e2f0?s=96&d=mm&r=g","caption":"Damien Dellerba"},"url":"https:\/\/www.ladiagonale.net\/index.php\/author\/damien\/"}]}},"_links":{"self":[{"href":"https:\/\/www.ladiagonale.net\/index.php\/wp-json\/wp\/v2\/posts\/33809"}],"collection":[{"href":"https:\/\/www.ladiagonale.net\/index.php\/wp-json\/wp\/v2\/posts"}],"about":[{"href":"https:\/\/www.ladiagonale.net\/index.php\/wp-json\/wp\/v2\/types\/post"}],"author":[{"embeddable":true,"href":"https:\/\/www.ladiagonale.net\/index.php\/wp-json\/wp\/v2\/users\/2"}],"replies":[{"embeddable":true,"href":"https:\/\/www.ladiagonale.net\/index.php\/wp-json\/wp\/v2\/comments?post=33809"}],"version-history":[{"count":1,"href":"https:\/\/www.ladiagonale.net\/index.php\/wp-json\/wp\/v2\/posts\/33809\/revisions"}],"predecessor-version":[{"id":33810,"href":"https:\/\/www.ladiagonale.net\/index.php\/wp-json\/wp\/v2\/posts\/33809\/revisions\/33810"}],"wp:attachment":[{"href":"https:\/\/www.ladiagonale.net\/index.php\/wp-json\/wp\/v2\/media?parent=33809"}],"wp:term":[{"taxonomy":"category","embeddable":true,"href":"https:\/\/www.ladiagonale.net\/index.php\/wp-json\/wp\/v2\/categories?post=33809"},{"taxonomy":"post_tag","embeddable":true,"href":"https:\/\/www.ladiagonale.net\/index.php\/wp-json\/wp\/v2\/tags?post=33809"}],"curies":[{"name":"wp","href":"https:\/\/api.w.org\/{rel}","templated":true}]}}