{"id":33811,"date":"2025-09-10T18:08:18","date_gmt":"2025-09-10T16:08:18","guid":{"rendered":"https:\/\/www.ladiagonale.net\/?p=33811"},"modified":"2025-09-10T18:08:19","modified_gmt":"2025-09-10T16:08:19","slug":"monaco-premier-concurrent-du-psg","status":"publish","type":"post","link":"https:\/\/www.ladiagonale.net\/index.php\/2025\/09\/10\/monaco-premier-concurrent-du-psg\/","title":{"rendered":"Monaco, premier concurrent du PSG ?"},"content":{"rendered":"\n<p>L\u2019AS Monaco occupe actuellement la quatri\u00e8me place en Ligue 1. Les Mon\u00e9gasques accusent trois points de retard sur le Paris Saint-Germain apr\u00e8s trois journ\u00e9es, mais cet \u00e9cart risque de grandir jusqu\u2019\u00e0 la 34<sup>e<\/sup> journ\u00e9e, pr\u00e9vue mi-mai. \u00c0 Monaco, l\u2019ambition est de r\u00e9duire le gouffre avec le champion sortant, comme l&rsquo;ont annonc\u00e9 aussi bien Thiago Scuro que Thilo Kehrer, alors qu&rsquo;il se chiffrait \u00e0 23 unit\u00e9s la saison derni\u00e8re.<\/p>\n\n\n\n<p>Selon les pr\u00e9dictions de l\u2019Observatoire du football CIES, le PSG reste le favori logique \u00e0 sa propre succession et aurait 73% de chances d\u2019\u00eatre sacr\u00e9 cette saison. Derri\u00e8re le club de la capitale, Monaco semble \u00eatre le mieux arm\u00e9 parmi les autres concurrents. Mais les chances des Rouge et Blancs restent assez faibles, puisqu\u2019elles sont estim\u00e9es \u00e0 7,7%. C&rsquo;est cependant plus que Marseille (5,8%), o\u00f9 Lille (3,7%), qui a pourtant battu l\u2019ASM au mois d\u2019ao\u00fbt.<\/p>\n\n\n\n<p>Pour obtenir ces r\u00e9sultats, l&rsquo;Observatoire du foot a combin\u00e9 \u00ab <em>des variables sportives (donn\u00e9es Impect, un fournisseur de datas, sur les passes dans le camp adverse), \u00e9conomiques (indemnit\u00e9s de transfert investies pour recruter les joueurs align\u00e9s) et d\u00e9mographiques (minutes des joueurs lors la derni\u00e8re ann\u00e9e et niveau sportif de leurs matches).<\/em> \u00bb<\/p>\n\n\n","protected":false},"excerpt":{"rendered":"<p>L\u2019AS Monaco occupe actuellement la quatri\u00e8me place en Ligue 1. Les Mon\u00e9gasques accusent trois points de retard sur le Paris Saint-Germain apr\u00e8s trois journ\u00e9es, mais cet \u00e9cart risque de grandir jusqu\u2019\u00e0 la 34e journ\u00e9e, pr\u00e9vue mi-mai. \u00c0 Monaco, l\u2019ambition est de r\u00e9duire le gouffre avec le champion sortant, comme l&rsquo;ont annonc\u00e9 aussi bien Thiago Scuro [&#8230;]\n","protected":false},"author":2,"featured_media":0,"comment_status":"open","ping_status":"open","sticky":false,"template":"","format":"standard","meta":[],"categories":[6,1000],"tags":[86,94],"yoast_head":"<!-- This site is optimized with the Yoast SEO plugin v19.8 - https:\/\/yoast.com\/wordpress\/plugins\/seo\/ -->\n<title>Monaco, premier concurrent du PSG ? - La Diagonale<\/title>\n<meta name=\"robots\" content=\"index, follow, max-snippet:-1, max-image-preview:large, max-video-preview:-1\" \/>\n<link rel=\"canonical\" href=\"https:\/\/www.ladiagonale.net\/index.php\/2025\/09\/10\/monaco-premier-concurrent-du-psg\/\" \/>\n<meta property=\"og:locale\" content=\"fr_FR\" \/>\n<meta property=\"og:type\" content=\"article\" \/>\n<meta property=\"og:title\" content=\"Monaco, premier concurrent du PSG ? - La Diagonale\" \/>\n<meta property=\"og:description\" content=\"L\u2019AS Monaco occupe actuellement la quatri\u00e8me place en Ligue 1. Les Mon\u00e9gasques accusent trois points de retard sur le Paris Saint-Germain apr\u00e8s trois journ\u00e9es, mais cet \u00e9cart risque de grandir jusqu\u2019\u00e0 la 34e journ\u00e9e, pr\u00e9vue mi-mai. \u00c0 Monaco, l\u2019ambition est de r\u00e9duire le gouffre avec le champion sortant, comme l&rsquo;ont annonc\u00e9 aussi bien Thiago Scuro [...]\" \/>\n<meta property=\"og:url\" content=\"https:\/\/www.ladiagonale.net\/index.php\/2025\/09\/10\/monaco-premier-concurrent-du-psg\/\" \/>\n<meta property=\"og:site_name\" content=\"La Diagonale\" \/>\n<meta property=\"article:published_time\" content=\"2025-09-10T16:08:18+00:00\" \/>\n<meta property=\"article:modified_time\" content=\"2025-09-10T16:08:19+00:00\" \/>\n<meta property=\"og:image\" content=\"https:\/\/www.ladiagonale.net\/wp-content\/uploads\/2025\/02\/akliouche-psg.png\" \/>\n\t<meta property=\"og:image:width\" content=\"1160\" \/>\n\t<meta property=\"og:image:height\" content=\"650\" \/>\n\t<meta property=\"og:image:type\" content=\"image\/png\" \/>\n<meta name=\"author\" content=\"Damien Dellerba\" \/>\n<meta name=\"twitter:card\" content=\"summary_large_image\" \/>\n<meta name=\"twitter:image\" content=\"https:\/\/www.ladiagonale.net\/wp-content\/uploads\/2025\/02\/akliouche-psg.png\" \/>\n<meta name=\"twitter:label1\" content=\"\u00c9crit par\" \/>\n\t<meta name=\"twitter:data1\" content=\"Damien Dellerba\" \/>\n\t<meta name=\"twitter:label2\" content=\"Dur\u00e9e de lecture estim\u00e9e\" \/>\n\t<meta name=\"twitter:data2\" content=\"1 minute\" \/>\n<script type=\"application\/ld+json\" class=\"yoast-schema-graph\">{\"@context\":\"https:\/\/schema.org\",\"@graph\":[{\"@type\":\"WebPage\",\"@id\":\"https:\/\/www.ladiagonale.net\/index.php\/2025\/09\/10\/monaco-premier-concurrent-du-psg\/\",\"url\":\"https:\/\/www.ladiagonale.net\/index.php\/2025\/09\/10\/monaco-premier-concurrent-du-psg\/\",\"name\":\"Monaco, premier concurrent du PSG ? - La Diagonale\",\"isPartOf\":{\"@id\":\"https:\/\/www.ladiagonale.net\/#website\"},\"datePublished\":\"2025-09-10T16:08:18+00:00\",\"dateModified\":\"2025-09-10T16:08:19+00:00\",\"author\":{\"@id\":\"https:\/\/www.ladiagonale.net\/#\/schema\/person\/79ff1e7b0853ed01b2aa26e64ad300bf\"},\"breadcrumb\":{\"@id\":\"https:\/\/www.ladiagonale.net\/index.php\/2025\/09\/10\/monaco-premier-concurrent-du-psg\/#breadcrumb\"},\"inLanguage\":\"fr-FR\",\"potentialAction\":[{\"@type\":\"ReadAction\",\"target\":[\"https:\/\/www.ladiagonale.net\/index.php\/2025\/09\/10\/monaco-premier-concurrent-du-psg\/\"]}]},{\"@type\":\"BreadcrumbList\",\"@id\":\"https:\/\/www.ladiagonale.net\/index.php\/2025\/09\/10\/monaco-premier-concurrent-du-psg\/#breadcrumb\",\"itemListElement\":[{\"@type\":\"ListItem\",\"position\":1,\"name\":\"Accueil\",\"item\":\"https:\/\/www.ladiagonale.net\/\"},{\"@type\":\"ListItem\",\"position\":2,\"name\":\"Monaco, premier concurrent du PSG ?\"}]},{\"@type\":\"WebSite\",\"@id\":\"https:\/\/www.ladiagonale.net\/#website\",\"url\":\"https:\/\/www.ladiagonale.net\/\",\"name\":\"La Diagonale\",\"description\":\"Le site des supporters de l&#039;AS Monaco FC\",\"potentialAction\":[{\"@type\":\"SearchAction\",\"target\":{\"@type\":\"EntryPoint\",\"urlTemplate\":\"https:\/\/www.ladiagonale.net\/?s={search_term_string}\"},\"query-input\":\"required name=search_term_string\"}],\"inLanguage\":\"fr-FR\"},{\"@type\":\"Person\",\"@id\":\"https:\/\/www.ladiagonale.net\/#\/schema\/person\/79ff1e7b0853ed01b2aa26e64ad300bf\",\"name\":\"Damien Dellerba\",\"image\":{\"@type\":\"ImageObject\",\"inLanguage\":\"fr-FR\",\"@id\":\"https:\/\/www.ladiagonale.net\/#\/schema\/person\/image\/\",\"url\":\"https:\/\/secure.gravatar.com\/avatar\/c7850e06d3ff63cdbaee88b7fc16e2f0?s=96&d=mm&r=g\",\"contentUrl\":\"https:\/\/secure.gravatar.com\/avatar\/c7850e06d3ff63cdbaee88b7fc16e2f0?s=96&d=mm&r=g\",\"caption\":\"Damien Dellerba\"},\"url\":\"https:\/\/www.ladiagonale.net\/index.php\/author\/damien\/\"}]}<\/script>\n<!-- \/ Yoast SEO plugin. -->","yoast_head_json":{"title":"Monaco, premier concurrent du PSG ? - La Diagonale","robots":{"index":"index","follow":"follow","max-snippet":"max-snippet:-1","max-image-preview":"max-image-preview:large","max-video-preview":"max-video-preview:-1"},"canonical":"https:\/\/www.ladiagonale.net\/index.php\/2025\/09\/10\/monaco-premier-concurrent-du-psg\/","og_locale":"fr_FR","og_type":"article","og_title":"Monaco, premier concurrent du PSG ? - La Diagonale","og_description":"L\u2019AS Monaco occupe actuellement la quatri\u00e8me place en Ligue 1. Les Mon\u00e9gasques accusent trois points de retard sur le Paris Saint-Germain apr\u00e8s trois journ\u00e9es, mais cet \u00e9cart risque de grandir jusqu\u2019\u00e0 la 34e journ\u00e9e, pr\u00e9vue mi-mai. \u00c0 Monaco, l\u2019ambition est de r\u00e9duire le gouffre avec le champion sortant, comme l&rsquo;ont annonc\u00e9 aussi bien Thiago Scuro [...]","og_url":"https:\/\/www.ladiagonale.net\/index.php\/2025\/09\/10\/monaco-premier-concurrent-du-psg\/","og_site_name":"La Diagonale","article_published_time":"2025-09-10T16:08:18+00:00","article_modified_time":"2025-09-10T16:08:19+00:00","og_image":[{"width":1160,"height":650,"url":"https:\/\/www.ladiagonale.net\/wp-content\/uploads\/2025\/02\/akliouche-psg.png","type":"image\/png"}],"author":"Damien Dellerba","twitter_card":"summary_large_image","twitter_image":"https:\/\/www.ladiagonale.net\/wp-content\/uploads\/2025\/02\/akliouche-psg.png","twitter_misc":{"\u00c9crit par":"Damien Dellerba","Dur\u00e9e de lecture estim\u00e9e":"1 minute"},"schema":{"@context":"https:\/\/schema.org","@graph":[{"@type":"WebPage","@id":"https:\/\/www.ladiagonale.net\/index.php\/2025\/09\/10\/monaco-premier-concurrent-du-psg\/","url":"https:\/\/www.ladiagonale.net\/index.php\/2025\/09\/10\/monaco-premier-concurrent-du-psg\/","name":"Monaco, premier concurrent du PSG ? - La Diagonale","isPartOf":{"@id":"https:\/\/www.ladiagonale.net\/#website"},"datePublished":"2025-09-10T16:08:18+00:00","dateModified":"2025-09-10T16:08:19+00:00","author":{"@id":"https:\/\/www.ladiagonale.net\/#\/schema\/person\/79ff1e7b0853ed01b2aa26e64ad300bf"},"breadcrumb":{"@id":"https:\/\/www.ladiagonale.net\/index.php\/2025\/09\/10\/monaco-premier-concurrent-du-psg\/#breadcrumb"},"inLanguage":"fr-FR","potentialAction":[{"@type":"ReadAction","target":["https:\/\/www.ladiagonale.net\/index.php\/2025\/09\/10\/monaco-premier-concurrent-du-psg\/"]}]},{"@type":"BreadcrumbList","@id":"https:\/\/www.ladiagonale.net\/index.php\/2025\/09\/10\/monaco-premier-concurrent-du-psg\/#breadcrumb","itemListElement":[{"@type":"ListItem","position":1,"name":"Accueil","item":"https:\/\/www.ladiagonale.net\/"},{"@type":"ListItem","position":2,"name":"Monaco, premier concurrent du PSG ?"}]},{"@type":"WebSite","@id":"https:\/\/www.ladiagonale.net\/#website","url":"https:\/\/www.ladiagonale.net\/","name":"La Diagonale","description":"Le site des supporters de l&#039;AS Monaco FC","potentialAction":[{"@type":"SearchAction","target":{"@type":"EntryPoint","urlTemplate":"https:\/\/www.ladiagonale.net\/?s={search_term_string}"},"query-input":"required name=search_term_string"}],"inLanguage":"fr-FR"},{"@type":"Person","@id":"https:\/\/www.ladiagonale.net\/#\/schema\/person\/79ff1e7b0853ed01b2aa26e64ad300bf","name":"Damien Dellerba","image":{"@type":"ImageObject","inLanguage":"fr-FR","@id":"https:\/\/www.ladiagonale.net\/#\/schema\/person\/image\/","url":"https:\/\/secure.gravatar.com\/avatar\/c7850e06d3ff63cdbaee88b7fc16e2f0?s=96&d=mm&r=g","contentUrl":"https:\/\/secure.gravatar.com\/avatar\/c7850e06d3ff63cdbaee88b7fc16e2f0?s=96&d=mm&r=g","caption":"Damien Dellerba"},"url":"https:\/\/www.ladiagonale.net\/index.php\/author\/damien\/"}]}},"_links":{"self":[{"href":"https:\/\/www.ladiagonale.net\/index.php\/wp-json\/wp\/v2\/posts\/33811"}],"collection":[{"href":"https:\/\/www.ladiagonale.net\/index.php\/wp-json\/wp\/v2\/posts"}],"about":[{"href":"https:\/\/www.ladiagonale.net\/index.php\/wp-json\/wp\/v2\/types\/post"}],"author":[{"embeddable":true,"href":"https:\/\/www.ladiagonale.net\/index.php\/wp-json\/wp\/v2\/users\/2"}],"replies":[{"embeddable":true,"href":"https:\/\/www.ladiagonale.net\/index.php\/wp-json\/wp\/v2\/comments?post=33811"}],"version-history":[{"count":1,"href":"https:\/\/www.ladiagonale.net\/index.php\/wp-json\/wp\/v2\/posts\/33811\/revisions"}],"predecessor-version":[{"id":33812,"href":"https:\/\/www.ladiagonale.net\/index.php\/wp-json\/wp\/v2\/posts\/33811\/revisions\/33812"}],"wp:attachment":[{"href":"https:\/\/www.ladiagonale.net\/index.php\/wp-json\/wp\/v2\/media?parent=33811"}],"wp:term":[{"taxonomy":"category","embeddable":true,"href":"https:\/\/www.ladiagonale.net\/index.php\/wp-json\/wp\/v2\/categories?post=33811"},{"taxonomy":"post_tag","embeddable":true,"href":"https:\/\/www.ladiagonale.net\/index.php\/wp-json\/wp\/v2\/tags?post=33811"}],"curies":[{"name":"wp","href":"https:\/\/api.w.org\/{rel}","templated":true}]}}