{"id":33813,"date":"2025-09-10T18:41:24","date_gmt":"2025-09-10T16:41:24","guid":{"rendered":"https:\/\/www.ladiagonale.net\/?p=33813"},"modified":"2025-09-10T18:41:25","modified_gmt":"2025-09-10T16:41:25","slug":"disasi-a-pousse-jusqua-la-derniere-minute-pour-venir-a-monaco","status":"publish","type":"post","link":"https:\/\/www.ladiagonale.net\/index.php\/2025\/09\/10\/disasi-a-pousse-jusqua-la-derniere-minute-pour-venir-a-monaco\/","title":{"rendered":"Disasi a \u00ab\u00a0pouss\u00e9\u00a0jusqu\u2019\u00e0 la derni\u00e8re minute \u00bb pour venir \u00e0 Monaco"},"content":{"rendered":"\n\n\n<p>L&rsquo;AS Monaco a perdu Wilfried Singo en fin de mercato mais n&rsquo;a pas recrut\u00e9 de rempla\u00e7ant. Un retour d&rsquo;Axel Disasi avait notamment \u00e9t\u00e9 \u00e9voqu\u00e9 par certains m\u00e9dias, mais celui-ci ne s&rsquo;est pas concr\u00e9tis\u00e9. L&rsquo;ancien d\u00e9fenseur de l&rsquo;ASM a reconnu que des contacts existaient bien et qu&rsquo;il aurait ardemment souhait\u00e9 qu&rsquo;ils se concr\u00e9tisent : \u00ab <em>Jusqu&rsquo;\u00e0 la derni\u00e8re minute, j\u2019ai pouss\u00e9 pour Monaco<\/em> \u00bb, a-t-il d\u00e9voil\u00e9 dans un entretien donn\u00e9 au m\u00e9dia <em>Carr\u00e9<\/em>.<\/p>\n\n\n\n<p>L&rsquo;actuel d\u00e9fenseur de Chelsea a racont\u00e9 le d\u00e9roul\u00e9 des \u00e9v\u00e9nements dans les derniers jours du mercato : \u00ab\u00a0<em>Mon objectif \u00e9tait de partir, trouver un projet pour m\u2019\u00e9panouir et jouer un peu plus. (&#8230;) Le club le plus int\u00e9ress\u00e9, c\u2019\u00e9tait Bournemouth, qui arrive juste une semaine, dix jours avant la fin du mercato. West Ham arrive vers la fin. Mais entre Bournemouth et West Ham, il y a Monaco qui vient au milieu. Et l\u00e0, tu me prends par les sentiments (sourire). (\u2026) \u00c0 Monaco, j\u2019ai pass\u00e9 trois ann\u00e9es incroyables, j\u2019ai explos\u00e9\u2026 Tous les souvenirs reviennent. (&#8230;) La r\u00e9flexion change \u00e0 ce moment.\u00a0<\/em>\u00bb<\/p>\n\n\n\n<p>S&rsquo;il n&rsquo;envisageait pas forc\u00e9ment un pr\u00eat au d\u00e9part, par rapport \u00e0 son exp\u00e9rience \u00e0 Aston Villa entre janvier et juin 2025, il \u00e9tait pr\u00eat \u00e0 accepter cette possibilit\u00e9 \u00e0 Monaco : \u00ab\u00a0<em>En pr\u00eat, c\u2019est comme si tu faisais partie de la famille mais sans vraiment en faire partie. (&#8230;) Mais \u00e0 Monaco, je connais. Avant mon d\u00e9part (en 2023), j&rsquo;avais fait la pr\u00e9paration avec le coach Adi H\u00fctter et on s\u2019entendait tr\u00e8s bien. Quand les premi\u00e8res rumeurs sont sorties, le team manager m\u2019a envoy\u00e9 un message pour me dire : <\/em>\u00ab\u00a0Alors, tu rentres \u00e0 la maison ?\u00a0\u00bb. <em>C\u2019est la maison. Quand Monaco vient, ce n\u2019est plus la m\u00eame r\u00e9flexion<\/em>.\u00a0\u00bb<\/p>\n\n\n\n<p>Finalement, la r\u00e9glementation de la FIFA, qui limite \u00e0 six le nombre de pr\u00eats \u00e0 l&rsquo;\u00e9tranger de joueurs de plus de 21 ans et les choix op\u00e9r\u00e9s par Chelsea concernant d&rsquo;autres joueurs auront tu\u00e9 le projet dans l&rsquo;\u0153uf, sans que l&rsquo;on sache si celui-ci avait une r\u00e9elle chance d&rsquo;aboutir.<\/p>\n","protected":false},"excerpt":{"rendered":"<p>L&rsquo;AS Monaco a perdu Wilfried Singo en fin de mercato mais n&rsquo;a pas recrut\u00e9 de rempla\u00e7ant. Un retour d&rsquo;Axel Disasi avait notamment \u00e9t\u00e9 \u00e9voqu\u00e9 par certains m\u00e9dias, mais celui-ci ne s&rsquo;est pas concr\u00e9tis\u00e9. L&rsquo;ancien d\u00e9fenseur de l&rsquo;ASM a reconnu que des contacts existaient bien et qu&rsquo;il aurait ardemment souhait\u00e9 qu&rsquo;ils se concr\u00e9tisent : \u00ab Jusqu&rsquo;\u00e0 [&#8230;]\n","protected":false},"author":2,"featured_media":0,"comment_status":"open","ping_status":"open","sticky":false,"template":"","format":"standard","meta":[],"categories":[6,1086],"tags":[86,178,111,110],"yoast_head":"<!-- This site is optimized with the Yoast SEO plugin v19.8 - https:\/\/yoast.com\/wordpress\/plugins\/seo\/ -->\n<title>Disasi a \u00ab\u00a0pouss\u00e9\u00a0jusqu\u2019\u00e0 la derni\u00e8re minute \u00bb pour venir \u00e0 Monaco - La Diagonale<\/title>\n<meta name=\"robots\" content=\"index, follow, max-snippet:-1, max-image-preview:large, max-video-preview:-1\" \/>\n<link rel=\"canonical\" href=\"https:\/\/www.ladiagonale.net\/index.php\/2025\/09\/10\/disasi-a-pousse-jusqua-la-derniere-minute-pour-venir-a-monaco\/\" \/>\n<meta property=\"og:locale\" content=\"fr_FR\" \/>\n<meta property=\"og:type\" content=\"article\" \/>\n<meta property=\"og:title\" content=\"Disasi a \u00ab\u00a0pouss\u00e9\u00a0jusqu\u2019\u00e0 la derni\u00e8re minute \u00bb pour venir \u00e0 Monaco - La Diagonale\" \/>\n<meta property=\"og:description\" content=\"L&rsquo;AS Monaco a perdu Wilfried Singo en fin de mercato mais n&rsquo;a pas recrut\u00e9 de rempla\u00e7ant. Un retour d&rsquo;Axel Disasi avait notamment \u00e9t\u00e9 \u00e9voqu\u00e9 par certains m\u00e9dias, mais celui-ci ne s&rsquo;est pas concr\u00e9tis\u00e9. L&rsquo;ancien d\u00e9fenseur de l&rsquo;ASM a reconnu que des contacts existaient bien et qu&rsquo;il aurait ardemment souhait\u00e9 qu&rsquo;ils se concr\u00e9tisent : \u00ab Jusqu&rsquo;\u00e0 [...]\" \/>\n<meta property=\"og:url\" content=\"https:\/\/www.ladiagonale.net\/index.php\/2025\/09\/10\/disasi-a-pousse-jusqua-la-derniere-minute-pour-venir-a-monaco\/\" \/>\n<meta property=\"og:site_name\" content=\"La Diagonale\" \/>\n<meta property=\"article:published_time\" content=\"2025-09-10T16:41:24+00:00\" \/>\n<meta property=\"article:modified_time\" content=\"2025-09-10T16:41:25+00:00\" \/>\n<meta property=\"og:image\" content=\"https:\/\/www.ladiagonale.net\/wp-content\/uploads\/2023\/01\/disasi2.png\" \/>\n\t<meta property=\"og:image:width\" content=\"1160\" \/>\n\t<meta property=\"og:image:height\" content=\"650\" \/>\n\t<meta property=\"og:image:type\" content=\"image\/png\" \/>\n<meta name=\"author\" content=\"Damien Dellerba\" \/>\n<meta name=\"twitter:card\" content=\"summary_large_image\" \/>\n<meta name=\"twitter:image\" content=\"https:\/\/www.ladiagonale.net\/wp-content\/uploads\/2023\/01\/disasi2.png\" \/>\n<meta name=\"twitter:label1\" content=\"\u00c9crit par\" \/>\n\t<meta name=\"twitter:data1\" content=\"Damien Dellerba\" \/>\n\t<meta name=\"twitter:label2\" content=\"Dur\u00e9e de lecture estim\u00e9e\" \/>\n\t<meta name=\"twitter:data2\" content=\"2 minutes\" \/>\n<script type=\"application\/ld+json\" class=\"yoast-schema-graph\">{\"@context\":\"https:\/\/schema.org\",\"@graph\":[{\"@type\":\"WebPage\",\"@id\":\"https:\/\/www.ladiagonale.net\/index.php\/2025\/09\/10\/disasi-a-pousse-jusqua-la-derniere-minute-pour-venir-a-monaco\/\",\"url\":\"https:\/\/www.ladiagonale.net\/index.php\/2025\/09\/10\/disasi-a-pousse-jusqua-la-derniere-minute-pour-venir-a-monaco\/\",\"name\":\"Disasi a \u00ab\u00a0pouss\u00e9\u00a0jusqu\u2019\u00e0 la derni\u00e8re minute \u00bb pour venir \u00e0 Monaco - La Diagonale\",\"isPartOf\":{\"@id\":\"https:\/\/www.ladiagonale.net\/#website\"},\"datePublished\":\"2025-09-10T16:41:24+00:00\",\"dateModified\":\"2025-09-10T16:41:25+00:00\",\"author\":{\"@id\":\"https:\/\/www.ladiagonale.net\/#\/schema\/person\/79ff1e7b0853ed01b2aa26e64ad300bf\"},\"breadcrumb\":{\"@id\":\"https:\/\/www.ladiagonale.net\/index.php\/2025\/09\/10\/disasi-a-pousse-jusqua-la-derniere-minute-pour-venir-a-monaco\/#breadcrumb\"},\"inLanguage\":\"fr-FR\",\"potentialAction\":[{\"@type\":\"ReadAction\",\"target\":[\"https:\/\/www.ladiagonale.net\/index.php\/2025\/09\/10\/disasi-a-pousse-jusqua-la-derniere-minute-pour-venir-a-monaco\/\"]}]},{\"@type\":\"BreadcrumbList\",\"@id\":\"https:\/\/www.ladiagonale.net\/index.php\/2025\/09\/10\/disasi-a-pousse-jusqua-la-derniere-minute-pour-venir-a-monaco\/#breadcrumb\",\"itemListElement\":[{\"@type\":\"ListItem\",\"position\":1,\"name\":\"Accueil\",\"item\":\"https:\/\/www.ladiagonale.net\/\"},{\"@type\":\"ListItem\",\"position\":2,\"name\":\"Disasi a \u00ab\u00a0pouss\u00e9\u00a0jusqu\u2019\u00e0 la derni\u00e8re minute \u00bb pour venir \u00e0 Monaco\"}]},{\"@type\":\"WebSite\",\"@id\":\"https:\/\/www.ladiagonale.net\/#website\",\"url\":\"https:\/\/www.ladiagonale.net\/\",\"name\":\"La Diagonale\",\"description\":\"Le site des supporters de l&#039;AS Monaco FC\",\"potentialAction\":[{\"@type\":\"SearchAction\",\"target\":{\"@type\":\"EntryPoint\",\"urlTemplate\":\"https:\/\/www.ladiagonale.net\/?s={search_term_string}\"},\"query-input\":\"required name=search_term_string\"}],\"inLanguage\":\"fr-FR\"},{\"@type\":\"Person\",\"@id\":\"https:\/\/www.ladiagonale.net\/#\/schema\/person\/79ff1e7b0853ed01b2aa26e64ad300bf\",\"name\":\"Damien Dellerba\",\"image\":{\"@type\":\"ImageObject\",\"inLanguage\":\"fr-FR\",\"@id\":\"https:\/\/www.ladiagonale.net\/#\/schema\/person\/image\/\",\"url\":\"https:\/\/secure.gravatar.com\/avatar\/c7850e06d3ff63cdbaee88b7fc16e2f0?s=96&d=mm&r=g\",\"contentUrl\":\"https:\/\/secure.gravatar.com\/avatar\/c7850e06d3ff63cdbaee88b7fc16e2f0?s=96&d=mm&r=g\",\"caption\":\"Damien Dellerba\"},\"url\":\"https:\/\/www.ladiagonale.net\/index.php\/author\/damien\/\"}]}<\/script>\n<!-- \/ Yoast SEO plugin. -->","yoast_head_json":{"title":"Disasi a \u00ab\u00a0pouss\u00e9\u00a0jusqu\u2019\u00e0 la derni\u00e8re minute \u00bb pour venir \u00e0 Monaco - La Diagonale","robots":{"index":"index","follow":"follow","max-snippet":"max-snippet:-1","max-image-preview":"max-image-preview:large","max-video-preview":"max-video-preview:-1"},"canonical":"https:\/\/www.ladiagonale.net\/index.php\/2025\/09\/10\/disasi-a-pousse-jusqua-la-derniere-minute-pour-venir-a-monaco\/","og_locale":"fr_FR","og_type":"article","og_title":"Disasi a \u00ab\u00a0pouss\u00e9\u00a0jusqu\u2019\u00e0 la derni\u00e8re minute \u00bb pour venir \u00e0 Monaco - La Diagonale","og_description":"L&rsquo;AS Monaco a perdu Wilfried Singo en fin de mercato mais n&rsquo;a pas recrut\u00e9 de rempla\u00e7ant. Un retour d&rsquo;Axel Disasi avait notamment \u00e9t\u00e9 \u00e9voqu\u00e9 par certains m\u00e9dias, mais celui-ci ne s&rsquo;est pas concr\u00e9tis\u00e9. L&rsquo;ancien d\u00e9fenseur de l&rsquo;ASM a reconnu que des contacts existaient bien et qu&rsquo;il aurait ardemment souhait\u00e9 qu&rsquo;ils se concr\u00e9tisent : \u00ab Jusqu&rsquo;\u00e0 [...]","og_url":"https:\/\/www.ladiagonale.net\/index.php\/2025\/09\/10\/disasi-a-pousse-jusqua-la-derniere-minute-pour-venir-a-monaco\/","og_site_name":"La Diagonale","article_published_time":"2025-09-10T16:41:24+00:00","article_modified_time":"2025-09-10T16:41:25+00:00","og_image":[{"width":1160,"height":650,"url":"https:\/\/www.ladiagonale.net\/wp-content\/uploads\/2023\/01\/disasi2.png","type":"image\/png"}],"author":"Damien Dellerba","twitter_card":"summary_large_image","twitter_image":"https:\/\/www.ladiagonale.net\/wp-content\/uploads\/2023\/01\/disasi2.png","twitter_misc":{"\u00c9crit par":"Damien Dellerba","Dur\u00e9e de lecture estim\u00e9e":"2 minutes"},"schema":{"@context":"https:\/\/schema.org","@graph":[{"@type":"WebPage","@id":"https:\/\/www.ladiagonale.net\/index.php\/2025\/09\/10\/disasi-a-pousse-jusqua-la-derniere-minute-pour-venir-a-monaco\/","url":"https:\/\/www.ladiagonale.net\/index.php\/2025\/09\/10\/disasi-a-pousse-jusqua-la-derniere-minute-pour-venir-a-monaco\/","name":"Disasi a \u00ab\u00a0pouss\u00e9\u00a0jusqu\u2019\u00e0 la derni\u00e8re minute \u00bb pour venir \u00e0 Monaco - La Diagonale","isPartOf":{"@id":"https:\/\/www.ladiagonale.net\/#website"},"datePublished":"2025-09-10T16:41:24+00:00","dateModified":"2025-09-10T16:41:25+00:00","author":{"@id":"https:\/\/www.ladiagonale.net\/#\/schema\/person\/79ff1e7b0853ed01b2aa26e64ad300bf"},"breadcrumb":{"@id":"https:\/\/www.ladiagonale.net\/index.php\/2025\/09\/10\/disasi-a-pousse-jusqua-la-derniere-minute-pour-venir-a-monaco\/#breadcrumb"},"inLanguage":"fr-FR","potentialAction":[{"@type":"ReadAction","target":["https:\/\/www.ladiagonale.net\/index.php\/2025\/09\/10\/disasi-a-pousse-jusqua-la-derniere-minute-pour-venir-a-monaco\/"]}]},{"@type":"BreadcrumbList","@id":"https:\/\/www.ladiagonale.net\/index.php\/2025\/09\/10\/disasi-a-pousse-jusqua-la-derniere-minute-pour-venir-a-monaco\/#breadcrumb","itemListElement":[{"@type":"ListItem","position":1,"name":"Accueil","item":"https:\/\/www.ladiagonale.net\/"},{"@type":"ListItem","position":2,"name":"Disasi a \u00ab\u00a0pouss\u00e9\u00a0jusqu\u2019\u00e0 la derni\u00e8re minute \u00bb pour venir \u00e0 Monaco"}]},{"@type":"WebSite","@id":"https:\/\/www.ladiagonale.net\/#website","url":"https:\/\/www.ladiagonale.net\/","name":"La Diagonale","description":"Le site des supporters de l&#039;AS Monaco FC","potentialAction":[{"@type":"SearchAction","target":{"@type":"EntryPoint","urlTemplate":"https:\/\/www.ladiagonale.net\/?s={search_term_string}"},"query-input":"required name=search_term_string"}],"inLanguage":"fr-FR"},{"@type":"Person","@id":"https:\/\/www.ladiagonale.net\/#\/schema\/person\/79ff1e7b0853ed01b2aa26e64ad300bf","name":"Damien Dellerba","image":{"@type":"ImageObject","inLanguage":"fr-FR","@id":"https:\/\/www.ladiagonale.net\/#\/schema\/person\/image\/","url":"https:\/\/secure.gravatar.com\/avatar\/c7850e06d3ff63cdbaee88b7fc16e2f0?s=96&d=mm&r=g","contentUrl":"https:\/\/secure.gravatar.com\/avatar\/c7850e06d3ff63cdbaee88b7fc16e2f0?s=96&d=mm&r=g","caption":"Damien Dellerba"},"url":"https:\/\/www.ladiagonale.net\/index.php\/author\/damien\/"}]}},"_links":{"self":[{"href":"https:\/\/www.ladiagonale.net\/index.php\/wp-json\/wp\/v2\/posts\/33813"}],"collection":[{"href":"https:\/\/www.ladiagonale.net\/index.php\/wp-json\/wp\/v2\/posts"}],"about":[{"href":"https:\/\/www.ladiagonale.net\/index.php\/wp-json\/wp\/v2\/types\/post"}],"author":[{"embeddable":true,"href":"https:\/\/www.ladiagonale.net\/index.php\/wp-json\/wp\/v2\/users\/2"}],"replies":[{"embeddable":true,"href":"https:\/\/www.ladiagonale.net\/index.php\/wp-json\/wp\/v2\/comments?post=33813"}],"version-history":[{"count":1,"href":"https:\/\/www.ladiagonale.net\/index.php\/wp-json\/wp\/v2\/posts\/33813\/revisions"}],"predecessor-version":[{"id":33814,"href":"https:\/\/www.ladiagonale.net\/index.php\/wp-json\/wp\/v2\/posts\/33813\/revisions\/33814"}],"wp:attachment":[{"href":"https:\/\/www.ladiagonale.net\/index.php\/wp-json\/wp\/v2\/media?parent=33813"}],"wp:term":[{"taxonomy":"category","embeddable":true,"href":"https:\/\/www.ladiagonale.net\/index.php\/wp-json\/wp\/v2\/categories?post=33813"},{"taxonomy":"post_tag","embeddable":true,"href":"https:\/\/www.ladiagonale.net\/index.php\/wp-json\/wp\/v2\/tags?post=33813"}],"curies":[{"name":"wp","href":"https:\/\/api.w.org\/{rel}","templated":true}]}}