{"id":33820,"date":"2025-09-11T11:29:41","date_gmt":"2025-09-11T09:29:41","guid":{"rendered":"https:\/\/www.ladiagonale.net\/?p=33820"},"modified":"2025-09-23T15:40:07","modified_gmt":"2025-09-23T13:40:07","slug":"officiel-trois-nouveaux-pros-debarquent-en-renfort-du-groupe-elite","status":"publish","type":"post","link":"https:\/\/www.ladiagonale.net\/index.php\/2025\/09\/11\/officiel-trois-nouveaux-pros-debarquent-en-renfort-du-groupe-elite\/","title":{"rendered":"Officiel : trois nouveaux pros d\u00e9barquent en renfort du Groupe \u00c9lite"},"content":{"rendered":"\n<p>Leur signature avait \u00e9t\u00e9 annonc\u00e9e au mois d\u2019ao\u00fbt et l\u2019AS Monaco les a officialis\u00e9es ce jeudi. Daryl Leunga Leunga (17 ans), Matthias Wamu (16 ans) et Ekene Chukwuani (16 ans) ont sign\u00e9 un contrat professionnel avec le club de la Principaut\u00e9. Ils rejoignent avec effet imm\u00e9diat le Groupe \u00c9lite entra\u00een\u00e9 par Djimi Traor\u00e9.<\/p>\n\n\n\n<p>Le d\u00e9fenseur central Leunga Leunga arrive en provenance du Standard de Li\u00e8ge pour qui l\u2019ASM aurait d\u00e9bours\u00e9 1,5 million d\u2019euros, avec un pourcentage \u00e0 la revente sup\u00e9rieur \u00e0 20&nbsp;% inclus dans la transaction. Il aurait sign\u00e9 pour quatre saisons, selon les informations parues \u00e0 l\u2019\u00e9poque dans la presse belge.<\/p>\n\n\n\n<p>Deux millions d\u2019euros, c\u2019est ce que le club de la Principaut\u00e9 aurait d\u00e9pens\u00e9 pour faire venir Matthias Wamu, qui portait les couleurs de La Gantoise. Le milieu d\u00e9fensif \u00e9voluait la saison pass\u00e9e avec la r\u00e9serve et les U18 de la formation belge.<\/p>\n\n\n\n<p>Enfin, l\u2019arriv\u00e9e d\u2019Ekene Chukwuani se serait faite \u00e9galement contre deux millions d\u2019euros. L\u2019attaquant danois, international U17, avait terroris\u00e9 les d\u00e9fenses la saison pass\u00e9e dans le championnat U17 de son pays avec 25 buts inscrits en 23 matches pour Br\u00f6ndby.<\/p>\n\n\n","protected":false},"excerpt":{"rendered":"<p>Leur signature avait \u00e9t\u00e9 annonc\u00e9e au mois d\u2019ao\u00fbt et l\u2019AS Monaco les a officialis\u00e9es ce jeudi. Daryl Leunga Leunga (17 ans), Matthias Wamu (16 ans) et Ekene Chukwuani (16 ans) ont sign\u00e9 un contrat professionnel avec le club de la Principaut\u00e9. Ils rejoignent avec effet imm\u00e9diat le Groupe \u00c9lite entra\u00een\u00e9 par Djimi Traor\u00e9. Le d\u00e9fenseur [&#8230;]\n","protected":false},"author":2,"featured_media":0,"comment_status":"open","ping_status":"open","sticky":false,"template":"","format":"standard","meta":[],"categories":[1110,4,6,1086],"tags":[76,86,1108,1123,1112,111,110],"yoast_head":"<!-- This site is optimized with the Yoast SEO plugin v19.8 - https:\/\/yoast.com\/wordpress\/plugins\/seo\/ -->\n<title>Officiel : trois nouveaux pros d\u00e9barquent en renfort du Groupe \u00c9lite - La Diagonale<\/title>\n<meta name=\"robots\" content=\"index, follow, max-snippet:-1, max-image-preview:large, max-video-preview:-1\" \/>\n<link rel=\"canonical\" href=\"https:\/\/www.ladiagonale.net\/index.php\/2025\/09\/11\/officiel-trois-nouveaux-pros-debarquent-en-renfort-du-groupe-elite\/\" \/>\n<meta property=\"og:locale\" content=\"fr_FR\" \/>\n<meta property=\"og:type\" content=\"article\" \/>\n<meta property=\"og:title\" content=\"Officiel : trois nouveaux pros d\u00e9barquent en renfort du Groupe \u00c9lite - La Diagonale\" \/>\n<meta property=\"og:description\" content=\"Leur signature avait \u00e9t\u00e9 annonc\u00e9e au mois d\u2019ao\u00fbt et l\u2019AS Monaco les a officialis\u00e9es ce jeudi. Daryl Leunga Leunga (17 ans), Matthias Wamu (16 ans) et Ekene Chukwuani (16 ans) ont sign\u00e9 un contrat professionnel avec le club de la Principaut\u00e9. Ils rejoignent avec effet imm\u00e9diat le Groupe \u00c9lite entra\u00een\u00e9 par Djimi Traor\u00e9. Le d\u00e9fenseur [...]\" \/>\n<meta property=\"og:url\" content=\"https:\/\/www.ladiagonale.net\/index.php\/2025\/09\/11\/officiel-trois-nouveaux-pros-debarquent-en-renfort-du-groupe-elite\/\" \/>\n<meta property=\"og:site_name\" content=\"La Diagonale\" \/>\n<meta property=\"article:published_time\" content=\"2025-09-11T09:29:41+00:00\" \/>\n<meta property=\"article:modified_time\" content=\"2025-09-23T13:40:07+00:00\" \/>\n<meta property=\"og:image\" content=\"https:\/\/www.ladiagonale.net\/wp-content\/uploads\/2025\/09\/Wamu.png\" \/>\n\t<meta property=\"og:image:width\" content=\"1160\" \/>\n\t<meta property=\"og:image:height\" content=\"650\" \/>\n\t<meta property=\"og:image:type\" content=\"image\/png\" \/>\n<meta name=\"author\" content=\"Damien Dellerba\" \/>\n<meta name=\"twitter:card\" content=\"summary_large_image\" \/>\n<meta name=\"twitter:image\" content=\"https:\/\/www.ladiagonale.net\/wp-content\/uploads\/2025\/09\/Wamu.png\" \/>\n<meta name=\"twitter:label1\" content=\"\u00c9crit par\" \/>\n\t<meta name=\"twitter:data1\" content=\"Damien Dellerba\" \/>\n\t<meta name=\"twitter:label2\" content=\"Dur\u00e9e de lecture estim\u00e9e\" \/>\n\t<meta name=\"twitter:data2\" content=\"1 minute\" \/>\n<script type=\"application\/ld+json\" class=\"yoast-schema-graph\">{\"@context\":\"https:\/\/schema.org\",\"@graph\":[{\"@type\":\"WebPage\",\"@id\":\"https:\/\/www.ladiagonale.net\/index.php\/2025\/09\/11\/officiel-trois-nouveaux-pros-debarquent-en-renfort-du-groupe-elite\/\",\"url\":\"https:\/\/www.ladiagonale.net\/index.php\/2025\/09\/11\/officiel-trois-nouveaux-pros-debarquent-en-renfort-du-groupe-elite\/\",\"name\":\"Officiel : trois nouveaux pros d\u00e9barquent en renfort du Groupe \u00c9lite - La Diagonale\",\"isPartOf\":{\"@id\":\"https:\/\/www.ladiagonale.net\/#website\"},\"datePublished\":\"2025-09-11T09:29:41+00:00\",\"dateModified\":\"2025-09-23T13:40:07+00:00\",\"author\":{\"@id\":\"https:\/\/www.ladiagonale.net\/#\/schema\/person\/79ff1e7b0853ed01b2aa26e64ad300bf\"},\"breadcrumb\":{\"@id\":\"https:\/\/www.ladiagonale.net\/index.php\/2025\/09\/11\/officiel-trois-nouveaux-pros-debarquent-en-renfort-du-groupe-elite\/#breadcrumb\"},\"inLanguage\":\"fr-FR\",\"potentialAction\":[{\"@type\":\"ReadAction\",\"target\":[\"https:\/\/www.ladiagonale.net\/index.php\/2025\/09\/11\/officiel-trois-nouveaux-pros-debarquent-en-renfort-du-groupe-elite\/\"]}]},{\"@type\":\"BreadcrumbList\",\"@id\":\"https:\/\/www.ladiagonale.net\/index.php\/2025\/09\/11\/officiel-trois-nouveaux-pros-debarquent-en-renfort-du-groupe-elite\/#breadcrumb\",\"itemListElement\":[{\"@type\":\"ListItem\",\"position\":1,\"name\":\"Accueil\",\"item\":\"https:\/\/www.ladiagonale.net\/\"},{\"@type\":\"ListItem\",\"position\":2,\"name\":\"Officiel : trois nouveaux pros d\u00e9barquent en renfort du Groupe \u00c9lite\"}]},{\"@type\":\"WebSite\",\"@id\":\"https:\/\/www.ladiagonale.net\/#website\",\"url\":\"https:\/\/www.ladiagonale.net\/\",\"name\":\"La Diagonale\",\"description\":\"Le site des supporters de l&#039;AS Monaco FC\",\"potentialAction\":[{\"@type\":\"SearchAction\",\"target\":{\"@type\":\"EntryPoint\",\"urlTemplate\":\"https:\/\/www.ladiagonale.net\/?s={search_term_string}\"},\"query-input\":\"required name=search_term_string\"}],\"inLanguage\":\"fr-FR\"},{\"@type\":\"Person\",\"@id\":\"https:\/\/www.ladiagonale.net\/#\/schema\/person\/79ff1e7b0853ed01b2aa26e64ad300bf\",\"name\":\"Damien Dellerba\",\"image\":{\"@type\":\"ImageObject\",\"inLanguage\":\"fr-FR\",\"@id\":\"https:\/\/www.ladiagonale.net\/#\/schema\/person\/image\/\",\"url\":\"https:\/\/secure.gravatar.com\/avatar\/c7850e06d3ff63cdbaee88b7fc16e2f0?s=96&d=mm&r=g\",\"contentUrl\":\"https:\/\/secure.gravatar.com\/avatar\/c7850e06d3ff63cdbaee88b7fc16e2f0?s=96&d=mm&r=g\",\"caption\":\"Damien Dellerba\"},\"url\":\"https:\/\/www.ladiagonale.net\/index.php\/author\/damien\/\"}]}<\/script>\n<!-- \/ Yoast SEO plugin. -->","yoast_head_json":{"title":"Officiel : trois nouveaux pros d\u00e9barquent en renfort du Groupe \u00c9lite - La Diagonale","robots":{"index":"index","follow":"follow","max-snippet":"max-snippet:-1","max-image-preview":"max-image-preview:large","max-video-preview":"max-video-preview:-1"},"canonical":"https:\/\/www.ladiagonale.net\/index.php\/2025\/09\/11\/officiel-trois-nouveaux-pros-debarquent-en-renfort-du-groupe-elite\/","og_locale":"fr_FR","og_type":"article","og_title":"Officiel : trois nouveaux pros d\u00e9barquent en renfort du Groupe \u00c9lite - La Diagonale","og_description":"Leur signature avait \u00e9t\u00e9 annonc\u00e9e au mois d\u2019ao\u00fbt et l\u2019AS Monaco les a officialis\u00e9es ce jeudi. Daryl Leunga Leunga (17 ans), Matthias Wamu (16 ans) et Ekene Chukwuani (16 ans) ont sign\u00e9 un contrat professionnel avec le club de la Principaut\u00e9. Ils rejoignent avec effet imm\u00e9diat le Groupe \u00c9lite entra\u00een\u00e9 par Djimi Traor\u00e9. Le d\u00e9fenseur [...]","og_url":"https:\/\/www.ladiagonale.net\/index.php\/2025\/09\/11\/officiel-trois-nouveaux-pros-debarquent-en-renfort-du-groupe-elite\/","og_site_name":"La Diagonale","article_published_time":"2025-09-11T09:29:41+00:00","article_modified_time":"2025-09-23T13:40:07+00:00","og_image":[{"width":1160,"height":650,"url":"https:\/\/www.ladiagonale.net\/wp-content\/uploads\/2025\/09\/Wamu.png","type":"image\/png"}],"author":"Damien Dellerba","twitter_card":"summary_large_image","twitter_image":"https:\/\/www.ladiagonale.net\/wp-content\/uploads\/2025\/09\/Wamu.png","twitter_misc":{"\u00c9crit par":"Damien Dellerba","Dur\u00e9e de lecture estim\u00e9e":"1 minute"},"schema":{"@context":"https:\/\/schema.org","@graph":[{"@type":"WebPage","@id":"https:\/\/www.ladiagonale.net\/index.php\/2025\/09\/11\/officiel-trois-nouveaux-pros-debarquent-en-renfort-du-groupe-elite\/","url":"https:\/\/www.ladiagonale.net\/index.php\/2025\/09\/11\/officiel-trois-nouveaux-pros-debarquent-en-renfort-du-groupe-elite\/","name":"Officiel : trois nouveaux pros d\u00e9barquent en renfort du Groupe \u00c9lite - La Diagonale","isPartOf":{"@id":"https:\/\/www.ladiagonale.net\/#website"},"datePublished":"2025-09-11T09:29:41+00:00","dateModified":"2025-09-23T13:40:07+00:00","author":{"@id":"https:\/\/www.ladiagonale.net\/#\/schema\/person\/79ff1e7b0853ed01b2aa26e64ad300bf"},"breadcrumb":{"@id":"https:\/\/www.ladiagonale.net\/index.php\/2025\/09\/11\/officiel-trois-nouveaux-pros-debarquent-en-renfort-du-groupe-elite\/#breadcrumb"},"inLanguage":"fr-FR","potentialAction":[{"@type":"ReadAction","target":["https:\/\/www.ladiagonale.net\/index.php\/2025\/09\/11\/officiel-trois-nouveaux-pros-debarquent-en-renfort-du-groupe-elite\/"]}]},{"@type":"BreadcrumbList","@id":"https:\/\/www.ladiagonale.net\/index.php\/2025\/09\/11\/officiel-trois-nouveaux-pros-debarquent-en-renfort-du-groupe-elite\/#breadcrumb","itemListElement":[{"@type":"ListItem","position":1,"name":"Accueil","item":"https:\/\/www.ladiagonale.net\/"},{"@type":"ListItem","position":2,"name":"Officiel : trois nouveaux pros d\u00e9barquent en renfort du Groupe \u00c9lite"}]},{"@type":"WebSite","@id":"https:\/\/www.ladiagonale.net\/#website","url":"https:\/\/www.ladiagonale.net\/","name":"La Diagonale","description":"Le site des supporters de l&#039;AS Monaco FC","potentialAction":[{"@type":"SearchAction","target":{"@type":"EntryPoint","urlTemplate":"https:\/\/www.ladiagonale.net\/?s={search_term_string}"},"query-input":"required name=search_term_string"}],"inLanguage":"fr-FR"},{"@type":"Person","@id":"https:\/\/www.ladiagonale.net\/#\/schema\/person\/79ff1e7b0853ed01b2aa26e64ad300bf","name":"Damien Dellerba","image":{"@type":"ImageObject","inLanguage":"fr-FR","@id":"https:\/\/www.ladiagonale.net\/#\/schema\/person\/image\/","url":"https:\/\/secure.gravatar.com\/avatar\/c7850e06d3ff63cdbaee88b7fc16e2f0?s=96&d=mm&r=g","contentUrl":"https:\/\/secure.gravatar.com\/avatar\/c7850e06d3ff63cdbaee88b7fc16e2f0?s=96&d=mm&r=g","caption":"Damien Dellerba"},"url":"https:\/\/www.ladiagonale.net\/index.php\/author\/damien\/"}]}},"_links":{"self":[{"href":"https:\/\/www.ladiagonale.net\/index.php\/wp-json\/wp\/v2\/posts\/33820"}],"collection":[{"href":"https:\/\/www.ladiagonale.net\/index.php\/wp-json\/wp\/v2\/posts"}],"about":[{"href":"https:\/\/www.ladiagonale.net\/index.php\/wp-json\/wp\/v2\/types\/post"}],"author":[{"embeddable":true,"href":"https:\/\/www.ladiagonale.net\/index.php\/wp-json\/wp\/v2\/users\/2"}],"replies":[{"embeddable":true,"href":"https:\/\/www.ladiagonale.net\/index.php\/wp-json\/wp\/v2\/comments?post=33820"}],"version-history":[{"count":3,"href":"https:\/\/www.ladiagonale.net\/index.php\/wp-json\/wp\/v2\/posts\/33820\/revisions"}],"predecessor-version":[{"id":34093,"href":"https:\/\/www.ladiagonale.net\/index.php\/wp-json\/wp\/v2\/posts\/33820\/revisions\/34093"}],"wp:attachment":[{"href":"https:\/\/www.ladiagonale.net\/index.php\/wp-json\/wp\/v2\/media?parent=33820"}],"wp:term":[{"taxonomy":"category","embeddable":true,"href":"https:\/\/www.ladiagonale.net\/index.php\/wp-json\/wp\/v2\/categories?post=33820"},{"taxonomy":"post_tag","embeddable":true,"href":"https:\/\/www.ladiagonale.net\/index.php\/wp-json\/wp\/v2\/tags?post=33820"}],"curies":[{"name":"wp","href":"https:\/\/api.w.org\/{rel}","templated":true}]}}