{"id":33828,"date":"2025-09-11T13:54:23","date_gmt":"2025-09-11T11:54:23","guid":{"rendered":"https:\/\/www.ladiagonale.net\/?p=33828"},"modified":"2025-09-11T15:35:35","modified_gmt":"2025-09-11T13:35:35","slug":"deux-mois-dabsence-pour-hradecky","status":"publish","type":"post","link":"https:\/\/www.ladiagonale.net\/index.php\/2025\/09\/11\/deux-mois-dabsence-pour-hradecky\/","title":{"rendered":"Deux mois d&rsquo;absence pour Hradecky"},"content":{"rendered":"\n\n\n<p>Sorti sur blessure contre Strasbourg (3-2, le 31, ao\u00fbt), Lukas Hradecky va manquer les deux prochains mois de comp\u00e9tition. Le gardien finlandais s&rsquo;est fait mal au genou gauche lors d&rsquo;une sortie d\u00e9cisive en un contre un face \u00e0 l&rsquo;attaquant du Racing, Kendry Paez, et son entra\u00eeneur Adi H\u00fctter a annonc\u00e9 en conf\u00e9rence de presse que ligament lat\u00e9ral intern \u00e9tait touch\u00e9. Une blessure finalement plus grave que pr\u00e9vu.<\/p>\n\n\n\n<p>Hraedecky devrait manquer une bonne douzaine de rencontres avant d&rsquo;esp\u00e9rer revenir dans le courant du mois de novembre. En attendant son retour, Philipp K\u00f6hn assurera l&rsquo;int\u00e9rim, comme il l&rsquo;avait fait \u00e0 deux reprises la saison derni\u00e8re, avant de finalement regagner une place de titulaire. <\/p>\n","protected":false},"excerpt":{"rendered":"<p>Sorti sur blessure contre Strasbourg (3-2, le 31, ao\u00fbt), Lukas Hradecky va manquer les deux prochains mois de comp\u00e9tition. Le gardien finlandais s&rsquo;est fait mal au genou gauche lors d&rsquo;une sortie d\u00e9cisive en un contre un face \u00e0 l&rsquo;attaquant du Racing, Kendry Paez, et son entra\u00eeneur Adi H\u00fctter a annonc\u00e9 en conf\u00e9rence de presse que [&#8230;]\n","protected":false},"author":2,"featured_media":0,"comment_status":"open","ping_status":"open","sticky":false,"template":"","format":"standard","meta":[],"categories":[4,6,1035],"tags":[86,353,196,94,1094],"yoast_head":"<!-- This site is optimized with the Yoast SEO plugin v19.8 - https:\/\/yoast.com\/wordpress\/plugins\/seo\/ -->\n<title>Deux mois d&#039;absence pour Hradecky - La Diagonale<\/title>\n<meta name=\"robots\" content=\"index, follow, max-snippet:-1, max-image-preview:large, max-video-preview:-1\" \/>\n<link rel=\"canonical\" href=\"https:\/\/www.ladiagonale.net\/index.php\/2025\/09\/11\/deux-mois-dabsence-pour-hradecky\/\" \/>\n<meta property=\"og:locale\" content=\"fr_FR\" \/>\n<meta property=\"og:type\" content=\"article\" \/>\n<meta property=\"og:title\" content=\"Deux mois d&#039;absence pour Hradecky - La Diagonale\" \/>\n<meta property=\"og:description\" content=\"Sorti sur blessure contre Strasbourg (3-2, le 31, ao\u00fbt), Lukas Hradecky va manquer les deux prochains mois de comp\u00e9tition. Le gardien finlandais s&rsquo;est fait mal au genou gauche lors d&rsquo;une sortie d\u00e9cisive en un contre un face \u00e0 l&rsquo;attaquant du Racing, Kendry Paez, et son entra\u00eeneur Adi H\u00fctter a annonc\u00e9 en conf\u00e9rence de presse que [...]\" \/>\n<meta property=\"og:url\" content=\"https:\/\/www.ladiagonale.net\/index.php\/2025\/09\/11\/deux-mois-dabsence-pour-hradecky\/\" \/>\n<meta property=\"og:site_name\" content=\"La Diagonale\" \/>\n<meta property=\"article:published_time\" content=\"2025-09-11T11:54:23+00:00\" \/>\n<meta property=\"article:modified_time\" content=\"2025-09-11T13:35:35+00:00\" \/>\n<meta property=\"og:image\" content=\"https:\/\/www.ladiagonale.net\/wp-content\/uploads\/2025\/08\/Hradecky-inter.png\" \/>\n\t<meta property=\"og:image:width\" content=\"1160\" \/>\n\t<meta property=\"og:image:height\" content=\"650\" \/>\n\t<meta property=\"og:image:type\" content=\"image\/png\" \/>\n<meta name=\"author\" content=\"Damien Dellerba\" \/>\n<meta name=\"twitter:card\" content=\"summary_large_image\" \/>\n<meta name=\"twitter:image\" content=\"https:\/\/www.ladiagonale.net\/wp-content\/uploads\/2025\/08\/Hradecky-inter.png\" \/>\n<meta name=\"twitter:label1\" content=\"\u00c9crit par\" \/>\n\t<meta name=\"twitter:data1\" content=\"Damien Dellerba\" \/>\n\t<meta name=\"twitter:label2\" content=\"Dur\u00e9e de lecture estim\u00e9e\" \/>\n\t<meta name=\"twitter:data2\" content=\"1 minute\" \/>\n<script type=\"application\/ld+json\" class=\"yoast-schema-graph\">{\"@context\":\"https:\/\/schema.org\",\"@graph\":[{\"@type\":\"WebPage\",\"@id\":\"https:\/\/www.ladiagonale.net\/index.php\/2025\/09\/11\/deux-mois-dabsence-pour-hradecky\/\",\"url\":\"https:\/\/www.ladiagonale.net\/index.php\/2025\/09\/11\/deux-mois-dabsence-pour-hradecky\/\",\"name\":\"Deux mois d'absence pour Hradecky - La Diagonale\",\"isPartOf\":{\"@id\":\"https:\/\/www.ladiagonale.net\/#website\"},\"datePublished\":\"2025-09-11T11:54:23+00:00\",\"dateModified\":\"2025-09-11T13:35:35+00:00\",\"author\":{\"@id\":\"https:\/\/www.ladiagonale.net\/#\/schema\/person\/79ff1e7b0853ed01b2aa26e64ad300bf\"},\"breadcrumb\":{\"@id\":\"https:\/\/www.ladiagonale.net\/index.php\/2025\/09\/11\/deux-mois-dabsence-pour-hradecky\/#breadcrumb\"},\"inLanguage\":\"fr-FR\",\"potentialAction\":[{\"@type\":\"ReadAction\",\"target\":[\"https:\/\/www.ladiagonale.net\/index.php\/2025\/09\/11\/deux-mois-dabsence-pour-hradecky\/\"]}]},{\"@type\":\"BreadcrumbList\",\"@id\":\"https:\/\/www.ladiagonale.net\/index.php\/2025\/09\/11\/deux-mois-dabsence-pour-hradecky\/#breadcrumb\",\"itemListElement\":[{\"@type\":\"ListItem\",\"position\":1,\"name\":\"Accueil\",\"item\":\"https:\/\/www.ladiagonale.net\/\"},{\"@type\":\"ListItem\",\"position\":2,\"name\":\"Deux mois d&rsquo;absence pour Hradecky\"}]},{\"@type\":\"WebSite\",\"@id\":\"https:\/\/www.ladiagonale.net\/#website\",\"url\":\"https:\/\/www.ladiagonale.net\/\",\"name\":\"La Diagonale\",\"description\":\"Le site des supporters de l&#039;AS Monaco FC\",\"potentialAction\":[{\"@type\":\"SearchAction\",\"target\":{\"@type\":\"EntryPoint\",\"urlTemplate\":\"https:\/\/www.ladiagonale.net\/?s={search_term_string}\"},\"query-input\":\"required name=search_term_string\"}],\"inLanguage\":\"fr-FR\"},{\"@type\":\"Person\",\"@id\":\"https:\/\/www.ladiagonale.net\/#\/schema\/person\/79ff1e7b0853ed01b2aa26e64ad300bf\",\"name\":\"Damien Dellerba\",\"image\":{\"@type\":\"ImageObject\",\"inLanguage\":\"fr-FR\",\"@id\":\"https:\/\/www.ladiagonale.net\/#\/schema\/person\/image\/\",\"url\":\"https:\/\/secure.gravatar.com\/avatar\/c7850e06d3ff63cdbaee88b7fc16e2f0?s=96&d=mm&r=g\",\"contentUrl\":\"https:\/\/secure.gravatar.com\/avatar\/c7850e06d3ff63cdbaee88b7fc16e2f0?s=96&d=mm&r=g\",\"caption\":\"Damien Dellerba\"},\"url\":\"https:\/\/www.ladiagonale.net\/index.php\/author\/damien\/\"}]}<\/script>\n<!-- \/ Yoast SEO plugin. -->","yoast_head_json":{"title":"Deux mois d'absence pour Hradecky - La Diagonale","robots":{"index":"index","follow":"follow","max-snippet":"max-snippet:-1","max-image-preview":"max-image-preview:large","max-video-preview":"max-video-preview:-1"},"canonical":"https:\/\/www.ladiagonale.net\/index.php\/2025\/09\/11\/deux-mois-dabsence-pour-hradecky\/","og_locale":"fr_FR","og_type":"article","og_title":"Deux mois d'absence pour Hradecky - La Diagonale","og_description":"Sorti sur blessure contre Strasbourg (3-2, le 31, ao\u00fbt), Lukas Hradecky va manquer les deux prochains mois de comp\u00e9tition. Le gardien finlandais s&rsquo;est fait mal au genou gauche lors d&rsquo;une sortie d\u00e9cisive en un contre un face \u00e0 l&rsquo;attaquant du Racing, Kendry Paez, et son entra\u00eeneur Adi H\u00fctter a annonc\u00e9 en conf\u00e9rence de presse que [...]","og_url":"https:\/\/www.ladiagonale.net\/index.php\/2025\/09\/11\/deux-mois-dabsence-pour-hradecky\/","og_site_name":"La Diagonale","article_published_time":"2025-09-11T11:54:23+00:00","article_modified_time":"2025-09-11T13:35:35+00:00","og_image":[{"width":1160,"height":650,"url":"https:\/\/www.ladiagonale.net\/wp-content\/uploads\/2025\/08\/Hradecky-inter.png","type":"image\/png"}],"author":"Damien Dellerba","twitter_card":"summary_large_image","twitter_image":"https:\/\/www.ladiagonale.net\/wp-content\/uploads\/2025\/08\/Hradecky-inter.png","twitter_misc":{"\u00c9crit par":"Damien Dellerba","Dur\u00e9e de lecture estim\u00e9e":"1 minute"},"schema":{"@context":"https:\/\/schema.org","@graph":[{"@type":"WebPage","@id":"https:\/\/www.ladiagonale.net\/index.php\/2025\/09\/11\/deux-mois-dabsence-pour-hradecky\/","url":"https:\/\/www.ladiagonale.net\/index.php\/2025\/09\/11\/deux-mois-dabsence-pour-hradecky\/","name":"Deux mois d'absence pour Hradecky - La Diagonale","isPartOf":{"@id":"https:\/\/www.ladiagonale.net\/#website"},"datePublished":"2025-09-11T11:54:23+00:00","dateModified":"2025-09-11T13:35:35+00:00","author":{"@id":"https:\/\/www.ladiagonale.net\/#\/schema\/person\/79ff1e7b0853ed01b2aa26e64ad300bf"},"breadcrumb":{"@id":"https:\/\/www.ladiagonale.net\/index.php\/2025\/09\/11\/deux-mois-dabsence-pour-hradecky\/#breadcrumb"},"inLanguage":"fr-FR","potentialAction":[{"@type":"ReadAction","target":["https:\/\/www.ladiagonale.net\/index.php\/2025\/09\/11\/deux-mois-dabsence-pour-hradecky\/"]}]},{"@type":"BreadcrumbList","@id":"https:\/\/www.ladiagonale.net\/index.php\/2025\/09\/11\/deux-mois-dabsence-pour-hradecky\/#breadcrumb","itemListElement":[{"@type":"ListItem","position":1,"name":"Accueil","item":"https:\/\/www.ladiagonale.net\/"},{"@type":"ListItem","position":2,"name":"Deux mois d&rsquo;absence pour Hradecky"}]},{"@type":"WebSite","@id":"https:\/\/www.ladiagonale.net\/#website","url":"https:\/\/www.ladiagonale.net\/","name":"La Diagonale","description":"Le site des supporters de l&#039;AS Monaco FC","potentialAction":[{"@type":"SearchAction","target":{"@type":"EntryPoint","urlTemplate":"https:\/\/www.ladiagonale.net\/?s={search_term_string}"},"query-input":"required name=search_term_string"}],"inLanguage":"fr-FR"},{"@type":"Person","@id":"https:\/\/www.ladiagonale.net\/#\/schema\/person\/79ff1e7b0853ed01b2aa26e64ad300bf","name":"Damien Dellerba","image":{"@type":"ImageObject","inLanguage":"fr-FR","@id":"https:\/\/www.ladiagonale.net\/#\/schema\/person\/image\/","url":"https:\/\/secure.gravatar.com\/avatar\/c7850e06d3ff63cdbaee88b7fc16e2f0?s=96&d=mm&r=g","contentUrl":"https:\/\/secure.gravatar.com\/avatar\/c7850e06d3ff63cdbaee88b7fc16e2f0?s=96&d=mm&r=g","caption":"Damien Dellerba"},"url":"https:\/\/www.ladiagonale.net\/index.php\/author\/damien\/"}]}},"_links":{"self":[{"href":"https:\/\/www.ladiagonale.net\/index.php\/wp-json\/wp\/v2\/posts\/33828"}],"collection":[{"href":"https:\/\/www.ladiagonale.net\/index.php\/wp-json\/wp\/v2\/posts"}],"about":[{"href":"https:\/\/www.ladiagonale.net\/index.php\/wp-json\/wp\/v2\/types\/post"}],"author":[{"embeddable":true,"href":"https:\/\/www.ladiagonale.net\/index.php\/wp-json\/wp\/v2\/users\/2"}],"replies":[{"embeddable":true,"href":"https:\/\/www.ladiagonale.net\/index.php\/wp-json\/wp\/v2\/comments?post=33828"}],"version-history":[{"count":2,"href":"https:\/\/www.ladiagonale.net\/index.php\/wp-json\/wp\/v2\/posts\/33828\/revisions"}],"predecessor-version":[{"id":33834,"href":"https:\/\/www.ladiagonale.net\/index.php\/wp-json\/wp\/v2\/posts\/33828\/revisions\/33834"}],"wp:attachment":[{"href":"https:\/\/www.ladiagonale.net\/index.php\/wp-json\/wp\/v2\/media?parent=33828"}],"wp:term":[{"taxonomy":"category","embeddable":true,"href":"https:\/\/www.ladiagonale.net\/index.php\/wp-json\/wp\/v2\/categories?post=33828"},{"taxonomy":"post_tag","embeddable":true,"href":"https:\/\/www.ladiagonale.net\/index.php\/wp-json\/wp\/v2\/tags?post=33828"}],"curies":[{"name":"wp","href":"https:\/\/api.w.org\/{rel}","templated":true}]}}