{"id":33830,"date":"2025-09-11T14:05:57","date_gmt":"2025-09-11T12:05:57","guid":{"rendered":"https:\/\/www.ladiagonale.net\/?p=33830"},"modified":"2025-09-11T15:32:44","modified_gmt":"2025-09-11T13:32:44","slug":"pas-de-retour-de-fati-a-auxerre","status":"publish","type":"post","link":"https:\/\/www.ladiagonale.net\/index.php\/2025\/09\/11\/pas-de-retour-de-fati-a-auxerre\/","title":{"rendered":"Pas de retour de Fati \u00e0 Auxerre"},"content":{"rendered":"\n\n\n<p>Alors que l&rsquo;AS Monaco se rendra \u00e0 Auxerre <a href=\"https:\/\/www.ladiagonale.net\/index.php\/2025\/09\/11\/deux-mois-dabsence-pour-hradecky\/\" target=\"_blank\" rel=\"noreferrer noopener\">sans son gardien titulaire<\/a>, Lukas Hradecky, elle devra aussi faire sans Ansu Fati. L&rsquo;ailier espagnol n&rsquo;est pas encore op\u00e9rationnel pour effectuer le d\u00e9placement en Bourgogne. Cependant, Adi H\u00fctter esp\u00e8re pouvoir le convoquer dans le groupe \u00e0 l&rsquo;occasion du d\u00e9placement \u00e0 Bruges, pour la premi\u00e8re lev\u00e9e en Ligue des champions, pr\u00e9vue le jeudi 18 septembre.<\/p>\n\n\n\n<p><em>\u00ab&nbsp;On a h\u00e2te de le voir d\u00e8s que possible sur le terrain, mais c\u2019est trop t\u00f4t contre Auxerre, <\/em>a indiqu\u00e9 Adi H\u00fctter, dans des propos relay\u00e9s par Nice-Matin.<em> Je pense qu\u2019il fera partie du groupe la semaine prochaine contre Bruges et peut-\u00eatre qu\u2019on le verra sur le terrain contre Metz, mais certainement pas dans le onze. \u00c0 l\u2019entra\u00eenement, on sent qu\u2019il peut avoir un impact positif sur notre \u00e9quipe.&nbsp;\u00bb<\/em><\/p>\n\n\n\n<p>Pour ce qui est de revoir Paul Pogba sur les terrains, il faudra encore s&rsquo;armer de patience. Le milieu de terrain fran\u00e7ais ne pourrait faire son retour qu&rsquo;apr\u00e8s la prochaine tr\u00eave internationale. Monaco se rendra alors \u00e0 Angers le samedi 18 octobre, pour le compte de la 8<sup>e<\/sup> journ\u00e9e. Un petit coup dur pour ceux qui esp\u00e9raient le voir revenir \u00e0 l&rsquo;occasion du derby contre Nice, plac\u00e9 juste avant la tr\u00eave, le 5 octobre.<\/p>\n\n\n\n<p><em>\u00ab&nbsp;Je ne pense que nous aurons l\u2019occasion de le voir jouer avant la prochaine tr\u00eave d\u2019octobre. Je pense que nous l\u2019aurons apr\u00e8s,<\/em>&nbsp;a comment\u00e9 H\u00fctter.&nbsp;<em>Il est \u00e9galement sur la bonne voie, mais cela prend un peu plus de temps qu\u2019Ansu. Il se d\u00e9brouille bien aussi. Je ne suis pas surpris mais impressionn\u00e9 par ce qu\u2019il fait chaque jour dans sa r\u00e9athl\u00e9tisation. C\u2019est un joueur tr\u00e8s professionnel.&nbsp;\u00bb<\/em><\/p>\n","protected":false},"excerpt":{"rendered":"<p>Alors que l&rsquo;AS Monaco se rendra \u00e0 Auxerre sans son gardien titulaire, Lukas Hradecky, elle devra aussi faire sans Ansu Fati. L&rsquo;ailier espagnol n&rsquo;est pas encore op\u00e9rationnel pour effectuer le d\u00e9placement en Bourgogne. Cependant, Adi H\u00fctter esp\u00e8re pouvoir le convoquer dans le groupe \u00e0 l&rsquo;occasion du d\u00e9placement \u00e0 Bruges, pour la premi\u00e8re lev\u00e9e en Ligue [&#8230;]\n","protected":false},"author":2,"featured_media":0,"comment_status":"open","ping_status":"open","sticky":false,"template":"","format":"standard","meta":[],"categories":[4,6,1035],"tags":[1048,86,353,196,1057],"yoast_head":"<!-- This site is optimized with the Yoast SEO plugin v19.8 - https:\/\/yoast.com\/wordpress\/plugins\/seo\/ -->\n<title>Pas de retour de Fati \u00e0 Auxerre - La Diagonale<\/title>\n<meta name=\"robots\" content=\"index, follow, max-snippet:-1, max-image-preview:large, max-video-preview:-1\" \/>\n<link rel=\"canonical\" href=\"https:\/\/www.ladiagonale.net\/index.php\/2025\/09\/11\/pas-de-retour-de-fati-a-auxerre\/\" \/>\n<meta property=\"og:locale\" content=\"fr_FR\" \/>\n<meta property=\"og:type\" content=\"article\" \/>\n<meta property=\"og:title\" content=\"Pas de retour de Fati \u00e0 Auxerre - La Diagonale\" \/>\n<meta property=\"og:description\" content=\"Alors que l&rsquo;AS Monaco se rendra \u00e0 Auxerre sans son gardien titulaire, Lukas Hradecky, elle devra aussi faire sans Ansu Fati. L&rsquo;ailier espagnol n&rsquo;est pas encore op\u00e9rationnel pour effectuer le d\u00e9placement en Bourgogne. Cependant, Adi H\u00fctter esp\u00e8re pouvoir le convoquer dans le groupe \u00e0 l&rsquo;occasion du d\u00e9placement \u00e0 Bruges, pour la premi\u00e8re lev\u00e9e en Ligue [...]\" \/>\n<meta property=\"og:url\" content=\"https:\/\/www.ladiagonale.net\/index.php\/2025\/09\/11\/pas-de-retour-de-fati-a-auxerre\/\" \/>\n<meta property=\"og:site_name\" content=\"La Diagonale\" \/>\n<meta property=\"article:published_time\" content=\"2025-09-11T12:05:57+00:00\" \/>\n<meta property=\"article:modified_time\" content=\"2025-09-11T13:32:44+00:00\" \/>\n<meta property=\"og:image\" content=\"https:\/\/www.ladiagonale.net\/wp-content\/uploads\/2025\/07\/Fati-entrai\u0302nement.png\" \/>\n\t<meta property=\"og:image:width\" content=\"1160\" \/>\n\t<meta property=\"og:image:height\" content=\"650\" \/>\n\t<meta property=\"og:image:type\" content=\"image\/png\" \/>\n<meta name=\"author\" content=\"Damien Dellerba\" \/>\n<meta name=\"twitter:card\" content=\"summary_large_image\" \/>\n<meta name=\"twitter:image\" content=\"https:\/\/www.ladiagonale.net\/wp-content\/uploads\/2025\/07\/Fati-entrai\u0302nement.png\" \/>\n<meta name=\"twitter:label1\" content=\"\u00c9crit par\" \/>\n\t<meta name=\"twitter:data1\" content=\"Damien Dellerba\" \/>\n\t<meta name=\"twitter:label2\" content=\"Dur\u00e9e de lecture estim\u00e9e\" \/>\n\t<meta name=\"twitter:data2\" content=\"1 minute\" \/>\n<script type=\"application\/ld+json\" class=\"yoast-schema-graph\">{\"@context\":\"https:\/\/schema.org\",\"@graph\":[{\"@type\":\"WebPage\",\"@id\":\"https:\/\/www.ladiagonale.net\/index.php\/2025\/09\/11\/pas-de-retour-de-fati-a-auxerre\/\",\"url\":\"https:\/\/www.ladiagonale.net\/index.php\/2025\/09\/11\/pas-de-retour-de-fati-a-auxerre\/\",\"name\":\"Pas de retour de Fati \u00e0 Auxerre - La Diagonale\",\"isPartOf\":{\"@id\":\"https:\/\/www.ladiagonale.net\/#website\"},\"datePublished\":\"2025-09-11T12:05:57+00:00\",\"dateModified\":\"2025-09-11T13:32:44+00:00\",\"author\":{\"@id\":\"https:\/\/www.ladiagonale.net\/#\/schema\/person\/79ff1e7b0853ed01b2aa26e64ad300bf\"},\"breadcrumb\":{\"@id\":\"https:\/\/www.ladiagonale.net\/index.php\/2025\/09\/11\/pas-de-retour-de-fati-a-auxerre\/#breadcrumb\"},\"inLanguage\":\"fr-FR\",\"potentialAction\":[{\"@type\":\"ReadAction\",\"target\":[\"https:\/\/www.ladiagonale.net\/index.php\/2025\/09\/11\/pas-de-retour-de-fati-a-auxerre\/\"]}]},{\"@type\":\"BreadcrumbList\",\"@id\":\"https:\/\/www.ladiagonale.net\/index.php\/2025\/09\/11\/pas-de-retour-de-fati-a-auxerre\/#breadcrumb\",\"itemListElement\":[{\"@type\":\"ListItem\",\"position\":1,\"name\":\"Accueil\",\"item\":\"https:\/\/www.ladiagonale.net\/\"},{\"@type\":\"ListItem\",\"position\":2,\"name\":\"Pas de retour de Fati \u00e0 Auxerre\"}]},{\"@type\":\"WebSite\",\"@id\":\"https:\/\/www.ladiagonale.net\/#website\",\"url\":\"https:\/\/www.ladiagonale.net\/\",\"name\":\"La Diagonale\",\"description\":\"Le site des supporters de l&#039;AS Monaco FC\",\"potentialAction\":[{\"@type\":\"SearchAction\",\"target\":{\"@type\":\"EntryPoint\",\"urlTemplate\":\"https:\/\/www.ladiagonale.net\/?s={search_term_string}\"},\"query-input\":\"required name=search_term_string\"}],\"inLanguage\":\"fr-FR\"},{\"@type\":\"Person\",\"@id\":\"https:\/\/www.ladiagonale.net\/#\/schema\/person\/79ff1e7b0853ed01b2aa26e64ad300bf\",\"name\":\"Damien Dellerba\",\"image\":{\"@type\":\"ImageObject\",\"inLanguage\":\"fr-FR\",\"@id\":\"https:\/\/www.ladiagonale.net\/#\/schema\/person\/image\/\",\"url\":\"https:\/\/secure.gravatar.com\/avatar\/c7850e06d3ff63cdbaee88b7fc16e2f0?s=96&d=mm&r=g\",\"contentUrl\":\"https:\/\/secure.gravatar.com\/avatar\/c7850e06d3ff63cdbaee88b7fc16e2f0?s=96&d=mm&r=g\",\"caption\":\"Damien Dellerba\"},\"url\":\"https:\/\/www.ladiagonale.net\/index.php\/author\/damien\/\"}]}<\/script>\n<!-- \/ Yoast SEO plugin. -->","yoast_head_json":{"title":"Pas de retour de Fati \u00e0 Auxerre - La Diagonale","robots":{"index":"index","follow":"follow","max-snippet":"max-snippet:-1","max-image-preview":"max-image-preview:large","max-video-preview":"max-video-preview:-1"},"canonical":"https:\/\/www.ladiagonale.net\/index.php\/2025\/09\/11\/pas-de-retour-de-fati-a-auxerre\/","og_locale":"fr_FR","og_type":"article","og_title":"Pas de retour de Fati \u00e0 Auxerre - La Diagonale","og_description":"Alors que l&rsquo;AS Monaco se rendra \u00e0 Auxerre sans son gardien titulaire, Lukas Hradecky, elle devra aussi faire sans Ansu Fati. L&rsquo;ailier espagnol n&rsquo;est pas encore op\u00e9rationnel pour effectuer le d\u00e9placement en Bourgogne. Cependant, Adi H\u00fctter esp\u00e8re pouvoir le convoquer dans le groupe \u00e0 l&rsquo;occasion du d\u00e9placement \u00e0 Bruges, pour la premi\u00e8re lev\u00e9e en Ligue [...]","og_url":"https:\/\/www.ladiagonale.net\/index.php\/2025\/09\/11\/pas-de-retour-de-fati-a-auxerre\/","og_site_name":"La Diagonale","article_published_time":"2025-09-11T12:05:57+00:00","article_modified_time":"2025-09-11T13:32:44+00:00","og_image":[{"width":1160,"height":650,"url":"https:\/\/www.ladiagonale.net\/wp-content\/uploads\/2025\/07\/Fati-entrai\u0302nement.png","type":"image\/png"}],"author":"Damien Dellerba","twitter_card":"summary_large_image","twitter_image":"https:\/\/www.ladiagonale.net\/wp-content\/uploads\/2025\/07\/Fati-entrai\u0302nement.png","twitter_misc":{"\u00c9crit par":"Damien Dellerba","Dur\u00e9e de lecture estim\u00e9e":"1 minute"},"schema":{"@context":"https:\/\/schema.org","@graph":[{"@type":"WebPage","@id":"https:\/\/www.ladiagonale.net\/index.php\/2025\/09\/11\/pas-de-retour-de-fati-a-auxerre\/","url":"https:\/\/www.ladiagonale.net\/index.php\/2025\/09\/11\/pas-de-retour-de-fati-a-auxerre\/","name":"Pas de retour de Fati \u00e0 Auxerre - La Diagonale","isPartOf":{"@id":"https:\/\/www.ladiagonale.net\/#website"},"datePublished":"2025-09-11T12:05:57+00:00","dateModified":"2025-09-11T13:32:44+00:00","author":{"@id":"https:\/\/www.ladiagonale.net\/#\/schema\/person\/79ff1e7b0853ed01b2aa26e64ad300bf"},"breadcrumb":{"@id":"https:\/\/www.ladiagonale.net\/index.php\/2025\/09\/11\/pas-de-retour-de-fati-a-auxerre\/#breadcrumb"},"inLanguage":"fr-FR","potentialAction":[{"@type":"ReadAction","target":["https:\/\/www.ladiagonale.net\/index.php\/2025\/09\/11\/pas-de-retour-de-fati-a-auxerre\/"]}]},{"@type":"BreadcrumbList","@id":"https:\/\/www.ladiagonale.net\/index.php\/2025\/09\/11\/pas-de-retour-de-fati-a-auxerre\/#breadcrumb","itemListElement":[{"@type":"ListItem","position":1,"name":"Accueil","item":"https:\/\/www.ladiagonale.net\/"},{"@type":"ListItem","position":2,"name":"Pas de retour de Fati \u00e0 Auxerre"}]},{"@type":"WebSite","@id":"https:\/\/www.ladiagonale.net\/#website","url":"https:\/\/www.ladiagonale.net\/","name":"La Diagonale","description":"Le site des supporters de l&#039;AS Monaco FC","potentialAction":[{"@type":"SearchAction","target":{"@type":"EntryPoint","urlTemplate":"https:\/\/www.ladiagonale.net\/?s={search_term_string}"},"query-input":"required name=search_term_string"}],"inLanguage":"fr-FR"},{"@type":"Person","@id":"https:\/\/www.ladiagonale.net\/#\/schema\/person\/79ff1e7b0853ed01b2aa26e64ad300bf","name":"Damien Dellerba","image":{"@type":"ImageObject","inLanguage":"fr-FR","@id":"https:\/\/www.ladiagonale.net\/#\/schema\/person\/image\/","url":"https:\/\/secure.gravatar.com\/avatar\/c7850e06d3ff63cdbaee88b7fc16e2f0?s=96&d=mm&r=g","contentUrl":"https:\/\/secure.gravatar.com\/avatar\/c7850e06d3ff63cdbaee88b7fc16e2f0?s=96&d=mm&r=g","caption":"Damien Dellerba"},"url":"https:\/\/www.ladiagonale.net\/index.php\/author\/damien\/"}]}},"_links":{"self":[{"href":"https:\/\/www.ladiagonale.net\/index.php\/wp-json\/wp\/v2\/posts\/33830"}],"collection":[{"href":"https:\/\/www.ladiagonale.net\/index.php\/wp-json\/wp\/v2\/posts"}],"about":[{"href":"https:\/\/www.ladiagonale.net\/index.php\/wp-json\/wp\/v2\/types\/post"}],"author":[{"embeddable":true,"href":"https:\/\/www.ladiagonale.net\/index.php\/wp-json\/wp\/v2\/users\/2"}],"replies":[{"embeddable":true,"href":"https:\/\/www.ladiagonale.net\/index.php\/wp-json\/wp\/v2\/comments?post=33830"}],"version-history":[{"count":3,"href":"https:\/\/www.ladiagonale.net\/index.php\/wp-json\/wp\/v2\/posts\/33830\/revisions"}],"predecessor-version":[{"id":33833,"href":"https:\/\/www.ladiagonale.net\/index.php\/wp-json\/wp\/v2\/posts\/33830\/revisions\/33833"}],"wp:attachment":[{"href":"https:\/\/www.ladiagonale.net\/index.php\/wp-json\/wp\/v2\/media?parent=33830"}],"wp:term":[{"taxonomy":"category","embeddable":true,"href":"https:\/\/www.ladiagonale.net\/index.php\/wp-json\/wp\/v2\/categories?post=33830"},{"taxonomy":"post_tag","embeddable":true,"href":"https:\/\/www.ladiagonale.net\/index.php\/wp-json\/wp\/v2\/tags?post=33830"}],"curies":[{"name":"wp","href":"https:\/\/api.w.org\/{rel}","templated":true}]}}