{"id":33835,"date":"2025-09-11T18:28:46","date_gmt":"2025-09-11T16:28:46","guid":{"rendered":"https:\/\/www.ladiagonale.net\/?p=33835"},"modified":"2025-09-11T18:28:47","modified_gmt":"2025-09-11T16:28:47","slug":"idumbo-ne-jouera-pas-a-auxerre","status":"publish","type":"post","link":"https:\/\/www.ladiagonale.net\/index.php\/2025\/09\/11\/idumbo-ne-jouera-pas-a-auxerre\/","title":{"rendered":"Idumbo ne jouera pas \u00e0 Auxerre"},"content":{"rendered":"\n\n\n<p>Les supporters mon\u00e9gasques n&rsquo;ont pas encore pu voir trois de leurs recrues \u00e0 l&rsquo;\u0153uvre puisque ni Ansu Fati, ni Paul Pogba et ni Stanis Idumbo n&rsquo;ont pu encore jouer. Adi H\u00fctter a fait un point <a href=\"https:\/\/www.ladiagonale.net\/index.php\/2025\/09\/11\/pas-de-retour-de-fati-a-auxerre\/\" target=\"_blank\" rel=\"noreferrer noopener\">concernant les deux premiers<\/a>, qui se rapprochent toutefois du groupe, en particulier Fati, qui pourrait \u00eatre convoqu\u00e9 contre Bruges en Ligue des champions la semaine prochaine. Bien moins connu que ses deux nouveaux co\u00e9quipiers, le dernier arriv\u00e9 du mercato estival va lui aussi se faire d\u00e9sirer encore un peu. <\/p>\n\n\n\n<p>Arriv\u00e9 bless\u00e9 \u00e0 l&rsquo;adducteur, apr\u00e8s avoir \u00e9t\u00e9 touch\u00e9 lors de la premi\u00e8re journ\u00e9e de <em>Liga<\/em> avec S\u00e9ville face \u00e0 Bilbao (le 17, ao\u00fbt), il ne sera pas non plus de la partie pour le d\u00e9placement \u00e0 Auxerre, ce samedi. \u00ab\u00a0<em>Je me sens de mieux en mieux<\/em>, a-t-il cependant rassur\u00e9 au moment de sa pr\u00e9sentation. <em>J\u2019ai d\u00e9j\u00e0 repris les entra\u00eenements avec le groupe petit \u00e0 petit. Tout se passe bien et on va voir ce que l\u2019avenir nous r\u00e9serve. Je ne veux pas br\u00fbler les \u00e9tapes et je ne veux pas que \u00e7a prenne trop de temps non plus.<\/em>\u00a0\u00bb<\/p>\n","protected":false},"excerpt":{"rendered":"<p>Les supporters mon\u00e9gasques n&rsquo;ont pas encore pu voir trois de leurs recrues \u00e0 l&rsquo;\u0153uvre puisque ni Ansu Fati, ni Paul Pogba et ni Stanis Idumbo n&rsquo;ont pu encore jouer. Adi H\u00fctter a fait un point concernant les deux premiers, qui se rapprochent toutefois du groupe, en particulier Fati, qui pourrait \u00eatre convoqu\u00e9 contre Bruges en [&#8230;]\n","protected":false},"author":2,"featured_media":0,"comment_status":"open","ping_status":"open","sticky":false,"template":"","format":"standard","meta":[],"categories":[1035],"tags":[86,196,1117],"yoast_head":"<!-- This site is optimized with the Yoast SEO plugin v19.8 - https:\/\/yoast.com\/wordpress\/plugins\/seo\/ -->\n<title>Idumbo ne jouera pas \u00e0 Auxerre - La Diagonale<\/title>\n<meta name=\"robots\" content=\"index, follow, max-snippet:-1, max-image-preview:large, max-video-preview:-1\" \/>\n<link rel=\"canonical\" href=\"https:\/\/www.ladiagonale.net\/index.php\/2025\/09\/11\/idumbo-ne-jouera-pas-a-auxerre\/\" \/>\n<meta property=\"og:locale\" content=\"fr_FR\" \/>\n<meta property=\"og:type\" content=\"article\" \/>\n<meta property=\"og:title\" content=\"Idumbo ne jouera pas \u00e0 Auxerre - La Diagonale\" \/>\n<meta property=\"og:description\" content=\"Les supporters mon\u00e9gasques n&rsquo;ont pas encore pu voir trois de leurs recrues \u00e0 l&rsquo;\u0153uvre puisque ni Ansu Fati, ni Paul Pogba et ni Stanis Idumbo n&rsquo;ont pu encore jouer. Adi H\u00fctter a fait un point concernant les deux premiers, qui se rapprochent toutefois du groupe, en particulier Fati, qui pourrait \u00eatre convoqu\u00e9 contre Bruges en [...]\" \/>\n<meta property=\"og:url\" content=\"https:\/\/www.ladiagonale.net\/index.php\/2025\/09\/11\/idumbo-ne-jouera-pas-a-auxerre\/\" \/>\n<meta property=\"og:site_name\" content=\"La Diagonale\" \/>\n<meta property=\"article:published_time\" content=\"2025-09-11T16:28:46+00:00\" \/>\n<meta property=\"article:modified_time\" content=\"2025-09-11T16:28:47+00:00\" \/>\n<meta property=\"og:image\" content=\"https:\/\/www.ladiagonale.net\/wp-content\/uploads\/2025\/08\/Idumbo-1.png\" \/>\n\t<meta property=\"og:image:width\" content=\"1160\" \/>\n\t<meta property=\"og:image:height\" content=\"650\" \/>\n\t<meta property=\"og:image:type\" content=\"image\/png\" \/>\n<meta name=\"author\" content=\"Damien Dellerba\" \/>\n<meta name=\"twitter:card\" content=\"summary_large_image\" \/>\n<meta name=\"twitter:image\" content=\"https:\/\/www.ladiagonale.net\/wp-content\/uploads\/2025\/08\/Idumbo-1.png\" \/>\n<meta name=\"twitter:label1\" content=\"\u00c9crit par\" \/>\n\t<meta name=\"twitter:data1\" content=\"Damien Dellerba\" \/>\n\t<meta name=\"twitter:label2\" content=\"Dur\u00e9e de lecture estim\u00e9e\" \/>\n\t<meta name=\"twitter:data2\" content=\"1 minute\" \/>\n<script type=\"application\/ld+json\" class=\"yoast-schema-graph\">{\"@context\":\"https:\/\/schema.org\",\"@graph\":[{\"@type\":\"WebPage\",\"@id\":\"https:\/\/www.ladiagonale.net\/index.php\/2025\/09\/11\/idumbo-ne-jouera-pas-a-auxerre\/\",\"url\":\"https:\/\/www.ladiagonale.net\/index.php\/2025\/09\/11\/idumbo-ne-jouera-pas-a-auxerre\/\",\"name\":\"Idumbo ne jouera pas \u00e0 Auxerre - La Diagonale\",\"isPartOf\":{\"@id\":\"https:\/\/www.ladiagonale.net\/#website\"},\"datePublished\":\"2025-09-11T16:28:46+00:00\",\"dateModified\":\"2025-09-11T16:28:47+00:00\",\"author\":{\"@id\":\"https:\/\/www.ladiagonale.net\/#\/schema\/person\/79ff1e7b0853ed01b2aa26e64ad300bf\"},\"breadcrumb\":{\"@id\":\"https:\/\/www.ladiagonale.net\/index.php\/2025\/09\/11\/idumbo-ne-jouera-pas-a-auxerre\/#breadcrumb\"},\"inLanguage\":\"fr-FR\",\"potentialAction\":[{\"@type\":\"ReadAction\",\"target\":[\"https:\/\/www.ladiagonale.net\/index.php\/2025\/09\/11\/idumbo-ne-jouera-pas-a-auxerre\/\"]}]},{\"@type\":\"BreadcrumbList\",\"@id\":\"https:\/\/www.ladiagonale.net\/index.php\/2025\/09\/11\/idumbo-ne-jouera-pas-a-auxerre\/#breadcrumb\",\"itemListElement\":[{\"@type\":\"ListItem\",\"position\":1,\"name\":\"Accueil\",\"item\":\"https:\/\/www.ladiagonale.net\/\"},{\"@type\":\"ListItem\",\"position\":2,\"name\":\"Idumbo ne jouera pas \u00e0 Auxerre\"}]},{\"@type\":\"WebSite\",\"@id\":\"https:\/\/www.ladiagonale.net\/#website\",\"url\":\"https:\/\/www.ladiagonale.net\/\",\"name\":\"La Diagonale\",\"description\":\"Le site des supporters de l&#039;AS Monaco FC\",\"potentialAction\":[{\"@type\":\"SearchAction\",\"target\":{\"@type\":\"EntryPoint\",\"urlTemplate\":\"https:\/\/www.ladiagonale.net\/?s={search_term_string}\"},\"query-input\":\"required name=search_term_string\"}],\"inLanguage\":\"fr-FR\"},{\"@type\":\"Person\",\"@id\":\"https:\/\/www.ladiagonale.net\/#\/schema\/person\/79ff1e7b0853ed01b2aa26e64ad300bf\",\"name\":\"Damien Dellerba\",\"image\":{\"@type\":\"ImageObject\",\"inLanguage\":\"fr-FR\",\"@id\":\"https:\/\/www.ladiagonale.net\/#\/schema\/person\/image\/\",\"url\":\"https:\/\/secure.gravatar.com\/avatar\/c7850e06d3ff63cdbaee88b7fc16e2f0?s=96&d=mm&r=g\",\"contentUrl\":\"https:\/\/secure.gravatar.com\/avatar\/c7850e06d3ff63cdbaee88b7fc16e2f0?s=96&d=mm&r=g\",\"caption\":\"Damien Dellerba\"},\"url\":\"https:\/\/www.ladiagonale.net\/index.php\/author\/damien\/\"}]}<\/script>\n<!-- \/ Yoast SEO plugin. -->","yoast_head_json":{"title":"Idumbo ne jouera pas \u00e0 Auxerre - La Diagonale","robots":{"index":"index","follow":"follow","max-snippet":"max-snippet:-1","max-image-preview":"max-image-preview:large","max-video-preview":"max-video-preview:-1"},"canonical":"https:\/\/www.ladiagonale.net\/index.php\/2025\/09\/11\/idumbo-ne-jouera-pas-a-auxerre\/","og_locale":"fr_FR","og_type":"article","og_title":"Idumbo ne jouera pas \u00e0 Auxerre - La Diagonale","og_description":"Les supporters mon\u00e9gasques n&rsquo;ont pas encore pu voir trois de leurs recrues \u00e0 l&rsquo;\u0153uvre puisque ni Ansu Fati, ni Paul Pogba et ni Stanis Idumbo n&rsquo;ont pu encore jouer. Adi H\u00fctter a fait un point concernant les deux premiers, qui se rapprochent toutefois du groupe, en particulier Fati, qui pourrait \u00eatre convoqu\u00e9 contre Bruges en [...]","og_url":"https:\/\/www.ladiagonale.net\/index.php\/2025\/09\/11\/idumbo-ne-jouera-pas-a-auxerre\/","og_site_name":"La Diagonale","article_published_time":"2025-09-11T16:28:46+00:00","article_modified_time":"2025-09-11T16:28:47+00:00","og_image":[{"width":1160,"height":650,"url":"https:\/\/www.ladiagonale.net\/wp-content\/uploads\/2025\/08\/Idumbo-1.png","type":"image\/png"}],"author":"Damien Dellerba","twitter_card":"summary_large_image","twitter_image":"https:\/\/www.ladiagonale.net\/wp-content\/uploads\/2025\/08\/Idumbo-1.png","twitter_misc":{"\u00c9crit par":"Damien Dellerba","Dur\u00e9e de lecture estim\u00e9e":"1 minute"},"schema":{"@context":"https:\/\/schema.org","@graph":[{"@type":"WebPage","@id":"https:\/\/www.ladiagonale.net\/index.php\/2025\/09\/11\/idumbo-ne-jouera-pas-a-auxerre\/","url":"https:\/\/www.ladiagonale.net\/index.php\/2025\/09\/11\/idumbo-ne-jouera-pas-a-auxerre\/","name":"Idumbo ne jouera pas \u00e0 Auxerre - La Diagonale","isPartOf":{"@id":"https:\/\/www.ladiagonale.net\/#website"},"datePublished":"2025-09-11T16:28:46+00:00","dateModified":"2025-09-11T16:28:47+00:00","author":{"@id":"https:\/\/www.ladiagonale.net\/#\/schema\/person\/79ff1e7b0853ed01b2aa26e64ad300bf"},"breadcrumb":{"@id":"https:\/\/www.ladiagonale.net\/index.php\/2025\/09\/11\/idumbo-ne-jouera-pas-a-auxerre\/#breadcrumb"},"inLanguage":"fr-FR","potentialAction":[{"@type":"ReadAction","target":["https:\/\/www.ladiagonale.net\/index.php\/2025\/09\/11\/idumbo-ne-jouera-pas-a-auxerre\/"]}]},{"@type":"BreadcrumbList","@id":"https:\/\/www.ladiagonale.net\/index.php\/2025\/09\/11\/idumbo-ne-jouera-pas-a-auxerre\/#breadcrumb","itemListElement":[{"@type":"ListItem","position":1,"name":"Accueil","item":"https:\/\/www.ladiagonale.net\/"},{"@type":"ListItem","position":2,"name":"Idumbo ne jouera pas \u00e0 Auxerre"}]},{"@type":"WebSite","@id":"https:\/\/www.ladiagonale.net\/#website","url":"https:\/\/www.ladiagonale.net\/","name":"La Diagonale","description":"Le site des supporters de l&#039;AS Monaco FC","potentialAction":[{"@type":"SearchAction","target":{"@type":"EntryPoint","urlTemplate":"https:\/\/www.ladiagonale.net\/?s={search_term_string}"},"query-input":"required name=search_term_string"}],"inLanguage":"fr-FR"},{"@type":"Person","@id":"https:\/\/www.ladiagonale.net\/#\/schema\/person\/79ff1e7b0853ed01b2aa26e64ad300bf","name":"Damien Dellerba","image":{"@type":"ImageObject","inLanguage":"fr-FR","@id":"https:\/\/www.ladiagonale.net\/#\/schema\/person\/image\/","url":"https:\/\/secure.gravatar.com\/avatar\/c7850e06d3ff63cdbaee88b7fc16e2f0?s=96&d=mm&r=g","contentUrl":"https:\/\/secure.gravatar.com\/avatar\/c7850e06d3ff63cdbaee88b7fc16e2f0?s=96&d=mm&r=g","caption":"Damien Dellerba"},"url":"https:\/\/www.ladiagonale.net\/index.php\/author\/damien\/"}]}},"_links":{"self":[{"href":"https:\/\/www.ladiagonale.net\/index.php\/wp-json\/wp\/v2\/posts\/33835"}],"collection":[{"href":"https:\/\/www.ladiagonale.net\/index.php\/wp-json\/wp\/v2\/posts"}],"about":[{"href":"https:\/\/www.ladiagonale.net\/index.php\/wp-json\/wp\/v2\/types\/post"}],"author":[{"embeddable":true,"href":"https:\/\/www.ladiagonale.net\/index.php\/wp-json\/wp\/v2\/users\/2"}],"replies":[{"embeddable":true,"href":"https:\/\/www.ladiagonale.net\/index.php\/wp-json\/wp\/v2\/comments?post=33835"}],"version-history":[{"count":1,"href":"https:\/\/www.ladiagonale.net\/index.php\/wp-json\/wp\/v2\/posts\/33835\/revisions"}],"predecessor-version":[{"id":33836,"href":"https:\/\/www.ladiagonale.net\/index.php\/wp-json\/wp\/v2\/posts\/33835\/revisions\/33836"}],"wp:attachment":[{"href":"https:\/\/www.ladiagonale.net\/index.php\/wp-json\/wp\/v2\/media?parent=33835"}],"wp:term":[{"taxonomy":"category","embeddable":true,"href":"https:\/\/www.ladiagonale.net\/index.php\/wp-json\/wp\/v2\/categories?post=33835"},{"taxonomy":"post_tag","embeddable":true,"href":"https:\/\/www.ladiagonale.net\/index.php\/wp-json\/wp\/v2\/tags?post=33835"}],"curies":[{"name":"wp","href":"https:\/\/api.w.org\/{rel}","templated":true}]}}