{"id":33839,"date":"2025-09-12T09:56:27","date_gmt":"2025-09-12T07:56:27","guid":{"rendered":"https:\/\/www.ladiagonale.net\/?p=33839"},"modified":"2025-09-12T09:56:27","modified_gmt":"2025-09-12T07:56:27","slug":"hutter-nous-allons-devoir-pas-mal-faire-tourner","status":"publish","type":"post","link":"https:\/\/www.ladiagonale.net\/index.php\/2025\/09\/12\/hutter-nous-allons-devoir-pas-mal-faire-tourner\/","title":{"rendered":"H\u00fctter : \u00ab\u00a0Nous allons devoir pas mal faire tourner\u00a0\u00bb"},"content":{"rendered":"\n\n\n<p>La tr\u00eave internationale a pris fin et l\u2019AS Monaco s\u2019appr\u00eate \u00e0 retrouver la comp\u00e9tition \u00e0 Auxerre. Le calendrier s\u2019annonce d\u00e9sormais charg\u00e9 avec \u00e9galement retour de la Ligue des champions : \u00ab\u00a0<em>Nous allons rentrer dans une p\u00e9riode avec beaucoup de matchs tr\u00e8s exigeants, donc \u00e0 l\u2019image de ce qui a \u00e9t\u00e9 fait l\u2019an dernier, je pense que nous allons devoir pas mal faire tourner<\/em>\u00a0\u00bb, a annonc\u00e9 Adi H\u00fctter en conf\u00e9rence de presse.<\/p>\n\n\n\n<p><em>\u00ab\u00a0Tout le monde doit \u00eatre pr\u00eat \u00e0 jouer<\/em>, a pr\u00e9venu l\u2019Autrichien. <em>Nous verrons comment nous allons g\u00e9rer, car nous allons encha\u00eener \u00e0 Bruges puis Metz la semaine prochaine, d\u2019autant que Thilo Kehrer et Mohammed Salisu sont pr\u00eats \u00e0 jouer. Je crois en tous mes joueurs, et notre style de jeu fait que j\u2019ai besoin de joueurs en pleine forme \u00e0 chaque match. Ensuite, il faut mesurer le niveau de fatigue des joueurs apr\u00e8s de longs voyages dus \u00e0 la tr\u00eave internationale pour d\u00e9cider de l\u2019\u00e9quipe que nous alignerons.\u00a0<\/em>\u00bb<\/p>\n\n\n\n<p>L\u2019entra\u00eeneur de l\u2019ASM esp\u00e8re voir une bonne performance en Bourgogne, lui qui n\u2019\u00e9tait pas content apr\u00e8s les premi\u00e8res journ\u00e9es : \u00ab\u00a0<em>Il est important de faire une bonne performance l\u00e0-bas, d\u2019autant que je n\u2019\u00e9tais pas satisfait de nos deux derniers matchs. Nous devons revenir \u00e0 notre top niveau, montrer que nous sommes focus \u00e0 100% durant tout le match. Auxerre est une \u00e9quipe int\u00e9ressante, tr\u00e8s forte dans les transitions (\u2026). Malgr\u00e9 tout, je suis totalement convaincu que nous pouvons garder le contr\u00f4le sur ce match. Auxerre sera en tout cas un bon adversaire.<\/em>\u00a0\u00bb<\/p>\n\n\n\n<blockquote class=\"wp-block-quote\"><p>\u00ab\u00a0Idumbo apporte un nouveau profil\u00a0\u00bb<\/p><\/blockquote>\n\n\n\n<p>H\u00fctter dispose de plusieurs options en attaque et s\u2019est montr\u00e9 satisfait de l\u2019association Biereth-Balogun : \u00ab\u00a0<em>En premi\u00e8re mi-temps contre Strasbourg, ils ont fait de tr\u00e8s bonnes choses, en montrant un pressing intense, de l\u2019agressivit\u00e9 et de bons d\u00e9placements, notamment dans les espaces o\u00f9 Balo\u2019 est tr\u00e8s \u00e0 l\u2019aise. Mais nous avons aussi deux jeunes attaquants tr\u00e8s talentueux avec Paris Brunner et George Ilenikhena qui progresse, m\u00eame s\u2019il est parfois frein\u00e9 par de petits p\u00e9pins. Ce sont tous des joueurs talentueux, et j\u2019ai le sentiment qu\u2019ils peuvent tous bien jouer ensemble. Cela nous offre de nombreuses possibilit\u00e9s.<\/em>\u00a0\u00bb<\/p>\n\n\n\n<p>Il a aussi vu sa ligne offensive compl\u00e9t\u00e9e par l\u2019arriv\u00e9e de Stanis Idumbo, un profil rare dans son effectif : \u00ab\u00a0<em>Actuellement nous n\u2019\u00e9voluons pas vraiment dans un syst\u00e8me en 4-3-3 avec deux ailiers sur les c\u00f4t\u00e9s, mais plut\u00f4t avec des num\u00e9ros 10 classiques. Mais j\u2019ai le sentiment que Stanis apporte un nouveau profil avec sa capacit\u00e9 de jouer les un contre un, d\u2019utiliser \u00e9galement sa vitesse, et c\u2019est un bon compl\u00e9ment \u00e0 Maghnes (Akliouche), Taki (Minamino) et Golovin qui ont une grande qualit\u00e9 dans la derni\u00e8re passe et pour marquer des buts. C\u2019est bien d\u2019avoir des profils diff\u00e9rents, d\u2019autant que c\u2019est une position tr\u00e8s importante dans notre jeu.<\/em>\u00a0\u00bb<\/p>\n","protected":false},"excerpt":{"rendered":"<p>La tr\u00eave internationale a pris fin et l\u2019AS Monaco s\u2019appr\u00eate \u00e0 retrouver la comp\u00e9tition \u00e0 Auxerre. Le calendrier s\u2019annonce d\u00e9sormais charg\u00e9 avec \u00e9galement retour de la Ligue des champions : \u00ab\u00a0Nous allons rentrer dans une p\u00e9riode avec beaucoup de matchs tr\u00e8s exigeants, donc \u00e0 l\u2019image de ce qui a \u00e9t\u00e9 fait l\u2019an dernier, je pense [&#8230;]\n","protected":false},"author":2,"featured_media":0,"comment_status":"open","ping_status":"open","sticky":false,"template":"","format":"standard","meta":[],"categories":[6,1000],"tags":[576,86,353,94],"yoast_head":"<!-- This site is optimized with the Yoast SEO plugin v19.8 - https:\/\/yoast.com\/wordpress\/plugins\/seo\/ -->\n<title>H\u00fctter : \u00ab\u00a0Nous allons devoir pas mal faire tourner\u00a0\u00bb - La Diagonale<\/title>\n<meta name=\"robots\" content=\"index, follow, max-snippet:-1, max-image-preview:large, max-video-preview:-1\" \/>\n<link rel=\"canonical\" href=\"https:\/\/www.ladiagonale.net\/index.php\/2025\/09\/12\/hutter-nous-allons-devoir-pas-mal-faire-tourner\/\" \/>\n<meta property=\"og:locale\" content=\"fr_FR\" \/>\n<meta property=\"og:type\" content=\"article\" \/>\n<meta property=\"og:title\" content=\"H\u00fctter : \u00ab\u00a0Nous allons devoir pas mal faire tourner\u00a0\u00bb - La Diagonale\" \/>\n<meta property=\"og:description\" content=\"La tr\u00eave internationale a pris fin et l\u2019AS Monaco s\u2019appr\u00eate \u00e0 retrouver la comp\u00e9tition \u00e0 Auxerre. Le calendrier s\u2019annonce d\u00e9sormais charg\u00e9 avec \u00e9galement retour de la Ligue des champions : \u00ab\u00a0Nous allons rentrer dans une p\u00e9riode avec beaucoup de matchs tr\u00e8s exigeants, donc \u00e0 l\u2019image de ce qui a \u00e9t\u00e9 fait l\u2019an dernier, je pense [...]\" \/>\n<meta property=\"og:url\" content=\"https:\/\/www.ladiagonale.net\/index.php\/2025\/09\/12\/hutter-nous-allons-devoir-pas-mal-faire-tourner\/\" \/>\n<meta property=\"og:site_name\" content=\"La Diagonale\" \/>\n<meta property=\"article:published_time\" content=\"2025-09-12T07:56:27+00:00\" \/>\n<meta property=\"og:image\" content=\"https:\/\/www.ladiagonale.net\/wp-content\/uploads\/2025\/08\/Hu\u0308tter-conf.png\" \/>\n\t<meta property=\"og:image:width\" content=\"1160\" \/>\n\t<meta property=\"og:image:height\" content=\"650\" \/>\n\t<meta property=\"og:image:type\" content=\"image\/png\" \/>\n<meta name=\"author\" content=\"Damien Dellerba\" \/>\n<meta name=\"twitter:card\" content=\"summary_large_image\" \/>\n<meta name=\"twitter:image\" content=\"https:\/\/www.ladiagonale.net\/wp-content\/uploads\/2025\/08\/Hu\u0308tter-conf.png\" \/>\n<meta name=\"twitter:label1\" content=\"\u00c9crit par\" \/>\n\t<meta name=\"twitter:data1\" content=\"Damien Dellerba\" \/>\n\t<meta name=\"twitter:label2\" content=\"Dur\u00e9e de lecture estim\u00e9e\" \/>\n\t<meta name=\"twitter:data2\" content=\"3 minutes\" \/>\n<script type=\"application\/ld+json\" class=\"yoast-schema-graph\">{\"@context\":\"https:\/\/schema.org\",\"@graph\":[{\"@type\":\"WebPage\",\"@id\":\"https:\/\/www.ladiagonale.net\/index.php\/2025\/09\/12\/hutter-nous-allons-devoir-pas-mal-faire-tourner\/\",\"url\":\"https:\/\/www.ladiagonale.net\/index.php\/2025\/09\/12\/hutter-nous-allons-devoir-pas-mal-faire-tourner\/\",\"name\":\"H\u00fctter : \u00ab\u00a0Nous allons devoir pas mal faire tourner\u00a0\u00bb - La Diagonale\",\"isPartOf\":{\"@id\":\"https:\/\/www.ladiagonale.net\/#website\"},\"datePublished\":\"2025-09-12T07:56:27+00:00\",\"dateModified\":\"2025-09-12T07:56:27+00:00\",\"author\":{\"@id\":\"https:\/\/www.ladiagonale.net\/#\/schema\/person\/79ff1e7b0853ed01b2aa26e64ad300bf\"},\"breadcrumb\":{\"@id\":\"https:\/\/www.ladiagonale.net\/index.php\/2025\/09\/12\/hutter-nous-allons-devoir-pas-mal-faire-tourner\/#breadcrumb\"},\"inLanguage\":\"fr-FR\",\"potentialAction\":[{\"@type\":\"ReadAction\",\"target\":[\"https:\/\/www.ladiagonale.net\/index.php\/2025\/09\/12\/hutter-nous-allons-devoir-pas-mal-faire-tourner\/\"]}]},{\"@type\":\"BreadcrumbList\",\"@id\":\"https:\/\/www.ladiagonale.net\/index.php\/2025\/09\/12\/hutter-nous-allons-devoir-pas-mal-faire-tourner\/#breadcrumb\",\"itemListElement\":[{\"@type\":\"ListItem\",\"position\":1,\"name\":\"Accueil\",\"item\":\"https:\/\/www.ladiagonale.net\/\"},{\"@type\":\"ListItem\",\"position\":2,\"name\":\"H\u00fctter : \u00ab\u00a0Nous allons devoir pas mal faire tourner\u00a0\u00bb\"}]},{\"@type\":\"WebSite\",\"@id\":\"https:\/\/www.ladiagonale.net\/#website\",\"url\":\"https:\/\/www.ladiagonale.net\/\",\"name\":\"La Diagonale\",\"description\":\"Le site des supporters de l&#039;AS Monaco FC\",\"potentialAction\":[{\"@type\":\"SearchAction\",\"target\":{\"@type\":\"EntryPoint\",\"urlTemplate\":\"https:\/\/www.ladiagonale.net\/?s={search_term_string}\"},\"query-input\":\"required name=search_term_string\"}],\"inLanguage\":\"fr-FR\"},{\"@type\":\"Person\",\"@id\":\"https:\/\/www.ladiagonale.net\/#\/schema\/person\/79ff1e7b0853ed01b2aa26e64ad300bf\",\"name\":\"Damien Dellerba\",\"image\":{\"@type\":\"ImageObject\",\"inLanguage\":\"fr-FR\",\"@id\":\"https:\/\/www.ladiagonale.net\/#\/schema\/person\/image\/\",\"url\":\"https:\/\/secure.gravatar.com\/avatar\/c7850e06d3ff63cdbaee88b7fc16e2f0?s=96&d=mm&r=g\",\"contentUrl\":\"https:\/\/secure.gravatar.com\/avatar\/c7850e06d3ff63cdbaee88b7fc16e2f0?s=96&d=mm&r=g\",\"caption\":\"Damien Dellerba\"},\"url\":\"https:\/\/www.ladiagonale.net\/index.php\/author\/damien\/\"}]}<\/script>\n<!-- \/ Yoast SEO plugin. -->","yoast_head_json":{"title":"H\u00fctter : \u00ab\u00a0Nous allons devoir pas mal faire tourner\u00a0\u00bb - La Diagonale","robots":{"index":"index","follow":"follow","max-snippet":"max-snippet:-1","max-image-preview":"max-image-preview:large","max-video-preview":"max-video-preview:-1"},"canonical":"https:\/\/www.ladiagonale.net\/index.php\/2025\/09\/12\/hutter-nous-allons-devoir-pas-mal-faire-tourner\/","og_locale":"fr_FR","og_type":"article","og_title":"H\u00fctter : \u00ab\u00a0Nous allons devoir pas mal faire tourner\u00a0\u00bb - La Diagonale","og_description":"La tr\u00eave internationale a pris fin et l\u2019AS Monaco s\u2019appr\u00eate \u00e0 retrouver la comp\u00e9tition \u00e0 Auxerre. Le calendrier s\u2019annonce d\u00e9sormais charg\u00e9 avec \u00e9galement retour de la Ligue des champions : \u00ab\u00a0Nous allons rentrer dans une p\u00e9riode avec beaucoup de matchs tr\u00e8s exigeants, donc \u00e0 l\u2019image de ce qui a \u00e9t\u00e9 fait l\u2019an dernier, je pense [...]","og_url":"https:\/\/www.ladiagonale.net\/index.php\/2025\/09\/12\/hutter-nous-allons-devoir-pas-mal-faire-tourner\/","og_site_name":"La Diagonale","article_published_time":"2025-09-12T07:56:27+00:00","og_image":[{"width":1160,"height":650,"url":"https:\/\/www.ladiagonale.net\/wp-content\/uploads\/2025\/08\/Hu\u0308tter-conf.png","type":"image\/png"}],"author":"Damien Dellerba","twitter_card":"summary_large_image","twitter_image":"https:\/\/www.ladiagonale.net\/wp-content\/uploads\/2025\/08\/Hu\u0308tter-conf.png","twitter_misc":{"\u00c9crit par":"Damien Dellerba","Dur\u00e9e de lecture estim\u00e9e":"3 minutes"},"schema":{"@context":"https:\/\/schema.org","@graph":[{"@type":"WebPage","@id":"https:\/\/www.ladiagonale.net\/index.php\/2025\/09\/12\/hutter-nous-allons-devoir-pas-mal-faire-tourner\/","url":"https:\/\/www.ladiagonale.net\/index.php\/2025\/09\/12\/hutter-nous-allons-devoir-pas-mal-faire-tourner\/","name":"H\u00fctter : \u00ab\u00a0Nous allons devoir pas mal faire tourner\u00a0\u00bb - La Diagonale","isPartOf":{"@id":"https:\/\/www.ladiagonale.net\/#website"},"datePublished":"2025-09-12T07:56:27+00:00","dateModified":"2025-09-12T07:56:27+00:00","author":{"@id":"https:\/\/www.ladiagonale.net\/#\/schema\/person\/79ff1e7b0853ed01b2aa26e64ad300bf"},"breadcrumb":{"@id":"https:\/\/www.ladiagonale.net\/index.php\/2025\/09\/12\/hutter-nous-allons-devoir-pas-mal-faire-tourner\/#breadcrumb"},"inLanguage":"fr-FR","potentialAction":[{"@type":"ReadAction","target":["https:\/\/www.ladiagonale.net\/index.php\/2025\/09\/12\/hutter-nous-allons-devoir-pas-mal-faire-tourner\/"]}]},{"@type":"BreadcrumbList","@id":"https:\/\/www.ladiagonale.net\/index.php\/2025\/09\/12\/hutter-nous-allons-devoir-pas-mal-faire-tourner\/#breadcrumb","itemListElement":[{"@type":"ListItem","position":1,"name":"Accueil","item":"https:\/\/www.ladiagonale.net\/"},{"@type":"ListItem","position":2,"name":"H\u00fctter : \u00ab\u00a0Nous allons devoir pas mal faire tourner\u00a0\u00bb"}]},{"@type":"WebSite","@id":"https:\/\/www.ladiagonale.net\/#website","url":"https:\/\/www.ladiagonale.net\/","name":"La Diagonale","description":"Le site des supporters de l&#039;AS Monaco FC","potentialAction":[{"@type":"SearchAction","target":{"@type":"EntryPoint","urlTemplate":"https:\/\/www.ladiagonale.net\/?s={search_term_string}"},"query-input":"required name=search_term_string"}],"inLanguage":"fr-FR"},{"@type":"Person","@id":"https:\/\/www.ladiagonale.net\/#\/schema\/person\/79ff1e7b0853ed01b2aa26e64ad300bf","name":"Damien Dellerba","image":{"@type":"ImageObject","inLanguage":"fr-FR","@id":"https:\/\/www.ladiagonale.net\/#\/schema\/person\/image\/","url":"https:\/\/secure.gravatar.com\/avatar\/c7850e06d3ff63cdbaee88b7fc16e2f0?s=96&d=mm&r=g","contentUrl":"https:\/\/secure.gravatar.com\/avatar\/c7850e06d3ff63cdbaee88b7fc16e2f0?s=96&d=mm&r=g","caption":"Damien Dellerba"},"url":"https:\/\/www.ladiagonale.net\/index.php\/author\/damien\/"}]}},"_links":{"self":[{"href":"https:\/\/www.ladiagonale.net\/index.php\/wp-json\/wp\/v2\/posts\/33839"}],"collection":[{"href":"https:\/\/www.ladiagonale.net\/index.php\/wp-json\/wp\/v2\/posts"}],"about":[{"href":"https:\/\/www.ladiagonale.net\/index.php\/wp-json\/wp\/v2\/types\/post"}],"author":[{"embeddable":true,"href":"https:\/\/www.ladiagonale.net\/index.php\/wp-json\/wp\/v2\/users\/2"}],"replies":[{"embeddable":true,"href":"https:\/\/www.ladiagonale.net\/index.php\/wp-json\/wp\/v2\/comments?post=33839"}],"version-history":[{"count":1,"href":"https:\/\/www.ladiagonale.net\/index.php\/wp-json\/wp\/v2\/posts\/33839\/revisions"}],"predecessor-version":[{"id":33840,"href":"https:\/\/www.ladiagonale.net\/index.php\/wp-json\/wp\/v2\/posts\/33839\/revisions\/33840"}],"wp:attachment":[{"href":"https:\/\/www.ladiagonale.net\/index.php\/wp-json\/wp\/v2\/media?parent=33839"}],"wp:term":[{"taxonomy":"category","embeddable":true,"href":"https:\/\/www.ladiagonale.net\/index.php\/wp-json\/wp\/v2\/categories?post=33839"},{"taxonomy":"post_tag","embeddable":true,"href":"https:\/\/www.ladiagonale.net\/index.php\/wp-json\/wp\/v2\/tags?post=33839"}],"curies":[{"name":"wp","href":"https:\/\/api.w.org\/{rel}","templated":true}]}}