{"id":33843,"date":"2025-09-12T14:23:30","date_gmt":"2025-09-12T12:23:30","guid":{"rendered":"https:\/\/www.ladiagonale.net\/?p=33843"},"modified":"2025-09-12T14:24:37","modified_gmt":"2025-09-12T12:24:37","slug":"pelissier-monaco-une-equipe-tres-armee-sur-tous-les-plans","status":"publish","type":"post","link":"https:\/\/www.ladiagonale.net\/index.php\/2025\/09\/12\/pelissier-monaco-une-equipe-tres-armee-sur-tous-les-plans\/","title":{"rendered":"Pelissier : \u00ab\u00a0Monaco, une \u00e9quipe tr\u00e8s arm\u00e9e sur tous les plans\u00a0\u00bb"},"content":{"rendered":"\n<p>Samedi, Monaco retrouve Auxerre en championnat. Un mauvais souvenir pour Christophe Pelissier, l\u2019entra\u00eeneur de la formation bourguignonne : \u00ab\u00a0<em>L\u2019ann\u00e9e derni\u00e8re, on avait re\u00e7u Monaco \u00e0 la m\u00eame p\u00e9riode, \u00e0 la 4e journ\u00e9e. C\u2019est pour moi la plus forte \u00e9quipe que j\u2019ai vue ici sur un match (victoire 3-0). Elle nous avait fait une impression de puissance, de vitesse, de qualit\u00e9 technique. Je crois qu\u2019ils sont repartis sur les m\u00eames bases. On affronte un effectif dans son ensemble de tr\u00e8s haut niveau. On sait \u00e0 quoi s\u2019attendre sur ces matches-l\u00e0. (\u2026) On sait que c\u2019est une \u00e9quipe qui presse tr\u00e8s fort, qui est tr\u00e8s arm\u00e9e sur tous les plans. \u00c0 nous de r\u00e9pondre au mieux \u00e0 ce que va nous proposer Monaco.\u00a0<\/em>\u00bb<\/p>\n\n\n\n<p>Celui qui dirige l\u2019AJA depuis maintenant 2022 a bien s\u00fbr pr\u00e9par\u00e9 un plan pour l\u2019ASM, tout en ayant conscience du risque de voir celui-ci voler en \u00e9clats : \u00ab\u00a0<em>On a souvent tendance de dire que face \u00e0 ce genre d\u2019\u00e9quipe ce sont elles qui d\u00e9cident. Pourquoi ? Parce qu\u2019il y a un tel talent qu\u2019ils peuvent d\u00e9bloquer des situations n\u2019importe quand. M\u00eame si on fait presque le match parfait sur le plan tactique. On sait qu\u2019on doit faire le match parfait, sinon \u00e7a ne passe pas. Esp\u00e9rons qu\u2019eux ne le fassent pas. Sur des matches comme \u00e7a, on est \u00ab\u00a0outsiders\u00a0\u00bb, donc on a tout \u00e0 gagner, il faut r\u00eaver en grand. On a pr\u00e9par\u00e9 le match pour essayer de leur poser des probl\u00e8mes. Mais on peut mettre en place tout ce qu\u2019on veut, apr\u00e8s il y aura des un contre un sur tout le terrain avec \u00e9norm\u00e9ment de talent \u00e0 tous les postes.\u00a0<\/em>\u00bb<\/p>\n\n\n\n<p>Si P\u00e9lissier sait la valeur de l\u2019\u00e9quipe mon\u00e9gasque, il esp\u00e8re aussi voir les esprits des joueurs d\u2019Adi H\u00fctter tourn\u00e9s vers la Ligue des champions et Bruges, qui constituera le prochain rendez-vous, pour essayer de surprendre : \u00ab\u00a0<em>Mais c\u2019est aussi int\u00e9ressant \u00e0 jouer pour nous. Le match est pour eux plus difficile \u00e0 pr\u00e9parer. Ils ont un match de Ligue des champions qui arrive tr\u00e8s t\u00f4t, donc \u00e7a peut \u00eatre une pr\u00e9paration pour eux pour l\u2019Europe. Mais on a toujours su faire face contre des \u00e9quipes comme \u00e7a, sauf contre eux, notamment sur le match \u00e0 l\u2019aller o\u00f9 on a senti d\u00e8s le d\u00e9but qu\u2019ils avaient mis la main sur le match. On va voir si on a progress\u00e9.<\/em>\u00a0\u00bb<\/p>\n\n\n","protected":false},"excerpt":{"rendered":"<p>Samedi, Monaco retrouve Auxerre en championnat. Un mauvais souvenir pour Christophe Pelissier, l\u2019entra\u00eeneur de la formation bourguignonne : \u00ab\u00a0L\u2019ann\u00e9e derni\u00e8re, on avait re\u00e7u Monaco \u00e0 la m\u00eame p\u00e9riode, \u00e0 la 4e journ\u00e9e. C\u2019est pour moi la plus forte \u00e9quipe que j\u2019ai vue ici sur un match (victoire 3-0). Elle nous avait fait une impression de [&#8230;]\n","protected":false},"author":2,"featured_media":0,"comment_status":"open","ping_status":"open","sticky":false,"template":"","format":"standard","meta":[],"categories":[6,1000],"tags":[86,353,354,94],"yoast_head":"<!-- This site is optimized with the Yoast SEO plugin v19.8 - https:\/\/yoast.com\/wordpress\/plugins\/seo\/ -->\n<title>Pelissier : \u00ab\u00a0Monaco, une \u00e9quipe tr\u00e8s arm\u00e9e sur tous les plans\u00a0\u00bb - La Diagonale<\/title>\n<meta name=\"robots\" content=\"index, follow, max-snippet:-1, max-image-preview:large, max-video-preview:-1\" \/>\n<link rel=\"canonical\" href=\"https:\/\/www.ladiagonale.net\/index.php\/2025\/09\/12\/pelissier-monaco-une-equipe-tres-armee-sur-tous-les-plans\/\" \/>\n<meta property=\"og:locale\" content=\"fr_FR\" \/>\n<meta property=\"og:type\" content=\"article\" \/>\n<meta property=\"og:title\" content=\"Pelissier : \u00ab\u00a0Monaco, une \u00e9quipe tr\u00e8s arm\u00e9e sur tous les plans\u00a0\u00bb - La Diagonale\" \/>\n<meta property=\"og:description\" content=\"Samedi, Monaco retrouve Auxerre en championnat. Un mauvais souvenir pour Christophe Pelissier, l\u2019entra\u00eeneur de la formation bourguignonne : \u00ab\u00a0L\u2019ann\u00e9e derni\u00e8re, on avait re\u00e7u Monaco \u00e0 la m\u00eame p\u00e9riode, \u00e0 la 4e journ\u00e9e. C\u2019est pour moi la plus forte \u00e9quipe que j\u2019ai vue ici sur un match (victoire 3-0). Elle nous avait fait une impression de [...]\" \/>\n<meta property=\"og:url\" content=\"https:\/\/www.ladiagonale.net\/index.php\/2025\/09\/12\/pelissier-monaco-une-equipe-tres-armee-sur-tous-les-plans\/\" \/>\n<meta property=\"og:site_name\" content=\"La Diagonale\" \/>\n<meta property=\"article:published_time\" content=\"2025-09-12T12:23:30+00:00\" \/>\n<meta property=\"article:modified_time\" content=\"2025-09-12T12:24:37+00:00\" \/>\n<meta property=\"og:image\" content=\"https:\/\/www.ladiagonale.net\/wp-content\/uploads\/2022\/12\/pelissier.png\" \/>\n\t<meta property=\"og:image:width\" content=\"1160\" \/>\n\t<meta property=\"og:image:height\" content=\"650\" \/>\n\t<meta property=\"og:image:type\" content=\"image\/png\" \/>\n<meta name=\"author\" content=\"Damien Dellerba\" \/>\n<meta name=\"twitter:card\" content=\"summary_large_image\" \/>\n<meta name=\"twitter:image\" content=\"https:\/\/www.ladiagonale.net\/wp-content\/uploads\/2022\/12\/pelissier.png\" \/>\n<meta name=\"twitter:label1\" content=\"\u00c9crit par\" \/>\n\t<meta name=\"twitter:data1\" content=\"Damien Dellerba\" \/>\n\t<meta name=\"twitter:label2\" content=\"Dur\u00e9e de lecture estim\u00e9e\" \/>\n\t<meta name=\"twitter:data2\" content=\"2 minutes\" \/>\n<script type=\"application\/ld+json\" class=\"yoast-schema-graph\">{\"@context\":\"https:\/\/schema.org\",\"@graph\":[{\"@type\":\"WebPage\",\"@id\":\"https:\/\/www.ladiagonale.net\/index.php\/2025\/09\/12\/pelissier-monaco-une-equipe-tres-armee-sur-tous-les-plans\/\",\"url\":\"https:\/\/www.ladiagonale.net\/index.php\/2025\/09\/12\/pelissier-monaco-une-equipe-tres-armee-sur-tous-les-plans\/\",\"name\":\"Pelissier : \u00ab\u00a0Monaco, une \u00e9quipe tr\u00e8s arm\u00e9e sur tous les plans\u00a0\u00bb - La Diagonale\",\"isPartOf\":{\"@id\":\"https:\/\/www.ladiagonale.net\/#website\"},\"datePublished\":\"2025-09-12T12:23:30+00:00\",\"dateModified\":\"2025-09-12T12:24:37+00:00\",\"author\":{\"@id\":\"https:\/\/www.ladiagonale.net\/#\/schema\/person\/79ff1e7b0853ed01b2aa26e64ad300bf\"},\"breadcrumb\":{\"@id\":\"https:\/\/www.ladiagonale.net\/index.php\/2025\/09\/12\/pelissier-monaco-une-equipe-tres-armee-sur-tous-les-plans\/#breadcrumb\"},\"inLanguage\":\"fr-FR\",\"potentialAction\":[{\"@type\":\"ReadAction\",\"target\":[\"https:\/\/www.ladiagonale.net\/index.php\/2025\/09\/12\/pelissier-monaco-une-equipe-tres-armee-sur-tous-les-plans\/\"]}]},{\"@type\":\"BreadcrumbList\",\"@id\":\"https:\/\/www.ladiagonale.net\/index.php\/2025\/09\/12\/pelissier-monaco-une-equipe-tres-armee-sur-tous-les-plans\/#breadcrumb\",\"itemListElement\":[{\"@type\":\"ListItem\",\"position\":1,\"name\":\"Accueil\",\"item\":\"https:\/\/www.ladiagonale.net\/\"},{\"@type\":\"ListItem\",\"position\":2,\"name\":\"Pelissier : \u00ab\u00a0Monaco, une \u00e9quipe tr\u00e8s arm\u00e9e sur tous les plans\u00a0\u00bb\"}]},{\"@type\":\"WebSite\",\"@id\":\"https:\/\/www.ladiagonale.net\/#website\",\"url\":\"https:\/\/www.ladiagonale.net\/\",\"name\":\"La Diagonale\",\"description\":\"Le site des supporters de l&#039;AS Monaco FC\",\"potentialAction\":[{\"@type\":\"SearchAction\",\"target\":{\"@type\":\"EntryPoint\",\"urlTemplate\":\"https:\/\/www.ladiagonale.net\/?s={search_term_string}\"},\"query-input\":\"required name=search_term_string\"}],\"inLanguage\":\"fr-FR\"},{\"@type\":\"Person\",\"@id\":\"https:\/\/www.ladiagonale.net\/#\/schema\/person\/79ff1e7b0853ed01b2aa26e64ad300bf\",\"name\":\"Damien Dellerba\",\"image\":{\"@type\":\"ImageObject\",\"inLanguage\":\"fr-FR\",\"@id\":\"https:\/\/www.ladiagonale.net\/#\/schema\/person\/image\/\",\"url\":\"https:\/\/secure.gravatar.com\/avatar\/c7850e06d3ff63cdbaee88b7fc16e2f0?s=96&d=mm&r=g\",\"contentUrl\":\"https:\/\/secure.gravatar.com\/avatar\/c7850e06d3ff63cdbaee88b7fc16e2f0?s=96&d=mm&r=g\",\"caption\":\"Damien Dellerba\"},\"url\":\"https:\/\/www.ladiagonale.net\/index.php\/author\/damien\/\"}]}<\/script>\n<!-- \/ Yoast SEO plugin. -->","yoast_head_json":{"title":"Pelissier : \u00ab\u00a0Monaco, une \u00e9quipe tr\u00e8s arm\u00e9e sur tous les plans\u00a0\u00bb - La Diagonale","robots":{"index":"index","follow":"follow","max-snippet":"max-snippet:-1","max-image-preview":"max-image-preview:large","max-video-preview":"max-video-preview:-1"},"canonical":"https:\/\/www.ladiagonale.net\/index.php\/2025\/09\/12\/pelissier-monaco-une-equipe-tres-armee-sur-tous-les-plans\/","og_locale":"fr_FR","og_type":"article","og_title":"Pelissier : \u00ab\u00a0Monaco, une \u00e9quipe tr\u00e8s arm\u00e9e sur tous les plans\u00a0\u00bb - La Diagonale","og_description":"Samedi, Monaco retrouve Auxerre en championnat. Un mauvais souvenir pour Christophe Pelissier, l\u2019entra\u00eeneur de la formation bourguignonne : \u00ab\u00a0L\u2019ann\u00e9e derni\u00e8re, on avait re\u00e7u Monaco \u00e0 la m\u00eame p\u00e9riode, \u00e0 la 4e journ\u00e9e. C\u2019est pour moi la plus forte \u00e9quipe que j\u2019ai vue ici sur un match (victoire 3-0). Elle nous avait fait une impression de [...]","og_url":"https:\/\/www.ladiagonale.net\/index.php\/2025\/09\/12\/pelissier-monaco-une-equipe-tres-armee-sur-tous-les-plans\/","og_site_name":"La Diagonale","article_published_time":"2025-09-12T12:23:30+00:00","article_modified_time":"2025-09-12T12:24:37+00:00","og_image":[{"width":1160,"height":650,"url":"https:\/\/www.ladiagonale.net\/wp-content\/uploads\/2022\/12\/pelissier.png","type":"image\/png"}],"author":"Damien Dellerba","twitter_card":"summary_large_image","twitter_image":"https:\/\/www.ladiagonale.net\/wp-content\/uploads\/2022\/12\/pelissier.png","twitter_misc":{"\u00c9crit par":"Damien Dellerba","Dur\u00e9e de lecture estim\u00e9e":"2 minutes"},"schema":{"@context":"https:\/\/schema.org","@graph":[{"@type":"WebPage","@id":"https:\/\/www.ladiagonale.net\/index.php\/2025\/09\/12\/pelissier-monaco-une-equipe-tres-armee-sur-tous-les-plans\/","url":"https:\/\/www.ladiagonale.net\/index.php\/2025\/09\/12\/pelissier-monaco-une-equipe-tres-armee-sur-tous-les-plans\/","name":"Pelissier : \u00ab\u00a0Monaco, une \u00e9quipe tr\u00e8s arm\u00e9e sur tous les plans\u00a0\u00bb - La Diagonale","isPartOf":{"@id":"https:\/\/www.ladiagonale.net\/#website"},"datePublished":"2025-09-12T12:23:30+00:00","dateModified":"2025-09-12T12:24:37+00:00","author":{"@id":"https:\/\/www.ladiagonale.net\/#\/schema\/person\/79ff1e7b0853ed01b2aa26e64ad300bf"},"breadcrumb":{"@id":"https:\/\/www.ladiagonale.net\/index.php\/2025\/09\/12\/pelissier-monaco-une-equipe-tres-armee-sur-tous-les-plans\/#breadcrumb"},"inLanguage":"fr-FR","potentialAction":[{"@type":"ReadAction","target":["https:\/\/www.ladiagonale.net\/index.php\/2025\/09\/12\/pelissier-monaco-une-equipe-tres-armee-sur-tous-les-plans\/"]}]},{"@type":"BreadcrumbList","@id":"https:\/\/www.ladiagonale.net\/index.php\/2025\/09\/12\/pelissier-monaco-une-equipe-tres-armee-sur-tous-les-plans\/#breadcrumb","itemListElement":[{"@type":"ListItem","position":1,"name":"Accueil","item":"https:\/\/www.ladiagonale.net\/"},{"@type":"ListItem","position":2,"name":"Pelissier : \u00ab\u00a0Monaco, une \u00e9quipe tr\u00e8s arm\u00e9e sur tous les plans\u00a0\u00bb"}]},{"@type":"WebSite","@id":"https:\/\/www.ladiagonale.net\/#website","url":"https:\/\/www.ladiagonale.net\/","name":"La Diagonale","description":"Le site des supporters de l&#039;AS Monaco FC","potentialAction":[{"@type":"SearchAction","target":{"@type":"EntryPoint","urlTemplate":"https:\/\/www.ladiagonale.net\/?s={search_term_string}"},"query-input":"required name=search_term_string"}],"inLanguage":"fr-FR"},{"@type":"Person","@id":"https:\/\/www.ladiagonale.net\/#\/schema\/person\/79ff1e7b0853ed01b2aa26e64ad300bf","name":"Damien Dellerba","image":{"@type":"ImageObject","inLanguage":"fr-FR","@id":"https:\/\/www.ladiagonale.net\/#\/schema\/person\/image\/","url":"https:\/\/secure.gravatar.com\/avatar\/c7850e06d3ff63cdbaee88b7fc16e2f0?s=96&d=mm&r=g","contentUrl":"https:\/\/secure.gravatar.com\/avatar\/c7850e06d3ff63cdbaee88b7fc16e2f0?s=96&d=mm&r=g","caption":"Damien Dellerba"},"url":"https:\/\/www.ladiagonale.net\/index.php\/author\/damien\/"}]}},"_links":{"self":[{"href":"https:\/\/www.ladiagonale.net\/index.php\/wp-json\/wp\/v2\/posts\/33843"}],"collection":[{"href":"https:\/\/www.ladiagonale.net\/index.php\/wp-json\/wp\/v2\/posts"}],"about":[{"href":"https:\/\/www.ladiagonale.net\/index.php\/wp-json\/wp\/v2\/types\/post"}],"author":[{"embeddable":true,"href":"https:\/\/www.ladiagonale.net\/index.php\/wp-json\/wp\/v2\/users\/2"}],"replies":[{"embeddable":true,"href":"https:\/\/www.ladiagonale.net\/index.php\/wp-json\/wp\/v2\/comments?post=33843"}],"version-history":[{"count":2,"href":"https:\/\/www.ladiagonale.net\/index.php\/wp-json\/wp\/v2\/posts\/33843\/revisions"}],"predecessor-version":[{"id":33845,"href":"https:\/\/www.ladiagonale.net\/index.php\/wp-json\/wp\/v2\/posts\/33843\/revisions\/33845"}],"wp:attachment":[{"href":"https:\/\/www.ladiagonale.net\/index.php\/wp-json\/wp\/v2\/media?parent=33843"}],"wp:term":[{"taxonomy":"category","embeddable":true,"href":"https:\/\/www.ladiagonale.net\/index.php\/wp-json\/wp\/v2\/categories?post=33843"},{"taxonomy":"post_tag","embeddable":true,"href":"https:\/\/www.ladiagonale.net\/index.php\/wp-json\/wp\/v2\/tags?post=33843"}],"curies":[{"name":"wp","href":"https:\/\/api.w.org\/{rel}","templated":true}]}}