{"id":33847,"date":"2025-09-13T12:22:01","date_gmt":"2025-09-13T10:22:01","guid":{"rendered":"https:\/\/www.ladiagonale.net\/?p=33847"},"modified":"2025-09-13T12:22:03","modified_gmt":"2025-09-13T10:22:03","slug":"des-doutes-a-dissiper","status":"publish","type":"post","link":"https:\/\/www.ladiagonale.net\/index.php\/2025\/09\/13\/des-doutes-a-dissiper\/","title":{"rendered":"Des doutes \u00e0 dissiper"},"content":{"rendered":"\n<p><strong>La Ligue 1 reprend ses droits apr\u00e8s la premi\u00e8re tr\u00eave internationale. L&rsquo;AS Monaco doit se mettre en qu\u00eate de certitudes face \u00e0 Auxerre, avant de d\u00e9buter l&rsquo;aventure europ\u00e9enne.<\/strong><\/p>\n\n\n\n<p>Comme la saison derni\u00e8re, Monaco se rend \u00e0 Auxerre pour la 4<sup>e<\/sup> journ\u00e9e. Un hasard du calendrier, sans doute, et celui-ci n\u2019a pas \u00e9chapp\u00e9 \u00e0 l\u2019entra\u00eeneur de l\u2019AJA, Christophe Pelissier. Le technicien bourguignon se rappelle aussi vivement de la petite fess\u00e9e (3-0) qu\u2019il avait pris, lui et son \u00e9quipe, face \u00e0 une formation mon\u00e9gasque d\u00e9j\u00e0 bien en jambes. Selon lui, c\u2019\u00e9tait m\u00eame <a href=\"https:\/\/www.ladiagonale.net\/index.php\/2025\/09\/12\/pelissier-monaco-une-equipe-tres-armee-sur-tous-les-plans\/\" target=\"_blank\" rel=\"noreferrer noopener\">la meilleure \u00e9quipe qui s\u2019\u00e9tait rendue \u00e0 l\u2019Abb\u00e9-Deschamps<\/a> la saison derni\u00e8re et c\u2019est un beau compliment quand on sait avec quelle qualit\u00e9 le Paris Saint-Germain est all\u00e9 chercher son titre lors des douze derniers mois. <\/p>\n\n\n\n<p>Cette formation mon\u00e9gasque \u00e9tait alors emport\u00e9e dans un \u00e9lan joyeux et construisait une belle s\u00e9rie d\u2019invincibilit\u00e9. Elle ne s\u2019\u00e9tait pas non plus montr\u00e9e le moins du monde emprunt\u00e9e \u00e0 quelques jours de recevoir le Bar\u00e7a pour son retour en Ligue des champions. Une fois de plus, ce d\u00e9placement dans l\u2019Yonne pr\u00e9c\u00e9dera la premi\u00e8re lev\u00e9e en C1, avec pour cette fois un d\u00e9placement \u00e0 Bruges pour les Mon\u00e9gasques.<\/p>\n\n\n\n<h3>Une d\u00e9fense centrale d\u00e9class\u00e9e en Bourgogne ?<\/h3>\n\n\n\n<p>Il y a un an, les craintes de voir la tr\u00eave internationale casser la belle dynamique mon\u00e9gasque \u00e9taient grandes, mais cette fois, elles ne sont pas vraiment l\u00e0, pas plus que la dynamique. Les Rouge et Blanc ont d\u00e9j\u00e0 perdu contre Lille en 2<sup>e<\/sup> journ\u00e9e et ils sont faits peur contre Strasbourg juste avant la coupure, l\u2019emportant sur le fil apr\u00e8s avoir \u00e9t\u00e9 remont\u00e9s de deux buts en quelques minutes. Ce qui est certain, c\u2019est que l\u2019entra\u00eeneur de l\u2019ASM, Adi H\u00fctter, s\u2019est montr\u00e9 m\u00e9content de tout ou partie de ces deux rencontres de Ligue 1, en plus de celle inaugurale contre Le Havre, ce qui, malgr\u00e9 les r\u00e9sultats et le classement, n\u2019est pas n\u00e9cessairement un bon signe. <\/p>\n\n\n\n<p>L&rsquo;an pass\u00e9, face \u00e0 Auxerre, il n&rsquo;avait rien trouv\u00e9 \u00e0 redire sur la prestation de ses joueurs, ce qui \u00e9tait compr\u00e9hensible tant ils avaient domin\u00e9 de la t\u00eate aux pieds. Mais le technicien autrichien avait aussi align\u00e9 son \u00e9quipe type lors de cette rencontre et cela risque d&rsquo;\u00eatre bien diff\u00e9rent, samedi. Dans une sorte d&rsquo;ironie, la d\u00e9fense centrale titulaire en Bourgogne le 14 septembre 2024, pourrait bien \u00eatre la m\u00eame que celle du 13 septembre 2025, \u00e0 un d\u00e9tail pr\u00e8s, que Thilo Kehrer et Mohammed Salisu semblent aujourd&rsquo;hui \u00eatre d\u00e9class\u00e9s.<\/p>\n\n\n\n<h3>Une nouvelle chance pour K\u00f6hn<\/h3>\n\n\n\n<p>H\u00fctter sera cependant contraint de faire un changement dans les buts, et ce pour les deux prochains mois. La recrue finlandaise, Lukas Hradecky, a \u00e9t\u00e9 touch\u00e9e s\u00e9rieusement au genou gauche lors du match face \u00e0 Strasbourg apr\u00e8s un arr\u00eat r\u00e9flexe. Le gardien sera suppl\u00e9\u00e9 par Philipp K\u00f6hn, qui a r\u00e9alis\u00e9 une entr\u00e9e d\u00e9cisive contre la formation alsacienne. \u00ab&nbsp;<em>J\u2019ai le sentiment qu\u2019il est dans un bon mood, <\/em>a d\u00e9voil\u00e9 l&rsquo;entra\u00eeneur mon\u00e9gasque.<em> Je n\u2019ai pas de doutes sur le fait qu\u2019il sera performant ces prochaines semaines.<\/em>&nbsp;\u00bb <\/p>\n\n\n\n<p>Il n&rsquo;en aura de toute fa\u00e7on pas le choix et sa d\u00e9claration montre les limites de la communication et de son exercice. L&rsquo;ASM se voit dans l&rsquo;obligation de faire confiance \u00e0 un gardien qui ne lui donnait pas r\u00e9ellement satisfaction, H\u00fctter r\u00e9p\u00e9tant notamment qu&rsquo;il n&rsquo;\u00e9tait pas heureux de cette situation avec ses gardiens depuis qu&rsquo;il est sur le Rocher. Pour le bien de Monaco, il sera bon que K\u00f6hn ne fasse pas trop parler de lui. Comme il y a un an, \u00e0 Auxerre. Monaco vivait alors la meilleure p\u00e9riode de sa saison avec le Suisse dans ses cages. <\/p>\n","protected":false},"excerpt":{"rendered":"<p>La Ligue 1 reprend ses droits apr\u00e8s la premi\u00e8re tr\u00eave internationale. L&rsquo;AS Monaco doit se mettre en qu\u00eate de certitudes face \u00e0 Auxerre, avant de d\u00e9buter l&rsquo;aventure europ\u00e9enne. Comme la saison derni\u00e8re, Monaco se rend \u00e0 Auxerre pour la 4e journ\u00e9e. Un hasard du calendrier, sans doute, et celui-ci n\u2019a pas \u00e9chapp\u00e9 \u00e0 l\u2019entra\u00eeneur de [&#8230;]\n","protected":false},"author":2,"featured_media":33857,"comment_status":"closed","ping_status":"open","sticky":false,"template":"","format":"standard","meta":[],"categories":[5,6,1000],"tags":[86,353,94],"yoast_head":"<!-- This site is optimized with the Yoast SEO plugin v19.8 - https:\/\/yoast.com\/wordpress\/plugins\/seo\/ -->\n<title>Des doutes \u00e0 dissiper - La Diagonale<\/title>\n<meta name=\"robots\" content=\"index, follow, max-snippet:-1, max-image-preview:large, max-video-preview:-1\" \/>\n<link rel=\"canonical\" href=\"https:\/\/www.ladiagonale.net\/index.php\/2025\/09\/13\/des-doutes-a-dissiper\/\" \/>\n<meta property=\"og:locale\" content=\"fr_FR\" \/>\n<meta property=\"og:type\" content=\"article\" \/>\n<meta property=\"og:title\" content=\"Des doutes \u00e0 dissiper - La Diagonale\" \/>\n<meta property=\"og:description\" content=\"La Ligue 1 reprend ses droits apr\u00e8s la premi\u00e8re tr\u00eave internationale. L&rsquo;AS Monaco doit se mettre en qu\u00eate de certitudes face \u00e0 Auxerre, avant de d\u00e9buter l&rsquo;aventure europ\u00e9enne. Comme la saison derni\u00e8re, Monaco se rend \u00e0 Auxerre pour la 4e journ\u00e9e. Un hasard du calendrier, sans doute, et celui-ci n\u2019a pas \u00e9chapp\u00e9 \u00e0 l\u2019entra\u00eeneur de [...]\" \/>\n<meta property=\"og:url\" content=\"https:\/\/www.ladiagonale.net\/index.php\/2025\/09\/13\/des-doutes-a-dissiper\/\" \/>\n<meta property=\"og:site_name\" content=\"La Diagonale\" \/>\n<meta property=\"article:published_time\" content=\"2025-09-13T10:22:01+00:00\" \/>\n<meta property=\"article:modified_time\" content=\"2025-09-13T10:22:03+00:00\" \/>\n<meta property=\"og:image\" content=\"https:\/\/www.ladiagonale.net\/wp-content\/uploads\/2025\/09\/kohn-strasbourg.png\" \/>\n\t<meta property=\"og:image:width\" content=\"1160\" \/>\n\t<meta property=\"og:image:height\" content=\"650\" \/>\n\t<meta property=\"og:image:type\" content=\"image\/png\" \/>\n<meta name=\"author\" content=\"Damien Dellerba\" \/>\n<meta name=\"twitter:card\" content=\"summary_large_image\" \/>\n<meta name=\"twitter:image\" content=\"https:\/\/www.ladiagonale.net\/wp-content\/uploads\/2025\/09\/kohn-strasbourg.png\" \/>\n<meta name=\"twitter:label1\" content=\"\u00c9crit par\" \/>\n\t<meta name=\"twitter:data1\" content=\"Damien Dellerba\" \/>\n\t<meta name=\"twitter:label2\" content=\"Dur\u00e9e de lecture estim\u00e9e\" \/>\n\t<meta name=\"twitter:data2\" content=\"4 minutes\" \/>\n<script type=\"application\/ld+json\" class=\"yoast-schema-graph\">{\"@context\":\"https:\/\/schema.org\",\"@graph\":[{\"@type\":\"WebPage\",\"@id\":\"https:\/\/www.ladiagonale.net\/index.php\/2025\/09\/13\/des-doutes-a-dissiper\/\",\"url\":\"https:\/\/www.ladiagonale.net\/index.php\/2025\/09\/13\/des-doutes-a-dissiper\/\",\"name\":\"Des doutes \u00e0 dissiper - La Diagonale\",\"isPartOf\":{\"@id\":\"https:\/\/www.ladiagonale.net\/#website\"},\"datePublished\":\"2025-09-13T10:22:01+00:00\",\"dateModified\":\"2025-09-13T10:22:03+00:00\",\"author\":{\"@id\":\"https:\/\/www.ladiagonale.net\/#\/schema\/person\/79ff1e7b0853ed01b2aa26e64ad300bf\"},\"breadcrumb\":{\"@id\":\"https:\/\/www.ladiagonale.net\/index.php\/2025\/09\/13\/des-doutes-a-dissiper\/#breadcrumb\"},\"inLanguage\":\"fr-FR\",\"potentialAction\":[{\"@type\":\"ReadAction\",\"target\":[\"https:\/\/www.ladiagonale.net\/index.php\/2025\/09\/13\/des-doutes-a-dissiper\/\"]}]},{\"@type\":\"BreadcrumbList\",\"@id\":\"https:\/\/www.ladiagonale.net\/index.php\/2025\/09\/13\/des-doutes-a-dissiper\/#breadcrumb\",\"itemListElement\":[{\"@type\":\"ListItem\",\"position\":1,\"name\":\"Accueil\",\"item\":\"https:\/\/www.ladiagonale.net\/\"},{\"@type\":\"ListItem\",\"position\":2,\"name\":\"Des doutes \u00e0 dissiper\"}]},{\"@type\":\"WebSite\",\"@id\":\"https:\/\/www.ladiagonale.net\/#website\",\"url\":\"https:\/\/www.ladiagonale.net\/\",\"name\":\"La Diagonale\",\"description\":\"Le site des supporters de l&#039;AS Monaco FC\",\"potentialAction\":[{\"@type\":\"SearchAction\",\"target\":{\"@type\":\"EntryPoint\",\"urlTemplate\":\"https:\/\/www.ladiagonale.net\/?s={search_term_string}\"},\"query-input\":\"required name=search_term_string\"}],\"inLanguage\":\"fr-FR\"},{\"@type\":\"Person\",\"@id\":\"https:\/\/www.ladiagonale.net\/#\/schema\/person\/79ff1e7b0853ed01b2aa26e64ad300bf\",\"name\":\"Damien Dellerba\",\"image\":{\"@type\":\"ImageObject\",\"inLanguage\":\"fr-FR\",\"@id\":\"https:\/\/www.ladiagonale.net\/#\/schema\/person\/image\/\",\"url\":\"https:\/\/secure.gravatar.com\/avatar\/c7850e06d3ff63cdbaee88b7fc16e2f0?s=96&d=mm&r=g\",\"contentUrl\":\"https:\/\/secure.gravatar.com\/avatar\/c7850e06d3ff63cdbaee88b7fc16e2f0?s=96&d=mm&r=g\",\"caption\":\"Damien Dellerba\"},\"url\":\"https:\/\/www.ladiagonale.net\/index.php\/author\/damien\/\"}]}<\/script>\n<!-- \/ Yoast SEO plugin. -->","yoast_head_json":{"title":"Des doutes \u00e0 dissiper - La Diagonale","robots":{"index":"index","follow":"follow","max-snippet":"max-snippet:-1","max-image-preview":"max-image-preview:large","max-video-preview":"max-video-preview:-1"},"canonical":"https:\/\/www.ladiagonale.net\/index.php\/2025\/09\/13\/des-doutes-a-dissiper\/","og_locale":"fr_FR","og_type":"article","og_title":"Des doutes \u00e0 dissiper - La Diagonale","og_description":"La Ligue 1 reprend ses droits apr\u00e8s la premi\u00e8re tr\u00eave internationale. L&rsquo;AS Monaco doit se mettre en qu\u00eate de certitudes face \u00e0 Auxerre, avant de d\u00e9buter l&rsquo;aventure europ\u00e9enne. Comme la saison derni\u00e8re, Monaco se rend \u00e0 Auxerre pour la 4e journ\u00e9e. Un hasard du calendrier, sans doute, et celui-ci n\u2019a pas \u00e9chapp\u00e9 \u00e0 l\u2019entra\u00eeneur de [...]","og_url":"https:\/\/www.ladiagonale.net\/index.php\/2025\/09\/13\/des-doutes-a-dissiper\/","og_site_name":"La Diagonale","article_published_time":"2025-09-13T10:22:01+00:00","article_modified_time":"2025-09-13T10:22:03+00:00","og_image":[{"width":1160,"height":650,"url":"https:\/\/www.ladiagonale.net\/wp-content\/uploads\/2025\/09\/kohn-strasbourg.png","type":"image\/png"}],"author":"Damien Dellerba","twitter_card":"summary_large_image","twitter_image":"https:\/\/www.ladiagonale.net\/wp-content\/uploads\/2025\/09\/kohn-strasbourg.png","twitter_misc":{"\u00c9crit par":"Damien Dellerba","Dur\u00e9e de lecture estim\u00e9e":"4 minutes"},"schema":{"@context":"https:\/\/schema.org","@graph":[{"@type":"WebPage","@id":"https:\/\/www.ladiagonale.net\/index.php\/2025\/09\/13\/des-doutes-a-dissiper\/","url":"https:\/\/www.ladiagonale.net\/index.php\/2025\/09\/13\/des-doutes-a-dissiper\/","name":"Des doutes \u00e0 dissiper - La Diagonale","isPartOf":{"@id":"https:\/\/www.ladiagonale.net\/#website"},"datePublished":"2025-09-13T10:22:01+00:00","dateModified":"2025-09-13T10:22:03+00:00","author":{"@id":"https:\/\/www.ladiagonale.net\/#\/schema\/person\/79ff1e7b0853ed01b2aa26e64ad300bf"},"breadcrumb":{"@id":"https:\/\/www.ladiagonale.net\/index.php\/2025\/09\/13\/des-doutes-a-dissiper\/#breadcrumb"},"inLanguage":"fr-FR","potentialAction":[{"@type":"ReadAction","target":["https:\/\/www.ladiagonale.net\/index.php\/2025\/09\/13\/des-doutes-a-dissiper\/"]}]},{"@type":"BreadcrumbList","@id":"https:\/\/www.ladiagonale.net\/index.php\/2025\/09\/13\/des-doutes-a-dissiper\/#breadcrumb","itemListElement":[{"@type":"ListItem","position":1,"name":"Accueil","item":"https:\/\/www.ladiagonale.net\/"},{"@type":"ListItem","position":2,"name":"Des doutes \u00e0 dissiper"}]},{"@type":"WebSite","@id":"https:\/\/www.ladiagonale.net\/#website","url":"https:\/\/www.ladiagonale.net\/","name":"La Diagonale","description":"Le site des supporters de l&#039;AS Monaco FC","potentialAction":[{"@type":"SearchAction","target":{"@type":"EntryPoint","urlTemplate":"https:\/\/www.ladiagonale.net\/?s={search_term_string}"},"query-input":"required name=search_term_string"}],"inLanguage":"fr-FR"},{"@type":"Person","@id":"https:\/\/www.ladiagonale.net\/#\/schema\/person\/79ff1e7b0853ed01b2aa26e64ad300bf","name":"Damien Dellerba","image":{"@type":"ImageObject","inLanguage":"fr-FR","@id":"https:\/\/www.ladiagonale.net\/#\/schema\/person\/image\/","url":"https:\/\/secure.gravatar.com\/avatar\/c7850e06d3ff63cdbaee88b7fc16e2f0?s=96&d=mm&r=g","contentUrl":"https:\/\/secure.gravatar.com\/avatar\/c7850e06d3ff63cdbaee88b7fc16e2f0?s=96&d=mm&r=g","caption":"Damien Dellerba"},"url":"https:\/\/www.ladiagonale.net\/index.php\/author\/damien\/"}]}},"_links":{"self":[{"href":"https:\/\/www.ladiagonale.net\/index.php\/wp-json\/wp\/v2\/posts\/33847"}],"collection":[{"href":"https:\/\/www.ladiagonale.net\/index.php\/wp-json\/wp\/v2\/posts"}],"about":[{"href":"https:\/\/www.ladiagonale.net\/index.php\/wp-json\/wp\/v2\/types\/post"}],"author":[{"embeddable":true,"href":"https:\/\/www.ladiagonale.net\/index.php\/wp-json\/wp\/v2\/users\/2"}],"replies":[{"embeddable":true,"href":"https:\/\/www.ladiagonale.net\/index.php\/wp-json\/wp\/v2\/comments?post=33847"}],"version-history":[{"count":7,"href":"https:\/\/www.ladiagonale.net\/index.php\/wp-json\/wp\/v2\/posts\/33847\/revisions"}],"predecessor-version":[{"id":33858,"href":"https:\/\/www.ladiagonale.net\/index.php\/wp-json\/wp\/v2\/posts\/33847\/revisions\/33858"}],"wp:featuredmedia":[{"embeddable":true,"href":"https:\/\/www.ladiagonale.net\/index.php\/wp-json\/wp\/v2\/media\/33857"}],"wp:attachment":[{"href":"https:\/\/www.ladiagonale.net\/index.php\/wp-json\/wp\/v2\/media?parent=33847"}],"wp:term":[{"taxonomy":"category","embeddable":true,"href":"https:\/\/www.ladiagonale.net\/index.php\/wp-json\/wp\/v2\/categories?post=33847"},{"taxonomy":"post_tag","embeddable":true,"href":"https:\/\/www.ladiagonale.net\/index.php\/wp-json\/wp\/v2\/tags?post=33847"}],"curies":[{"name":"wp","href":"https:\/\/api.w.org\/{rel}","templated":true}]}}