{"id":33862,"date":"2025-09-13T15:38:56","date_gmt":"2025-09-13T13:38:56","guid":{"rendered":"https:\/\/www.ladiagonale.net\/?p=33862"},"modified":"2025-09-13T15:38:57","modified_gmt":"2025-09-13T13:38:57","slug":"pour-scuro-il-ny-a-jamais-eu-dinteret-pour-disasi","status":"publish","type":"post","link":"https:\/\/www.ladiagonale.net\/index.php\/2025\/09\/13\/pour-scuro-il-ny-a-jamais-eu-dinteret-pour-disasi\/","title":{"rendered":"Pour Scuro, il n\u2019y a jamais eu d\u2019int\u00e9r\u00eat pour Disasi"},"content":{"rendered":"\n<p>Apr\u00e8s le d\u00e9part de Wilfried Singo, l\u2019AS Monaco n\u2019a pas boug\u00e9 sur le march\u00e9 des transferts pour le compenser, r\u00e9int\u00e9grant notamment Mohammed Salisu, alors que celui-ci avait \u00e9t\u00e9 \u00e9cart\u00e9 lors des deux premi\u00e8res journ\u00e9es de championnat. Une rumeur envoyant Axel Disasi en Principaut\u00e9 avait alors \u00e9t\u00e9 r\u00e9v\u00e9l\u00e9e par <em>Foot Mercato<\/em>, et le joueur, qui aurait aim\u00e9 revenir \u00e0 l\u2019ASM, <a href=\"https:\/\/www.ladiagonale.net\/index.php\/2025\/09\/10\/disasi-a-pousse-jusqua-la-derniere-minute-pour-venir-a-monaco\/\" target=\"_blank\" rel=\"noreferrer noopener\">a confirm\u00e9 les approches<\/a> lors d\u2019un entretien donn\u00e9 au m\u00e9dia <em>Carr\u00e9<\/em>. <\/p>\n\n\n\n<p>L\u2019actuel d\u00e9fenseur de Chelsea aurait-il \u00e9t\u00e9 victime de fausses informations ? Thiago Scuro, le directeur g\u00e9n\u00e9ral de l\u2019ASM, semble le penser, puisqu\u2019il a affirm\u00e9 n\u2019avoir jamais \u00e9t\u00e9 int\u00e9ress\u00e9 par un pr\u00eat de Disasi : \u00ab\u00a0<em>Nous n\u2019avons pas pouss\u00e9 pour le faire venir en pr\u00eat. C&rsquo;est quelque chose qui a \u00e9t\u00e9 cr\u00e9\u00e9 par les m\u00e9dias. Cela arrive assez souvent pendant le mercato, o\u00f9 la presse parle de joueurs dont il n&rsquo;a jamais \u00e9t\u00e9 question. Lors du tirage au sort de la Ligue des champions, j\u2019ai rencontr\u00e9 le propri\u00e9taire de Chelsea. Je lui ai clairement dit que Monaco n&rsquo;\u00e9tait pas une option.\u00a0<\/em>\u00bb<\/p>\n\n\n\n<p class=\"has-text-align-right has-small-font-size\">Source : <em>Nice-Matin<\/em><\/p>\n\n\n","protected":false},"excerpt":{"rendered":"<p>Apr\u00e8s le d\u00e9part de Wilfried Singo, l\u2019AS Monaco n\u2019a pas boug\u00e9 sur le march\u00e9 des transferts pour le compenser, r\u00e9int\u00e9grant notamment Mohammed Salisu, alors que celui-ci avait \u00e9t\u00e9 \u00e9cart\u00e9 lors des deux premi\u00e8res journ\u00e9es de championnat. Une rumeur envoyant Axel Disasi en Principaut\u00e9 avait alors \u00e9t\u00e9 r\u00e9v\u00e9l\u00e9e par Foot Mercato, et le joueur, qui aurait [&#8230;]\n","protected":false},"author":2,"featured_media":0,"comment_status":"open","ping_status":"open","sticky":false,"template":"","format":"standard","meta":[],"categories":[6,1086],"tags":[86,178,111,479,110],"yoast_head":"<!-- This site is optimized with the Yoast SEO plugin v19.8 - https:\/\/yoast.com\/wordpress\/plugins\/seo\/ -->\n<title>Pour Scuro, il n\u2019y a jamais eu d\u2019int\u00e9r\u00eat pour Disasi - La Diagonale<\/title>\n<meta name=\"robots\" content=\"index, follow, max-snippet:-1, max-image-preview:large, max-video-preview:-1\" \/>\n<link rel=\"canonical\" href=\"https:\/\/www.ladiagonale.net\/index.php\/2025\/09\/13\/pour-scuro-il-ny-a-jamais-eu-dinteret-pour-disasi\/\" \/>\n<meta property=\"og:locale\" content=\"fr_FR\" \/>\n<meta property=\"og:type\" content=\"article\" \/>\n<meta property=\"og:title\" content=\"Pour Scuro, il n\u2019y a jamais eu d\u2019int\u00e9r\u00eat pour Disasi - La Diagonale\" \/>\n<meta property=\"og:description\" content=\"Apr\u00e8s le d\u00e9part de Wilfried Singo, l\u2019AS Monaco n\u2019a pas boug\u00e9 sur le march\u00e9 des transferts pour le compenser, r\u00e9int\u00e9grant notamment Mohammed Salisu, alors que celui-ci avait \u00e9t\u00e9 \u00e9cart\u00e9 lors des deux premi\u00e8res journ\u00e9es de championnat. Une rumeur envoyant Axel Disasi en Principaut\u00e9 avait alors \u00e9t\u00e9 r\u00e9v\u00e9l\u00e9e par Foot Mercato, et le joueur, qui aurait [...]\" \/>\n<meta property=\"og:url\" content=\"https:\/\/www.ladiagonale.net\/index.php\/2025\/09\/13\/pour-scuro-il-ny-a-jamais-eu-dinteret-pour-disasi\/\" \/>\n<meta property=\"og:site_name\" content=\"La Diagonale\" \/>\n<meta property=\"article:published_time\" content=\"2025-09-13T13:38:56+00:00\" \/>\n<meta property=\"article:modified_time\" content=\"2025-09-13T13:38:57+00:00\" \/>\n<meta property=\"og:image\" content=\"https:\/\/www.ladiagonale.net\/wp-content\/uploads\/2025\/07\/scuro.png\" \/>\n\t<meta property=\"og:image:width\" content=\"1160\" \/>\n\t<meta property=\"og:image:height\" content=\"650\" \/>\n\t<meta property=\"og:image:type\" content=\"image\/png\" \/>\n<meta name=\"author\" content=\"Damien Dellerba\" \/>\n<meta name=\"twitter:card\" content=\"summary_large_image\" \/>\n<meta name=\"twitter:image\" content=\"https:\/\/www.ladiagonale.net\/wp-content\/uploads\/2025\/07\/scuro.png\" \/>\n<meta name=\"twitter:label1\" content=\"\u00c9crit par\" \/>\n\t<meta name=\"twitter:data1\" content=\"Damien Dellerba\" \/>\n\t<meta name=\"twitter:label2\" content=\"Dur\u00e9e de lecture estim\u00e9e\" \/>\n\t<meta name=\"twitter:data2\" content=\"1 minute\" \/>\n<script type=\"application\/ld+json\" class=\"yoast-schema-graph\">{\"@context\":\"https:\/\/schema.org\",\"@graph\":[{\"@type\":\"WebPage\",\"@id\":\"https:\/\/www.ladiagonale.net\/index.php\/2025\/09\/13\/pour-scuro-il-ny-a-jamais-eu-dinteret-pour-disasi\/\",\"url\":\"https:\/\/www.ladiagonale.net\/index.php\/2025\/09\/13\/pour-scuro-il-ny-a-jamais-eu-dinteret-pour-disasi\/\",\"name\":\"Pour Scuro, il n\u2019y a jamais eu d\u2019int\u00e9r\u00eat pour Disasi - La Diagonale\",\"isPartOf\":{\"@id\":\"https:\/\/www.ladiagonale.net\/#website\"},\"datePublished\":\"2025-09-13T13:38:56+00:00\",\"dateModified\":\"2025-09-13T13:38:57+00:00\",\"author\":{\"@id\":\"https:\/\/www.ladiagonale.net\/#\/schema\/person\/79ff1e7b0853ed01b2aa26e64ad300bf\"},\"breadcrumb\":{\"@id\":\"https:\/\/www.ladiagonale.net\/index.php\/2025\/09\/13\/pour-scuro-il-ny-a-jamais-eu-dinteret-pour-disasi\/#breadcrumb\"},\"inLanguage\":\"fr-FR\",\"potentialAction\":[{\"@type\":\"ReadAction\",\"target\":[\"https:\/\/www.ladiagonale.net\/index.php\/2025\/09\/13\/pour-scuro-il-ny-a-jamais-eu-dinteret-pour-disasi\/\"]}]},{\"@type\":\"BreadcrumbList\",\"@id\":\"https:\/\/www.ladiagonale.net\/index.php\/2025\/09\/13\/pour-scuro-il-ny-a-jamais-eu-dinteret-pour-disasi\/#breadcrumb\",\"itemListElement\":[{\"@type\":\"ListItem\",\"position\":1,\"name\":\"Accueil\",\"item\":\"https:\/\/www.ladiagonale.net\/\"},{\"@type\":\"ListItem\",\"position\":2,\"name\":\"Pour Scuro, il n\u2019y a jamais eu d\u2019int\u00e9r\u00eat pour Disasi\"}]},{\"@type\":\"WebSite\",\"@id\":\"https:\/\/www.ladiagonale.net\/#website\",\"url\":\"https:\/\/www.ladiagonale.net\/\",\"name\":\"La Diagonale\",\"description\":\"Le site des supporters de l&#039;AS Monaco FC\",\"potentialAction\":[{\"@type\":\"SearchAction\",\"target\":{\"@type\":\"EntryPoint\",\"urlTemplate\":\"https:\/\/www.ladiagonale.net\/?s={search_term_string}\"},\"query-input\":\"required name=search_term_string\"}],\"inLanguage\":\"fr-FR\"},{\"@type\":\"Person\",\"@id\":\"https:\/\/www.ladiagonale.net\/#\/schema\/person\/79ff1e7b0853ed01b2aa26e64ad300bf\",\"name\":\"Damien Dellerba\",\"image\":{\"@type\":\"ImageObject\",\"inLanguage\":\"fr-FR\",\"@id\":\"https:\/\/www.ladiagonale.net\/#\/schema\/person\/image\/\",\"url\":\"https:\/\/secure.gravatar.com\/avatar\/c7850e06d3ff63cdbaee88b7fc16e2f0?s=96&d=mm&r=g\",\"contentUrl\":\"https:\/\/secure.gravatar.com\/avatar\/c7850e06d3ff63cdbaee88b7fc16e2f0?s=96&d=mm&r=g\",\"caption\":\"Damien Dellerba\"},\"url\":\"https:\/\/www.ladiagonale.net\/index.php\/author\/damien\/\"}]}<\/script>\n<!-- \/ Yoast SEO plugin. -->","yoast_head_json":{"title":"Pour Scuro, il n\u2019y a jamais eu d\u2019int\u00e9r\u00eat pour Disasi - La Diagonale","robots":{"index":"index","follow":"follow","max-snippet":"max-snippet:-1","max-image-preview":"max-image-preview:large","max-video-preview":"max-video-preview:-1"},"canonical":"https:\/\/www.ladiagonale.net\/index.php\/2025\/09\/13\/pour-scuro-il-ny-a-jamais-eu-dinteret-pour-disasi\/","og_locale":"fr_FR","og_type":"article","og_title":"Pour Scuro, il n\u2019y a jamais eu d\u2019int\u00e9r\u00eat pour Disasi - La Diagonale","og_description":"Apr\u00e8s le d\u00e9part de Wilfried Singo, l\u2019AS Monaco n\u2019a pas boug\u00e9 sur le march\u00e9 des transferts pour le compenser, r\u00e9int\u00e9grant notamment Mohammed Salisu, alors que celui-ci avait \u00e9t\u00e9 \u00e9cart\u00e9 lors des deux premi\u00e8res journ\u00e9es de championnat. Une rumeur envoyant Axel Disasi en Principaut\u00e9 avait alors \u00e9t\u00e9 r\u00e9v\u00e9l\u00e9e par Foot Mercato, et le joueur, qui aurait [...]","og_url":"https:\/\/www.ladiagonale.net\/index.php\/2025\/09\/13\/pour-scuro-il-ny-a-jamais-eu-dinteret-pour-disasi\/","og_site_name":"La Diagonale","article_published_time":"2025-09-13T13:38:56+00:00","article_modified_time":"2025-09-13T13:38:57+00:00","og_image":[{"width":1160,"height":650,"url":"https:\/\/www.ladiagonale.net\/wp-content\/uploads\/2025\/07\/scuro.png","type":"image\/png"}],"author":"Damien Dellerba","twitter_card":"summary_large_image","twitter_image":"https:\/\/www.ladiagonale.net\/wp-content\/uploads\/2025\/07\/scuro.png","twitter_misc":{"\u00c9crit par":"Damien Dellerba","Dur\u00e9e de lecture estim\u00e9e":"1 minute"},"schema":{"@context":"https:\/\/schema.org","@graph":[{"@type":"WebPage","@id":"https:\/\/www.ladiagonale.net\/index.php\/2025\/09\/13\/pour-scuro-il-ny-a-jamais-eu-dinteret-pour-disasi\/","url":"https:\/\/www.ladiagonale.net\/index.php\/2025\/09\/13\/pour-scuro-il-ny-a-jamais-eu-dinteret-pour-disasi\/","name":"Pour Scuro, il n\u2019y a jamais eu d\u2019int\u00e9r\u00eat pour Disasi - La Diagonale","isPartOf":{"@id":"https:\/\/www.ladiagonale.net\/#website"},"datePublished":"2025-09-13T13:38:56+00:00","dateModified":"2025-09-13T13:38:57+00:00","author":{"@id":"https:\/\/www.ladiagonale.net\/#\/schema\/person\/79ff1e7b0853ed01b2aa26e64ad300bf"},"breadcrumb":{"@id":"https:\/\/www.ladiagonale.net\/index.php\/2025\/09\/13\/pour-scuro-il-ny-a-jamais-eu-dinteret-pour-disasi\/#breadcrumb"},"inLanguage":"fr-FR","potentialAction":[{"@type":"ReadAction","target":["https:\/\/www.ladiagonale.net\/index.php\/2025\/09\/13\/pour-scuro-il-ny-a-jamais-eu-dinteret-pour-disasi\/"]}]},{"@type":"BreadcrumbList","@id":"https:\/\/www.ladiagonale.net\/index.php\/2025\/09\/13\/pour-scuro-il-ny-a-jamais-eu-dinteret-pour-disasi\/#breadcrumb","itemListElement":[{"@type":"ListItem","position":1,"name":"Accueil","item":"https:\/\/www.ladiagonale.net\/"},{"@type":"ListItem","position":2,"name":"Pour Scuro, il n\u2019y a jamais eu d\u2019int\u00e9r\u00eat pour Disasi"}]},{"@type":"WebSite","@id":"https:\/\/www.ladiagonale.net\/#website","url":"https:\/\/www.ladiagonale.net\/","name":"La Diagonale","description":"Le site des supporters de l&#039;AS Monaco FC","potentialAction":[{"@type":"SearchAction","target":{"@type":"EntryPoint","urlTemplate":"https:\/\/www.ladiagonale.net\/?s={search_term_string}"},"query-input":"required name=search_term_string"}],"inLanguage":"fr-FR"},{"@type":"Person","@id":"https:\/\/www.ladiagonale.net\/#\/schema\/person\/79ff1e7b0853ed01b2aa26e64ad300bf","name":"Damien Dellerba","image":{"@type":"ImageObject","inLanguage":"fr-FR","@id":"https:\/\/www.ladiagonale.net\/#\/schema\/person\/image\/","url":"https:\/\/secure.gravatar.com\/avatar\/c7850e06d3ff63cdbaee88b7fc16e2f0?s=96&d=mm&r=g","contentUrl":"https:\/\/secure.gravatar.com\/avatar\/c7850e06d3ff63cdbaee88b7fc16e2f0?s=96&d=mm&r=g","caption":"Damien Dellerba"},"url":"https:\/\/www.ladiagonale.net\/index.php\/author\/damien\/"}]}},"_links":{"self":[{"href":"https:\/\/www.ladiagonale.net\/index.php\/wp-json\/wp\/v2\/posts\/33862"}],"collection":[{"href":"https:\/\/www.ladiagonale.net\/index.php\/wp-json\/wp\/v2\/posts"}],"about":[{"href":"https:\/\/www.ladiagonale.net\/index.php\/wp-json\/wp\/v2\/types\/post"}],"author":[{"embeddable":true,"href":"https:\/\/www.ladiagonale.net\/index.php\/wp-json\/wp\/v2\/users\/2"}],"replies":[{"embeddable":true,"href":"https:\/\/www.ladiagonale.net\/index.php\/wp-json\/wp\/v2\/comments?post=33862"}],"version-history":[{"count":1,"href":"https:\/\/www.ladiagonale.net\/index.php\/wp-json\/wp\/v2\/posts\/33862\/revisions"}],"predecessor-version":[{"id":33863,"href":"https:\/\/www.ladiagonale.net\/index.php\/wp-json\/wp\/v2\/posts\/33862\/revisions\/33863"}],"wp:attachment":[{"href":"https:\/\/www.ladiagonale.net\/index.php\/wp-json\/wp\/v2\/media?parent=33862"}],"wp:term":[{"taxonomy":"category","embeddable":true,"href":"https:\/\/www.ladiagonale.net\/index.php\/wp-json\/wp\/v2\/categories?post=33862"},{"taxonomy":"post_tag","embeddable":true,"href":"https:\/\/www.ladiagonale.net\/index.php\/wp-json\/wp\/v2\/tags?post=33862"}],"curies":[{"name":"wp","href":"https:\/\/api.w.org\/{rel}","templated":true}]}}