{"id":33864,"date":"2025-09-13T20:22:44","date_gmt":"2025-09-13T18:22:44","guid":{"rendered":"https:\/\/www.ladiagonale.net\/?p=33864"},"modified":"2025-09-13T20:22:44","modified_gmt":"2025-09-13T18:22:44","slug":"les-compositions-hutter-fait-tourner-en-defense","status":"publish","type":"post","link":"https:\/\/www.ladiagonale.net\/index.php\/2025\/09\/13\/les-compositions-hutter-fait-tourner-en-defense\/","title":{"rendered":"Les compositions : H\u00fctter fait tourner en d\u00e9fense"},"content":{"rendered":"\n<p>En vue de la rencontre \u00e0 Bruges en Ligue des champions, Adi H\u00fctter a proc\u00e9d\u00e9 \u00e0 une large revue d\u2019effectif. L\u2019entra\u00eeneur de l\u2019AS a chang\u00e9 toute sa d\u00e9fense pour affronter Auxerre. Vanderson, Thilo Kehrer, Mohammed Salisu et Kassoum Ouattara sont titulaires.<\/p>\n\n\n\n<p>\u00c0 noter \u00e9galement la premi\u00e8re titularisation d\u2019Aladji Bamba. Il \u00e9voluera au c\u00f4t\u00e9 de Denis Zakaria. <\/p>\n\n\n\n<p>AJ Auxerre : De Percin &#8211; Oppegard, Senaya, Siw\u00e9, Mensah &#8211; Casimir, Owusu, Danois, Namaso &#8211; Mara, Sinayoko.<\/p>\n\n\n\n<p>AS Monaco : K\u00f6hn &#8211; Vanderson, Kehrer, Salisu, Ouattara &#8211; Akliouche, Bamba, Zakaria (cap.), Minamino &#8211; Biereth, Balogun.<\/p>\n","protected":false},"excerpt":{"rendered":"<p>En vue de la rencontre \u00e0 Bruges en Ligue des champions, Adi H\u00fctter a proc\u00e9d\u00e9 \u00e0 une large revue d\u2019effectif. L\u2019entra\u00eeneur de l\u2019AS a chang\u00e9 toute sa d\u00e9fense pour affronter Auxerre. Vanderson, Thilo Kehrer, Mohammed Salisu et Kassoum Ouattara sont titulaires. \u00c0 noter \u00e9galement la premi\u00e8re titularisation d\u2019Aladji Bamba. Il \u00e9voluera au c\u00f4t\u00e9 de Denis [&#8230;]\n","protected":false},"author":2,"featured_media":0,"comment_status":"closed","ping_status":"open","sticky":false,"template":"","format":"standard","meta":[],"categories":[4,6,1],"tags":[],"yoast_head":"<!-- This site is optimized with the Yoast SEO plugin v19.8 - https:\/\/yoast.com\/wordpress\/plugins\/seo\/ -->\n<title>Les compositions : H\u00fctter fait tourner en d\u00e9fense - La Diagonale<\/title>\n<meta name=\"robots\" content=\"index, follow, max-snippet:-1, max-image-preview:large, max-video-preview:-1\" \/>\n<link rel=\"canonical\" href=\"https:\/\/www.ladiagonale.net\/index.php\/2025\/09\/13\/les-compositions-hutter-fait-tourner-en-defense\/\" \/>\n<meta property=\"og:locale\" content=\"fr_FR\" \/>\n<meta property=\"og:type\" content=\"article\" \/>\n<meta property=\"og:title\" content=\"Les compositions : H\u00fctter fait tourner en d\u00e9fense - La Diagonale\" \/>\n<meta property=\"og:description\" content=\"En vue de la rencontre \u00e0 Bruges en Ligue des champions, Adi H\u00fctter a proc\u00e9d\u00e9 \u00e0 une large revue d\u2019effectif. L\u2019entra\u00eeneur de l\u2019AS a chang\u00e9 toute sa d\u00e9fense pour affronter Auxerre. Vanderson, Thilo Kehrer, Mohammed Salisu et Kassoum Ouattara sont titulaires. \u00c0 noter \u00e9galement la premi\u00e8re titularisation d\u2019Aladji Bamba. Il \u00e9voluera au c\u00f4t\u00e9 de Denis [...]\" \/>\n<meta property=\"og:url\" content=\"https:\/\/www.ladiagonale.net\/index.php\/2025\/09\/13\/les-compositions-hutter-fait-tourner-en-defense\/\" \/>\n<meta property=\"og:site_name\" content=\"La Diagonale\" \/>\n<meta property=\"article:published_time\" content=\"2025-09-13T18:22:44+00:00\" \/>\n<meta name=\"author\" content=\"Damien Dellerba\" \/>\n<meta name=\"twitter:card\" content=\"summary_large_image\" \/>\n<meta name=\"twitter:label1\" content=\"\u00c9crit par\" \/>\n\t<meta name=\"twitter:data1\" content=\"Damien Dellerba\" \/>\n<script type=\"application\/ld+json\" class=\"yoast-schema-graph\">{\"@context\":\"https:\/\/schema.org\",\"@graph\":[{\"@type\":\"WebPage\",\"@id\":\"https:\/\/www.ladiagonale.net\/index.php\/2025\/09\/13\/les-compositions-hutter-fait-tourner-en-defense\/\",\"url\":\"https:\/\/www.ladiagonale.net\/index.php\/2025\/09\/13\/les-compositions-hutter-fait-tourner-en-defense\/\",\"name\":\"Les compositions : H\u00fctter fait tourner en d\u00e9fense - La Diagonale\",\"isPartOf\":{\"@id\":\"https:\/\/www.ladiagonale.net\/#website\"},\"datePublished\":\"2025-09-13T18:22:44+00:00\",\"dateModified\":\"2025-09-13T18:22:44+00:00\",\"author\":{\"@id\":\"https:\/\/www.ladiagonale.net\/#\/schema\/person\/79ff1e7b0853ed01b2aa26e64ad300bf\"},\"breadcrumb\":{\"@id\":\"https:\/\/www.ladiagonale.net\/index.php\/2025\/09\/13\/les-compositions-hutter-fait-tourner-en-defense\/#breadcrumb\"},\"inLanguage\":\"fr-FR\",\"potentialAction\":[{\"@type\":\"ReadAction\",\"target\":[\"https:\/\/www.ladiagonale.net\/index.php\/2025\/09\/13\/les-compositions-hutter-fait-tourner-en-defense\/\"]}]},{\"@type\":\"BreadcrumbList\",\"@id\":\"https:\/\/www.ladiagonale.net\/index.php\/2025\/09\/13\/les-compositions-hutter-fait-tourner-en-defense\/#breadcrumb\",\"itemListElement\":[{\"@type\":\"ListItem\",\"position\":1,\"name\":\"Accueil\",\"item\":\"https:\/\/www.ladiagonale.net\/\"},{\"@type\":\"ListItem\",\"position\":2,\"name\":\"Les compositions : H\u00fctter fait tourner en d\u00e9fense\"}]},{\"@type\":\"WebSite\",\"@id\":\"https:\/\/www.ladiagonale.net\/#website\",\"url\":\"https:\/\/www.ladiagonale.net\/\",\"name\":\"La Diagonale\",\"description\":\"Le site des supporters de l&#039;AS Monaco FC\",\"potentialAction\":[{\"@type\":\"SearchAction\",\"target\":{\"@type\":\"EntryPoint\",\"urlTemplate\":\"https:\/\/www.ladiagonale.net\/?s={search_term_string}\"},\"query-input\":\"required name=search_term_string\"}],\"inLanguage\":\"fr-FR\"},{\"@type\":\"Person\",\"@id\":\"https:\/\/www.ladiagonale.net\/#\/schema\/person\/79ff1e7b0853ed01b2aa26e64ad300bf\",\"name\":\"Damien Dellerba\",\"image\":{\"@type\":\"ImageObject\",\"inLanguage\":\"fr-FR\",\"@id\":\"https:\/\/www.ladiagonale.net\/#\/schema\/person\/image\/\",\"url\":\"https:\/\/secure.gravatar.com\/avatar\/c7850e06d3ff63cdbaee88b7fc16e2f0?s=96&d=mm&r=g\",\"contentUrl\":\"https:\/\/secure.gravatar.com\/avatar\/c7850e06d3ff63cdbaee88b7fc16e2f0?s=96&d=mm&r=g\",\"caption\":\"Damien Dellerba\"},\"url\":\"https:\/\/www.ladiagonale.net\/index.php\/author\/damien\/\"}]}<\/script>\n<!-- \/ Yoast SEO plugin. -->","yoast_head_json":{"title":"Les compositions : H\u00fctter fait tourner en d\u00e9fense - La Diagonale","robots":{"index":"index","follow":"follow","max-snippet":"max-snippet:-1","max-image-preview":"max-image-preview:large","max-video-preview":"max-video-preview:-1"},"canonical":"https:\/\/www.ladiagonale.net\/index.php\/2025\/09\/13\/les-compositions-hutter-fait-tourner-en-defense\/","og_locale":"fr_FR","og_type":"article","og_title":"Les compositions : H\u00fctter fait tourner en d\u00e9fense - La Diagonale","og_description":"En vue de la rencontre \u00e0 Bruges en Ligue des champions, Adi H\u00fctter a proc\u00e9d\u00e9 \u00e0 une large revue d\u2019effectif. L\u2019entra\u00eeneur de l\u2019AS a chang\u00e9 toute sa d\u00e9fense pour affronter Auxerre. Vanderson, Thilo Kehrer, Mohammed Salisu et Kassoum Ouattara sont titulaires. \u00c0 noter \u00e9galement la premi\u00e8re titularisation d\u2019Aladji Bamba. Il \u00e9voluera au c\u00f4t\u00e9 de Denis [...]","og_url":"https:\/\/www.ladiagonale.net\/index.php\/2025\/09\/13\/les-compositions-hutter-fait-tourner-en-defense\/","og_site_name":"La Diagonale","article_published_time":"2025-09-13T18:22:44+00:00","author":"Damien Dellerba","twitter_card":"summary_large_image","twitter_misc":{"\u00c9crit par":"Damien Dellerba"},"schema":{"@context":"https:\/\/schema.org","@graph":[{"@type":"WebPage","@id":"https:\/\/www.ladiagonale.net\/index.php\/2025\/09\/13\/les-compositions-hutter-fait-tourner-en-defense\/","url":"https:\/\/www.ladiagonale.net\/index.php\/2025\/09\/13\/les-compositions-hutter-fait-tourner-en-defense\/","name":"Les compositions : H\u00fctter fait tourner en d\u00e9fense - La Diagonale","isPartOf":{"@id":"https:\/\/www.ladiagonale.net\/#website"},"datePublished":"2025-09-13T18:22:44+00:00","dateModified":"2025-09-13T18:22:44+00:00","author":{"@id":"https:\/\/www.ladiagonale.net\/#\/schema\/person\/79ff1e7b0853ed01b2aa26e64ad300bf"},"breadcrumb":{"@id":"https:\/\/www.ladiagonale.net\/index.php\/2025\/09\/13\/les-compositions-hutter-fait-tourner-en-defense\/#breadcrumb"},"inLanguage":"fr-FR","potentialAction":[{"@type":"ReadAction","target":["https:\/\/www.ladiagonale.net\/index.php\/2025\/09\/13\/les-compositions-hutter-fait-tourner-en-defense\/"]}]},{"@type":"BreadcrumbList","@id":"https:\/\/www.ladiagonale.net\/index.php\/2025\/09\/13\/les-compositions-hutter-fait-tourner-en-defense\/#breadcrumb","itemListElement":[{"@type":"ListItem","position":1,"name":"Accueil","item":"https:\/\/www.ladiagonale.net\/"},{"@type":"ListItem","position":2,"name":"Les compositions : H\u00fctter fait tourner en d\u00e9fense"}]},{"@type":"WebSite","@id":"https:\/\/www.ladiagonale.net\/#website","url":"https:\/\/www.ladiagonale.net\/","name":"La Diagonale","description":"Le site des supporters de l&#039;AS Monaco FC","potentialAction":[{"@type":"SearchAction","target":{"@type":"EntryPoint","urlTemplate":"https:\/\/www.ladiagonale.net\/?s={search_term_string}"},"query-input":"required name=search_term_string"}],"inLanguage":"fr-FR"},{"@type":"Person","@id":"https:\/\/www.ladiagonale.net\/#\/schema\/person\/79ff1e7b0853ed01b2aa26e64ad300bf","name":"Damien Dellerba","image":{"@type":"ImageObject","inLanguage":"fr-FR","@id":"https:\/\/www.ladiagonale.net\/#\/schema\/person\/image\/","url":"https:\/\/secure.gravatar.com\/avatar\/c7850e06d3ff63cdbaee88b7fc16e2f0?s=96&d=mm&r=g","contentUrl":"https:\/\/secure.gravatar.com\/avatar\/c7850e06d3ff63cdbaee88b7fc16e2f0?s=96&d=mm&r=g","caption":"Damien Dellerba"},"url":"https:\/\/www.ladiagonale.net\/index.php\/author\/damien\/"}]}},"_links":{"self":[{"href":"https:\/\/www.ladiagonale.net\/index.php\/wp-json\/wp\/v2\/posts\/33864"}],"collection":[{"href":"https:\/\/www.ladiagonale.net\/index.php\/wp-json\/wp\/v2\/posts"}],"about":[{"href":"https:\/\/www.ladiagonale.net\/index.php\/wp-json\/wp\/v2\/types\/post"}],"author":[{"embeddable":true,"href":"https:\/\/www.ladiagonale.net\/index.php\/wp-json\/wp\/v2\/users\/2"}],"replies":[{"embeddable":true,"href":"https:\/\/www.ladiagonale.net\/index.php\/wp-json\/wp\/v2\/comments?post=33864"}],"version-history":[{"count":2,"href":"https:\/\/www.ladiagonale.net\/index.php\/wp-json\/wp\/v2\/posts\/33864\/revisions"}],"predecessor-version":[{"id":33866,"href":"https:\/\/www.ladiagonale.net\/index.php\/wp-json\/wp\/v2\/posts\/33864\/revisions\/33866"}],"wp:attachment":[{"href":"https:\/\/www.ladiagonale.net\/index.php\/wp-json\/wp\/v2\/media?parent=33864"}],"wp:term":[{"taxonomy":"category","embeddable":true,"href":"https:\/\/www.ladiagonale.net\/index.php\/wp-json\/wp\/v2\/categories?post=33864"},{"taxonomy":"post_tag","embeddable":true,"href":"https:\/\/www.ladiagonale.net\/index.php\/wp-json\/wp\/v2\/tags?post=33864"}],"curies":[{"name":"wp","href":"https:\/\/api.w.org\/{rel}","templated":true}]}}