{"id":33867,"date":"2025-09-13T23:12:32","date_gmt":"2025-09-13T21:12:32","guid":{"rendered":"https:\/\/www.ladiagonale.net\/?p=33867"},"modified":"2025-09-15T01:13:21","modified_gmt":"2025-09-14T23:13:21","slug":"monaco-simpose-encore-sur-le-fil-a-auxerre-2-1","status":"publish","type":"post","link":"https:\/\/www.ladiagonale.net\/index.php\/2025\/09\/13\/monaco-simpose-encore-sur-le-fil-a-auxerre-2-1\/","title":{"rendered":"Monaco s&rsquo;impose dans la douleur \u00e0 Auxerre (2-1)"},"content":{"rendered":"\n\n\n<p>Il y a un an, l\u2019AS Monaco n\u2019avait fait aucun cadeau \u00e0 l\u2019\u00e9quipe d\u2019Auxerre avant de recevoir Barcelone en Ligue des champions. Mais cette fois, il semble bien que la comp\u00e9tition aux \u00e9toiles avait accapar\u00e9 l\u2019esprit de pas mal de Mon\u00e9gasques, \u00e0 commencer par celui d\u2019Adi H\u00fctter. Le technicien autrichien avait choisi de laisser au repos de nombreux titulaires, et en particulier en d\u00e9fense, o\u00f9 il a totalement renouvel\u00e9 sa ligne de quatre. Un choix qui n\u2019a pas franchement pay\u00e9, puisque celle-ci est apparue particuli\u00e8rement f\u00e9brile.<\/p>\n\n\n\n<p>La rencontre a \u00e9t\u00e9 particuli\u00e8rement anim\u00e9e et il y a eu des occasions des deux c\u00f4t\u00e9s. Mais s\u2019il fallait compter les points, c\u2019\u00e9tait peut-\u00eatre les Auxerrois qui avaient l\u2019avantage \u00e0 la fin du premier acte. Sur plusieurs contres assez justes, les Bourguignons se sont retrouv\u00e9s \u00e0 diff\u00e9rentes reprises dans une position dangereuse, profitant notamment d&rsquo;une d\u00e9fense rouge et blanche pas toujours bien align\u00e9e. Paradoxalement, sans avoir donn\u00e9 l\u2019impression de ma\u00eetriser son sujet, ce sont pourtant bien les Mon\u00e9gasques qui ont rejoint les vestiaires avec l\u2019avantage, celui-ci au tableau d\u2019affichage. Un but quelque peu heureux, avec un ballon remis\u00e9 dans la surface par Folarin Balogun qui a rebondi sur Mensah. Attentif, Takumi Minamino suivait pour propulser le cuir au fond des filets (1-0, 45<sup>e<\/sup>+2).<\/p>\n\n\n\n<p>Un avantage sans trop forcer mais il fallait encore le tenir et les Mon\u00e9gasques ont beaucoup trop recul\u00e9 pour ne pas se faire remonter. Une faute obtenue par Paris Brunner valait \u00e0 Casimir de se faire expulser (68<sup>e<\/sup>) et on pouvait croire que la pente allait s&rsquo;\u00e9lever pour l&rsquo;adversaire de l&rsquo;ASM. Paradoxalement, c\u2019est seulement quelques minutes apr\u00e8s avoir \u00e9t\u00e9 r\u00e9duits \u00e0 dix que les Auxerrois sont revenus dans la partie, gr\u00e2ce \u00e0 un but contre son camp de Mohammed Salisu, qui a renvoy\u00e9 dans ses propres filets un centre de Namaso (1-1, 73<sup>e<\/sup>), alors qu&rsquo;une faute sur Thilo Kehrer aurait pu \u00eatre siffl\u00e9e sur l&rsquo;action pr\u00e9c\u00e9dente. Le public de l\u2019Abb\u00e9-Deschamps a senti le vent tourner et le momentum de la partie basculer en faveur de son \u00e9quipe. <\/p>\n\n\n\n<p>Elle a donc pouss\u00e9 mais comme un symbole, la pluie qui s&rsquo;est abattue en trombes sur la pelouse bourguignonne durant toute la rencontre a finalement douch\u00e9 ses espoirs. Les Mon\u00e9gasques ont lanc\u00e9 un premier avertissement, lorsque Zakaria, d\u00e9s\u00e9quilibr\u00e9 par Oppegard, s\u2019est \u00e9croul\u00e9 dans la surface (81<sup>e<\/sup>). Un contact l\u00e9ger et un p\u00e9nalty g\u00e9n\u00e9reux mais pourtant valide. Sans raison particuli\u00e8re, celui-ci a \u00e9t\u00e9 revu \u00e0 la VAR et l\u2019arbitre de la rencontre l\u2019a finalement annul\u00e9. Le second avertissement a \u00e9t\u00e9 ensuite une barre transversale trouv\u00e9e par Kehrer (86<sup>e<\/sup>). La troisi\u00e8me a \u00e9t\u00e9 en revanche le coup de semonce. Sur un centre parfaitement ajust\u00e9 par Vanderson, George Ilenikhena a pris le dessus sur Siw\u00e9 et plac\u00e9 une t\u00eate imparable pour tromper De Percin (2-1, 89<sup>e<\/sup>).<\/p>\n\n\n\n<p>Sans forc\u00e9ment afficher sa sup\u00e9riorit\u00e9, l&rsquo;ASM a \u00e9t\u00e9 en mesure de faire des diff\u00e9rences gr\u00e2ce \u00e0 ses qualit\u00e9s individuelles, ce que craignait le coach auxerrois Christophe Pelissier avant la rencontre. Reste que dans le jeu, cette \u00e9quipe mon\u00e9gasque actuelle n&rsquo;a pas une grande marge de man\u0153uvre. Pour un match de reprise, et avant la Ligue des champions, jeudi \u00e0 Bruges, il faudra appr\u00e9cier ses trois points qui permettent \u00e0 l&rsquo;ASM de rester positionn\u00e9e dans le peloton de t\u00eate. Mais nul doute qu&rsquo;il faudra montrer un visage plus conqu\u00e9rant assez vite.<\/p>\n","protected":false},"excerpt":{"rendered":"<p>Il y a un an, l\u2019AS Monaco n\u2019avait fait aucun cadeau \u00e0 l\u2019\u00e9quipe d\u2019Auxerre avant de recevoir Barcelone en Ligue des champions. Mais cette fois, il semble bien que la comp\u00e9tition aux \u00e9toiles avait accapar\u00e9 l\u2019esprit de pas mal de Mon\u00e9gasques, \u00e0 commencer par celui d\u2019Adi H\u00fctter. Le technicien autrichien avait choisi de laisser au [&#8230;]\n","protected":false},"author":2,"featured_media":33868,"comment_status":"open","ping_status":"open","sticky":false,"template":"","format":"standard","meta":[],"categories":[5,6,1],"tags":[86,353,94],"yoast_head":"<!-- This site is optimized with the Yoast SEO plugin v19.8 - https:\/\/yoast.com\/wordpress\/plugins\/seo\/ -->\n<title>Monaco s&#039;impose dans la douleur \u00e0 Auxerre (2-1) - La Diagonale<\/title>\n<meta name=\"robots\" content=\"index, follow, max-snippet:-1, max-image-preview:large, max-video-preview:-1\" \/>\n<link rel=\"canonical\" href=\"https:\/\/www.ladiagonale.net\/index.php\/2025\/09\/13\/monaco-simpose-encore-sur-le-fil-a-auxerre-2-1\/\" \/>\n<meta property=\"og:locale\" content=\"fr_FR\" \/>\n<meta property=\"og:type\" content=\"article\" \/>\n<meta property=\"og:title\" content=\"Monaco s&#039;impose dans la douleur \u00e0 Auxerre (2-1) - La Diagonale\" \/>\n<meta property=\"og:description\" content=\"Il y a un an, l\u2019AS Monaco n\u2019avait fait aucun cadeau \u00e0 l\u2019\u00e9quipe d\u2019Auxerre avant de recevoir Barcelone en Ligue des champions. Mais cette fois, il semble bien que la comp\u00e9tition aux \u00e9toiles avait accapar\u00e9 l\u2019esprit de pas mal de Mon\u00e9gasques, \u00e0 commencer par celui d\u2019Adi H\u00fctter. Le technicien autrichien avait choisi de laisser au [...]\" \/>\n<meta property=\"og:url\" content=\"https:\/\/www.ladiagonale.net\/index.php\/2025\/09\/13\/monaco-simpose-encore-sur-le-fil-a-auxerre-2-1\/\" \/>\n<meta property=\"og:site_name\" content=\"La Diagonale\" \/>\n<meta property=\"article:published_time\" content=\"2025-09-13T21:12:32+00:00\" \/>\n<meta property=\"article:modified_time\" content=\"2025-09-14T23:13:21+00:00\" \/>\n<meta property=\"og:image\" content=\"https:\/\/www.ladiagonale.net\/wp-content\/uploads\/2025\/09\/ASMAJA.png\" \/>\n\t<meta property=\"og:image:width\" content=\"1160\" \/>\n\t<meta property=\"og:image:height\" content=\"650\" \/>\n\t<meta property=\"og:image:type\" content=\"image\/png\" \/>\n<meta name=\"author\" content=\"Damien Dellerba\" \/>\n<meta name=\"twitter:card\" content=\"summary_large_image\" \/>\n<meta name=\"twitter:image\" content=\"https:\/\/www.ladiagonale.net\/wp-content\/uploads\/2025\/09\/ASMAJA.png\" \/>\n<meta name=\"twitter:label1\" content=\"\u00c9crit par\" \/>\n\t<meta name=\"twitter:data1\" content=\"Damien Dellerba\" \/>\n\t<meta name=\"twitter:label2\" content=\"Dur\u00e9e de lecture estim\u00e9e\" \/>\n\t<meta name=\"twitter:data2\" content=\"3 minutes\" \/>\n<script type=\"application\/ld+json\" class=\"yoast-schema-graph\">{\"@context\":\"https:\/\/schema.org\",\"@graph\":[{\"@type\":\"WebPage\",\"@id\":\"https:\/\/www.ladiagonale.net\/index.php\/2025\/09\/13\/monaco-simpose-encore-sur-le-fil-a-auxerre-2-1\/\",\"url\":\"https:\/\/www.ladiagonale.net\/index.php\/2025\/09\/13\/monaco-simpose-encore-sur-le-fil-a-auxerre-2-1\/\",\"name\":\"Monaco s'impose dans la douleur \u00e0 Auxerre (2-1) - La Diagonale\",\"isPartOf\":{\"@id\":\"https:\/\/www.ladiagonale.net\/#website\"},\"datePublished\":\"2025-09-13T21:12:32+00:00\",\"dateModified\":\"2025-09-14T23:13:21+00:00\",\"author\":{\"@id\":\"https:\/\/www.ladiagonale.net\/#\/schema\/person\/79ff1e7b0853ed01b2aa26e64ad300bf\"},\"breadcrumb\":{\"@id\":\"https:\/\/www.ladiagonale.net\/index.php\/2025\/09\/13\/monaco-simpose-encore-sur-le-fil-a-auxerre-2-1\/#breadcrumb\"},\"inLanguage\":\"fr-FR\",\"potentialAction\":[{\"@type\":\"ReadAction\",\"target\":[\"https:\/\/www.ladiagonale.net\/index.php\/2025\/09\/13\/monaco-simpose-encore-sur-le-fil-a-auxerre-2-1\/\"]}]},{\"@type\":\"BreadcrumbList\",\"@id\":\"https:\/\/www.ladiagonale.net\/index.php\/2025\/09\/13\/monaco-simpose-encore-sur-le-fil-a-auxerre-2-1\/#breadcrumb\",\"itemListElement\":[{\"@type\":\"ListItem\",\"position\":1,\"name\":\"Accueil\",\"item\":\"https:\/\/www.ladiagonale.net\/\"},{\"@type\":\"ListItem\",\"position\":2,\"name\":\"Monaco s&rsquo;impose dans la douleur \u00e0 Auxerre (2-1)\"}]},{\"@type\":\"WebSite\",\"@id\":\"https:\/\/www.ladiagonale.net\/#website\",\"url\":\"https:\/\/www.ladiagonale.net\/\",\"name\":\"La Diagonale\",\"description\":\"Le site des supporters de l&#039;AS Monaco FC\",\"potentialAction\":[{\"@type\":\"SearchAction\",\"target\":{\"@type\":\"EntryPoint\",\"urlTemplate\":\"https:\/\/www.ladiagonale.net\/?s={search_term_string}\"},\"query-input\":\"required name=search_term_string\"}],\"inLanguage\":\"fr-FR\"},{\"@type\":\"Person\",\"@id\":\"https:\/\/www.ladiagonale.net\/#\/schema\/person\/79ff1e7b0853ed01b2aa26e64ad300bf\",\"name\":\"Damien Dellerba\",\"image\":{\"@type\":\"ImageObject\",\"inLanguage\":\"fr-FR\",\"@id\":\"https:\/\/www.ladiagonale.net\/#\/schema\/person\/image\/\",\"url\":\"https:\/\/secure.gravatar.com\/avatar\/c7850e06d3ff63cdbaee88b7fc16e2f0?s=96&d=mm&r=g\",\"contentUrl\":\"https:\/\/secure.gravatar.com\/avatar\/c7850e06d3ff63cdbaee88b7fc16e2f0?s=96&d=mm&r=g\",\"caption\":\"Damien Dellerba\"},\"url\":\"https:\/\/www.ladiagonale.net\/index.php\/author\/damien\/\"}]}<\/script>\n<!-- \/ Yoast SEO plugin. -->","yoast_head_json":{"title":"Monaco s'impose dans la douleur \u00e0 Auxerre (2-1) - La Diagonale","robots":{"index":"index","follow":"follow","max-snippet":"max-snippet:-1","max-image-preview":"max-image-preview:large","max-video-preview":"max-video-preview:-1"},"canonical":"https:\/\/www.ladiagonale.net\/index.php\/2025\/09\/13\/monaco-simpose-encore-sur-le-fil-a-auxerre-2-1\/","og_locale":"fr_FR","og_type":"article","og_title":"Monaco s'impose dans la douleur \u00e0 Auxerre (2-1) - La Diagonale","og_description":"Il y a un an, l\u2019AS Monaco n\u2019avait fait aucun cadeau \u00e0 l\u2019\u00e9quipe d\u2019Auxerre avant de recevoir Barcelone en Ligue des champions. Mais cette fois, il semble bien que la comp\u00e9tition aux \u00e9toiles avait accapar\u00e9 l\u2019esprit de pas mal de Mon\u00e9gasques, \u00e0 commencer par celui d\u2019Adi H\u00fctter. Le technicien autrichien avait choisi de laisser au [...]","og_url":"https:\/\/www.ladiagonale.net\/index.php\/2025\/09\/13\/monaco-simpose-encore-sur-le-fil-a-auxerre-2-1\/","og_site_name":"La Diagonale","article_published_time":"2025-09-13T21:12:32+00:00","article_modified_time":"2025-09-14T23:13:21+00:00","og_image":[{"width":1160,"height":650,"url":"https:\/\/www.ladiagonale.net\/wp-content\/uploads\/2025\/09\/ASMAJA.png","type":"image\/png"}],"author":"Damien Dellerba","twitter_card":"summary_large_image","twitter_image":"https:\/\/www.ladiagonale.net\/wp-content\/uploads\/2025\/09\/ASMAJA.png","twitter_misc":{"\u00c9crit par":"Damien Dellerba","Dur\u00e9e de lecture estim\u00e9e":"3 minutes"},"schema":{"@context":"https:\/\/schema.org","@graph":[{"@type":"WebPage","@id":"https:\/\/www.ladiagonale.net\/index.php\/2025\/09\/13\/monaco-simpose-encore-sur-le-fil-a-auxerre-2-1\/","url":"https:\/\/www.ladiagonale.net\/index.php\/2025\/09\/13\/monaco-simpose-encore-sur-le-fil-a-auxerre-2-1\/","name":"Monaco s'impose dans la douleur \u00e0 Auxerre (2-1) - La Diagonale","isPartOf":{"@id":"https:\/\/www.ladiagonale.net\/#website"},"datePublished":"2025-09-13T21:12:32+00:00","dateModified":"2025-09-14T23:13:21+00:00","author":{"@id":"https:\/\/www.ladiagonale.net\/#\/schema\/person\/79ff1e7b0853ed01b2aa26e64ad300bf"},"breadcrumb":{"@id":"https:\/\/www.ladiagonale.net\/index.php\/2025\/09\/13\/monaco-simpose-encore-sur-le-fil-a-auxerre-2-1\/#breadcrumb"},"inLanguage":"fr-FR","potentialAction":[{"@type":"ReadAction","target":["https:\/\/www.ladiagonale.net\/index.php\/2025\/09\/13\/monaco-simpose-encore-sur-le-fil-a-auxerre-2-1\/"]}]},{"@type":"BreadcrumbList","@id":"https:\/\/www.ladiagonale.net\/index.php\/2025\/09\/13\/monaco-simpose-encore-sur-le-fil-a-auxerre-2-1\/#breadcrumb","itemListElement":[{"@type":"ListItem","position":1,"name":"Accueil","item":"https:\/\/www.ladiagonale.net\/"},{"@type":"ListItem","position":2,"name":"Monaco s&rsquo;impose dans la douleur \u00e0 Auxerre (2-1)"}]},{"@type":"WebSite","@id":"https:\/\/www.ladiagonale.net\/#website","url":"https:\/\/www.ladiagonale.net\/","name":"La Diagonale","description":"Le site des supporters de l&#039;AS Monaco FC","potentialAction":[{"@type":"SearchAction","target":{"@type":"EntryPoint","urlTemplate":"https:\/\/www.ladiagonale.net\/?s={search_term_string}"},"query-input":"required name=search_term_string"}],"inLanguage":"fr-FR"},{"@type":"Person","@id":"https:\/\/www.ladiagonale.net\/#\/schema\/person\/79ff1e7b0853ed01b2aa26e64ad300bf","name":"Damien Dellerba","image":{"@type":"ImageObject","inLanguage":"fr-FR","@id":"https:\/\/www.ladiagonale.net\/#\/schema\/person\/image\/","url":"https:\/\/secure.gravatar.com\/avatar\/c7850e06d3ff63cdbaee88b7fc16e2f0?s=96&d=mm&r=g","contentUrl":"https:\/\/secure.gravatar.com\/avatar\/c7850e06d3ff63cdbaee88b7fc16e2f0?s=96&d=mm&r=g","caption":"Damien Dellerba"},"url":"https:\/\/www.ladiagonale.net\/index.php\/author\/damien\/"}]}},"_links":{"self":[{"href":"https:\/\/www.ladiagonale.net\/index.php\/wp-json\/wp\/v2\/posts\/33867"}],"collection":[{"href":"https:\/\/www.ladiagonale.net\/index.php\/wp-json\/wp\/v2\/posts"}],"about":[{"href":"https:\/\/www.ladiagonale.net\/index.php\/wp-json\/wp\/v2\/types\/post"}],"author":[{"embeddable":true,"href":"https:\/\/www.ladiagonale.net\/index.php\/wp-json\/wp\/v2\/users\/2"}],"replies":[{"embeddable":true,"href":"https:\/\/www.ladiagonale.net\/index.php\/wp-json\/wp\/v2\/comments?post=33867"}],"version-history":[{"count":5,"href":"https:\/\/www.ladiagonale.net\/index.php\/wp-json\/wp\/v2\/posts\/33867\/revisions"}],"predecessor-version":[{"id":33907,"href":"https:\/\/www.ladiagonale.net\/index.php\/wp-json\/wp\/v2\/posts\/33867\/revisions\/33907"}],"wp:featuredmedia":[{"embeddable":true,"href":"https:\/\/www.ladiagonale.net\/index.php\/wp-json\/wp\/v2\/media\/33868"}],"wp:attachment":[{"href":"https:\/\/www.ladiagonale.net\/index.php\/wp-json\/wp\/v2\/media?parent=33867"}],"wp:term":[{"taxonomy":"category","embeddable":true,"href":"https:\/\/www.ladiagonale.net\/index.php\/wp-json\/wp\/v2\/categories?post=33867"},{"taxonomy":"post_tag","embeddable":true,"href":"https:\/\/www.ladiagonale.net\/index.php\/wp-json\/wp\/v2\/tags?post=33867"}],"curies":[{"name":"wp","href":"https:\/\/api.w.org\/{rel}","templated":true}]}}