{"id":33873,"date":"2025-09-14T07:19:00","date_gmt":"2025-09-14T05:19:00","guid":{"rendered":"https:\/\/www.ladiagonale.net\/?p=33873"},"modified":"2025-09-14T03:24:06","modified_gmt":"2025-09-14T01:24:06","slug":"hutter-on-a-ete-un-peu-chanceux-sur-la-fin","status":"publish","type":"post","link":"https:\/\/www.ladiagonale.net\/index.php\/2025\/09\/14\/hutter-on-a-ete-un-peu-chanceux-sur-la-fin\/","title":{"rendered":"H\u00fctter : \u00ab&nbsp;On a \u00e9t\u00e9 un peu chanceux sur la fin&nbsp;\u00bb"},"content":{"rendered":"\n<p>Adi H\u00fctter n\u2019a pas cach\u00e9 que la rencontre gagn\u00e9e dans la douleur \u00e0 Auxerre par l\u2019AS Monaco avait \u00e9t\u00e9 quelque peu heureuse : \u00ab\u00a0<em>Je suis content des trois points. C\u2019est important aujourd\u2019hui de gagner contre Auxerre. C\u2019est dur \u00e0 Auxerre, qui n\u2019avait perdu que quatre fois ici l\u2019an pass\u00e9 et on savait qu\u2019ils \u00e9taient forts \u00e0 la maison. On a \u00e9t\u00e9 un peu chanceux \u00e0 la fin avec ce but en fin de rencontre. Mais ce sont trois points importants.<\/em>\u00a0\u00bb<\/p>\n\n\n\n<p>L\u2019entra\u00eeneur Mon\u00e9gasque a fait beaucoup tourner en vue de la Ligue des champions qui arrive la semaine prochaine. Ce qui peut expliquer pourquoi tout n\u2019a pas roul\u00e9 \u00e0 l\u2019Abb\u00e9-Deschamps : \u00ab\u00a0<em>Ce que je veux aussi souligner, c\u2019est que nous avons effectu\u00e9 beaucoup de changements, avec des semaines tr\u00e8s exigeantes qui arrivent. C\u2019est la raison pour laquelle nous avons fait tous ces changements.<\/em>\u00a0\u00bb<\/p>\n\n\n\n<p>Une autre raison invoqu\u00e9e par H\u00fctter a \u00e9t\u00e9 le retour tardif des internationaux, qui n\u2019a pas permis de pr\u00e9parer au mieux cette rencontre : \u00ab\u00a0<em>On ne peut pas \u00eatre 100% heureux de la fa\u00e7on de gagner ce soir \u00e0 Auxerre, qui a eu beaucoup trop d\u2019occasions pour marquer. Je ne veux pas que cela serve d\u2019excuses, mais nous nous sommes entra\u00een\u00e9s seulement une seule fois ensemble, avec les joueurs qui sont rentr\u00e9s tard de s\u00e9lection<\/em>.\u00a0\u00bb<\/p>\n\n\n\n<p>Pour lui, il \u00e9tait aussi important de pouvoir faire sentir \u00e0 tous les joueurs qu\u2019ils avaient un r\u00f4le \u00e0 jouer cette saison : \u00ab\u00a0<em>Nous avons un groupe resserr\u00e9 et c\u2019est important de montrer \u00e0 tout le monde que nous comptons sur tous les joueurs. Il fallait aussi faire tourner pour garder de la fra\u00eecheur et donner confiance \u00e0 tout le monde. Nous irons ensuite \u00e0 Bruges et nous allons ensuite jouer trois jours plus tard contre Metz. Je veux que tous les joueurs sentent qu\u2019ils sont importants pour le groupe.<\/em>\u00a0\u00bb<\/p>\n\n\n","protected":false},"excerpt":{"rendered":"<p>Adi H\u00fctter n\u2019a pas cach\u00e9 que la rencontre gagn\u00e9e dans la douleur \u00e0 Auxerre par l\u2019AS Monaco avait \u00e9t\u00e9 quelque peu heureuse : \u00ab\u00a0Je suis content des trois points. C\u2019est important aujourd\u2019hui de gagner contre Auxerre. C\u2019est dur \u00e0 Auxerre, qui n\u2019avait perdu que quatre fois ici l\u2019an pass\u00e9 et on savait qu\u2019ils \u00e9taient forts [&#8230;]\n","protected":false},"author":2,"featured_media":0,"comment_status":"open","ping_status":"open","sticky":false,"template":"","format":"standard","meta":[],"categories":[6,1000],"tags":[576,86,353,94],"yoast_head":"<!-- This site is optimized with the Yoast SEO plugin v19.8 - https:\/\/yoast.com\/wordpress\/plugins\/seo\/ -->\n<title>H\u00fctter : \u00ab&nbsp;On a \u00e9t\u00e9 un peu chanceux sur la fin&nbsp;\u00bb - La Diagonale<\/title>\n<meta name=\"robots\" content=\"index, follow, max-snippet:-1, max-image-preview:large, max-video-preview:-1\" \/>\n<link rel=\"canonical\" href=\"https:\/\/www.ladiagonale.net\/index.php\/2025\/09\/14\/hutter-on-a-ete-un-peu-chanceux-sur-la-fin\/\" \/>\n<meta property=\"og:locale\" content=\"fr_FR\" \/>\n<meta property=\"og:type\" content=\"article\" \/>\n<meta property=\"og:title\" content=\"H\u00fctter : \u00ab&nbsp;On a \u00e9t\u00e9 un peu chanceux sur la fin&nbsp;\u00bb - La Diagonale\" \/>\n<meta property=\"og:description\" content=\"Adi H\u00fctter n\u2019a pas cach\u00e9 que la rencontre gagn\u00e9e dans la douleur \u00e0 Auxerre par l\u2019AS Monaco avait \u00e9t\u00e9 quelque peu heureuse : \u00ab\u00a0Je suis content des trois points. C\u2019est important aujourd\u2019hui de gagner contre Auxerre. C\u2019est dur \u00e0 Auxerre, qui n\u2019avait perdu que quatre fois ici l\u2019an pass\u00e9 et on savait qu\u2019ils \u00e9taient forts [...]\" \/>\n<meta property=\"og:url\" content=\"https:\/\/www.ladiagonale.net\/index.php\/2025\/09\/14\/hutter-on-a-ete-un-peu-chanceux-sur-la-fin\/\" \/>\n<meta property=\"og:site_name\" content=\"La Diagonale\" \/>\n<meta property=\"article:published_time\" content=\"2025-09-14T05:19:00+00:00\" \/>\n<meta property=\"article:modified_time\" content=\"2025-09-14T01:24:06+00:00\" \/>\n<meta property=\"og:image\" content=\"https:\/\/www.ladiagonale.net\/wp-content\/uploads\/2025\/08\/Hu\u0308tter-conf.png\" \/>\n\t<meta property=\"og:image:width\" content=\"1160\" \/>\n\t<meta property=\"og:image:height\" content=\"650\" \/>\n\t<meta property=\"og:image:type\" content=\"image\/png\" \/>\n<meta name=\"author\" content=\"Damien Dellerba\" \/>\n<meta name=\"twitter:card\" content=\"summary_large_image\" \/>\n<meta name=\"twitter:image\" content=\"https:\/\/www.ladiagonale.net\/wp-content\/uploads\/2025\/08\/Hu\u0308tter-conf.png\" \/>\n<meta name=\"twitter:label1\" content=\"\u00c9crit par\" \/>\n\t<meta name=\"twitter:data1\" content=\"Damien Dellerba\" \/>\n\t<meta name=\"twitter:label2\" content=\"Dur\u00e9e de lecture estim\u00e9e\" \/>\n\t<meta name=\"twitter:data2\" content=\"2 minutes\" \/>\n<script type=\"application\/ld+json\" class=\"yoast-schema-graph\">{\"@context\":\"https:\/\/schema.org\",\"@graph\":[{\"@type\":\"WebPage\",\"@id\":\"https:\/\/www.ladiagonale.net\/index.php\/2025\/09\/14\/hutter-on-a-ete-un-peu-chanceux-sur-la-fin\/\",\"url\":\"https:\/\/www.ladiagonale.net\/index.php\/2025\/09\/14\/hutter-on-a-ete-un-peu-chanceux-sur-la-fin\/\",\"name\":\"H\u00fctter : \u00ab&nbsp;On a \u00e9t\u00e9 un peu chanceux sur la fin&nbsp;\u00bb - La Diagonale\",\"isPartOf\":{\"@id\":\"https:\/\/www.ladiagonale.net\/#website\"},\"datePublished\":\"2025-09-14T05:19:00+00:00\",\"dateModified\":\"2025-09-14T01:24:06+00:00\",\"author\":{\"@id\":\"https:\/\/www.ladiagonale.net\/#\/schema\/person\/79ff1e7b0853ed01b2aa26e64ad300bf\"},\"breadcrumb\":{\"@id\":\"https:\/\/www.ladiagonale.net\/index.php\/2025\/09\/14\/hutter-on-a-ete-un-peu-chanceux-sur-la-fin\/#breadcrumb\"},\"inLanguage\":\"fr-FR\",\"potentialAction\":[{\"@type\":\"ReadAction\",\"target\":[\"https:\/\/www.ladiagonale.net\/index.php\/2025\/09\/14\/hutter-on-a-ete-un-peu-chanceux-sur-la-fin\/\"]}]},{\"@type\":\"BreadcrumbList\",\"@id\":\"https:\/\/www.ladiagonale.net\/index.php\/2025\/09\/14\/hutter-on-a-ete-un-peu-chanceux-sur-la-fin\/#breadcrumb\",\"itemListElement\":[{\"@type\":\"ListItem\",\"position\":1,\"name\":\"Accueil\",\"item\":\"https:\/\/www.ladiagonale.net\/\"},{\"@type\":\"ListItem\",\"position\":2,\"name\":\"H\u00fctter : \u00ab&nbsp;On a \u00e9t\u00e9 un peu chanceux sur la fin&nbsp;\u00bb\"}]},{\"@type\":\"WebSite\",\"@id\":\"https:\/\/www.ladiagonale.net\/#website\",\"url\":\"https:\/\/www.ladiagonale.net\/\",\"name\":\"La Diagonale\",\"description\":\"Le site des supporters de l&#039;AS Monaco FC\",\"potentialAction\":[{\"@type\":\"SearchAction\",\"target\":{\"@type\":\"EntryPoint\",\"urlTemplate\":\"https:\/\/www.ladiagonale.net\/?s={search_term_string}\"},\"query-input\":\"required name=search_term_string\"}],\"inLanguage\":\"fr-FR\"},{\"@type\":\"Person\",\"@id\":\"https:\/\/www.ladiagonale.net\/#\/schema\/person\/79ff1e7b0853ed01b2aa26e64ad300bf\",\"name\":\"Damien Dellerba\",\"image\":{\"@type\":\"ImageObject\",\"inLanguage\":\"fr-FR\",\"@id\":\"https:\/\/www.ladiagonale.net\/#\/schema\/person\/image\/\",\"url\":\"https:\/\/secure.gravatar.com\/avatar\/c7850e06d3ff63cdbaee88b7fc16e2f0?s=96&d=mm&r=g\",\"contentUrl\":\"https:\/\/secure.gravatar.com\/avatar\/c7850e06d3ff63cdbaee88b7fc16e2f0?s=96&d=mm&r=g\",\"caption\":\"Damien Dellerba\"},\"url\":\"https:\/\/www.ladiagonale.net\/index.php\/author\/damien\/\"}]}<\/script>\n<!-- \/ Yoast SEO plugin. -->","yoast_head_json":{"title":"H\u00fctter : \u00ab&nbsp;On a \u00e9t\u00e9 un peu chanceux sur la fin&nbsp;\u00bb - La Diagonale","robots":{"index":"index","follow":"follow","max-snippet":"max-snippet:-1","max-image-preview":"max-image-preview:large","max-video-preview":"max-video-preview:-1"},"canonical":"https:\/\/www.ladiagonale.net\/index.php\/2025\/09\/14\/hutter-on-a-ete-un-peu-chanceux-sur-la-fin\/","og_locale":"fr_FR","og_type":"article","og_title":"H\u00fctter : \u00ab&nbsp;On a \u00e9t\u00e9 un peu chanceux sur la fin&nbsp;\u00bb - La Diagonale","og_description":"Adi H\u00fctter n\u2019a pas cach\u00e9 que la rencontre gagn\u00e9e dans la douleur \u00e0 Auxerre par l\u2019AS Monaco avait \u00e9t\u00e9 quelque peu heureuse : \u00ab\u00a0Je suis content des trois points. C\u2019est important aujourd\u2019hui de gagner contre Auxerre. C\u2019est dur \u00e0 Auxerre, qui n\u2019avait perdu que quatre fois ici l\u2019an pass\u00e9 et on savait qu\u2019ils \u00e9taient forts [...]","og_url":"https:\/\/www.ladiagonale.net\/index.php\/2025\/09\/14\/hutter-on-a-ete-un-peu-chanceux-sur-la-fin\/","og_site_name":"La Diagonale","article_published_time":"2025-09-14T05:19:00+00:00","article_modified_time":"2025-09-14T01:24:06+00:00","og_image":[{"width":1160,"height":650,"url":"https:\/\/www.ladiagonale.net\/wp-content\/uploads\/2025\/08\/Hu\u0308tter-conf.png","type":"image\/png"}],"author":"Damien Dellerba","twitter_card":"summary_large_image","twitter_image":"https:\/\/www.ladiagonale.net\/wp-content\/uploads\/2025\/08\/Hu\u0308tter-conf.png","twitter_misc":{"\u00c9crit par":"Damien Dellerba","Dur\u00e9e de lecture estim\u00e9e":"2 minutes"},"schema":{"@context":"https:\/\/schema.org","@graph":[{"@type":"WebPage","@id":"https:\/\/www.ladiagonale.net\/index.php\/2025\/09\/14\/hutter-on-a-ete-un-peu-chanceux-sur-la-fin\/","url":"https:\/\/www.ladiagonale.net\/index.php\/2025\/09\/14\/hutter-on-a-ete-un-peu-chanceux-sur-la-fin\/","name":"H\u00fctter : \u00ab&nbsp;On a \u00e9t\u00e9 un peu chanceux sur la fin&nbsp;\u00bb - La Diagonale","isPartOf":{"@id":"https:\/\/www.ladiagonale.net\/#website"},"datePublished":"2025-09-14T05:19:00+00:00","dateModified":"2025-09-14T01:24:06+00:00","author":{"@id":"https:\/\/www.ladiagonale.net\/#\/schema\/person\/79ff1e7b0853ed01b2aa26e64ad300bf"},"breadcrumb":{"@id":"https:\/\/www.ladiagonale.net\/index.php\/2025\/09\/14\/hutter-on-a-ete-un-peu-chanceux-sur-la-fin\/#breadcrumb"},"inLanguage":"fr-FR","potentialAction":[{"@type":"ReadAction","target":["https:\/\/www.ladiagonale.net\/index.php\/2025\/09\/14\/hutter-on-a-ete-un-peu-chanceux-sur-la-fin\/"]}]},{"@type":"BreadcrumbList","@id":"https:\/\/www.ladiagonale.net\/index.php\/2025\/09\/14\/hutter-on-a-ete-un-peu-chanceux-sur-la-fin\/#breadcrumb","itemListElement":[{"@type":"ListItem","position":1,"name":"Accueil","item":"https:\/\/www.ladiagonale.net\/"},{"@type":"ListItem","position":2,"name":"H\u00fctter : \u00ab&nbsp;On a \u00e9t\u00e9 un peu chanceux sur la fin&nbsp;\u00bb"}]},{"@type":"WebSite","@id":"https:\/\/www.ladiagonale.net\/#website","url":"https:\/\/www.ladiagonale.net\/","name":"La Diagonale","description":"Le site des supporters de l&#039;AS Monaco FC","potentialAction":[{"@type":"SearchAction","target":{"@type":"EntryPoint","urlTemplate":"https:\/\/www.ladiagonale.net\/?s={search_term_string}"},"query-input":"required name=search_term_string"}],"inLanguage":"fr-FR"},{"@type":"Person","@id":"https:\/\/www.ladiagonale.net\/#\/schema\/person\/79ff1e7b0853ed01b2aa26e64ad300bf","name":"Damien Dellerba","image":{"@type":"ImageObject","inLanguage":"fr-FR","@id":"https:\/\/www.ladiagonale.net\/#\/schema\/person\/image\/","url":"https:\/\/secure.gravatar.com\/avatar\/c7850e06d3ff63cdbaee88b7fc16e2f0?s=96&d=mm&r=g","contentUrl":"https:\/\/secure.gravatar.com\/avatar\/c7850e06d3ff63cdbaee88b7fc16e2f0?s=96&d=mm&r=g","caption":"Damien Dellerba"},"url":"https:\/\/www.ladiagonale.net\/index.php\/author\/damien\/"}]}},"_links":{"self":[{"href":"https:\/\/www.ladiagonale.net\/index.php\/wp-json\/wp\/v2\/posts\/33873"}],"collection":[{"href":"https:\/\/www.ladiagonale.net\/index.php\/wp-json\/wp\/v2\/posts"}],"about":[{"href":"https:\/\/www.ladiagonale.net\/index.php\/wp-json\/wp\/v2\/types\/post"}],"author":[{"embeddable":true,"href":"https:\/\/www.ladiagonale.net\/index.php\/wp-json\/wp\/v2\/users\/2"}],"replies":[{"embeddable":true,"href":"https:\/\/www.ladiagonale.net\/index.php\/wp-json\/wp\/v2\/comments?post=33873"}],"version-history":[{"count":1,"href":"https:\/\/www.ladiagonale.net\/index.php\/wp-json\/wp\/v2\/posts\/33873\/revisions"}],"predecessor-version":[{"id":33875,"href":"https:\/\/www.ladiagonale.net\/index.php\/wp-json\/wp\/v2\/posts\/33873\/revisions\/33875"}],"wp:attachment":[{"href":"https:\/\/www.ladiagonale.net\/index.php\/wp-json\/wp\/v2\/media?parent=33873"}],"wp:term":[{"taxonomy":"category","embeddable":true,"href":"https:\/\/www.ladiagonale.net\/index.php\/wp-json\/wp\/v2\/categories?post=33873"},{"taxonomy":"post_tag","embeddable":true,"href":"https:\/\/www.ladiagonale.net\/index.php\/wp-json\/wp\/v2\/tags?post=33873"}],"curies":[{"name":"wp","href":"https:\/\/api.w.org\/{rel}","templated":true}]}}