{"id":33879,"date":"2025-09-14T10:31:45","date_gmt":"2025-09-14T08:31:45","guid":{"rendered":"https:\/\/www.ladiagonale.net\/?p=33879"},"modified":"2025-09-14T10:33:09","modified_gmt":"2025-09-14T08:33:09","slug":"pelissier-meme-secoue-monaco-arrive-a-gagner","status":"publish","type":"post","link":"https:\/\/www.ladiagonale.net\/index.php\/2025\/09\/14\/pelissier-meme-secoue-monaco-arrive-a-gagner\/","title":{"rendered":"Pelissier : \u00ab&nbsp;M\u00eame secou\u00e9, Monaco arrive \u00e0 gagner&nbsp;\u00bb"},"content":{"rendered":"\n<p>L\u2019AS Monaco n\u2019a pas domin\u00e9 son sujet face \u00e0 une vaillante \u00e9quipe d\u2019Auxerre, samedi. Mais Christophe Pelissier, l\u2019entra\u00eeneur de l\u2019AJA, qui avait \u00e9t\u00e9 impressionn\u00e9 l\u2019an dernier par la formation mon\u00e9gasque, a renouvel\u00e9 ses compliments apr\u00e8s la d\u00e9faite des siens : \u00ab\u00a0<em>Je pense qu\u2019elle est aussi forte (qu\u2019il y a un an), c\u2019est nous qui avons \u00e9t\u00e9 meilleurs (sourire). L\u2019an dernier, ils nous avaient vraiment impressionn\u00e9s et ils avaient ouvert le score tr\u00e8s t\u00f4t, sur corner. Au bout de 20 minutes, ils menaient 2-0, \u00e7a leur avait permis de d\u00e9rouler. L\u00e0, ils n\u2019ont pas marqu\u00e9 t\u00f4t, on a eu des occasions qui les ont un peu fragilis\u00e9s mais c\u2019est toujours la m\u00eame qualit\u00e9, la m\u00eame puissance d\u2019\u00e9quipe.<\/em> \u00bb<\/p>\n\n\n\n<p>La dimension athl\u00e9tique de cette \u00e9quipe mon\u00e9gasque a frapp\u00e9 Pelissier, et il la voit assez nettement finir la saison sur le podium : \u00ab\u00a0<em>Je suis impressionn\u00e9 par la puissance qu\u2019ils ont derri\u00e8re, au milieu et sur leurs attaquants. Quand on voit l\u2019association Biereth-Balogun, elle est assez impressionnante. Et puis sur les c\u00f4t\u00e9s ils ont des joueurs fantastiques, avec Akliouche, Minamino et il n\u2019y avait pas Golovin. C\u2019est une \u00e9quipe qui est en lutte pour faire podium. \u00c0 quelle place, je ne sais pas, mais ils sont deux-trois \u00e9quipes \u00e0 se la disputer. Une \u00e9quipe de tr\u00e8s haut niveau comme \u00e7a, m\u00eame quand elle est secou\u00e9e comme ce soir, elle arrive \u00e0 gagner.<\/em>\u00a0\u00bb<\/p>\n\n\n","protected":false},"excerpt":{"rendered":"<p>L\u2019AS Monaco n\u2019a pas domin\u00e9 son sujet face \u00e0 une vaillante \u00e9quipe d\u2019Auxerre, samedi. Mais Christophe Pelissier, l\u2019entra\u00eeneur de l\u2019AJA, qui avait \u00e9t\u00e9 impressionn\u00e9 l\u2019an dernier par la formation mon\u00e9gasque, a renouvel\u00e9 ses compliments apr\u00e8s la d\u00e9faite des siens : \u00ab\u00a0Je pense qu\u2019elle est aussi forte (qu\u2019il y a un an), c\u2019est nous qui avons [&#8230;]\n","protected":false},"author":2,"featured_media":0,"comment_status":"open","ping_status":"open","sticky":false,"template":"","format":"standard","meta":[],"categories":[6,1000],"tags":[86,353,354,94],"yoast_head":"<!-- This site is optimized with the Yoast SEO plugin v19.8 - https:\/\/yoast.com\/wordpress\/plugins\/seo\/ -->\n<title>Pelissier : \u00ab&nbsp;M\u00eame secou\u00e9, Monaco arrive \u00e0 gagner&nbsp;\u00bb - La Diagonale<\/title>\n<meta name=\"robots\" content=\"index, follow, max-snippet:-1, max-image-preview:large, max-video-preview:-1\" \/>\n<link rel=\"canonical\" href=\"https:\/\/www.ladiagonale.net\/index.php\/2025\/09\/14\/pelissier-meme-secoue-monaco-arrive-a-gagner\/\" \/>\n<meta property=\"og:locale\" content=\"fr_FR\" \/>\n<meta property=\"og:type\" content=\"article\" \/>\n<meta property=\"og:title\" content=\"Pelissier : \u00ab&nbsp;M\u00eame secou\u00e9, Monaco arrive \u00e0 gagner&nbsp;\u00bb - La Diagonale\" \/>\n<meta property=\"og:description\" content=\"L\u2019AS Monaco n\u2019a pas domin\u00e9 son sujet face \u00e0 une vaillante \u00e9quipe d\u2019Auxerre, samedi. Mais Christophe Pelissier, l\u2019entra\u00eeneur de l\u2019AJA, qui avait \u00e9t\u00e9 impressionn\u00e9 l\u2019an dernier par la formation mon\u00e9gasque, a renouvel\u00e9 ses compliments apr\u00e8s la d\u00e9faite des siens : \u00ab\u00a0Je pense qu\u2019elle est aussi forte (qu\u2019il y a un an), c\u2019est nous qui avons [...]\" \/>\n<meta property=\"og:url\" content=\"https:\/\/www.ladiagonale.net\/index.php\/2025\/09\/14\/pelissier-meme-secoue-monaco-arrive-a-gagner\/\" \/>\n<meta property=\"og:site_name\" content=\"La Diagonale\" \/>\n<meta property=\"article:published_time\" content=\"2025-09-14T08:31:45+00:00\" \/>\n<meta property=\"article:modified_time\" content=\"2025-09-14T08:33:09+00:00\" \/>\n<meta property=\"og:image\" content=\"https:\/\/www.ladiagonale.net\/wp-content\/uploads\/2022\/12\/pelissier.png\" \/>\n\t<meta property=\"og:image:width\" content=\"1160\" \/>\n\t<meta property=\"og:image:height\" content=\"650\" \/>\n\t<meta property=\"og:image:type\" content=\"image\/png\" \/>\n<meta name=\"author\" content=\"Damien Dellerba\" \/>\n<meta name=\"twitter:card\" content=\"summary_large_image\" \/>\n<meta name=\"twitter:image\" content=\"https:\/\/www.ladiagonale.net\/wp-content\/uploads\/2022\/12\/pelissier.png\" \/>\n<meta name=\"twitter:label1\" content=\"\u00c9crit par\" \/>\n\t<meta name=\"twitter:data1\" content=\"Damien Dellerba\" \/>\n\t<meta name=\"twitter:label2\" content=\"Dur\u00e9e de lecture estim\u00e9e\" \/>\n\t<meta name=\"twitter:data2\" content=\"2 minutes\" \/>\n<script type=\"application\/ld+json\" class=\"yoast-schema-graph\">{\"@context\":\"https:\/\/schema.org\",\"@graph\":[{\"@type\":\"WebPage\",\"@id\":\"https:\/\/www.ladiagonale.net\/index.php\/2025\/09\/14\/pelissier-meme-secoue-monaco-arrive-a-gagner\/\",\"url\":\"https:\/\/www.ladiagonale.net\/index.php\/2025\/09\/14\/pelissier-meme-secoue-monaco-arrive-a-gagner\/\",\"name\":\"Pelissier : \u00ab&nbsp;M\u00eame secou\u00e9, Monaco arrive \u00e0 gagner&nbsp;\u00bb - La Diagonale\",\"isPartOf\":{\"@id\":\"https:\/\/www.ladiagonale.net\/#website\"},\"datePublished\":\"2025-09-14T08:31:45+00:00\",\"dateModified\":\"2025-09-14T08:33:09+00:00\",\"author\":{\"@id\":\"https:\/\/www.ladiagonale.net\/#\/schema\/person\/79ff1e7b0853ed01b2aa26e64ad300bf\"},\"breadcrumb\":{\"@id\":\"https:\/\/www.ladiagonale.net\/index.php\/2025\/09\/14\/pelissier-meme-secoue-monaco-arrive-a-gagner\/#breadcrumb\"},\"inLanguage\":\"fr-FR\",\"potentialAction\":[{\"@type\":\"ReadAction\",\"target\":[\"https:\/\/www.ladiagonale.net\/index.php\/2025\/09\/14\/pelissier-meme-secoue-monaco-arrive-a-gagner\/\"]}]},{\"@type\":\"BreadcrumbList\",\"@id\":\"https:\/\/www.ladiagonale.net\/index.php\/2025\/09\/14\/pelissier-meme-secoue-monaco-arrive-a-gagner\/#breadcrumb\",\"itemListElement\":[{\"@type\":\"ListItem\",\"position\":1,\"name\":\"Accueil\",\"item\":\"https:\/\/www.ladiagonale.net\/\"},{\"@type\":\"ListItem\",\"position\":2,\"name\":\"Pelissier : \u00ab&nbsp;M\u00eame secou\u00e9, Monaco arrive \u00e0 gagner&nbsp;\u00bb\"}]},{\"@type\":\"WebSite\",\"@id\":\"https:\/\/www.ladiagonale.net\/#website\",\"url\":\"https:\/\/www.ladiagonale.net\/\",\"name\":\"La Diagonale\",\"description\":\"Le site des supporters de l&#039;AS Monaco FC\",\"potentialAction\":[{\"@type\":\"SearchAction\",\"target\":{\"@type\":\"EntryPoint\",\"urlTemplate\":\"https:\/\/www.ladiagonale.net\/?s={search_term_string}\"},\"query-input\":\"required name=search_term_string\"}],\"inLanguage\":\"fr-FR\"},{\"@type\":\"Person\",\"@id\":\"https:\/\/www.ladiagonale.net\/#\/schema\/person\/79ff1e7b0853ed01b2aa26e64ad300bf\",\"name\":\"Damien Dellerba\",\"image\":{\"@type\":\"ImageObject\",\"inLanguage\":\"fr-FR\",\"@id\":\"https:\/\/www.ladiagonale.net\/#\/schema\/person\/image\/\",\"url\":\"https:\/\/secure.gravatar.com\/avatar\/c7850e06d3ff63cdbaee88b7fc16e2f0?s=96&d=mm&r=g\",\"contentUrl\":\"https:\/\/secure.gravatar.com\/avatar\/c7850e06d3ff63cdbaee88b7fc16e2f0?s=96&d=mm&r=g\",\"caption\":\"Damien Dellerba\"},\"url\":\"https:\/\/www.ladiagonale.net\/index.php\/author\/damien\/\"}]}<\/script>\n<!-- \/ Yoast SEO plugin. -->","yoast_head_json":{"title":"Pelissier : \u00ab&nbsp;M\u00eame secou\u00e9, Monaco arrive \u00e0 gagner&nbsp;\u00bb - La Diagonale","robots":{"index":"index","follow":"follow","max-snippet":"max-snippet:-1","max-image-preview":"max-image-preview:large","max-video-preview":"max-video-preview:-1"},"canonical":"https:\/\/www.ladiagonale.net\/index.php\/2025\/09\/14\/pelissier-meme-secoue-monaco-arrive-a-gagner\/","og_locale":"fr_FR","og_type":"article","og_title":"Pelissier : \u00ab&nbsp;M\u00eame secou\u00e9, Monaco arrive \u00e0 gagner&nbsp;\u00bb - La Diagonale","og_description":"L\u2019AS Monaco n\u2019a pas domin\u00e9 son sujet face \u00e0 une vaillante \u00e9quipe d\u2019Auxerre, samedi. Mais Christophe Pelissier, l\u2019entra\u00eeneur de l\u2019AJA, qui avait \u00e9t\u00e9 impressionn\u00e9 l\u2019an dernier par la formation mon\u00e9gasque, a renouvel\u00e9 ses compliments apr\u00e8s la d\u00e9faite des siens : \u00ab\u00a0Je pense qu\u2019elle est aussi forte (qu\u2019il y a un an), c\u2019est nous qui avons [...]","og_url":"https:\/\/www.ladiagonale.net\/index.php\/2025\/09\/14\/pelissier-meme-secoue-monaco-arrive-a-gagner\/","og_site_name":"La Diagonale","article_published_time":"2025-09-14T08:31:45+00:00","article_modified_time":"2025-09-14T08:33:09+00:00","og_image":[{"width":1160,"height":650,"url":"https:\/\/www.ladiagonale.net\/wp-content\/uploads\/2022\/12\/pelissier.png","type":"image\/png"}],"author":"Damien Dellerba","twitter_card":"summary_large_image","twitter_image":"https:\/\/www.ladiagonale.net\/wp-content\/uploads\/2022\/12\/pelissier.png","twitter_misc":{"\u00c9crit par":"Damien Dellerba","Dur\u00e9e de lecture estim\u00e9e":"2 minutes"},"schema":{"@context":"https:\/\/schema.org","@graph":[{"@type":"WebPage","@id":"https:\/\/www.ladiagonale.net\/index.php\/2025\/09\/14\/pelissier-meme-secoue-monaco-arrive-a-gagner\/","url":"https:\/\/www.ladiagonale.net\/index.php\/2025\/09\/14\/pelissier-meme-secoue-monaco-arrive-a-gagner\/","name":"Pelissier : \u00ab&nbsp;M\u00eame secou\u00e9, Monaco arrive \u00e0 gagner&nbsp;\u00bb - La Diagonale","isPartOf":{"@id":"https:\/\/www.ladiagonale.net\/#website"},"datePublished":"2025-09-14T08:31:45+00:00","dateModified":"2025-09-14T08:33:09+00:00","author":{"@id":"https:\/\/www.ladiagonale.net\/#\/schema\/person\/79ff1e7b0853ed01b2aa26e64ad300bf"},"breadcrumb":{"@id":"https:\/\/www.ladiagonale.net\/index.php\/2025\/09\/14\/pelissier-meme-secoue-monaco-arrive-a-gagner\/#breadcrumb"},"inLanguage":"fr-FR","potentialAction":[{"@type":"ReadAction","target":["https:\/\/www.ladiagonale.net\/index.php\/2025\/09\/14\/pelissier-meme-secoue-monaco-arrive-a-gagner\/"]}]},{"@type":"BreadcrumbList","@id":"https:\/\/www.ladiagonale.net\/index.php\/2025\/09\/14\/pelissier-meme-secoue-monaco-arrive-a-gagner\/#breadcrumb","itemListElement":[{"@type":"ListItem","position":1,"name":"Accueil","item":"https:\/\/www.ladiagonale.net\/"},{"@type":"ListItem","position":2,"name":"Pelissier : \u00ab&nbsp;M\u00eame secou\u00e9, Monaco arrive \u00e0 gagner&nbsp;\u00bb"}]},{"@type":"WebSite","@id":"https:\/\/www.ladiagonale.net\/#website","url":"https:\/\/www.ladiagonale.net\/","name":"La Diagonale","description":"Le site des supporters de l&#039;AS Monaco FC","potentialAction":[{"@type":"SearchAction","target":{"@type":"EntryPoint","urlTemplate":"https:\/\/www.ladiagonale.net\/?s={search_term_string}"},"query-input":"required name=search_term_string"}],"inLanguage":"fr-FR"},{"@type":"Person","@id":"https:\/\/www.ladiagonale.net\/#\/schema\/person\/79ff1e7b0853ed01b2aa26e64ad300bf","name":"Damien Dellerba","image":{"@type":"ImageObject","inLanguage":"fr-FR","@id":"https:\/\/www.ladiagonale.net\/#\/schema\/person\/image\/","url":"https:\/\/secure.gravatar.com\/avatar\/c7850e06d3ff63cdbaee88b7fc16e2f0?s=96&d=mm&r=g","contentUrl":"https:\/\/secure.gravatar.com\/avatar\/c7850e06d3ff63cdbaee88b7fc16e2f0?s=96&d=mm&r=g","caption":"Damien Dellerba"},"url":"https:\/\/www.ladiagonale.net\/index.php\/author\/damien\/"}]}},"_links":{"self":[{"href":"https:\/\/www.ladiagonale.net\/index.php\/wp-json\/wp\/v2\/posts\/33879"}],"collection":[{"href":"https:\/\/www.ladiagonale.net\/index.php\/wp-json\/wp\/v2\/posts"}],"about":[{"href":"https:\/\/www.ladiagonale.net\/index.php\/wp-json\/wp\/v2\/types\/post"}],"author":[{"embeddable":true,"href":"https:\/\/www.ladiagonale.net\/index.php\/wp-json\/wp\/v2\/users\/2"}],"replies":[{"embeddable":true,"href":"https:\/\/www.ladiagonale.net\/index.php\/wp-json\/wp\/v2\/comments?post=33879"}],"version-history":[{"count":2,"href":"https:\/\/www.ladiagonale.net\/index.php\/wp-json\/wp\/v2\/posts\/33879\/revisions"}],"predecessor-version":[{"id":33881,"href":"https:\/\/www.ladiagonale.net\/index.php\/wp-json\/wp\/v2\/posts\/33879\/revisions\/33881"}],"wp:attachment":[{"href":"https:\/\/www.ladiagonale.net\/index.php\/wp-json\/wp\/v2\/media?parent=33879"}],"wp:term":[{"taxonomy":"category","embeddable":true,"href":"https:\/\/www.ladiagonale.net\/index.php\/wp-json\/wp\/v2\/categories?post=33879"},{"taxonomy":"post_tag","embeddable":true,"href":"https:\/\/www.ladiagonale.net\/index.php\/wp-json\/wp\/v2\/tags?post=33879"}],"curies":[{"name":"wp","href":"https:\/\/api.w.org\/{rel}","templated":true}]}}