{"id":33883,"date":"2025-09-14T16:16:51","date_gmt":"2025-09-14T14:16:51","guid":{"rendered":"https:\/\/www.ladiagonale.net\/?p=33883"},"modified":"2025-09-14T16:16:52","modified_gmt":"2025-09-14T14:16:52","slug":"les-notes-bamba-se-revele","status":"publish","type":"post","link":"https:\/\/www.ladiagonale.net\/index.php\/2025\/09\/14\/les-notes-bamba-se-revele\/","title":{"rendered":"Les notes : Bamba se r\u00e9v\u00e8le"},"content":{"rendered":"\n\n\n<p><strong>Pour sa premi\u00e8re titularisation chez les pros, Aladji Bamba a r\u00e9alis\u00e9 une tr\u00e8s solide prestation dans l\u2019entrejeu et \u00e9clips\u00e9 son bin\u00f4me Zakaria, qui continue de d\u00e9cevoir.<\/strong><\/p>\n\n\n\n<h4 class=\"wp-block-heading has-white-color has-text-color has-background\" style=\"background-color:#155a00\">TOPS<\/h4>\n\n\n\n<div class=\"wp-block-media-text alignwide is-stacked-on-mobile\" style=\"grid-template-columns:35% auto\"><figure class=\"wp-block-media-text__media\"><img loading=\"lazy\" width=\"400\" height=\"400\" src=\"https:\/\/www.ladiagonale.net\/wp-content\/uploads\/2025\/09\/Bamba7.png\" alt=\"\" class=\"wp-image-33897 size-full\" srcset=\"https:\/\/www.ladiagonale.net\/wp-content\/uploads\/2025\/09\/Bamba7.png 400w, https:\/\/www.ladiagonale.net\/wp-content\/uploads\/2025\/09\/Bamba7-300x300.png 300w, https:\/\/www.ladiagonale.net\/wp-content\/uploads\/2025\/09\/Bamba7-150x150.png 150w, https:\/\/www.ladiagonale.net\/wp-content\/uploads\/2025\/09\/Bamba7-128x128.png 128w, https:\/\/www.ladiagonale.net\/wp-content\/uploads\/2025\/09\/Bamba7-32x32.png 32w\" sizes=\"(max-width: 400px) 100vw, 400px\" \/><\/figure><div class=\"wp-block-media-text__content\">\n<p style=\"font-size:16px\"><strong>Aladji Bamba<\/strong><\/p>\n\n\n\n<p style=\"font-size:15px\">Si le match \u00e0 Auxerre de d\u00e9cembre 2022 avait vu l\u2019\u00e9toile d\u2019Eliesse Ben Seghir briller une premi\u00e8re fois, celui de septembre 2025 a r\u00e9v\u00e9l\u00e9 celle d\u2019Aladji Bamba. Le jeune milieu de 19 ans a livr\u00e9 une tr\u00e8s belle partition pour sa premi\u00e8re titularisation, et il a eu du travail face \u00e0 des Auxerrois tr\u00e8s actifs dans le c\u0153ur du jeu, notamment Danois. Il ne s\u2019est pas cach\u00e9 et a pris ses responsabilit\u00e9s avec le ballon, par quelques passes bien tranchantes. Apr\u00e8s la premi\u00e8re p\u00e9riode, il avait d\u00e9j\u00e0 touch\u00e9 deux fois plus de ballons que Zakaria. Et dans les duels, il a mis de l\u2019impact et affich\u00e9 une belle pr\u00e9sence (12\/17 remport\u00e9s). \u00c0 revoir, et avec une certaine h\u00e2te.<\/p>\n<\/div><\/div>\n\n\n\n<div style=\"height:40px\" aria-hidden=\"true\" class=\"wp-block-spacer\"><\/div>\n\n\n\n<div class=\"wp-block-media-text alignwide is-stacked-on-mobile\" style=\"grid-template-columns:35% auto\"><figure class=\"wp-block-media-text__media\"><img loading=\"lazy\" width=\"400\" height=\"400\" src=\"https:\/\/www.ladiagonale.net\/wp-content\/uploads\/2025\/09\/Vanderson7.png\" alt=\"\" class=\"wp-image-33893 size-full\" srcset=\"https:\/\/www.ladiagonale.net\/wp-content\/uploads\/2025\/09\/Vanderson7.png 400w, https:\/\/www.ladiagonale.net\/wp-content\/uploads\/2025\/09\/Vanderson7-300x300.png 300w, https:\/\/www.ladiagonale.net\/wp-content\/uploads\/2025\/09\/Vanderson7-150x150.png 150w, https:\/\/www.ladiagonale.net\/wp-content\/uploads\/2025\/09\/Vanderson7-128x128.png 128w, https:\/\/www.ladiagonale.net\/wp-content\/uploads\/2025\/09\/Vanderson7-32x32.png 32w\" sizes=\"(max-width: 400px) 100vw, 400px\" \/><\/figure><div class=\"wp-block-media-text__content\">\n<p style=\"font-size:16px\"><strong>Vanderson<\/strong><\/p>\n\n\n\n<p style=\"font-size:15px\">Le lat\u00e9ral br\u00e9silien a \u00e9t\u00e9 discret sur le plan offensif en premi\u00e8re p\u00e9riode, et ses appels n\u2019ont pas toujours \u00e9t\u00e9 r\u00e9compens\u00e9s car pas suffisamment trouv\u00e9 par ses partenaires. Si la premi\u00e8re frappe auxerroise vient d\u2019une situation o\u00f9 il ne d\u00e9fend pas tr\u00e8s bien sur Namaso (6<sup>e<\/sup>), il fait un retour vital devant Sinayoko pour emp\u00eacher l\u2019ouverture du score adverse (13<sup>e<\/sup>). Bien plus pr\u00e9sent apr\u00e8s la pause, o\u00f9 on l\u2019a vu se projeter davantage. C\u2019est lui qui ajuste le centre millim\u00e9tr\u00e9 et d\u00e9cisif pour Ilenikhena en fin de rencontre.<\/p>\n<\/div><\/div>\n\n\n\n<div style=\"height:40px\" aria-hidden=\"true\" class=\"wp-block-spacer\"><\/div>\n\n\n\n<div class=\"wp-block-media-text alignwide is-stacked-on-mobile\" style=\"grid-template-columns:35% auto\"><figure class=\"wp-block-media-text__media\"><img loading=\"lazy\" width=\"400\" height=\"400\" src=\"https:\/\/www.ladiagonale.net\/wp-content\/uploads\/2025\/09\/Minamino6.png\" alt=\"\" class=\"wp-image-33892 size-full\" srcset=\"https:\/\/www.ladiagonale.net\/wp-content\/uploads\/2025\/09\/Minamino6.png 400w, https:\/\/www.ladiagonale.net\/wp-content\/uploads\/2025\/09\/Minamino6-300x300.png 300w, https:\/\/www.ladiagonale.net\/wp-content\/uploads\/2025\/09\/Minamino6-150x150.png 150w, https:\/\/www.ladiagonale.net\/wp-content\/uploads\/2025\/09\/Minamino6-128x128.png 128w, https:\/\/www.ladiagonale.net\/wp-content\/uploads\/2025\/09\/Minamino6-32x32.png 32w\" sizes=\"(max-width: 400px) 100vw, 400px\" \/><\/figure><div class=\"wp-block-media-text__content\">\n<p style=\"font-size:16px\"><strong>Takumi Minamino<\/strong><\/p>\n\n\n\n<p style=\"font-size:15px\">Le Japonais a propos\u00e9 un contenu int\u00e9ressant pour venir jouer dans les intervalles lors du premier acte, ce qui a permis \u00e0 l\u2019ASM de trouver des solutions pour combiner dans les trente derniers m\u00e8tres adverses. Il n\u2019a pas toujours \u00e9t\u00e9 r\u00e9gulier dans ses choix mais il l\u2019a \u00e9t\u00e9 dans ses efforts pour soutenir les offensives de l\u2019\u00e9quipe. Il a surtout \u00e9t\u00e9 tr\u00e8s fin sur le coup de billard dans la surface entre Balogun et Mensah et a pu reprendre le ballon pour ouvrir le score.<\/p>\n<\/div><\/div>\n\n\n\n<div style=\"height:40px\" aria-hidden=\"true\" class=\"wp-block-spacer\"><\/div>\n\n\n\n<div class=\"wp-block-media-text alignwide is-stacked-on-mobile\" style=\"grid-template-columns:35% auto\"><figure class=\"wp-block-media-text__media\"><img loading=\"lazy\" width=\"400\" height=\"400\" src=\"https:\/\/www.ladiagonale.net\/wp-content\/uploads\/2025\/09\/Kohn6.png\" alt=\"\" class=\"wp-image-33891 size-full\" srcset=\"https:\/\/www.ladiagonale.net\/wp-content\/uploads\/2025\/09\/Kohn6.png 400w, https:\/\/www.ladiagonale.net\/wp-content\/uploads\/2025\/09\/Kohn6-300x300.png 300w, https:\/\/www.ladiagonale.net\/wp-content\/uploads\/2025\/09\/Kohn6-150x150.png 150w, https:\/\/www.ladiagonale.net\/wp-content\/uploads\/2025\/09\/Kohn6-128x128.png 128w, https:\/\/www.ladiagonale.net\/wp-content\/uploads\/2025\/09\/Kohn6-32x32.png 32w\" sizes=\"(max-width: 400px) 100vw, 400px\" \/><\/figure><div class=\"wp-block-media-text__content\">\n<p style=\"font-size:16px\"><strong>Philipp K\u00f6hn<\/strong><\/p>\n\n\n\n<p style=\"font-size:15px\">Le portier suisse relevait le gant apr\u00e8s la blessure de Lukas Hradecky. Il s\u2019est plut\u00f4t bien d\u00e9brouill\u00e9 dans cette rencontre, avec notamment une belle d\u00e9tente sur une frappe lourde de Mara (21<sup>e<\/sup>). Il capte en deux temps une frappe qui vient sur lui d\u2019Osman dans le temps additionnel pour soulager son \u00e9quipe, qui venait alors de reprendre l\u2019avantage. Mais sur le but et le centre de Namaso, on peut regretter qu\u2019il soit aussi un peu passif et ne s\u2019impose pas davantage. Il est aussi \u00e9limin\u00e9 par Sinayoko en premi\u00e8re p\u00e9riode (13<sup>e<\/sup>).<\/p>\n<\/div><\/div>\n\n\n\n<h4 class=\"wp-block-heading has-white-color has-text-color has-background\" style=\"background-color:#c00501\">FLOPS<\/h4>\n\n\n\n<div class=\"wp-block-media-text alignwide is-stacked-on-mobile\" style=\"grid-template-columns:35% auto\"><figure class=\"wp-block-media-text__media\"><img loading=\"lazy\" width=\"400\" height=\"400\" src=\"https:\/\/www.ladiagonale.net\/wp-content\/uploads\/2025\/09\/Ouattara3.png\" alt=\"\" class=\"wp-image-33896 size-full\" srcset=\"https:\/\/www.ladiagonale.net\/wp-content\/uploads\/2025\/09\/Ouattara3.png 400w, https:\/\/www.ladiagonale.net\/wp-content\/uploads\/2025\/09\/Ouattara3-300x300.png 300w, https:\/\/www.ladiagonale.net\/wp-content\/uploads\/2025\/09\/Ouattara3-150x150.png 150w, https:\/\/www.ladiagonale.net\/wp-content\/uploads\/2025\/09\/Ouattara3-128x128.png 128w, https:\/\/www.ladiagonale.net\/wp-content\/uploads\/2025\/09\/Ouattara3-32x32.png 32w\" sizes=\"(max-width: 400px) 100vw, 400px\" \/><\/figure><div class=\"wp-block-media-text__content\">\n<p style=\"font-size:16px\"><strong>Kassoum Ouattara<\/strong><\/p>\n\n\n\n<p style=\"font-size:15px\">Pour sa premi\u00e8re titularisation de la saison, il a montr\u00e9 beaucoup d\u2019envie et n\u2019a pas compt\u00e9 ses efforts durant le premier acte pour prendre son couloir. Mais, malgr\u00e9 quelques combinaisons int\u00e9ressantes avec notamment Minamino, il n\u2019a pas su faire peser le danger sur la cage auxerroise. La grande majorit\u00e9 des situations adverses sont d&rsquo;ailleurs venues de son c\u00f4t\u00e9, soit parce qu\u2019il \u00e9tait trop haut sur le terrain, soit parce qu\u2019il se faisait prendre trop facilement dans son dos, que ce soit par Sinayoko (13<sup>e<\/sup>, 33<sup>e<\/sup>) ou par Casimir (33<sup>e<\/sup>). Il a d\u2019ailleurs d\u00e9coup\u00e9 le premier sur un contre et pris un carton jaune (42<sup>e<\/sup>). Remplac\u00e9 par <strong>Caio Henrique<\/strong> (62<sup>e<\/sup>), lui aussi averti et pas vraiment \u00e0 son avantage.<\/p>\n<\/div><\/div>\n\n\n\n<div style=\"height:40px\" aria-hidden=\"true\" class=\"wp-block-spacer\"><\/div>\n\n\n\n<div class=\"wp-block-media-text alignwide is-stacked-on-mobile\" style=\"grid-template-columns:35% auto\"><figure class=\"wp-block-media-text__media\"><img loading=\"lazy\" width=\"400\" height=\"400\" src=\"https:\/\/www.ladiagonale.net\/wp-content\/uploads\/2025\/09\/Zakaria4.png\" alt=\"\" class=\"wp-image-33895 size-full\" srcset=\"https:\/\/www.ladiagonale.net\/wp-content\/uploads\/2025\/09\/Zakaria4.png 400w, https:\/\/www.ladiagonale.net\/wp-content\/uploads\/2025\/09\/Zakaria4-300x300.png 300w, https:\/\/www.ladiagonale.net\/wp-content\/uploads\/2025\/09\/Zakaria4-150x150.png 150w, https:\/\/www.ladiagonale.net\/wp-content\/uploads\/2025\/09\/Zakaria4-128x128.png 128w, https:\/\/www.ladiagonale.net\/wp-content\/uploads\/2025\/09\/Zakaria4-32x32.png 32w\" sizes=\"(max-width: 400px) 100vw, 400px\" \/><\/figure><div class=\"wp-block-media-text__content\">\n<p style=\"font-size:16px\"><strong>Denis Zakaria<\/strong><\/p>\n\n\n\n<p style=\"font-size:15px\">Il a chaperonn\u00e9 Bamba mais le contraste entre les deux prestations a \u00e9t\u00e9 saisissant \u00e0 l&rsquo;Abb\u00e9-Deschamps. Tandis que l&rsquo;\u00e9toile Bamba rayonnait, celle de Zakaria p\u00e2lissait. Le capitaine mon\u00e9gasque a livr\u00e9 une troisi\u00e8me prestation d\u2019affil\u00e9e d\u00e9cevante, une prestation de trop peu \u00e0 tous les niveaux. Aucun duel gagn\u00e9 sur trois disput\u00e9s, moiti\u00e9 moins de ballons touch\u00e9s que Bamba au moment de sa sortie, c&rsquo;est simple, on n&rsquo;a pas vu le Suisse et c&rsquo;est un probl\u00e8me, lui qui est un des visages de cette \u00e9quipe.<\/p>\n<\/div><\/div>\n\n\n\n<div style=\"height:40px\" aria-hidden=\"true\" class=\"wp-block-spacer\"><\/div>\n\n\n\n<div class=\"wp-block-media-text alignwide is-stacked-on-mobile\" style=\"grid-template-columns:35% auto\"><figure class=\"wp-block-media-text__media\"><img loading=\"lazy\" width=\"400\" height=\"400\" src=\"https:\/\/www.ladiagonale.net\/wp-content\/uploads\/2025\/09\/Salisu4.png\" alt=\"\" class=\"wp-image-33894 size-full\" srcset=\"https:\/\/www.ladiagonale.net\/wp-content\/uploads\/2025\/09\/Salisu4.png 400w, https:\/\/www.ladiagonale.net\/wp-content\/uploads\/2025\/09\/Salisu4-300x300.png 300w, https:\/\/www.ladiagonale.net\/wp-content\/uploads\/2025\/09\/Salisu4-150x150.png 150w, https:\/\/www.ladiagonale.net\/wp-content\/uploads\/2025\/09\/Salisu4-128x128.png 128w, https:\/\/www.ladiagonale.net\/wp-content\/uploads\/2025\/09\/Salisu4-32x32.png 32w\" sizes=\"(max-width: 400px) 100vw, 400px\" \/><\/figure><div class=\"wp-block-media-text__content\">\n<p style=\"font-size:16px\"><strong>Mohammed Salisu<\/strong><\/p>\n\n\n\n<p style=\"font-size:15px\">S&rsquo;il a r\u00e9pondu dans l&rsquo;impact physique et le duel, avec sa puissance et sa rugosit\u00e9, il a \u00e9t\u00e9 moins fin dans son positionnement et la gestion des espaces, notamment sur certaines compensations de Ouattara. Toujours \u00e0 la limite quand \u00e0 son alignement. Et il y a \u00e0 son d\u00e9bit un but contre son camp malheureux, o\u00f9 il propulse le centre de Namaso dans ses propres filets. Pas le meilleur moyen pour regagner sa place.<\/p>\n<\/div><\/div>\n\n\n\n<div style=\"height:40px\" aria-hidden=\"true\" class=\"wp-block-spacer\"><\/div>\n\n\n\n<h4 class=\"wp-block-heading has-white-color has-text-color has-background\" style=\"background-color:#303030\">Les autres notes<\/h4>\n\n\n\n<p><strong>Thilo Kehrer : 5\/10<\/strong><\/p>\n\n\n\n<p>Le d\u00e9fenseur central n&rsquo;a pas toujours respir\u00e9 la s\u00e9r\u00e9nit\u00e9 mais il ne s&rsquo;est pas trop mis \u00e0 la faute et a r\u00e9alis\u00e9 quelques bonnes couvertures. Il aurait pu marquer sur corner, comme il y a un an.<\/p>\n\n\n\n<p><strong>Maghnes Akliouche : 5\/10<\/strong><\/p>\n\n\n\n<p>Le milieu offensif \u00e9tait sur courant alternatif lors de cette rencontre. Il a forc\u00e9ment r\u00e9ussi quelques belles passes et centres qui auraient m\u00e9rit\u00e9 un meilleur sort, surtout celui enlev\u00e9 par Owusu devant Minamino (40<sup>e<\/sup>), mais c\u2019\u00e9tait globalement un peu juste sur la totalit\u00e9 des 90 minutes. Des gestes de classe mais on attend un peu plus du d\u00e9sormais international tricolore.<\/p>\n\n\n\n<p><strong>Mika Biereth : 5\/10<\/strong><\/p>\n\n\n\n<p>L\u2019attaquant danois n\u2019a pas m\u00e9nag\u00e9 ses efforts et il s\u2019est beaucoup sacrifi\u00e9 pour l\u2019\u00e9quipe. R\u00e9sultat, il a \u00e9t\u00e9 utile pour combiner aux abords de la surface mais n\u2019a jamais \u00e9t\u00e9 trouv\u00e9 l\u00e0 o\u00f9 il peut faire de vraies diff\u00e9rences, \u00e0 savoir dans la zone de v\u00e9rit\u00e9. \u00c0 l\u2019exception d\u2019une frappe contr\u00e9e en d\u00e9but de match (10<sup>e<\/sup>) ou d\u2019une remise astucieuse pour Balogun (12<sup>e<\/sup>), il n\u2019a rien eu \u00e0 se  mettre sous la dent et continue de manger son pain noir, en qu\u00eate de son premier but. Suppl\u00e9e par <strong>Ilenikhena<\/strong> (78<sup>e<\/sup>), buteur providentiel en fin de match d&rsquo;une t\u00eate superbement ajust\u00e9e.<\/p>\n\n\n\n<p><strong>Folarin Balogun : 5\/10<\/strong><\/p>\n\n\n\n<p>Accrocheur dans le duel, o\u00f9 il avait des clients et du r\u00e9pondant, l\u2019attaquant am\u00e9ricain n\u2019a jamais l\u00e2ch\u00e9 et a parfois r\u00e9ussi \u00e0 se retourner pour prendre le dessus sur ses vis-\u00e0-vis. Mais il a eu assez peu de latitude et finalement pas suffisamment de situations pour se mettre en \u00e9vidence. Dommage, donc, d\u2019avoir rat\u00e9 deux situations (12<sup>e<\/sup>, 57<sup>e<\/sup>) o\u00f9 il n\u2019a pas \u00e9t\u00e9 en mesure d&rsquo;accrocher le cadre. Remplac\u00e9 par <strong>Brunner<\/strong> (63<sup>e<\/sup>), qui a \u00e9t\u00e9 tr\u00e8s brouillon mais aura au moins eu le m\u00e9rite d&rsquo;obtenir l&rsquo;exclusion de Casimir (68<sup>e<\/sup>).<\/p>\n\n\n\n<p><strong>Adi H\u00fctter : 6\/10<\/strong><\/p>\n\n\n\n<p>La titularisation de Bamba a \u00e9t\u00e9 une bonne id\u00e9e et il a eu du flair sur ses changements, en sortant notamment un Ouattara en grande difficult\u00e9 et en prot\u00e9geant un Bamba au plus fort de la pouss\u00e9e bourguignonne, comme en faisant rentrer Brunner et Ilenikhena, d\u00e9cisifs \u00e0 leur mani\u00e8re. Pas certain, en revanche, que changer toute la ligne d\u00e9fensive a \u00e9t\u00e9 une grande r\u00e9ussite. Les r\u00e9sultats lui donnent raison mais la mani\u00e8re pas vraiment.<\/p>\n\n\n<div class=\"wp-block-image\">\n<figure class=\"aligncenter size-large is-resized\"><img loading=\"lazy\" width=\"819\" height=\"1024\" src=\"https:\/\/www.ladiagonale.net\/wp-content\/uploads\/2025\/09\/ajajsm-819x1024.png\" alt=\"\" class=\"wp-image-33902\" style=\"width:614px;height:768px\" srcset=\"https:\/\/www.ladiagonale.net\/wp-content\/uploads\/2025\/09\/ajajsm-819x1024.png 819w, https:\/\/www.ladiagonale.net\/wp-content\/uploads\/2025\/09\/ajajsm-240x300.png 240w, https:\/\/www.ladiagonale.net\/wp-content\/uploads\/2025\/09\/ajajsm-768x960.png 768w, https:\/\/www.ladiagonale.net\/wp-content\/uploads\/2025\/09\/ajajsm-1229x1536.png 1229w, https:\/\/www.ladiagonale.net\/wp-content\/uploads\/2025\/09\/ajajsm-102x128.png 102w, https:\/\/www.ladiagonale.net\/wp-content\/uploads\/2025\/09\/ajajsm-26x32.png 26w, https:\/\/www.ladiagonale.net\/wp-content\/uploads\/2025\/09\/ajajsm.png 1242w\" sizes=\"(max-width: 819px) 100vw, 819px\" \/><figcaption class=\"wp-element-caption\">Adi H\u00fctter : 6\/10<br \/>Moyenne de l&rsquo;\u00e9quipe : 5,2\/10<\/figcaption><\/figure><\/div>","protected":false},"excerpt":{"rendered":"<p>Pour sa premi\u00e8re titularisation chez les pros, Aladji Bamba a r\u00e9alis\u00e9 une tr\u00e8s solide prestation dans l\u2019entrejeu et \u00e9clips\u00e9 son bin\u00f4me Zakaria, qui continue de d\u00e9cevoir. TOPS Aladji Bamba Si le match \u00e0 Auxerre de d\u00e9cembre 2022 avait vu l\u2019\u00e9toile d\u2019Eliesse Ben Seghir briller une premi\u00e8re fois, celui de septembre 2025 a r\u00e9v\u00e9l\u00e9 celle d\u2019Aladji [&#8230;]\n","protected":false},"author":2,"featured_media":33901,"comment_status":"open","ping_status":"open","sticky":false,"template":"","format":"standard","meta":[],"categories":[5,6],"tags":[86,353,94,248],"yoast_head":"<!-- This site is optimized with the Yoast SEO plugin v19.8 - https:\/\/yoast.com\/wordpress\/plugins\/seo\/ -->\n<title>Les notes : Bamba se r\u00e9v\u00e8le - La Diagonale<\/title>\n<meta name=\"robots\" content=\"index, follow, max-snippet:-1, max-image-preview:large, max-video-preview:-1\" \/>\n<link rel=\"canonical\" href=\"https:\/\/www.ladiagonale.net\/index.php\/2025\/09\/14\/les-notes-bamba-se-revele\/\" \/>\n<meta property=\"og:locale\" content=\"fr_FR\" \/>\n<meta property=\"og:type\" content=\"article\" \/>\n<meta property=\"og:title\" content=\"Les notes : Bamba se r\u00e9v\u00e8le - La Diagonale\" \/>\n<meta property=\"og:description\" content=\"Pour sa premi\u00e8re titularisation chez les pros, Aladji Bamba a r\u00e9alis\u00e9 une tr\u00e8s solide prestation dans l\u2019entrejeu et \u00e9clips\u00e9 son bin\u00f4me Zakaria, qui continue de d\u00e9cevoir. TOPS Aladji Bamba Si le match \u00e0 Auxerre de d\u00e9cembre 2022 avait vu l\u2019\u00e9toile d\u2019Eliesse Ben Seghir briller une premi\u00e8re fois, celui de septembre 2025 a r\u00e9v\u00e9l\u00e9 celle d\u2019Aladji [...]\" \/>\n<meta property=\"og:url\" content=\"https:\/\/www.ladiagonale.net\/index.php\/2025\/09\/14\/les-notes-bamba-se-revele\/\" \/>\n<meta property=\"og:site_name\" content=\"La Diagonale\" \/>\n<meta property=\"article:published_time\" content=\"2025-09-14T14:16:51+00:00\" \/>\n<meta property=\"article:modified_time\" content=\"2025-09-14T14:16:52+00:00\" \/>\n<meta property=\"og:image\" content=\"https:\/\/www.ladiagonale.net\/wp-content\/uploads\/2025\/09\/noteaja.png\" \/>\n\t<meta property=\"og:image:width\" content=\"1160\" \/>\n\t<meta property=\"og:image:height\" content=\"650\" \/>\n\t<meta property=\"og:image:type\" content=\"image\/png\" \/>\n<meta name=\"author\" content=\"Damien Dellerba\" \/>\n<meta name=\"twitter:card\" content=\"summary_large_image\" \/>\n<meta name=\"twitter:image\" content=\"https:\/\/www.ladiagonale.net\/wp-content\/uploads\/2025\/09\/noteaja.png\" \/>\n<meta name=\"twitter:label1\" content=\"\u00c9crit par\" \/>\n\t<meta name=\"twitter:data1\" content=\"Damien Dellerba\" \/>\n\t<meta name=\"twitter:label2\" content=\"Dur\u00e9e de lecture estim\u00e9e\" \/>\n\t<meta name=\"twitter:data2\" content=\"8 minutes\" \/>\n<script type=\"application\/ld+json\" class=\"yoast-schema-graph\">{\"@context\":\"https:\/\/schema.org\",\"@graph\":[{\"@type\":\"WebPage\",\"@id\":\"https:\/\/www.ladiagonale.net\/index.php\/2025\/09\/14\/les-notes-bamba-se-revele\/\",\"url\":\"https:\/\/www.ladiagonale.net\/index.php\/2025\/09\/14\/les-notes-bamba-se-revele\/\",\"name\":\"Les notes : Bamba se r\u00e9v\u00e8le - La Diagonale\",\"isPartOf\":{\"@id\":\"https:\/\/www.ladiagonale.net\/#website\"},\"datePublished\":\"2025-09-14T14:16:51+00:00\",\"dateModified\":\"2025-09-14T14:16:52+00:00\",\"author\":{\"@id\":\"https:\/\/www.ladiagonale.net\/#\/schema\/person\/79ff1e7b0853ed01b2aa26e64ad300bf\"},\"breadcrumb\":{\"@id\":\"https:\/\/www.ladiagonale.net\/index.php\/2025\/09\/14\/les-notes-bamba-se-revele\/#breadcrumb\"},\"inLanguage\":\"fr-FR\",\"potentialAction\":[{\"@type\":\"ReadAction\",\"target\":[\"https:\/\/www.ladiagonale.net\/index.php\/2025\/09\/14\/les-notes-bamba-se-revele\/\"]}]},{\"@type\":\"BreadcrumbList\",\"@id\":\"https:\/\/www.ladiagonale.net\/index.php\/2025\/09\/14\/les-notes-bamba-se-revele\/#breadcrumb\",\"itemListElement\":[{\"@type\":\"ListItem\",\"position\":1,\"name\":\"Accueil\",\"item\":\"https:\/\/www.ladiagonale.net\/\"},{\"@type\":\"ListItem\",\"position\":2,\"name\":\"Les notes : Bamba se r\u00e9v\u00e8le\"}]},{\"@type\":\"WebSite\",\"@id\":\"https:\/\/www.ladiagonale.net\/#website\",\"url\":\"https:\/\/www.ladiagonale.net\/\",\"name\":\"La Diagonale\",\"description\":\"Le site des supporters de l&#039;AS Monaco FC\",\"potentialAction\":[{\"@type\":\"SearchAction\",\"target\":{\"@type\":\"EntryPoint\",\"urlTemplate\":\"https:\/\/www.ladiagonale.net\/?s={search_term_string}\"},\"query-input\":\"required name=search_term_string\"}],\"inLanguage\":\"fr-FR\"},{\"@type\":\"Person\",\"@id\":\"https:\/\/www.ladiagonale.net\/#\/schema\/person\/79ff1e7b0853ed01b2aa26e64ad300bf\",\"name\":\"Damien Dellerba\",\"image\":{\"@type\":\"ImageObject\",\"inLanguage\":\"fr-FR\",\"@id\":\"https:\/\/www.ladiagonale.net\/#\/schema\/person\/image\/\",\"url\":\"https:\/\/secure.gravatar.com\/avatar\/c7850e06d3ff63cdbaee88b7fc16e2f0?s=96&d=mm&r=g\",\"contentUrl\":\"https:\/\/secure.gravatar.com\/avatar\/c7850e06d3ff63cdbaee88b7fc16e2f0?s=96&d=mm&r=g\",\"caption\":\"Damien Dellerba\"},\"url\":\"https:\/\/www.ladiagonale.net\/index.php\/author\/damien\/\"}]}<\/script>\n<!-- \/ Yoast SEO plugin. -->","yoast_head_json":{"title":"Les notes : Bamba se r\u00e9v\u00e8le - La Diagonale","robots":{"index":"index","follow":"follow","max-snippet":"max-snippet:-1","max-image-preview":"max-image-preview:large","max-video-preview":"max-video-preview:-1"},"canonical":"https:\/\/www.ladiagonale.net\/index.php\/2025\/09\/14\/les-notes-bamba-se-revele\/","og_locale":"fr_FR","og_type":"article","og_title":"Les notes : Bamba se r\u00e9v\u00e8le - La Diagonale","og_description":"Pour sa premi\u00e8re titularisation chez les pros, Aladji Bamba a r\u00e9alis\u00e9 une tr\u00e8s solide prestation dans l\u2019entrejeu et \u00e9clips\u00e9 son bin\u00f4me Zakaria, qui continue de d\u00e9cevoir. TOPS Aladji Bamba Si le match \u00e0 Auxerre de d\u00e9cembre 2022 avait vu l\u2019\u00e9toile d\u2019Eliesse Ben Seghir briller une premi\u00e8re fois, celui de septembre 2025 a r\u00e9v\u00e9l\u00e9 celle d\u2019Aladji [...]","og_url":"https:\/\/www.ladiagonale.net\/index.php\/2025\/09\/14\/les-notes-bamba-se-revele\/","og_site_name":"La Diagonale","article_published_time":"2025-09-14T14:16:51+00:00","article_modified_time":"2025-09-14T14:16:52+00:00","og_image":[{"width":1160,"height":650,"url":"https:\/\/www.ladiagonale.net\/wp-content\/uploads\/2025\/09\/noteaja.png","type":"image\/png"}],"author":"Damien Dellerba","twitter_card":"summary_large_image","twitter_image":"https:\/\/www.ladiagonale.net\/wp-content\/uploads\/2025\/09\/noteaja.png","twitter_misc":{"\u00c9crit par":"Damien Dellerba","Dur\u00e9e de lecture estim\u00e9e":"8 minutes"},"schema":{"@context":"https:\/\/schema.org","@graph":[{"@type":"WebPage","@id":"https:\/\/www.ladiagonale.net\/index.php\/2025\/09\/14\/les-notes-bamba-se-revele\/","url":"https:\/\/www.ladiagonale.net\/index.php\/2025\/09\/14\/les-notes-bamba-se-revele\/","name":"Les notes : Bamba se r\u00e9v\u00e8le - La Diagonale","isPartOf":{"@id":"https:\/\/www.ladiagonale.net\/#website"},"datePublished":"2025-09-14T14:16:51+00:00","dateModified":"2025-09-14T14:16:52+00:00","author":{"@id":"https:\/\/www.ladiagonale.net\/#\/schema\/person\/79ff1e7b0853ed01b2aa26e64ad300bf"},"breadcrumb":{"@id":"https:\/\/www.ladiagonale.net\/index.php\/2025\/09\/14\/les-notes-bamba-se-revele\/#breadcrumb"},"inLanguage":"fr-FR","potentialAction":[{"@type":"ReadAction","target":["https:\/\/www.ladiagonale.net\/index.php\/2025\/09\/14\/les-notes-bamba-se-revele\/"]}]},{"@type":"BreadcrumbList","@id":"https:\/\/www.ladiagonale.net\/index.php\/2025\/09\/14\/les-notes-bamba-se-revele\/#breadcrumb","itemListElement":[{"@type":"ListItem","position":1,"name":"Accueil","item":"https:\/\/www.ladiagonale.net\/"},{"@type":"ListItem","position":2,"name":"Les notes : Bamba se r\u00e9v\u00e8le"}]},{"@type":"WebSite","@id":"https:\/\/www.ladiagonale.net\/#website","url":"https:\/\/www.ladiagonale.net\/","name":"La Diagonale","description":"Le site des supporters de l&#039;AS Monaco FC","potentialAction":[{"@type":"SearchAction","target":{"@type":"EntryPoint","urlTemplate":"https:\/\/www.ladiagonale.net\/?s={search_term_string}"},"query-input":"required name=search_term_string"}],"inLanguage":"fr-FR"},{"@type":"Person","@id":"https:\/\/www.ladiagonale.net\/#\/schema\/person\/79ff1e7b0853ed01b2aa26e64ad300bf","name":"Damien Dellerba","image":{"@type":"ImageObject","inLanguage":"fr-FR","@id":"https:\/\/www.ladiagonale.net\/#\/schema\/person\/image\/","url":"https:\/\/secure.gravatar.com\/avatar\/c7850e06d3ff63cdbaee88b7fc16e2f0?s=96&d=mm&r=g","contentUrl":"https:\/\/secure.gravatar.com\/avatar\/c7850e06d3ff63cdbaee88b7fc16e2f0?s=96&d=mm&r=g","caption":"Damien Dellerba"},"url":"https:\/\/www.ladiagonale.net\/index.php\/author\/damien\/"}]}},"_links":{"self":[{"href":"https:\/\/www.ladiagonale.net\/index.php\/wp-json\/wp\/v2\/posts\/33883"}],"collection":[{"href":"https:\/\/www.ladiagonale.net\/index.php\/wp-json\/wp\/v2\/posts"}],"about":[{"href":"https:\/\/www.ladiagonale.net\/index.php\/wp-json\/wp\/v2\/types\/post"}],"author":[{"embeddable":true,"href":"https:\/\/www.ladiagonale.net\/index.php\/wp-json\/wp\/v2\/users\/2"}],"replies":[{"embeddable":true,"href":"https:\/\/www.ladiagonale.net\/index.php\/wp-json\/wp\/v2\/comments?post=33883"}],"version-history":[{"count":7,"href":"https:\/\/www.ladiagonale.net\/index.php\/wp-json\/wp\/v2\/posts\/33883\/revisions"}],"predecessor-version":[{"id":33905,"href":"https:\/\/www.ladiagonale.net\/index.php\/wp-json\/wp\/v2\/posts\/33883\/revisions\/33905"}],"wp:featuredmedia":[{"embeddable":true,"href":"https:\/\/www.ladiagonale.net\/index.php\/wp-json\/wp\/v2\/media\/33901"}],"wp:attachment":[{"href":"https:\/\/www.ladiagonale.net\/index.php\/wp-json\/wp\/v2\/media?parent=33883"}],"wp:term":[{"taxonomy":"category","embeddable":true,"href":"https:\/\/www.ladiagonale.net\/index.php\/wp-json\/wp\/v2\/categories?post=33883"},{"taxonomy":"post_tag","embeddable":true,"href":"https:\/\/www.ladiagonale.net\/index.php\/wp-json\/wp\/v2\/tags?post=33883"}],"curies":[{"name":"wp","href":"https:\/\/api.w.org\/{rel}","templated":true}]}}