{"id":33910,"date":"2025-09-15T16:06:11","date_gmt":"2025-09-15T14:06:11","guid":{"rendered":"https:\/\/www.ladiagonale.net\/?p=33910"},"modified":"2025-09-15T16:06:12","modified_gmt":"2025-09-15T14:06:12","slug":"vanderson-dans-lequipe-type-de-la-4e-journee","status":"publish","type":"post","link":"https:\/\/www.ladiagonale.net\/index.php\/2025\/09\/15\/vanderson-dans-lequipe-type-de-la-4e-journee\/","title":{"rendered":"Vanderson dans l&rsquo;\u00e9quipe type de la 4e journ\u00e9e"},"content":{"rendered":"\n\n\n<p>Samedi soir, \u00e0 Auxerre, Vanderson a f\u00eat\u00e9 sa 100<sup>e<\/sup> apparition en Ligue 1 avec le maillot de l&rsquo;AS Monaco. Un anniversaire c\u00e9l\u00e9br\u00e9 avec une passe d\u00e9cisive pour George Ilenikhena en toute fin de rencontre, mais aussi un sauvetage devant Sinayoko, qui aurait pu ouvrir le score apr\u00e8s avoir \u00e9limin\u00e9 Philipp K\u00f6hn. <\/p>\n\n\n\n<p>Pour sa premi\u00e8re titularisation de la saison, le lat\u00e9ral br\u00e9silien a su r\u00e9pondre aux attentes et a d\u00e9croch\u00e9 un 7\/10 dans les colonnes de <em>L&rsquo;\u00c9quipe<\/em>. Cela lui vaut d&rsquo;\u00eatre dans l&rsquo;\u00e9quipe type de la 4<sup>e<\/sup> journ\u00e9e du quotidien.<\/p>\n\n\n\n<h3>L&rsquo;\u00e9quipe type de la 4<sup>e<\/sup> journ\u00e9e<\/h3>\n\n\n<div class=\"wp-block-image\">\n<figure class=\"aligncenter size-full\"><img loading=\"lazy\" width=\"519\" height=\"596\" src=\"https:\/\/www.ladiagonale.net\/wp-content\/uploads\/2025\/09\/IMG_3559.jpg\" alt=\"\" class=\"wp-image-33911\" srcset=\"https:\/\/www.ladiagonale.net\/wp-content\/uploads\/2025\/09\/IMG_3559.jpg 519w, https:\/\/www.ladiagonale.net\/wp-content\/uploads\/2025\/09\/IMG_3559-261x300.jpg 261w, https:\/\/www.ladiagonale.net\/wp-content\/uploads\/2025\/09\/IMG_3559-111x128.jpg 111w, https:\/\/www.ladiagonale.net\/wp-content\/uploads\/2025\/09\/IMG_3559-28x32.jpg 28w\" sizes=\"(max-width: 519px) 100vw, 519px\" \/><figcaption>Cr\u00e9dit : <em>L&rsquo;\u00c9quipe<\/em><\/figcaption><\/figure><\/div>\n\n\n<h4 class=\"wp-block-heading has-white-color has-vivid-red-background-color has-text-color has-background\" id=\"pr\u00e9sences-dans-l\u00e9quipe-type-par-journ\u00e9es\" style=\"text-transform:uppercase\">Pr\u00e9sences dans l\u2019\u00e9quipe type par journ\u00e9e<\/h4>\n\n\n\n<ul><li>1<sup>re<\/sup> journ\u00e9e : Maghnes Akliouche<\/li><li>3<sup>e<\/sup> journ\u00e9e : Folarin Balogun<\/li><li>4<sup>e<\/sup> journ\u00e9e : Vanderson<\/li><\/ul>\n\n\n\n<h4 class=\"wp-block-heading has-white-color has-vivid-red-background-color has-text-color has-background\" id=\"nombre-de-pr\u00e9sences-dans-l\u00e9quipe-type\" style=\"text-transform:uppercase\">Nombre de pr\u00e9sences dans l\u2019\u00e9quipe type<\/h4>\n\n\n\n<ul><li>Maghnes Akliouche, Folarin Balogun, Vanderson : 1<\/li><\/ul>\n","protected":false},"excerpt":{"rendered":"<p>Samedi soir, \u00e0 Auxerre, Vanderson a f\u00eat\u00e9 sa 100e apparition en Ligue 1 avec le maillot de l&rsquo;AS Monaco. Un anniversaire c\u00e9l\u00e9br\u00e9 avec une passe d\u00e9cisive pour George Ilenikhena en toute fin de rencontre, mais aussi un sauvetage devant Sinayoko, qui aurait pu ouvrir le score apr\u00e8s avoir \u00e9limin\u00e9 Philipp K\u00f6hn. Pour sa premi\u00e8re titularisation [&#8230;]\n","protected":false},"author":2,"featured_media":0,"comment_status":"open","ping_status":"open","sticky":false,"template":"","format":"standard","meta":[],"categories":[6,1000],"tags":[86,218,483,94,1122],"yoast_head":"<!-- This site is optimized with the Yoast SEO plugin v19.8 - https:\/\/yoast.com\/wordpress\/plugins\/seo\/ -->\n<title>Vanderson dans l&#039;\u00e9quipe type de la 4e journ\u00e9e - La Diagonale<\/title>\n<meta name=\"robots\" content=\"index, follow, max-snippet:-1, max-image-preview:large, max-video-preview:-1\" \/>\n<link rel=\"canonical\" href=\"https:\/\/www.ladiagonale.net\/index.php\/2025\/09\/15\/vanderson-dans-lequipe-type-de-la-4e-journee\/\" \/>\n<meta property=\"og:locale\" content=\"fr_FR\" \/>\n<meta property=\"og:type\" content=\"article\" \/>\n<meta property=\"og:title\" content=\"Vanderson dans l&#039;\u00e9quipe type de la 4e journ\u00e9e - La Diagonale\" \/>\n<meta property=\"og:description\" content=\"Samedi soir, \u00e0 Auxerre, Vanderson a f\u00eat\u00e9 sa 100e apparition en Ligue 1 avec le maillot de l&rsquo;AS Monaco. Un anniversaire c\u00e9l\u00e9br\u00e9 avec une passe d\u00e9cisive pour George Ilenikhena en toute fin de rencontre, mais aussi un sauvetage devant Sinayoko, qui aurait pu ouvrir le score apr\u00e8s avoir \u00e9limin\u00e9 Philipp K\u00f6hn. Pour sa premi\u00e8re titularisation [...]\" \/>\n<meta property=\"og:url\" content=\"https:\/\/www.ladiagonale.net\/index.php\/2025\/09\/15\/vanderson-dans-lequipe-type-de-la-4e-journee\/\" \/>\n<meta property=\"og:site_name\" content=\"La Diagonale\" \/>\n<meta property=\"article:published_time\" content=\"2025-09-15T14:06:11+00:00\" \/>\n<meta property=\"article:modified_time\" content=\"2025-09-15T14:06:12+00:00\" \/>\n<meta property=\"og:image\" content=\"https:\/\/www.ladiagonale.net\/wp-content\/uploads\/2025\/09\/Vanderson-Auxerre.png\" \/>\n\t<meta property=\"og:image:width\" content=\"1160\" \/>\n\t<meta property=\"og:image:height\" content=\"650\" \/>\n\t<meta property=\"og:image:type\" content=\"image\/png\" \/>\n<meta name=\"author\" content=\"Damien Dellerba\" \/>\n<meta name=\"twitter:card\" content=\"summary_large_image\" \/>\n<meta name=\"twitter:image\" content=\"https:\/\/www.ladiagonale.net\/wp-content\/uploads\/2025\/09\/Vanderson-Auxerre.png\" \/>\n<meta name=\"twitter:label1\" content=\"\u00c9crit par\" \/>\n\t<meta name=\"twitter:data1\" content=\"Damien Dellerba\" \/>\n\t<meta name=\"twitter:label2\" content=\"Dur\u00e9e de lecture estim\u00e9e\" \/>\n\t<meta name=\"twitter:data2\" content=\"1 minute\" \/>\n<script type=\"application\/ld+json\" class=\"yoast-schema-graph\">{\"@context\":\"https:\/\/schema.org\",\"@graph\":[{\"@type\":\"WebPage\",\"@id\":\"https:\/\/www.ladiagonale.net\/index.php\/2025\/09\/15\/vanderson-dans-lequipe-type-de-la-4e-journee\/\",\"url\":\"https:\/\/www.ladiagonale.net\/index.php\/2025\/09\/15\/vanderson-dans-lequipe-type-de-la-4e-journee\/\",\"name\":\"Vanderson dans l'\u00e9quipe type de la 4e journ\u00e9e - La Diagonale\",\"isPartOf\":{\"@id\":\"https:\/\/www.ladiagonale.net\/#website\"},\"datePublished\":\"2025-09-15T14:06:11+00:00\",\"dateModified\":\"2025-09-15T14:06:12+00:00\",\"author\":{\"@id\":\"https:\/\/www.ladiagonale.net\/#\/schema\/person\/79ff1e7b0853ed01b2aa26e64ad300bf\"},\"breadcrumb\":{\"@id\":\"https:\/\/www.ladiagonale.net\/index.php\/2025\/09\/15\/vanderson-dans-lequipe-type-de-la-4e-journee\/#breadcrumb\"},\"inLanguage\":\"fr-FR\",\"potentialAction\":[{\"@type\":\"ReadAction\",\"target\":[\"https:\/\/www.ladiagonale.net\/index.php\/2025\/09\/15\/vanderson-dans-lequipe-type-de-la-4e-journee\/\"]}]},{\"@type\":\"BreadcrumbList\",\"@id\":\"https:\/\/www.ladiagonale.net\/index.php\/2025\/09\/15\/vanderson-dans-lequipe-type-de-la-4e-journee\/#breadcrumb\",\"itemListElement\":[{\"@type\":\"ListItem\",\"position\":1,\"name\":\"Accueil\",\"item\":\"https:\/\/www.ladiagonale.net\/\"},{\"@type\":\"ListItem\",\"position\":2,\"name\":\"Vanderson dans l&rsquo;\u00e9quipe type de la 4e journ\u00e9e\"}]},{\"@type\":\"WebSite\",\"@id\":\"https:\/\/www.ladiagonale.net\/#website\",\"url\":\"https:\/\/www.ladiagonale.net\/\",\"name\":\"La Diagonale\",\"description\":\"Le site des supporters de l&#039;AS Monaco FC\",\"potentialAction\":[{\"@type\":\"SearchAction\",\"target\":{\"@type\":\"EntryPoint\",\"urlTemplate\":\"https:\/\/www.ladiagonale.net\/?s={search_term_string}\"},\"query-input\":\"required name=search_term_string\"}],\"inLanguage\":\"fr-FR\"},{\"@type\":\"Person\",\"@id\":\"https:\/\/www.ladiagonale.net\/#\/schema\/person\/79ff1e7b0853ed01b2aa26e64ad300bf\",\"name\":\"Damien Dellerba\",\"image\":{\"@type\":\"ImageObject\",\"inLanguage\":\"fr-FR\",\"@id\":\"https:\/\/www.ladiagonale.net\/#\/schema\/person\/image\/\",\"url\":\"https:\/\/secure.gravatar.com\/avatar\/c7850e06d3ff63cdbaee88b7fc16e2f0?s=96&d=mm&r=g\",\"contentUrl\":\"https:\/\/secure.gravatar.com\/avatar\/c7850e06d3ff63cdbaee88b7fc16e2f0?s=96&d=mm&r=g\",\"caption\":\"Damien Dellerba\"},\"url\":\"https:\/\/www.ladiagonale.net\/index.php\/author\/damien\/\"}]}<\/script>\n<!-- \/ Yoast SEO plugin. -->","yoast_head_json":{"title":"Vanderson dans l'\u00e9quipe type de la 4e journ\u00e9e - La Diagonale","robots":{"index":"index","follow":"follow","max-snippet":"max-snippet:-1","max-image-preview":"max-image-preview:large","max-video-preview":"max-video-preview:-1"},"canonical":"https:\/\/www.ladiagonale.net\/index.php\/2025\/09\/15\/vanderson-dans-lequipe-type-de-la-4e-journee\/","og_locale":"fr_FR","og_type":"article","og_title":"Vanderson dans l'\u00e9quipe type de la 4e journ\u00e9e - La Diagonale","og_description":"Samedi soir, \u00e0 Auxerre, Vanderson a f\u00eat\u00e9 sa 100e apparition en Ligue 1 avec le maillot de l&rsquo;AS Monaco. Un anniversaire c\u00e9l\u00e9br\u00e9 avec une passe d\u00e9cisive pour George Ilenikhena en toute fin de rencontre, mais aussi un sauvetage devant Sinayoko, qui aurait pu ouvrir le score apr\u00e8s avoir \u00e9limin\u00e9 Philipp K\u00f6hn. Pour sa premi\u00e8re titularisation [...]","og_url":"https:\/\/www.ladiagonale.net\/index.php\/2025\/09\/15\/vanderson-dans-lequipe-type-de-la-4e-journee\/","og_site_name":"La Diagonale","article_published_time":"2025-09-15T14:06:11+00:00","article_modified_time":"2025-09-15T14:06:12+00:00","og_image":[{"width":1160,"height":650,"url":"https:\/\/www.ladiagonale.net\/wp-content\/uploads\/2025\/09\/Vanderson-Auxerre.png","type":"image\/png"}],"author":"Damien Dellerba","twitter_card":"summary_large_image","twitter_image":"https:\/\/www.ladiagonale.net\/wp-content\/uploads\/2025\/09\/Vanderson-Auxerre.png","twitter_misc":{"\u00c9crit par":"Damien Dellerba","Dur\u00e9e de lecture estim\u00e9e":"1 minute"},"schema":{"@context":"https:\/\/schema.org","@graph":[{"@type":"WebPage","@id":"https:\/\/www.ladiagonale.net\/index.php\/2025\/09\/15\/vanderson-dans-lequipe-type-de-la-4e-journee\/","url":"https:\/\/www.ladiagonale.net\/index.php\/2025\/09\/15\/vanderson-dans-lequipe-type-de-la-4e-journee\/","name":"Vanderson dans l'\u00e9quipe type de la 4e journ\u00e9e - La Diagonale","isPartOf":{"@id":"https:\/\/www.ladiagonale.net\/#website"},"datePublished":"2025-09-15T14:06:11+00:00","dateModified":"2025-09-15T14:06:12+00:00","author":{"@id":"https:\/\/www.ladiagonale.net\/#\/schema\/person\/79ff1e7b0853ed01b2aa26e64ad300bf"},"breadcrumb":{"@id":"https:\/\/www.ladiagonale.net\/index.php\/2025\/09\/15\/vanderson-dans-lequipe-type-de-la-4e-journee\/#breadcrumb"},"inLanguage":"fr-FR","potentialAction":[{"@type":"ReadAction","target":["https:\/\/www.ladiagonale.net\/index.php\/2025\/09\/15\/vanderson-dans-lequipe-type-de-la-4e-journee\/"]}]},{"@type":"BreadcrumbList","@id":"https:\/\/www.ladiagonale.net\/index.php\/2025\/09\/15\/vanderson-dans-lequipe-type-de-la-4e-journee\/#breadcrumb","itemListElement":[{"@type":"ListItem","position":1,"name":"Accueil","item":"https:\/\/www.ladiagonale.net\/"},{"@type":"ListItem","position":2,"name":"Vanderson dans l&rsquo;\u00e9quipe type de la 4e journ\u00e9e"}]},{"@type":"WebSite","@id":"https:\/\/www.ladiagonale.net\/#website","url":"https:\/\/www.ladiagonale.net\/","name":"La Diagonale","description":"Le site des supporters de l&#039;AS Monaco FC","potentialAction":[{"@type":"SearchAction","target":{"@type":"EntryPoint","urlTemplate":"https:\/\/www.ladiagonale.net\/?s={search_term_string}"},"query-input":"required name=search_term_string"}],"inLanguage":"fr-FR"},{"@type":"Person","@id":"https:\/\/www.ladiagonale.net\/#\/schema\/person\/79ff1e7b0853ed01b2aa26e64ad300bf","name":"Damien Dellerba","image":{"@type":"ImageObject","inLanguage":"fr-FR","@id":"https:\/\/www.ladiagonale.net\/#\/schema\/person\/image\/","url":"https:\/\/secure.gravatar.com\/avatar\/c7850e06d3ff63cdbaee88b7fc16e2f0?s=96&d=mm&r=g","contentUrl":"https:\/\/secure.gravatar.com\/avatar\/c7850e06d3ff63cdbaee88b7fc16e2f0?s=96&d=mm&r=g","caption":"Damien Dellerba"},"url":"https:\/\/www.ladiagonale.net\/index.php\/author\/damien\/"}]}},"_links":{"self":[{"href":"https:\/\/www.ladiagonale.net\/index.php\/wp-json\/wp\/v2\/posts\/33910"}],"collection":[{"href":"https:\/\/www.ladiagonale.net\/index.php\/wp-json\/wp\/v2\/posts"}],"about":[{"href":"https:\/\/www.ladiagonale.net\/index.php\/wp-json\/wp\/v2\/types\/post"}],"author":[{"embeddable":true,"href":"https:\/\/www.ladiagonale.net\/index.php\/wp-json\/wp\/v2\/users\/2"}],"replies":[{"embeddable":true,"href":"https:\/\/www.ladiagonale.net\/index.php\/wp-json\/wp\/v2\/comments?post=33910"}],"version-history":[{"count":2,"href":"https:\/\/www.ladiagonale.net\/index.php\/wp-json\/wp\/v2\/posts\/33910\/revisions"}],"predecessor-version":[{"id":33915,"href":"https:\/\/www.ladiagonale.net\/index.php\/wp-json\/wp\/v2\/posts\/33910\/revisions\/33915"}],"wp:attachment":[{"href":"https:\/\/www.ladiagonale.net\/index.php\/wp-json\/wp\/v2\/media?parent=33910"}],"wp:term":[{"taxonomy":"category","embeddable":true,"href":"https:\/\/www.ladiagonale.net\/index.php\/wp-json\/wp\/v2\/categories?post=33910"},{"taxonomy":"post_tag","embeddable":true,"href":"https:\/\/www.ladiagonale.net\/index.php\/wp-json\/wp\/v2\/tags?post=33910"}],"curies":[{"name":"wp","href":"https:\/\/api.w.org\/{rel}","templated":true}]}}