{"id":33932,"date":"2025-09-15T23:02:03","date_gmt":"2025-09-15T21:02:03","guid":{"rendered":"https:\/\/www.ladiagonale.net\/?p=33932"},"modified":"2025-09-15T23:02:03","modified_gmt":"2025-09-15T21:02:03","slug":"deux-monegasques-convoques-en-equipe-de-france-u16","status":"publish","type":"post","link":"https:\/\/www.ladiagonale.net\/index.php\/2025\/09\/15\/deux-monegasques-convoques-en-equipe-de-france-u16\/","title":{"rendered":"Deux Mon\u00e9gasques convoqu\u00e9s en \u00e9quipe de France U16"},"content":{"rendered":"\n<p>Si la premi\u00e8re fen\u00eatre internationale s\u2019est referm\u00e9e, les U16 de l\u2019\u00e9quipe de France vont conna\u00eetre quant \u00e0 eux des rassemblements en d\u00e9cal\u00e9. Pour le prochain, qui s\u2019\u00e9tendra du 22 au 26 septembre, deux joueurs de l\u2019AS Monaco ont \u00e9t\u00e9 convoqu\u00e9s par le s\u00e9lectionneur Johan Radet, le gardien Th\u00e9o Hervier-Gisquet et le milieu de terrain Saad Bhihi.<\/p>\n\n\n\n<p>Les Bleuets disputeront deux rencontres amicales contre la Suisse, les 24 et 26 septembre.<\/p>\n\n\n","protected":false},"excerpt":{"rendered":"<p>Si la premi\u00e8re fen\u00eatre internationale s\u2019est referm\u00e9e, les U16 de l\u2019\u00e9quipe de France vont conna\u00eetre quant \u00e0 eux des rassemblements en d\u00e9cal\u00e9. Pour le prochain, qui s\u2019\u00e9tendra du 22 au 26 septembre, deux joueurs de l\u2019AS Monaco ont \u00e9t\u00e9 convoqu\u00e9s par le s\u00e9lectionneur Johan Radet, le gardien Th\u00e9o Hervier-Gisquet et le milieu de terrain Saad [&#8230;]\n","protected":false},"author":2,"featured_media":0,"comment_status":"open","ping_status":"open","sticky":false,"template":"","format":"standard","meta":[],"categories":[1110,6,1111],"tags":[76,86,281,1104,116,1129],"yoast_head":"<!-- This site is optimized with the Yoast SEO plugin v19.8 - https:\/\/yoast.com\/wordpress\/plugins\/seo\/ -->\n<title>Deux Mon\u00e9gasques convoqu\u00e9s en \u00e9quipe de France U16 - La Diagonale<\/title>\n<meta name=\"robots\" content=\"index, follow, max-snippet:-1, max-image-preview:large, max-video-preview:-1\" \/>\n<link rel=\"canonical\" href=\"https:\/\/www.ladiagonale.net\/index.php\/2025\/09\/15\/deux-monegasques-convoques-en-equipe-de-france-u16\/\" \/>\n<meta property=\"og:locale\" content=\"fr_FR\" \/>\n<meta property=\"og:type\" content=\"article\" \/>\n<meta property=\"og:title\" content=\"Deux Mon\u00e9gasques convoqu\u00e9s en \u00e9quipe de France U16 - La Diagonale\" \/>\n<meta property=\"og:description\" content=\"Si la premi\u00e8re fen\u00eatre internationale s\u2019est referm\u00e9e, les U16 de l\u2019\u00e9quipe de France vont conna\u00eetre quant \u00e0 eux des rassemblements en d\u00e9cal\u00e9. Pour le prochain, qui s\u2019\u00e9tendra du 22 au 26 septembre, deux joueurs de l\u2019AS Monaco ont \u00e9t\u00e9 convoqu\u00e9s par le s\u00e9lectionneur Johan Radet, le gardien Th\u00e9o Hervier-Gisquet et le milieu de terrain Saad [...]\" \/>\n<meta property=\"og:url\" content=\"https:\/\/www.ladiagonale.net\/index.php\/2025\/09\/15\/deux-monegasques-convoques-en-equipe-de-france-u16\/\" \/>\n<meta property=\"og:site_name\" content=\"La Diagonale\" \/>\n<meta property=\"article:published_time\" content=\"2025-09-15T21:02:03+00:00\" \/>\n<meta property=\"og:image\" content=\"https:\/\/www.ladiagonale.net\/wp-content\/uploads\/2025\/09\/Bhihi.png\" \/>\n\t<meta property=\"og:image:width\" content=\"1160\" \/>\n\t<meta property=\"og:image:height\" content=\"650\" \/>\n\t<meta property=\"og:image:type\" content=\"image\/png\" \/>\n<meta name=\"author\" content=\"Damien Dellerba\" \/>\n<meta name=\"twitter:card\" content=\"summary_large_image\" \/>\n<meta name=\"twitter:image\" content=\"https:\/\/www.ladiagonale.net\/wp-content\/uploads\/2025\/09\/Bhihi.png\" \/>\n<meta name=\"twitter:label1\" content=\"\u00c9crit par\" \/>\n\t<meta name=\"twitter:data1\" content=\"Damien Dellerba\" \/>\n\t<meta name=\"twitter:label2\" content=\"Dur\u00e9e de lecture estim\u00e9e\" \/>\n\t<meta name=\"twitter:data2\" content=\"1 minute\" \/>\n<script type=\"application\/ld+json\" class=\"yoast-schema-graph\">{\"@context\":\"https:\/\/schema.org\",\"@graph\":[{\"@type\":\"WebPage\",\"@id\":\"https:\/\/www.ladiagonale.net\/index.php\/2025\/09\/15\/deux-monegasques-convoques-en-equipe-de-france-u16\/\",\"url\":\"https:\/\/www.ladiagonale.net\/index.php\/2025\/09\/15\/deux-monegasques-convoques-en-equipe-de-france-u16\/\",\"name\":\"Deux Mon\u00e9gasques convoqu\u00e9s en \u00e9quipe de France U16 - La Diagonale\",\"isPartOf\":{\"@id\":\"https:\/\/www.ladiagonale.net\/#website\"},\"datePublished\":\"2025-09-15T21:02:03+00:00\",\"dateModified\":\"2025-09-15T21:02:03+00:00\",\"author\":{\"@id\":\"https:\/\/www.ladiagonale.net\/#\/schema\/person\/79ff1e7b0853ed01b2aa26e64ad300bf\"},\"breadcrumb\":{\"@id\":\"https:\/\/www.ladiagonale.net\/index.php\/2025\/09\/15\/deux-monegasques-convoques-en-equipe-de-france-u16\/#breadcrumb\"},\"inLanguage\":\"fr-FR\",\"potentialAction\":[{\"@type\":\"ReadAction\",\"target\":[\"https:\/\/www.ladiagonale.net\/index.php\/2025\/09\/15\/deux-monegasques-convoques-en-equipe-de-france-u16\/\"]}]},{\"@type\":\"BreadcrumbList\",\"@id\":\"https:\/\/www.ladiagonale.net\/index.php\/2025\/09\/15\/deux-monegasques-convoques-en-equipe-de-france-u16\/#breadcrumb\",\"itemListElement\":[{\"@type\":\"ListItem\",\"position\":1,\"name\":\"Accueil\",\"item\":\"https:\/\/www.ladiagonale.net\/\"},{\"@type\":\"ListItem\",\"position\":2,\"name\":\"Deux Mon\u00e9gasques convoqu\u00e9s en \u00e9quipe de France U16\"}]},{\"@type\":\"WebSite\",\"@id\":\"https:\/\/www.ladiagonale.net\/#website\",\"url\":\"https:\/\/www.ladiagonale.net\/\",\"name\":\"La Diagonale\",\"description\":\"Le site des supporters de l&#039;AS Monaco FC\",\"potentialAction\":[{\"@type\":\"SearchAction\",\"target\":{\"@type\":\"EntryPoint\",\"urlTemplate\":\"https:\/\/www.ladiagonale.net\/?s={search_term_string}\"},\"query-input\":\"required name=search_term_string\"}],\"inLanguage\":\"fr-FR\"},{\"@type\":\"Person\",\"@id\":\"https:\/\/www.ladiagonale.net\/#\/schema\/person\/79ff1e7b0853ed01b2aa26e64ad300bf\",\"name\":\"Damien Dellerba\",\"image\":{\"@type\":\"ImageObject\",\"inLanguage\":\"fr-FR\",\"@id\":\"https:\/\/www.ladiagonale.net\/#\/schema\/person\/image\/\",\"url\":\"https:\/\/secure.gravatar.com\/avatar\/c7850e06d3ff63cdbaee88b7fc16e2f0?s=96&d=mm&r=g\",\"contentUrl\":\"https:\/\/secure.gravatar.com\/avatar\/c7850e06d3ff63cdbaee88b7fc16e2f0?s=96&d=mm&r=g\",\"caption\":\"Damien Dellerba\"},\"url\":\"https:\/\/www.ladiagonale.net\/index.php\/author\/damien\/\"}]}<\/script>\n<!-- \/ Yoast SEO plugin. -->","yoast_head_json":{"title":"Deux Mon\u00e9gasques convoqu\u00e9s en \u00e9quipe de France U16 - La Diagonale","robots":{"index":"index","follow":"follow","max-snippet":"max-snippet:-1","max-image-preview":"max-image-preview:large","max-video-preview":"max-video-preview:-1"},"canonical":"https:\/\/www.ladiagonale.net\/index.php\/2025\/09\/15\/deux-monegasques-convoques-en-equipe-de-france-u16\/","og_locale":"fr_FR","og_type":"article","og_title":"Deux Mon\u00e9gasques convoqu\u00e9s en \u00e9quipe de France U16 - La Diagonale","og_description":"Si la premi\u00e8re fen\u00eatre internationale s\u2019est referm\u00e9e, les U16 de l\u2019\u00e9quipe de France vont conna\u00eetre quant \u00e0 eux des rassemblements en d\u00e9cal\u00e9. Pour le prochain, qui s\u2019\u00e9tendra du 22 au 26 septembre, deux joueurs de l\u2019AS Monaco ont \u00e9t\u00e9 convoqu\u00e9s par le s\u00e9lectionneur Johan Radet, le gardien Th\u00e9o Hervier-Gisquet et le milieu de terrain Saad [...]","og_url":"https:\/\/www.ladiagonale.net\/index.php\/2025\/09\/15\/deux-monegasques-convoques-en-equipe-de-france-u16\/","og_site_name":"La Diagonale","article_published_time":"2025-09-15T21:02:03+00:00","og_image":[{"width":1160,"height":650,"url":"https:\/\/www.ladiagonale.net\/wp-content\/uploads\/2025\/09\/Bhihi.png","type":"image\/png"}],"author":"Damien Dellerba","twitter_card":"summary_large_image","twitter_image":"https:\/\/www.ladiagonale.net\/wp-content\/uploads\/2025\/09\/Bhihi.png","twitter_misc":{"\u00c9crit par":"Damien Dellerba","Dur\u00e9e de lecture estim\u00e9e":"1 minute"},"schema":{"@context":"https:\/\/schema.org","@graph":[{"@type":"WebPage","@id":"https:\/\/www.ladiagonale.net\/index.php\/2025\/09\/15\/deux-monegasques-convoques-en-equipe-de-france-u16\/","url":"https:\/\/www.ladiagonale.net\/index.php\/2025\/09\/15\/deux-monegasques-convoques-en-equipe-de-france-u16\/","name":"Deux Mon\u00e9gasques convoqu\u00e9s en \u00e9quipe de France U16 - La Diagonale","isPartOf":{"@id":"https:\/\/www.ladiagonale.net\/#website"},"datePublished":"2025-09-15T21:02:03+00:00","dateModified":"2025-09-15T21:02:03+00:00","author":{"@id":"https:\/\/www.ladiagonale.net\/#\/schema\/person\/79ff1e7b0853ed01b2aa26e64ad300bf"},"breadcrumb":{"@id":"https:\/\/www.ladiagonale.net\/index.php\/2025\/09\/15\/deux-monegasques-convoques-en-equipe-de-france-u16\/#breadcrumb"},"inLanguage":"fr-FR","potentialAction":[{"@type":"ReadAction","target":["https:\/\/www.ladiagonale.net\/index.php\/2025\/09\/15\/deux-monegasques-convoques-en-equipe-de-france-u16\/"]}]},{"@type":"BreadcrumbList","@id":"https:\/\/www.ladiagonale.net\/index.php\/2025\/09\/15\/deux-monegasques-convoques-en-equipe-de-france-u16\/#breadcrumb","itemListElement":[{"@type":"ListItem","position":1,"name":"Accueil","item":"https:\/\/www.ladiagonale.net\/"},{"@type":"ListItem","position":2,"name":"Deux Mon\u00e9gasques convoqu\u00e9s en \u00e9quipe de France U16"}]},{"@type":"WebSite","@id":"https:\/\/www.ladiagonale.net\/#website","url":"https:\/\/www.ladiagonale.net\/","name":"La Diagonale","description":"Le site des supporters de l&#039;AS Monaco FC","potentialAction":[{"@type":"SearchAction","target":{"@type":"EntryPoint","urlTemplate":"https:\/\/www.ladiagonale.net\/?s={search_term_string}"},"query-input":"required name=search_term_string"}],"inLanguage":"fr-FR"},{"@type":"Person","@id":"https:\/\/www.ladiagonale.net\/#\/schema\/person\/79ff1e7b0853ed01b2aa26e64ad300bf","name":"Damien Dellerba","image":{"@type":"ImageObject","inLanguage":"fr-FR","@id":"https:\/\/www.ladiagonale.net\/#\/schema\/person\/image\/","url":"https:\/\/secure.gravatar.com\/avatar\/c7850e06d3ff63cdbaee88b7fc16e2f0?s=96&d=mm&r=g","contentUrl":"https:\/\/secure.gravatar.com\/avatar\/c7850e06d3ff63cdbaee88b7fc16e2f0?s=96&d=mm&r=g","caption":"Damien Dellerba"},"url":"https:\/\/www.ladiagonale.net\/index.php\/author\/damien\/"}]}},"_links":{"self":[{"href":"https:\/\/www.ladiagonale.net\/index.php\/wp-json\/wp\/v2\/posts\/33932"}],"collection":[{"href":"https:\/\/www.ladiagonale.net\/index.php\/wp-json\/wp\/v2\/posts"}],"about":[{"href":"https:\/\/www.ladiagonale.net\/index.php\/wp-json\/wp\/v2\/types\/post"}],"author":[{"embeddable":true,"href":"https:\/\/www.ladiagonale.net\/index.php\/wp-json\/wp\/v2\/users\/2"}],"replies":[{"embeddable":true,"href":"https:\/\/www.ladiagonale.net\/index.php\/wp-json\/wp\/v2\/comments?post=33932"}],"version-history":[{"count":1,"href":"https:\/\/www.ladiagonale.net\/index.php\/wp-json\/wp\/v2\/posts\/33932\/revisions"}],"predecessor-version":[{"id":33934,"href":"https:\/\/www.ladiagonale.net\/index.php\/wp-json\/wp\/v2\/posts\/33932\/revisions\/33934"}],"wp:attachment":[{"href":"https:\/\/www.ladiagonale.net\/index.php\/wp-json\/wp\/v2\/media?parent=33932"}],"wp:term":[{"taxonomy":"category","embeddable":true,"href":"https:\/\/www.ladiagonale.net\/index.php\/wp-json\/wp\/v2\/categories?post=33932"},{"taxonomy":"post_tag","embeddable":true,"href":"https:\/\/www.ladiagonale.net\/index.php\/wp-json\/wp\/v2\/tags?post=33932"}],"curies":[{"name":"wp","href":"https:\/\/api.w.org\/{rel}","templated":true}]}}